{"id":59582,"date":"2026-04-27T22:51:36","date_gmt":"2026-04-28T03:51:36","guid":{"rendered":"https:\/\/ciudadyregion.com.co\/?p=59582"},"modified":"2026-04-27T22:51:36","modified_gmt":"2026-04-28T03:51:36","slug":"alcaldia-de-ibague-impulsa-la-economia-campesina-con-agenda-rural-2026","status":"publish","type":"post","link":"https:\/\/ciudadyregion.com.co\/index.php\/alcaldia-de-ibague-impulsa-la-economia-campesina-con-agenda-rural-2026\/ibague\/","title":{"rendered":"Alcald\u00eda de Ibagu\u00e9 impulsa la econom\u00eda campesina con agenda rural 2026"},"content":{"rendered":"<p>Ferias y festivales fortalecer\u00e1n la comercializaci\u00f3n, el turismo y la transformaci\u00f3n productiva del campo en la capital tolimense.<\/p>\n<p>La Alcald\u00eda de Ibagu\u00e9 present\u00f3 su agenda rural 2026, una nutrida programaci\u00f3n de ferias y festivales que busca fortalecer el campo, dinamizar la econom\u00eda campesina y posicionar a la ciudad como referente nacional e internacional en producci\u00f3n agropecuaria.<\/p>\n<p>Con una proyecci\u00f3n econ\u00f3mica que superar\u00eda los $1.000 millones en impacto directo e indirecto, la Administraci\u00f3n Municipal liderar\u00e1 este a\u00f1o eventos estrat\u00e9gicos como la Feria de la Miel, la Semana Campesina, la Feria Agroindustrial, el Ibagu\u00e9 Caf\u00e9 Festival y el Chocofest.<\/p>\n<p>\u201cSeguiremos trabajando siempre de la mano de nuestros campesinos, porque de eso se trata, de mejorar los pasos de comercializaci\u00f3n y tenemos una proyecci\u00f3n muy interesante\u201d, afirm\u00f3 el secretario de Agricultura y Desarrollo Rural, Cristian David \u00c1vila.<\/p>\n<p>La agenda inicia el 22 de mayo con la Feria de la Miel en el Parque Murillo Toro, donde se proyecta la participaci\u00f3n de cerca de 40 stands de productores locales y departamentales.<\/p>\n<p>Del 1\u00b0 al 6 de junio se realizar\u00e1 la Semana Campesina, que espera convocar alrededor de 5.000 participantes, superando los casi 4.000 asistentes del a\u00f1o anterior. La programaci\u00f3n incluye la segunda edici\u00f3n de la carrera Ponte en las Botas de los Campesinos, que iniciar\u00e1 en la calle 37 con carrera Quinta y culminar\u00e1 en la Casa Campesina, la entrega de m\u00e1s de 3.000 pares de botas de caucho, la condecoraci\u00f3n a cerca de 200 l\u00edderes rurales, 48 horas continuas de f\u00fatbol de sal\u00f3n en el evento denominado Rompiendo L\u00edmites, dotaci\u00f3n deportiva para equipos masculinos y femeninos, y un concierto de cierre con artista nacional y talentos locales.<\/p>\n<p>Posteriormente, la Feria Agroindustrial, prevista para el \u00faltimo fin de semana de junio o la primera semana de julio en articulaci\u00f3n con Infibagu\u00e9 en el Coliseo de Ferias, contar\u00e1 con cerca de 70 stands gratuitos para campesinos, \u201cpara mostrar los productos de m\u00e1s de 70 emprendedores. El a\u00f1o pasado vendimos m\u00e1s de $200 millones y s\u00e9 que en esta oportunidad superaremos esas cifras\u201d, agreg\u00f3 \u00c1vila.<\/p>\n<p>Otro de los eventos m\u00e1s representativos ser\u00e1 el Ibagu\u00e9 Caf\u00e9 Festival, programado para el 17, 18 y 19 de julio en la Plaza de Bol\u00edvar. La feria pasar\u00e1 de 65 a 100 stands, de los cuales 65 estar\u00e1n destinados exclusivamente a productores locales, y contar\u00e1 con la participaci\u00f3n de cinco pa\u00edses invitados: Brasil, Honduras, Ecuador, Costa Rica y El Salvador, adem\u00e1s de cinco departamentos y cinco municipios del Tolima. Se espera superar los 32.000 visitantes registrados el a\u00f1o pasado y generar un impacto econ\u00f3mico cercano a los $1.000 millones.<\/p>\n<p>Asimismo, con el Concurso de Microlotes se proyecta la participaci\u00f3n de m\u00e1s de 100 muestras, luego de que en la edici\u00f3n anterior seis de 10 microlotes fueran exportados a China. La productividad cafetera local ya supera las 9.000 hect\u00e1reas sembradas y la cosecha en curso podr\u00eda generar m\u00e1s de $200.000 millones para la econom\u00eda regional.<\/p>\n<p>Finalmente, el Chocofest, en alianza con la Gobernaci\u00f3n del Tolima y la C\u00e1mara de Comercio de Ibagu\u00e9, impulsar\u00e1 la transformaci\u00f3n del cacao con la entrega de cerca de 100 kits productivos y el fortalecimiento de asociaciones en sectores de Ibagu\u00e9 como Sina\u00ed, La Flor, San Bernardo y Carrizales.<\/p>\n<p>La estrategia incluye el apoyo a la consolidaci\u00f3n de una planta transformadora de cacao y el impulso a productos con valor agregado que hoy se comercializan en la Casa Campesina, donde tambi\u00e9n se han fortalecido m\u00e1s de 30 marcas de caf\u00e9 y diversos derivados de miel y cacao, mejorando sus procesos de empaque, etiquetado y posicionamiento.<\/p>\n","protected":false},"excerpt":{"rendered":"<p>Ferias y festivales fortalecer\u00e1n la comercializaci\u00f3n, el turismo y la transformaci\u00f3n productiva del campo en la capital tolimense. La Alcald\u00eda de Ibagu\u00e9 present\u00f3 su agenda rural 2026, una nutrida programaci\u00f3n de ferias y festivales que busca fortalecer el campo, dinamizar la econom\u00eda campesina y posicionar a la ciudad como referente<span class=\"more-link\"><a href=\"https:\/\/ciudadyregion.com.co\/index.php\/alcaldia-de-ibague-impulsa-la-economia-campesina-con-agenda-rural-2026\/ibague\/\">Continuar Leyendo<\/a><\/span><\/p>\n","protected":false},"author":2,"featured_media":59583,"comment_status":"open","ping_status":"open","sticky":false,"template":"","format":"standard","meta":{"_uf_show_specific_survey":0,"_uf_disable_surveys":false,"_jetpack_memberships_contains_paid_content":false,"footnotes":"","jetpack_publicize_message":"","jetpack_publicize_feature_enabled":true,"jetpack_social_post_already_shared":true,"jetpack_social_options":{"image_generator_settings":{"template":"highway","enabled":false},"version":2}},"categories":[14],"tags":[],"class_list":["entry","author-diegoaguirre","post-59582","post","type-post","status-publish","format-standard","has-post-thumbnail","category-ibague"],"jetpack_publicize_connections":[],"yoast_head":"<!-- This site is optimized with the Yoast SEO plugin v24.3 - https:\/\/yoast.com\/wordpress\/plugins\/seo\/ -->\n<title>Alcald\u00eda de Ibagu\u00e9 impulsa la econom\u00eda campesina con agenda rural 2026 - Ciudad y Region<\/title>\n<meta name=\"robots\" content=\"index, follow, max-snippet:-1, max-image-preview:large, max-video-preview:-1\" \/>\n<link rel=\"canonical\" href=\"https:\/\/ciudadyregion.com.co\/index.php\/alcaldia-de-ibague-impulsa-la-economia-campesina-con-agenda-rural-2026\/ibague\/\" \/>\n<meta property=\"og:locale\" content=\"es_ES\" \/>\n<meta property=\"og:type\" content=\"article\" \/>\n<meta property=\"og:title\" content=\"Alcald\u00eda de Ibagu\u00e9 impulsa la econom\u00eda campesina con agenda rural 2026 - Ciudad y Region\" \/>\n<meta property=\"og:description\" content=\"Ferias y festivales fortalecer\u00e1n la comercializaci\u00f3n, el turismo y la transformaci\u00f3n productiva del campo en la capital tolimense. La Alcald\u00eda de Ibagu\u00e9 present\u00f3 su agenda rural 2026, una nutrida programaci\u00f3n de ferias y festivales que busca fortalecer el campo, dinamizar la econom\u00eda campesina y posicionar a la ciudad como referenteContinuar Leyendo\" \/>\n<meta property=\"og:url\" content=\"https:\/\/ciudadyregion.com.co\/index.php\/alcaldia-de-ibague-impulsa-la-economia-campesina-con-agenda-rural-2026\/ibague\/\" \/>\n<meta property=\"og:site_name\" content=\"Ciudad y Region\" \/>\n<meta property=\"article:published_time\" content=\"2026-04-28T03:51:36+00:00\" \/>\n<meta property=\"og:image\" content=\"https:\/\/ciudadyregion.com.co\/wp-content\/uploads\/2026\/04\/a-5-2.jpg\" \/>\n\t<meta property=\"og:image:width\" content=\"800\" \/>\n\t<meta property=\"og:image:height\" content=\"445\" \/>\n\t<meta property=\"og:image:type\" content=\"image\/jpeg\" \/>\n<meta name=\"author\" content=\"David Andr\u00e9s Aguirre\" \/>\n<meta name=\"twitter:card\" content=\"summary_large_image\" \/>\n<meta name=\"twitter:label1\" content=\"Escrito por\" \/>\n\t<meta name=\"twitter:data1\" content=\"David Andr\u00e9s Aguirre\" \/>\n\t<meta name=\"twitter:label2\" content=\"Tiempo de lectura\" \/>\n\t<meta name=\"twitter:data2\" content=\"3 minutos\" \/>\n<script type=\"application\/ld+json\" class=\"yoast-schema-graph\">{\"@context\":\"https:\/\/schema.org\",\"@graph\":[{\"@type\":\"WebPage\",\"@id\":\"https:\/\/ciudadyregion.com.co\/index.php\/alcaldia-de-ibague-impulsa-la-economia-campesina-con-agenda-rural-2026\/ibague\/\",\"url\":\"https:\/\/ciudadyregion.com.co\/index.php\/alcaldia-de-ibague-impulsa-la-economia-campesina-con-agenda-rural-2026\/ibague\/\",\"name\":\"Alcald\u00eda de Ibagu\u00e9 impulsa la econom\u00eda campesina con agenda rural 2026 - Ciudad y Region\",\"isPartOf\":{\"@id\":\"https:\/\/ciudadyregion.com.co\/#website\"},\"primaryImageOfPage\":{\"@id\":\"https:\/\/ciudadyregion.com.co\/index.php\/alcaldia-de-ibague-impulsa-la-economia-campesina-con-agenda-rural-2026\/ibague\/#primaryimage\"},\"image\":{\"@id\":\"https:\/\/ciudadyregion.com.co\/index.php\/alcaldia-de-ibague-impulsa-la-economia-campesina-con-agenda-rural-2026\/ibague\/#primaryimage\"},\"thumbnailUrl\":\"https:\/\/i0.wp.com\/ciudadyregion.com.co\/wp-content\/uploads\/2026\/04\/a-5-2.jpg?fit=800%2C445&ssl=1\",\"datePublished\":\"2026-04-28T03:51:36+00:00\",\"dateModified\":\"2026-04-28T03:51:36+00:00\",\"author\":{\"@id\":\"https:\/\/ciudadyregion.com.co\/#\/schema\/person\/04a4954373ebc4051f46e8c65ff78622\"},\"breadcrumb\":{\"@id\":\"https:\/\/ciudadyregion.com.co\/index.php\/alcaldia-de-ibague-impulsa-la-economia-campesina-con-agenda-rural-2026\/ibague\/#breadcrumb\"},\"inLanguage\":\"es\",\"potentialAction\":[{\"@type\":\"ReadAction\",\"target\":[\"https:\/\/ciudadyregion.com.co\/index.php\/alcaldia-de-ibague-impulsa-la-economia-campesina-con-agenda-rural-2026\/ibague\/\"]}]},{\"@type\":\"ImageObject\",\"inLanguage\":\"es\",\"@id\":\"https:\/\/ciudadyregion.com.co\/index.php\/alcaldia-de-ibague-impulsa-la-economia-campesina-con-agenda-rural-2026\/ibague\/#primaryimage\",\"url\":\"https:\/\/i0.wp.com\/ciudadyregion.com.co\/wp-content\/uploads\/2026\/04\/a-5-2.jpg?fit=800%2C445&ssl=1\",\"contentUrl\":\"https:\/\/i0.wp.com\/ciudadyregion.com.co\/wp-content\/uploads\/2026\/04\/a-5-2.jpg?fit=800%2C445&ssl=1\",\"width\":800,\"height\":445},{\"@type\":\"BreadcrumbList\",\"@id\":\"https:\/\/ciudadyregion.com.co\/index.php\/alcaldia-de-ibague-impulsa-la-economia-campesina-con-agenda-rural-2026\/ibague\/#breadcrumb\",\"itemListElement\":[{\"@type\":\"ListItem\",\"position\":1,\"name\":\"Portada\",\"item\":\"https:\/\/ciudadyregion.com.co\/\"},{\"@type\":\"ListItem\",\"position\":2,\"name\":\"Alcald\u00eda de Ibagu\u00e9 impulsa la econom\u00eda campesina con agenda rural 2026\"}]},{\"@type\":\"WebSite\",\"@id\":\"https:\/\/ciudadyregion.com.co\/#website\",\"url\":\"https:\/\/ciudadyregion.com.co\/\",\"name\":\"Ciudad y Region\",\"description\":\"\",\"potentialAction\":[{\"@type\":\"SearchAction\",\"target\":{\"@type\":\"EntryPoint\",\"urlTemplate\":\"https:\/\/ciudadyregion.com.co\/?s={search_term_string}\"},\"query-input\":{\"@type\":\"PropertyValueSpecification\",\"valueRequired\":true,\"valueName\":\"search_term_string\"}}],\"inLanguage\":\"es\"},{\"@type\":\"Person\",\"@id\":\"https:\/\/ciudadyregion.com.co\/#\/schema\/person\/04a4954373ebc4051f46e8c65ff78622\",\"name\":\"David Andr\u00e9s Aguirre\",\"image\":{\"@type\":\"ImageObject\",\"inLanguage\":\"es\",\"@id\":\"https:\/\/ciudadyregion.com.co\/#\/schema\/person\/image\/\",\"url\":\"https:\/\/secure.gravatar.com\/avatar\/bc3c655860202182ee6d1b5edd042dbe?s=96&d=mm&r=g\",\"contentUrl\":\"https:\/\/secure.gravatar.com\/avatar\/bc3c655860202182ee6d1b5edd042dbe?s=96&d=mm&r=g\",\"caption\":\"David Andr\u00e9s Aguirre\"},\"url\":\"https:\/\/ciudadyregion.com.co\/index.php\/author\/diegoaguirre\/\"}]}<\/script>\n<!-- \/ Yoast SEO plugin. -->","yoast_head_json":{"title":"Alcald\u00eda de Ibagu\u00e9 impulsa la econom\u00eda campesina con agenda rural 2026 - Ciudad y Region","robots":{"index":"index","follow":"follow","max-snippet":"max-snippet:-1","max-image-preview":"max-image-preview:large","max-video-preview":"max-video-preview:-1"},"canonical":"https:\/\/ciudadyregion.com.co\/index.php\/alcaldia-de-ibague-impulsa-la-economia-campesina-con-agenda-rural-2026\/ibague\/","og_locale":"es_ES","og_type":"article","og_title":"Alcald\u00eda de Ibagu\u00e9 impulsa la econom\u00eda campesina con agenda rural 2026 - Ciudad y Region","og_description":"Ferias y festivales fortalecer\u00e1n la comercializaci\u00f3n, el turismo y la transformaci\u00f3n productiva del campo en la capital tolimense. La Alcald\u00eda de Ibagu\u00e9 present\u00f3 su agenda rural 2026, una nutrida programaci\u00f3n de ferias y festivales que busca fortalecer el campo, dinamizar la econom\u00eda campesina y posicionar a la ciudad como referenteContinuar Leyendo","og_url":"https:\/\/ciudadyregion.com.co\/index.php\/alcaldia-de-ibague-impulsa-la-economia-campesina-con-agenda-rural-2026\/ibague\/","og_site_name":"Ciudad y Region","article_published_time":"2026-04-28T03:51:36+00:00","og_image":[{"width":800,"height":445,"url":"https:\/\/ciudadyregion.com.co\/wp-content\/uploads\/2026\/04\/a-5-2.jpg","type":"image\/jpeg"}],"author":"David Andr\u00e9s Aguirre","twitter_card":"summary_large_image","twitter_misc":{"Escrito por":"David Andr\u00e9s Aguirre","Tiempo de lectura":"3 minutos"},"schema":{"@context":"https:\/\/schema.org","@graph":[{"@type":"WebPage","@id":"https:\/\/ciudadyregion.com.co\/index.php\/alcaldia-de-ibague-impulsa-la-economia-campesina-con-agenda-rural-2026\/ibague\/","url":"https:\/\/ciudadyregion.com.co\/index.php\/alcaldia-de-ibague-impulsa-la-economia-campesina-con-agenda-rural-2026\/ibague\/","name":"Alcald\u00eda de Ibagu\u00e9 impulsa la econom\u00eda campesina con agenda rural 2026 - Ciudad y Region","isPartOf":{"@id":"https:\/\/ciudadyregion.com.co\/#website"},"primaryImageOfPage":{"@id":"https:\/\/ciudadyregion.com.co\/index.php\/alcaldia-de-ibague-impulsa-la-economia-campesina-con-agenda-rural-2026\/ibague\/#primaryimage"},"image":{"@id":"https:\/\/ciudadyregion.com.co\/index.php\/alcaldia-de-ibague-impulsa-la-economia-campesina-con-agenda-rural-2026\/ibague\/#primaryimage"},"thumbnailUrl":"https:\/\/i0.wp.com\/ciudadyregion.com.co\/wp-content\/uploads\/2026\/04\/a-5-2.jpg?fit=800%2C445&ssl=1","datePublished":"2026-04-28T03:51:36+00:00","dateModified":"2026-04-28T03:51:36+00:00","author":{"@id":"https:\/\/ciudadyregion.com.co\/#\/schema\/person\/04a4954373ebc4051f46e8c65ff78622"},"breadcrumb":{"@id":"https:\/\/ciudadyregion.com.co\/index.php\/alcaldia-de-ibague-impulsa-la-economia-campesina-con-agenda-rural-2026\/ibague\/#breadcrumb"},"inLanguage":"es","potentialAction":[{"@type":"ReadAction","target":["https:\/\/ciudadyregion.com.co\/index.php\/alcaldia-de-ibague-impulsa-la-economia-campesina-con-agenda-rural-2026\/ibague\/"]}]},{"@type":"ImageObject","inLanguage":"es","@id":"https:\/\/ciudadyregion.com.co\/index.php\/alcaldia-de-ibague-impulsa-la-economia-campesina-con-agenda-rural-2026\/ibague\/#primaryimage","url":"https:\/\/i0.wp.com\/ciudadyregion.com.co\/wp-content\/uploads\/2026\/04\/a-5-2.jpg?fit=800%2C445&ssl=1","contentUrl":"https:\/\/i0.wp.com\/ciudadyregion.com.co\/wp-content\/uploads\/2026\/04\/a-5-2.jpg?fit=800%2C445&ssl=1","width":800,"height":445},{"@type":"BreadcrumbList","@id":"https:\/\/ciudadyregion.com.co\/index.php\/alcaldia-de-ibague-impulsa-la-economia-campesina-con-agenda-rural-2026\/ibague\/#breadcrumb","itemListElement":[{"@type":"ListItem","position":1,"name":"Portada","item":"https:\/\/ciudadyregion.com.co\/"},{"@type":"ListItem","position":2,"name":"Alcald\u00eda de Ibagu\u00e9 impulsa la econom\u00eda campesina con agenda rural 2026"}]},{"@type":"WebSite","@id":"https:\/\/ciudadyregion.com.co\/#website","url":"https:\/\/ciudadyregion.com.co\/","name":"Ciudad y Region","description":"","potentialAction":[{"@type":"SearchAction","target":{"@type":"EntryPoint","urlTemplate":"https:\/\/ciudadyregion.com.co\/?s={search_term_string}"},"query-input":{"@type":"PropertyValueSpecification","valueRequired":true,"valueName":"search_term_string"}}],"inLanguage":"es"},{"@type":"Person","@id":"https:\/\/ciudadyregion.com.co\/#\/schema\/person\/04a4954373ebc4051f46e8c65ff78622","name":"David Andr\u00e9s Aguirre","image":{"@type":"ImageObject","inLanguage":"es","@id":"https:\/\/ciudadyregion.com.co\/#\/schema\/person\/image\/","url":"https:\/\/secure.gravatar.com\/avatar\/bc3c655860202182ee6d1b5edd042dbe?s=96&d=mm&r=g","contentUrl":"https:\/\/secure.gravatar.com\/avatar\/bc3c655860202182ee6d1b5edd042dbe?s=96&d=mm&r=g","caption":"David Andr\u00e9s Aguirre"},"url":"https:\/\/ciudadyregion.com.co\/index.php\/author\/diegoaguirre\/"}]}},"jetpack_featured_media_url":"https:\/\/i0.wp.com\/ciudadyregion.com.co\/wp-content\/uploads\/2026\/04\/a-5-2.jpg?fit=800%2C445&ssl=1","jetpack_sharing_enabled":true,"jetpack_shortlink":"https:\/\/wp.me\/pbS7hh-fv0","jetpack-related-posts":[],"_links":{"self":[{"href":"https:\/\/ciudadyregion.com.co\/index.php\/wp-json\/wp\/v2\/posts\/59582"}],"collection":[{"href":"https:\/\/ciudadyregion.com.co\/index.php\/wp-json\/wp\/v2\/posts"}],"about":[{"href":"https:\/\/ciudadyregion.com.co\/index.php\/wp-json\/wp\/v2\/types\/post"}],"author":[{"embeddable":true,"href":"https:\/\/ciudadyregion.com.co\/index.php\/wp-json\/wp\/v2\/users\/2"}],"replies":[{"embeddable":true,"href":"https:\/\/ciudadyregion.com.co\/index.php\/wp-json\/wp\/v2\/comments?post=59582"}],"version-history":[{"count":1,"href":"https:\/\/ciudadyregion.com.co\/index.php\/wp-json\/wp\/v2\/posts\/59582\/revisions"}],"predecessor-version":[{"id":59584,"href":"https:\/\/ciudadyregion.com.co\/index.php\/wp-json\/wp\/v2\/posts\/59582\/revisions\/59584"}],"wp:featuredmedia":[{"embeddable":true,"href":"https:\/\/ciudadyregion.com.co\/index.php\/wp-json\/wp\/v2\/media\/59583"}],"wp:attachment":[{"href":"https:\/\/ciudadyregion.com.co\/index.php\/wp-json\/wp\/v2\/media?parent=59582"}],"wp:term":[{"taxonomy":"category","embeddable":true,"href":"https:\/\/ciudadyregion.com.co\/index.php\/wp-json\/wp\/v2\/categories?post=59582"},{"taxonomy":"post_tag","embeddable":true,"href":"https:\/\/ciudadyregion.com.co\/index.php\/wp-json\/wp\/v2\/tags?post=59582"}],"curies":[{"name":"wp","href":"https:\/\/api.w.org\/{rel}","templated":true}]}}