{"id":59579,"date":"2026-04-27T22:49:19","date_gmt":"2026-04-28T03:49:19","guid":{"rendered":"https:\/\/ciudadyregion.com.co\/?p=59579"},"modified":"2026-04-27T22:49:19","modified_gmt":"2026-04-28T03:49:19","slug":"reclamaciones-por-avaluos-no-llegan-ni-al-1-de-los-262-000-predios-del-municipio","status":"publish","type":"post","link":"https:\/\/ciudadyregion.com.co\/index.php\/reclamaciones-por-avaluos-no-llegan-ni-al-1-de-los-262-000-predios-del-municipio\/ibague\/","title":{"rendered":"Reclamaciones por aval\u00faos no llegan ni al 1% de los 262.000 predios del Municipio"},"content":{"rendered":"<p>La Secretar\u00eda de Planeaci\u00f3n Municipal respondi\u00f3 las inquietudes del Concejo de Ibagu\u00e9 sobre la actualizaci\u00f3n catastral en debate de control pol\u00edtico.<\/p>\n<p>Durante el debate de control pol\u00edtico de este lunes en el Concejo Municipal, la Alcald\u00eda de Ibagu\u00e9 resolvi\u00f3 inquietudes de cabildantes y ciudadan\u00eda, especialmente, frente a las peticiones, quejas y reclamos (PQR). Asimismo, permiti\u00f3 explicar el impacto de este proceso en la liquidaci\u00f3n del impuesto predial.<\/p>\n<p>Durante la jornada, la Administraci\u00f3n Municipal present\u00f3 de manera detallada los componentes t\u00e9cnicos de la actualizaci\u00f3n catastral, generando un escenario pedag\u00f3gico para que los ciudadanos y los concejales comprendieran los aspectos metodol\u00f3gicos y su incidencia en el territorio.<\/p>\n<p>\u201cDentro de las preguntas que nos hacen, est\u00e1 c\u00f3mo va el tema de las PQR o peticiones o reclamaciones por parte de la ciudadan\u00eda, aclar\u00e1ndoles que esas peticiones llegaron a 3.800, de las cuales se ha procedido con 1.800, y en concordancia con el n\u00famero de predios que tenemos en el Municipio, que son cerca de 262.000 predios, estas reclamaciones no llegan ni al 1 % de los predios que tenemos en la ciudad actualmente\u201d, explic\u00f3 Daniela Cabrera, secretaria de Planeaci\u00f3n de Ibagu\u00e9.<\/p>\n<p>Asimismo, se reiter\u00f3 que la actualizaci\u00f3n catastral realizada en 2025 proporcion\u00f3 la informaci\u00f3n necesaria para llevar a cabo la liquidaci\u00f3n del impuesto predial, fortaleciendo la gesti\u00f3n fiscal y promoviendo una mayor equidad tributaria.<\/p>\n<p>\u201cEste debate no busca polarizar, pero s\u00ed busca que aquellos que lo \u00fanico que buscan es atacar una administraci\u00f3n, atacar los procesos, nosotros lo que queremos es aclarar y darle una tranquilidad a la ciudad frente a este proceso, que de una forma directa nos impacta a todos\u201d, afirm\u00f3 por su parte el concejal William Santiago.<\/p>\n<p>A trav\u00e9s de distintas estrategias, la Alcald\u00eda de Ibagu\u00e9 contin\u00faa orientando a los ciudadanos para que logren entender este proceso y que el recaudo del impuesto predial contin\u00fae con normalidad, como ha ocurrido hasta el momento.<\/p>\n","protected":false},"excerpt":{"rendered":"<p>La Secretar\u00eda de Planeaci\u00f3n Municipal respondi\u00f3 las inquietudes del Concejo de Ibagu\u00e9 sobre la actualizaci\u00f3n catastral en debate de control pol\u00edtico. Durante el debate de control pol\u00edtico de este lunes en el Concejo Municipal, la Alcald\u00eda de Ibagu\u00e9 resolvi\u00f3 inquietudes de cabildantes y ciudadan\u00eda, especialmente, frente a las peticiones, quejas<span class=\"more-link\"><a href=\"https:\/\/ciudadyregion.com.co\/index.php\/reclamaciones-por-avaluos-no-llegan-ni-al-1-de-los-262-000-predios-del-municipio\/ibague\/\">Continuar Leyendo<\/a><\/span><\/p>\n","protected":false},"author":2,"featured_media":59580,"comment_status":"open","ping_status":"open","sticky":false,"template":"","format":"standard","meta":{"_uf_show_specific_survey":0,"_uf_disable_surveys":false,"_jetpack_memberships_contains_paid_content":false,"footnotes":"","jetpack_publicize_message":"","jetpack_publicize_feature_enabled":true,"jetpack_social_post_already_shared":true,"jetpack_social_options":{"image_generator_settings":{"template":"highway","enabled":false},"version":2}},"categories":[14],"tags":[],"class_list":["entry","author-diegoaguirre","post-59579","post","type-post","status-publish","format-standard","has-post-thumbnail","category-ibague"],"jetpack_publicize_connections":[],"yoast_head":"<!-- This site is optimized with the Yoast SEO plugin v24.3 - https:\/\/yoast.com\/wordpress\/plugins\/seo\/ -->\n<title>Reclamaciones por aval\u00faos no llegan ni al 1% de los 262.000 predios del Municipio - Ciudad y Region<\/title>\n<meta name=\"robots\" content=\"index, follow, max-snippet:-1, max-image-preview:large, max-video-preview:-1\" \/>\n<link rel=\"canonical\" href=\"https:\/\/ciudadyregion.com.co\/index.php\/reclamaciones-por-avaluos-no-llegan-ni-al-1-de-los-262-000-predios-del-municipio\/ibague\/\" \/>\n<meta property=\"og:locale\" content=\"es_ES\" \/>\n<meta property=\"og:type\" content=\"article\" \/>\n<meta property=\"og:title\" content=\"Reclamaciones por aval\u00faos no llegan ni al 1% de los 262.000 predios del Municipio - Ciudad y Region\" \/>\n<meta property=\"og:description\" content=\"La Secretar\u00eda de Planeaci\u00f3n Municipal respondi\u00f3 las inquietudes del Concejo de Ibagu\u00e9 sobre la actualizaci\u00f3n catastral en debate de control pol\u00edtico. Durante el debate de control pol\u00edtico de este lunes en el Concejo Municipal, la Alcald\u00eda de Ibagu\u00e9 resolvi\u00f3 inquietudes de cabildantes y ciudadan\u00eda, especialmente, frente a las peticiones, quejasContinuar Leyendo\" \/>\n<meta property=\"og:url\" content=\"https:\/\/ciudadyregion.com.co\/index.php\/reclamaciones-por-avaluos-no-llegan-ni-al-1-de-los-262-000-predios-del-municipio\/ibague\/\" \/>\n<meta property=\"og:site_name\" content=\"Ciudad y Region\" \/>\n<meta property=\"article:published_time\" content=\"2026-04-28T03:49:19+00:00\" \/>\n<meta property=\"og:image\" content=\"https:\/\/ciudadyregion.com.co\/wp-content\/uploads\/2026\/04\/a-4-2.jpg\" \/>\n\t<meta property=\"og:image:width\" content=\"800\" \/>\n\t<meta property=\"og:image:height\" content=\"445\" \/>\n\t<meta property=\"og:image:type\" content=\"image\/jpeg\" \/>\n<meta name=\"author\" content=\"David Andr\u00e9s Aguirre\" \/>\n<meta name=\"twitter:card\" content=\"summary_large_image\" \/>\n<meta name=\"twitter:label1\" content=\"Escrito por\" \/>\n\t<meta name=\"twitter:data1\" content=\"David Andr\u00e9s Aguirre\" \/>\n\t<meta name=\"twitter:label2\" content=\"Tiempo de lectura\" \/>\n\t<meta name=\"twitter:data2\" content=\"2 minutos\" \/>\n<script type=\"application\/ld+json\" class=\"yoast-schema-graph\">{\"@context\":\"https:\/\/schema.org\",\"@graph\":[{\"@type\":\"WebPage\",\"@id\":\"https:\/\/ciudadyregion.com.co\/index.php\/reclamaciones-por-avaluos-no-llegan-ni-al-1-de-los-262-000-predios-del-municipio\/ibague\/\",\"url\":\"https:\/\/ciudadyregion.com.co\/index.php\/reclamaciones-por-avaluos-no-llegan-ni-al-1-de-los-262-000-predios-del-municipio\/ibague\/\",\"name\":\"Reclamaciones por aval\u00faos no llegan ni al 1% de los 262.000 predios del Municipio - Ciudad y Region\",\"isPartOf\":{\"@id\":\"https:\/\/ciudadyregion.com.co\/#website\"},\"primaryImageOfPage\":{\"@id\":\"https:\/\/ciudadyregion.com.co\/index.php\/reclamaciones-por-avaluos-no-llegan-ni-al-1-de-los-262-000-predios-del-municipio\/ibague\/#primaryimage\"},\"image\":{\"@id\":\"https:\/\/ciudadyregion.com.co\/index.php\/reclamaciones-por-avaluos-no-llegan-ni-al-1-de-los-262-000-predios-del-municipio\/ibague\/#primaryimage\"},\"thumbnailUrl\":\"https:\/\/i0.wp.com\/ciudadyregion.com.co\/wp-content\/uploads\/2026\/04\/a-4-2.jpg?fit=800%2C445&ssl=1\",\"datePublished\":\"2026-04-28T03:49:19+00:00\",\"dateModified\":\"2026-04-28T03:49:19+00:00\",\"author\":{\"@id\":\"https:\/\/ciudadyregion.com.co\/#\/schema\/person\/04a4954373ebc4051f46e8c65ff78622\"},\"breadcrumb\":{\"@id\":\"https:\/\/ciudadyregion.com.co\/index.php\/reclamaciones-por-avaluos-no-llegan-ni-al-1-de-los-262-000-predios-del-municipio\/ibague\/#breadcrumb\"},\"inLanguage\":\"es\",\"potentialAction\":[{\"@type\":\"ReadAction\",\"target\":[\"https:\/\/ciudadyregion.com.co\/index.php\/reclamaciones-por-avaluos-no-llegan-ni-al-1-de-los-262-000-predios-del-municipio\/ibague\/\"]}]},{\"@type\":\"ImageObject\",\"inLanguage\":\"es\",\"@id\":\"https:\/\/ciudadyregion.com.co\/index.php\/reclamaciones-por-avaluos-no-llegan-ni-al-1-de-los-262-000-predios-del-municipio\/ibague\/#primaryimage\",\"url\":\"https:\/\/i0.wp.com\/ciudadyregion.com.co\/wp-content\/uploads\/2026\/04\/a-4-2.jpg?fit=800%2C445&ssl=1\",\"contentUrl\":\"https:\/\/i0.wp.com\/ciudadyregion.com.co\/wp-content\/uploads\/2026\/04\/a-4-2.jpg?fit=800%2C445&ssl=1\",\"width\":800,\"height\":445},{\"@type\":\"BreadcrumbList\",\"@id\":\"https:\/\/ciudadyregion.com.co\/index.php\/reclamaciones-por-avaluos-no-llegan-ni-al-1-de-los-262-000-predios-del-municipio\/ibague\/#breadcrumb\",\"itemListElement\":[{\"@type\":\"ListItem\",\"position\":1,\"name\":\"Portada\",\"item\":\"https:\/\/ciudadyregion.com.co\/\"},{\"@type\":\"ListItem\",\"position\":2,\"name\":\"Reclamaciones por aval\u00faos no llegan ni al 1% de los 262.000 predios del Municipio\"}]},{\"@type\":\"WebSite\",\"@id\":\"https:\/\/ciudadyregion.com.co\/#website\",\"url\":\"https:\/\/ciudadyregion.com.co\/\",\"name\":\"Ciudad y Region\",\"description\":\"\",\"potentialAction\":[{\"@type\":\"SearchAction\",\"target\":{\"@type\":\"EntryPoint\",\"urlTemplate\":\"https:\/\/ciudadyregion.com.co\/?s={search_term_string}\"},\"query-input\":{\"@type\":\"PropertyValueSpecification\",\"valueRequired\":true,\"valueName\":\"search_term_string\"}}],\"inLanguage\":\"es\"},{\"@type\":\"Person\",\"@id\":\"https:\/\/ciudadyregion.com.co\/#\/schema\/person\/04a4954373ebc4051f46e8c65ff78622\",\"name\":\"David Andr\u00e9s Aguirre\",\"image\":{\"@type\":\"ImageObject\",\"inLanguage\":\"es\",\"@id\":\"https:\/\/ciudadyregion.com.co\/#\/schema\/person\/image\/\",\"url\":\"https:\/\/secure.gravatar.com\/avatar\/bc3c655860202182ee6d1b5edd042dbe?s=96&d=mm&r=g\",\"contentUrl\":\"https:\/\/secure.gravatar.com\/avatar\/bc3c655860202182ee6d1b5edd042dbe?s=96&d=mm&r=g\",\"caption\":\"David Andr\u00e9s Aguirre\"},\"url\":\"https:\/\/ciudadyregion.com.co\/index.php\/author\/diegoaguirre\/\"}]}<\/script>\n<!-- \/ Yoast SEO plugin. -->","yoast_head_json":{"title":"Reclamaciones por aval\u00faos no llegan ni al 1% de los 262.000 predios del Municipio - Ciudad y Region","robots":{"index":"index","follow":"follow","max-snippet":"max-snippet:-1","max-image-preview":"max-image-preview:large","max-video-preview":"max-video-preview:-1"},"canonical":"https:\/\/ciudadyregion.com.co\/index.php\/reclamaciones-por-avaluos-no-llegan-ni-al-1-de-los-262-000-predios-del-municipio\/ibague\/","og_locale":"es_ES","og_type":"article","og_title":"Reclamaciones por aval\u00faos no llegan ni al 1% de los 262.000 predios del Municipio - Ciudad y Region","og_description":"La Secretar\u00eda de Planeaci\u00f3n Municipal respondi\u00f3 las inquietudes del Concejo de Ibagu\u00e9 sobre la actualizaci\u00f3n catastral en debate de control pol\u00edtico. Durante el debate de control pol\u00edtico de este lunes en el Concejo Municipal, la Alcald\u00eda de Ibagu\u00e9 resolvi\u00f3 inquietudes de cabildantes y ciudadan\u00eda, especialmente, frente a las peticiones, quejasContinuar Leyendo","og_url":"https:\/\/ciudadyregion.com.co\/index.php\/reclamaciones-por-avaluos-no-llegan-ni-al-1-de-los-262-000-predios-del-municipio\/ibague\/","og_site_name":"Ciudad y Region","article_published_time":"2026-04-28T03:49:19+00:00","og_image":[{"width":800,"height":445,"url":"https:\/\/ciudadyregion.com.co\/wp-content\/uploads\/2026\/04\/a-4-2.jpg","type":"image\/jpeg"}],"author":"David Andr\u00e9s Aguirre","twitter_card":"summary_large_image","twitter_misc":{"Escrito por":"David Andr\u00e9s Aguirre","Tiempo de lectura":"2 minutos"},"schema":{"@context":"https:\/\/schema.org","@graph":[{"@type":"WebPage","@id":"https:\/\/ciudadyregion.com.co\/index.php\/reclamaciones-por-avaluos-no-llegan-ni-al-1-de-los-262-000-predios-del-municipio\/ibague\/","url":"https:\/\/ciudadyregion.com.co\/index.php\/reclamaciones-por-avaluos-no-llegan-ni-al-1-de-los-262-000-predios-del-municipio\/ibague\/","name":"Reclamaciones por aval\u00faos no llegan ni al 1% de los 262.000 predios del Municipio - Ciudad y Region","isPartOf":{"@id":"https:\/\/ciudadyregion.com.co\/#website"},"primaryImageOfPage":{"@id":"https:\/\/ciudadyregion.com.co\/index.php\/reclamaciones-por-avaluos-no-llegan-ni-al-1-de-los-262-000-predios-del-municipio\/ibague\/#primaryimage"},"image":{"@id":"https:\/\/ciudadyregion.com.co\/index.php\/reclamaciones-por-avaluos-no-llegan-ni-al-1-de-los-262-000-predios-del-municipio\/ibague\/#primaryimage"},"thumbnailUrl":"https:\/\/i0.wp.com\/ciudadyregion.com.co\/wp-content\/uploads\/2026\/04\/a-4-2.jpg?fit=800%2C445&ssl=1","datePublished":"2026-04-28T03:49:19+00:00","dateModified":"2026-04-28T03:49:19+00:00","author":{"@id":"https:\/\/ciudadyregion.com.co\/#\/schema\/person\/04a4954373ebc4051f46e8c65ff78622"},"breadcrumb":{"@id":"https:\/\/ciudadyregion.com.co\/index.php\/reclamaciones-por-avaluos-no-llegan-ni-al-1-de-los-262-000-predios-del-municipio\/ibague\/#breadcrumb"},"inLanguage":"es","potentialAction":[{"@type":"ReadAction","target":["https:\/\/ciudadyregion.com.co\/index.php\/reclamaciones-por-avaluos-no-llegan-ni-al-1-de-los-262-000-predios-del-municipio\/ibague\/"]}]},{"@type":"ImageObject","inLanguage":"es","@id":"https:\/\/ciudadyregion.com.co\/index.php\/reclamaciones-por-avaluos-no-llegan-ni-al-1-de-los-262-000-predios-del-municipio\/ibague\/#primaryimage","url":"https:\/\/i0.wp.com\/ciudadyregion.com.co\/wp-content\/uploads\/2026\/04\/a-4-2.jpg?fit=800%2C445&ssl=1","contentUrl":"https:\/\/i0.wp.com\/ciudadyregion.com.co\/wp-content\/uploads\/2026\/04\/a-4-2.jpg?fit=800%2C445&ssl=1","width":800,"height":445},{"@type":"BreadcrumbList","@id":"https:\/\/ciudadyregion.com.co\/index.php\/reclamaciones-por-avaluos-no-llegan-ni-al-1-de-los-262-000-predios-del-municipio\/ibague\/#breadcrumb","itemListElement":[{"@type":"ListItem","position":1,"name":"Portada","item":"https:\/\/ciudadyregion.com.co\/"},{"@type":"ListItem","position":2,"name":"Reclamaciones por aval\u00faos no llegan ni al 1% de los 262.000 predios del Municipio"}]},{"@type":"WebSite","@id":"https:\/\/ciudadyregion.com.co\/#website","url":"https:\/\/ciudadyregion.com.co\/","name":"Ciudad y Region","description":"","potentialAction":[{"@type":"SearchAction","target":{"@type":"EntryPoint","urlTemplate":"https:\/\/ciudadyregion.com.co\/?s={search_term_string}"},"query-input":{"@type":"PropertyValueSpecification","valueRequired":true,"valueName":"search_term_string"}}],"inLanguage":"es"},{"@type":"Person","@id":"https:\/\/ciudadyregion.com.co\/#\/schema\/person\/04a4954373ebc4051f46e8c65ff78622","name":"David Andr\u00e9s Aguirre","image":{"@type":"ImageObject","inLanguage":"es","@id":"https:\/\/ciudadyregion.com.co\/#\/schema\/person\/image\/","url":"https:\/\/secure.gravatar.com\/avatar\/bc3c655860202182ee6d1b5edd042dbe?s=96&d=mm&r=g","contentUrl":"https:\/\/secure.gravatar.com\/avatar\/bc3c655860202182ee6d1b5edd042dbe?s=96&d=mm&r=g","caption":"David Andr\u00e9s Aguirre"},"url":"https:\/\/ciudadyregion.com.co\/index.php\/author\/diegoaguirre\/"}]}},"jetpack_featured_media_url":"https:\/\/i0.wp.com\/ciudadyregion.com.co\/wp-content\/uploads\/2026\/04\/a-4-2.jpg?fit=800%2C445&ssl=1","jetpack_sharing_enabled":true,"jetpack_shortlink":"https:\/\/wp.me\/pbS7hh-fuX","jetpack-related-posts":[],"_links":{"self":[{"href":"https:\/\/ciudadyregion.com.co\/index.php\/wp-json\/wp\/v2\/posts\/59579"}],"collection":[{"href":"https:\/\/ciudadyregion.com.co\/index.php\/wp-json\/wp\/v2\/posts"}],"about":[{"href":"https:\/\/ciudadyregion.com.co\/index.php\/wp-json\/wp\/v2\/types\/post"}],"author":[{"embeddable":true,"href":"https:\/\/ciudadyregion.com.co\/index.php\/wp-json\/wp\/v2\/users\/2"}],"replies":[{"embeddable":true,"href":"https:\/\/ciudadyregion.com.co\/index.php\/wp-json\/wp\/v2\/comments?post=59579"}],"version-history":[{"count":1,"href":"https:\/\/ciudadyregion.com.co\/index.php\/wp-json\/wp\/v2\/posts\/59579\/revisions"}],"predecessor-version":[{"id":59581,"href":"https:\/\/ciudadyregion.com.co\/index.php\/wp-json\/wp\/v2\/posts\/59579\/revisions\/59581"}],"wp:featuredmedia":[{"embeddable":true,"href":"https:\/\/ciudadyregion.com.co\/index.php\/wp-json\/wp\/v2\/media\/59580"}],"wp:attachment":[{"href":"https:\/\/ciudadyregion.com.co\/index.php\/wp-json\/wp\/v2\/media?parent=59579"}],"wp:term":[{"taxonomy":"category","embeddable":true,"href":"https:\/\/ciudadyregion.com.co\/index.php\/wp-json\/wp\/v2\/categories?post=59579"},{"taxonomy":"post_tag","embeddable":true,"href":"https:\/\/ciudadyregion.com.co\/index.php\/wp-json\/wp\/v2\/tags?post=59579"}],"curies":[{"name":"wp","href":"https:\/\/api.w.org\/{rel}","templated":true}]}}