{"id":59573,"date":"2026-04-27T22:43:37","date_gmt":"2026-04-28T03:43:37","guid":{"rendered":"https:\/\/ciudadyregion.com.co\/?p=59573"},"modified":"2026-04-27T22:43:37","modified_gmt":"2026-04-28T03:43:37","slug":"especialistas-del-hospital-federico-lleras-podrian-ir-a-paro-por-millonaria-deuda-de-las-eps","status":"publish","type":"post","link":"https:\/\/ciudadyregion.com.co\/index.php\/especialistas-del-hospital-federico-lleras-podrian-ir-a-paro-por-millonaria-deuda-de-las-eps\/regional\/","title":{"rendered":"Especialistas del Hospital Federico Lleras podr\u00edan ir a paro por millonaria deuda de las EPS"},"content":{"rendered":"<p>Ya hay m\u00e1s de 600 cirug\u00edas represadas. Estas son las 964 mil razones que le roban la paz a la gobernadora del Tolima.<\/p>\n<p>Adriana Matiz lanza alerta desde el Tolima por critica situaci\u00f3n del sistema de salud.<\/p>\n<p>La gobernadora del Tolima, Adriana Magali Matiz, se mostr\u00f3 \u201caltamente preocupada\u201d por la millonaria cifra, cercana al $1 bill\u00f3n, que las EPS le adeuda a la red p\u00fablica hospitalaria del Tolima.<\/p>\n<p>Al t\u00e9rmino del foro \u201cLas Regiones Proponen\u201d, organizado por la Federaci\u00f3n Nacional de Departamentos FND y la Gobernaci\u00f3n del Tolima, la mandataria seccional adelant\u00f3 que la situaci\u00f3n se podr\u00eda agravar si los especialistas del Hospital Federico Lleras Acosta entran a paro, a partir del primero de mayo, como se lo han hecho saber a las directivas del m\u00e1ximo centro asistencial de los tolimenses.<\/p>\n<p>\u201cEs una situaci\u00f3n muy preocupante y por eso hacemos el llamado desde aqu\u00ed, desde el departamento del Tolima. La deuda que tienen hoy con la red p\u00fablica asciende a m\u00e1s de $964.000 millones; y esto, por supuesto, enciende las alarmas en el departamento\u201d, revel\u00f3 Matiz.<\/p>\n<p>A rengl\u00f3n seguido, alert\u00f3 sobre el anuncio de paro en el Fedelleras: \u201cLa situaci\u00f3n se agrava, a\u00fan m\u00e1s, cuando nos est\u00e1n enterando que los especialistas del hospital Federico Lleras Acosta van a entrar en paro, y esto llevar\u00eda a que no se realicen las cirug\u00edas, ni la atenci\u00f3n que necesitan los tolimenses en ese hospital tan importante para el departamento y para la regi\u00f3n\u201d.<\/p>\n<p>La ejecutiva departamental admiti\u00f3 que son m\u00e1s de 600 las cirug\u00edas que a la fecha tiene el Federico Lleras represadas y devel\u00f3 cu\u00e1les son las EPS que m\u00e1s recursos le deben a los hospitales del Tolima.<\/p>\n<p>\u201cEl llamado es al giro de recursos por parte de las diferentes EPS. La nueva EPS, que es la que m\u00e1s adeuda; Pijao Salud, tambi\u00e9n, adeuda muchos recursos al hospital; as\u00ed que el llamado es al giro de los recursos que necesitamos para poder atender todas las necesidades y los compromisos que se tienen desde el hospital\u201d, destac\u00f3 la gobernante.<\/p>\n","protected":false},"excerpt":{"rendered":"<p>Ya hay m\u00e1s de 600 cirug\u00edas represadas. Estas son las 964 mil razones que le roban la paz a la gobernadora del Tolima. Adriana Matiz lanza alerta desde el Tolima por critica situaci\u00f3n del sistema de salud. La gobernadora del Tolima, Adriana Magali Matiz, se mostr\u00f3 \u201caltamente preocupada\u201d por la<span class=\"more-link\"><a href=\"https:\/\/ciudadyregion.com.co\/index.php\/especialistas-del-hospital-federico-lleras-podrian-ir-a-paro-por-millonaria-deuda-de-las-eps\/regional\/\">Continuar Leyendo<\/a><\/span><\/p>\n","protected":false},"author":2,"featured_media":59574,"comment_status":"open","ping_status":"open","sticky":false,"template":"","format":"standard","meta":{"_uf_show_specific_survey":0,"_uf_disable_surveys":false,"_jetpack_memberships_contains_paid_content":false,"footnotes":"","jetpack_publicize_message":"","jetpack_publicize_feature_enabled":true,"jetpack_social_post_already_shared":true,"jetpack_social_options":{"image_generator_settings":{"template":"highway","enabled":false},"version":2}},"categories":[13],"tags":[],"class_list":["entry","author-diegoaguirre","post-59573","post","type-post","status-publish","format-standard","has-post-thumbnail","category-regional"],"jetpack_publicize_connections":[],"yoast_head":"<!-- This site is optimized with the Yoast SEO plugin v24.3 - https:\/\/yoast.com\/wordpress\/plugins\/seo\/ -->\n<title>Especialistas del Hospital Federico Lleras podr\u00edan ir a paro por millonaria deuda de las EPS - Ciudad y Region<\/title>\n<meta name=\"robots\" content=\"index, follow, max-snippet:-1, max-image-preview:large, max-video-preview:-1\" \/>\n<link rel=\"canonical\" href=\"https:\/\/ciudadyregion.com.co\/index.php\/especialistas-del-hospital-federico-lleras-podrian-ir-a-paro-por-millonaria-deuda-de-las-eps\/regional\/\" \/>\n<meta property=\"og:locale\" content=\"es_ES\" \/>\n<meta property=\"og:type\" content=\"article\" \/>\n<meta property=\"og:title\" content=\"Especialistas del Hospital Federico Lleras podr\u00edan ir a paro por millonaria deuda de las EPS - Ciudad y Region\" \/>\n<meta property=\"og:description\" content=\"Ya hay m\u00e1s de 600 cirug\u00edas represadas. Estas son las 964 mil razones que le roban la paz a la gobernadora del Tolima. Adriana Matiz lanza alerta desde el Tolima por critica situaci\u00f3n del sistema de salud. La gobernadora del Tolima, Adriana Magali Matiz, se mostr\u00f3 \u201caltamente preocupada\u201d por laContinuar Leyendo\" \/>\n<meta property=\"og:url\" content=\"https:\/\/ciudadyregion.com.co\/index.php\/especialistas-del-hospital-federico-lleras-podrian-ir-a-paro-por-millonaria-deuda-de-las-eps\/regional\/\" \/>\n<meta property=\"og:site_name\" content=\"Ciudad y Region\" \/>\n<meta property=\"article:published_time\" content=\"2026-04-28T03:43:37+00:00\" \/>\n<meta property=\"og:image\" content=\"https:\/\/ciudadyregion.com.co\/wp-content\/uploads\/2026\/04\/a-2-2.jpg\" \/>\n\t<meta property=\"og:image:width\" content=\"800\" \/>\n\t<meta property=\"og:image:height\" content=\"445\" \/>\n\t<meta property=\"og:image:type\" content=\"image\/jpeg\" \/>\n<meta name=\"author\" content=\"David Andr\u00e9s Aguirre\" \/>\n<meta name=\"twitter:card\" content=\"summary_large_image\" \/>\n<meta name=\"twitter:label1\" content=\"Escrito por\" \/>\n\t<meta name=\"twitter:data1\" content=\"David Andr\u00e9s Aguirre\" \/>\n\t<meta name=\"twitter:label2\" content=\"Tiempo de lectura\" \/>\n\t<meta name=\"twitter:data2\" content=\"2 minutos\" \/>\n<script type=\"application\/ld+json\" class=\"yoast-schema-graph\">{\"@context\":\"https:\/\/schema.org\",\"@graph\":[{\"@type\":\"WebPage\",\"@id\":\"https:\/\/ciudadyregion.com.co\/index.php\/especialistas-del-hospital-federico-lleras-podrian-ir-a-paro-por-millonaria-deuda-de-las-eps\/regional\/\",\"url\":\"https:\/\/ciudadyregion.com.co\/index.php\/especialistas-del-hospital-federico-lleras-podrian-ir-a-paro-por-millonaria-deuda-de-las-eps\/regional\/\",\"name\":\"Especialistas del Hospital Federico Lleras podr\u00edan ir a paro por millonaria deuda de las EPS - Ciudad y Region\",\"isPartOf\":{\"@id\":\"https:\/\/ciudadyregion.com.co\/#website\"},\"primaryImageOfPage\":{\"@id\":\"https:\/\/ciudadyregion.com.co\/index.php\/especialistas-del-hospital-federico-lleras-podrian-ir-a-paro-por-millonaria-deuda-de-las-eps\/regional\/#primaryimage\"},\"image\":{\"@id\":\"https:\/\/ciudadyregion.com.co\/index.php\/especialistas-del-hospital-federico-lleras-podrian-ir-a-paro-por-millonaria-deuda-de-las-eps\/regional\/#primaryimage\"},\"thumbnailUrl\":\"https:\/\/i0.wp.com\/ciudadyregion.com.co\/wp-content\/uploads\/2026\/04\/a-2-2.jpg?fit=800%2C445&ssl=1\",\"datePublished\":\"2026-04-28T03:43:37+00:00\",\"dateModified\":\"2026-04-28T03:43:37+00:00\",\"author\":{\"@id\":\"https:\/\/ciudadyregion.com.co\/#\/schema\/person\/04a4954373ebc4051f46e8c65ff78622\"},\"breadcrumb\":{\"@id\":\"https:\/\/ciudadyregion.com.co\/index.php\/especialistas-del-hospital-federico-lleras-podrian-ir-a-paro-por-millonaria-deuda-de-las-eps\/regional\/#breadcrumb\"},\"inLanguage\":\"es\",\"potentialAction\":[{\"@type\":\"ReadAction\",\"target\":[\"https:\/\/ciudadyregion.com.co\/index.php\/especialistas-del-hospital-federico-lleras-podrian-ir-a-paro-por-millonaria-deuda-de-las-eps\/regional\/\"]}]},{\"@type\":\"ImageObject\",\"inLanguage\":\"es\",\"@id\":\"https:\/\/ciudadyregion.com.co\/index.php\/especialistas-del-hospital-federico-lleras-podrian-ir-a-paro-por-millonaria-deuda-de-las-eps\/regional\/#primaryimage\",\"url\":\"https:\/\/i0.wp.com\/ciudadyregion.com.co\/wp-content\/uploads\/2026\/04\/a-2-2.jpg?fit=800%2C445&ssl=1\",\"contentUrl\":\"https:\/\/i0.wp.com\/ciudadyregion.com.co\/wp-content\/uploads\/2026\/04\/a-2-2.jpg?fit=800%2C445&ssl=1\",\"width\":800,\"height\":445},{\"@type\":\"BreadcrumbList\",\"@id\":\"https:\/\/ciudadyregion.com.co\/index.php\/especialistas-del-hospital-federico-lleras-podrian-ir-a-paro-por-millonaria-deuda-de-las-eps\/regional\/#breadcrumb\",\"itemListElement\":[{\"@type\":\"ListItem\",\"position\":1,\"name\":\"Portada\",\"item\":\"https:\/\/ciudadyregion.com.co\/\"},{\"@type\":\"ListItem\",\"position\":2,\"name\":\"Especialistas del Hospital Federico Lleras podr\u00edan ir a paro por millonaria deuda de las EPS\"}]},{\"@type\":\"WebSite\",\"@id\":\"https:\/\/ciudadyregion.com.co\/#website\",\"url\":\"https:\/\/ciudadyregion.com.co\/\",\"name\":\"Ciudad y Region\",\"description\":\"\",\"potentialAction\":[{\"@type\":\"SearchAction\",\"target\":{\"@type\":\"EntryPoint\",\"urlTemplate\":\"https:\/\/ciudadyregion.com.co\/?s={search_term_string}\"},\"query-input\":{\"@type\":\"PropertyValueSpecification\",\"valueRequired\":true,\"valueName\":\"search_term_string\"}}],\"inLanguage\":\"es\"},{\"@type\":\"Person\",\"@id\":\"https:\/\/ciudadyregion.com.co\/#\/schema\/person\/04a4954373ebc4051f46e8c65ff78622\",\"name\":\"David Andr\u00e9s Aguirre\",\"image\":{\"@type\":\"ImageObject\",\"inLanguage\":\"es\",\"@id\":\"https:\/\/ciudadyregion.com.co\/#\/schema\/person\/image\/\",\"url\":\"https:\/\/secure.gravatar.com\/avatar\/bc3c655860202182ee6d1b5edd042dbe?s=96&d=mm&r=g\",\"contentUrl\":\"https:\/\/secure.gravatar.com\/avatar\/bc3c655860202182ee6d1b5edd042dbe?s=96&d=mm&r=g\",\"caption\":\"David Andr\u00e9s Aguirre\"},\"url\":\"https:\/\/ciudadyregion.com.co\/index.php\/author\/diegoaguirre\/\"}]}<\/script>\n<!-- \/ Yoast SEO plugin. -->","yoast_head_json":{"title":"Especialistas del Hospital Federico Lleras podr\u00edan ir a paro por millonaria deuda de las EPS - Ciudad y Region","robots":{"index":"index","follow":"follow","max-snippet":"max-snippet:-1","max-image-preview":"max-image-preview:large","max-video-preview":"max-video-preview:-1"},"canonical":"https:\/\/ciudadyregion.com.co\/index.php\/especialistas-del-hospital-federico-lleras-podrian-ir-a-paro-por-millonaria-deuda-de-las-eps\/regional\/","og_locale":"es_ES","og_type":"article","og_title":"Especialistas del Hospital Federico Lleras podr\u00edan ir a paro por millonaria deuda de las EPS - Ciudad y Region","og_description":"Ya hay m\u00e1s de 600 cirug\u00edas represadas. Estas son las 964 mil razones que le roban la paz a la gobernadora del Tolima. Adriana Matiz lanza alerta desde el Tolima por critica situaci\u00f3n del sistema de salud. La gobernadora del Tolima, Adriana Magali Matiz, se mostr\u00f3 \u201caltamente preocupada\u201d por laContinuar Leyendo","og_url":"https:\/\/ciudadyregion.com.co\/index.php\/especialistas-del-hospital-federico-lleras-podrian-ir-a-paro-por-millonaria-deuda-de-las-eps\/regional\/","og_site_name":"Ciudad y Region","article_published_time":"2026-04-28T03:43:37+00:00","og_image":[{"width":800,"height":445,"url":"https:\/\/ciudadyregion.com.co\/wp-content\/uploads\/2026\/04\/a-2-2.jpg","type":"image\/jpeg"}],"author":"David Andr\u00e9s Aguirre","twitter_card":"summary_large_image","twitter_misc":{"Escrito por":"David Andr\u00e9s Aguirre","Tiempo de lectura":"2 minutos"},"schema":{"@context":"https:\/\/schema.org","@graph":[{"@type":"WebPage","@id":"https:\/\/ciudadyregion.com.co\/index.php\/especialistas-del-hospital-federico-lleras-podrian-ir-a-paro-por-millonaria-deuda-de-las-eps\/regional\/","url":"https:\/\/ciudadyregion.com.co\/index.php\/especialistas-del-hospital-federico-lleras-podrian-ir-a-paro-por-millonaria-deuda-de-las-eps\/regional\/","name":"Especialistas del Hospital Federico Lleras podr\u00edan ir a paro por millonaria deuda de las EPS - Ciudad y Region","isPartOf":{"@id":"https:\/\/ciudadyregion.com.co\/#website"},"primaryImageOfPage":{"@id":"https:\/\/ciudadyregion.com.co\/index.php\/especialistas-del-hospital-federico-lleras-podrian-ir-a-paro-por-millonaria-deuda-de-las-eps\/regional\/#primaryimage"},"image":{"@id":"https:\/\/ciudadyregion.com.co\/index.php\/especialistas-del-hospital-federico-lleras-podrian-ir-a-paro-por-millonaria-deuda-de-las-eps\/regional\/#primaryimage"},"thumbnailUrl":"https:\/\/i0.wp.com\/ciudadyregion.com.co\/wp-content\/uploads\/2026\/04\/a-2-2.jpg?fit=800%2C445&ssl=1","datePublished":"2026-04-28T03:43:37+00:00","dateModified":"2026-04-28T03:43:37+00:00","author":{"@id":"https:\/\/ciudadyregion.com.co\/#\/schema\/person\/04a4954373ebc4051f46e8c65ff78622"},"breadcrumb":{"@id":"https:\/\/ciudadyregion.com.co\/index.php\/especialistas-del-hospital-federico-lleras-podrian-ir-a-paro-por-millonaria-deuda-de-las-eps\/regional\/#breadcrumb"},"inLanguage":"es","potentialAction":[{"@type":"ReadAction","target":["https:\/\/ciudadyregion.com.co\/index.php\/especialistas-del-hospital-federico-lleras-podrian-ir-a-paro-por-millonaria-deuda-de-las-eps\/regional\/"]}]},{"@type":"ImageObject","inLanguage":"es","@id":"https:\/\/ciudadyregion.com.co\/index.php\/especialistas-del-hospital-federico-lleras-podrian-ir-a-paro-por-millonaria-deuda-de-las-eps\/regional\/#primaryimage","url":"https:\/\/i0.wp.com\/ciudadyregion.com.co\/wp-content\/uploads\/2026\/04\/a-2-2.jpg?fit=800%2C445&ssl=1","contentUrl":"https:\/\/i0.wp.com\/ciudadyregion.com.co\/wp-content\/uploads\/2026\/04\/a-2-2.jpg?fit=800%2C445&ssl=1","width":800,"height":445},{"@type":"BreadcrumbList","@id":"https:\/\/ciudadyregion.com.co\/index.php\/especialistas-del-hospital-federico-lleras-podrian-ir-a-paro-por-millonaria-deuda-de-las-eps\/regional\/#breadcrumb","itemListElement":[{"@type":"ListItem","position":1,"name":"Portada","item":"https:\/\/ciudadyregion.com.co\/"},{"@type":"ListItem","position":2,"name":"Especialistas del Hospital Federico Lleras podr\u00edan ir a paro por millonaria deuda de las EPS"}]},{"@type":"WebSite","@id":"https:\/\/ciudadyregion.com.co\/#website","url":"https:\/\/ciudadyregion.com.co\/","name":"Ciudad y Region","description":"","potentialAction":[{"@type":"SearchAction","target":{"@type":"EntryPoint","urlTemplate":"https:\/\/ciudadyregion.com.co\/?s={search_term_string}"},"query-input":{"@type":"PropertyValueSpecification","valueRequired":true,"valueName":"search_term_string"}}],"inLanguage":"es"},{"@type":"Person","@id":"https:\/\/ciudadyregion.com.co\/#\/schema\/person\/04a4954373ebc4051f46e8c65ff78622","name":"David Andr\u00e9s Aguirre","image":{"@type":"ImageObject","inLanguage":"es","@id":"https:\/\/ciudadyregion.com.co\/#\/schema\/person\/image\/","url":"https:\/\/secure.gravatar.com\/avatar\/bc3c655860202182ee6d1b5edd042dbe?s=96&d=mm&r=g","contentUrl":"https:\/\/secure.gravatar.com\/avatar\/bc3c655860202182ee6d1b5edd042dbe?s=96&d=mm&r=g","caption":"David Andr\u00e9s Aguirre"},"url":"https:\/\/ciudadyregion.com.co\/index.php\/author\/diegoaguirre\/"}]}},"jetpack_featured_media_url":"https:\/\/i0.wp.com\/ciudadyregion.com.co\/wp-content\/uploads\/2026\/04\/a-2-2.jpg?fit=800%2C445&ssl=1","jetpack_sharing_enabled":true,"jetpack_shortlink":"https:\/\/wp.me\/pbS7hh-fuR","jetpack-related-posts":[],"_links":{"self":[{"href":"https:\/\/ciudadyregion.com.co\/index.php\/wp-json\/wp\/v2\/posts\/59573"}],"collection":[{"href":"https:\/\/ciudadyregion.com.co\/index.php\/wp-json\/wp\/v2\/posts"}],"about":[{"href":"https:\/\/ciudadyregion.com.co\/index.php\/wp-json\/wp\/v2\/types\/post"}],"author":[{"embeddable":true,"href":"https:\/\/ciudadyregion.com.co\/index.php\/wp-json\/wp\/v2\/users\/2"}],"replies":[{"embeddable":true,"href":"https:\/\/ciudadyregion.com.co\/index.php\/wp-json\/wp\/v2\/comments?post=59573"}],"version-history":[{"count":1,"href":"https:\/\/ciudadyregion.com.co\/index.php\/wp-json\/wp\/v2\/posts\/59573\/revisions"}],"predecessor-version":[{"id":59575,"href":"https:\/\/ciudadyregion.com.co\/index.php\/wp-json\/wp\/v2\/posts\/59573\/revisions\/59575"}],"wp:featuredmedia":[{"embeddable":true,"href":"https:\/\/ciudadyregion.com.co\/index.php\/wp-json\/wp\/v2\/media\/59574"}],"wp:attachment":[{"href":"https:\/\/ciudadyregion.com.co\/index.php\/wp-json\/wp\/v2\/media?parent=59573"}],"wp:term":[{"taxonomy":"category","embeddable":true,"href":"https:\/\/ciudadyregion.com.co\/index.php\/wp-json\/wp\/v2\/categories?post=59573"},{"taxonomy":"post_tag","embeddable":true,"href":"https:\/\/ciudadyregion.com.co\/index.php\/wp-json\/wp\/v2\/tags?post=59573"}],"curies":[{"name":"wp","href":"https:\/\/api.w.org\/{rel}","templated":true}]}}