{"id":59570,"date":"2026-04-27T22:41:11","date_gmt":"2026-04-28T03:41:11","guid":{"rendered":"https:\/\/ciudadyregion.com.co\/?p=59570"},"modified":"2026-04-27T22:41:11","modified_gmt":"2026-04-28T03:41:11","slug":"ya-esta-abierta-la-convocatoria-participar-en-el-dia-de-la-chicha-tolimense-2026","status":"publish","type":"post","link":"https:\/\/ciudadyregion.com.co\/index.php\/ya-esta-abierta-la-convocatoria-participar-en-el-dia-de-la-chicha-tolimense-2026\/regional\/","title":{"rendered":"Ya esta abierta la convocatoria participar en el D\u00eda de la Chicha Tolimense 2026"},"content":{"rendered":"<p>Productores de chicha del Tolima podr\u00e1n inscribirse hasta el 10 de mayo para participar en el D\u00eda de la Chicha Tolimense<\/p>\n<p>Dentro de la programaci\u00f3n de la 52\u00aa versi\u00f3n del Festival Folcl\u00f3rico Colombiano se celebrar\u00e1 el D\u00eda de la Chicha Tolimense, una jornada que resalta el valor cultural e hist\u00f3rico de esta bebida ancestral como parte de la identidad tolimense.<\/p>\n<p>Esta celebraci\u00f3n se llevar\u00e1 a cabo el pr\u00f3ximo 26 de junio en el Parque Manuel Murillo Toro y fue institucionalizado mediante la Ordenanza 0010 de 2024 por la Asamblea Departamental del Tolima, con el fin de reconocer la importancia hist\u00f3rica, cultural y social de esta preparaci\u00f3n ancestral.<\/p>\n<p>La directora de Turismo del Tolima Jennyfer Hern\u00e1ndez hizo un llamado a los portadores de esta tradici\u00f3n para que participen activamente en esta celebraci\u00f3n.<br \/>\n\u201cEs muy importante que se registren y nos compartan cu\u00e1l es esa chicha especial que nos permitir\u00e1 disfrutar, en el marco del Festival Folcl\u00f3rico Colombiano de los diversos sabores que enriquecen nuestra cultura\u201d.<\/p>\n<p>La convocatoria est\u00e1 dirigida a todos los productores de chicha del departamento, quienes podr\u00e1n inscribirse hasta el 10 de mayo a trav\u00e9s del siguiente enlace oficial:<br \/>\nhttps:\/\/forms.gle\/g2M4v2tVsb8HX5YD8. Asimismo, la informaci\u00f3n estar\u00e1 disponible en las redes sociales de la Secretar\u00eda de Cultura y Turismo del Tolima.<\/p>\n<p>Con este espacio se fortalece la tradici\u00f3n gastron\u00f3mica del Tolima y se promueve la chicha como un patrimonio vivo que refleja la historia y la identidad del departamento.<\/p>\n","protected":false},"excerpt":{"rendered":"<p>Productores de chicha del Tolima podr\u00e1n inscribirse hasta el 10 de mayo para participar en el D\u00eda de la Chicha Tolimense Dentro de la programaci\u00f3n de la 52\u00aa versi\u00f3n del Festival Folcl\u00f3rico Colombiano se celebrar\u00e1 el D\u00eda de la Chicha Tolimense, una jornada que resalta el valor cultural e hist\u00f3rico<span class=\"more-link\"><a href=\"https:\/\/ciudadyregion.com.co\/index.php\/ya-esta-abierta-la-convocatoria-participar-en-el-dia-de-la-chicha-tolimense-2026\/regional\/\">Continuar Leyendo<\/a><\/span><\/p>\n","protected":false},"author":2,"featured_media":59571,"comment_status":"open","ping_status":"open","sticky":false,"template":"","format":"standard","meta":{"_uf_show_specific_survey":0,"_uf_disable_surveys":false,"_jetpack_memberships_contains_paid_content":false,"footnotes":"","jetpack_publicize_message":"","jetpack_publicize_feature_enabled":true,"jetpack_social_post_already_shared":true,"jetpack_social_options":{"image_generator_settings":{"template":"highway","enabled":false},"version":2}},"categories":[13],"tags":[],"class_list":["entry","author-diegoaguirre","post-59570","post","type-post","status-publish","format-standard","has-post-thumbnail","category-regional"],"jetpack_publicize_connections":[],"yoast_head":"<!-- This site is optimized with the Yoast SEO plugin v24.3 - https:\/\/yoast.com\/wordpress\/plugins\/seo\/ -->\n<title>Ya esta abierta la convocatoria participar en el D\u00eda de la Chicha Tolimense 2026 - Ciudad y Region<\/title>\n<meta name=\"robots\" content=\"index, follow, max-snippet:-1, max-image-preview:large, max-video-preview:-1\" \/>\n<link rel=\"canonical\" href=\"https:\/\/ciudadyregion.com.co\/index.php\/ya-esta-abierta-la-convocatoria-participar-en-el-dia-de-la-chicha-tolimense-2026\/regional\/\" \/>\n<meta property=\"og:locale\" content=\"es_ES\" \/>\n<meta property=\"og:type\" content=\"article\" \/>\n<meta property=\"og:title\" content=\"Ya esta abierta la convocatoria participar en el D\u00eda de la Chicha Tolimense 2026 - Ciudad y Region\" \/>\n<meta property=\"og:description\" content=\"Productores de chicha del Tolima podr\u00e1n inscribirse hasta el 10 de mayo para participar en el D\u00eda de la Chicha Tolimense Dentro de la programaci\u00f3n de la 52\u00aa versi\u00f3n del Festival Folcl\u00f3rico Colombiano se celebrar\u00e1 el D\u00eda de la Chicha Tolimense, una jornada que resalta el valor cultural e hist\u00f3ricoContinuar Leyendo\" \/>\n<meta property=\"og:url\" content=\"https:\/\/ciudadyregion.com.co\/index.php\/ya-esta-abierta-la-convocatoria-participar-en-el-dia-de-la-chicha-tolimense-2026\/regional\/\" \/>\n<meta property=\"og:site_name\" content=\"Ciudad y Region\" \/>\n<meta property=\"article:published_time\" content=\"2026-04-28T03:41:11+00:00\" \/>\n<meta property=\"og:image\" content=\"https:\/\/ciudadyregion.com.co\/wp-content\/uploads\/2026\/04\/a-1-2.jpg\" \/>\n\t<meta property=\"og:image:width\" content=\"800\" \/>\n\t<meta property=\"og:image:height\" content=\"445\" \/>\n\t<meta property=\"og:image:type\" content=\"image\/jpeg\" \/>\n<meta name=\"author\" content=\"David Andr\u00e9s Aguirre\" \/>\n<meta name=\"twitter:card\" content=\"summary_large_image\" \/>\n<meta name=\"twitter:label1\" content=\"Escrito por\" \/>\n\t<meta name=\"twitter:data1\" content=\"David Andr\u00e9s Aguirre\" \/>\n\t<meta name=\"twitter:label2\" content=\"Tiempo de lectura\" \/>\n\t<meta name=\"twitter:data2\" content=\"2 minutos\" \/>\n<script type=\"application\/ld+json\" class=\"yoast-schema-graph\">{\"@context\":\"https:\/\/schema.org\",\"@graph\":[{\"@type\":\"WebPage\",\"@id\":\"https:\/\/ciudadyregion.com.co\/index.php\/ya-esta-abierta-la-convocatoria-participar-en-el-dia-de-la-chicha-tolimense-2026\/regional\/\",\"url\":\"https:\/\/ciudadyregion.com.co\/index.php\/ya-esta-abierta-la-convocatoria-participar-en-el-dia-de-la-chicha-tolimense-2026\/regional\/\",\"name\":\"Ya esta abierta la convocatoria participar en el D\u00eda de la Chicha Tolimense 2026 - Ciudad y Region\",\"isPartOf\":{\"@id\":\"https:\/\/ciudadyregion.com.co\/#website\"},\"primaryImageOfPage\":{\"@id\":\"https:\/\/ciudadyregion.com.co\/index.php\/ya-esta-abierta-la-convocatoria-participar-en-el-dia-de-la-chicha-tolimense-2026\/regional\/#primaryimage\"},\"image\":{\"@id\":\"https:\/\/ciudadyregion.com.co\/index.php\/ya-esta-abierta-la-convocatoria-participar-en-el-dia-de-la-chicha-tolimense-2026\/regional\/#primaryimage\"},\"thumbnailUrl\":\"https:\/\/i0.wp.com\/ciudadyregion.com.co\/wp-content\/uploads\/2026\/04\/a-1-2.jpg?fit=800%2C445&ssl=1\",\"datePublished\":\"2026-04-28T03:41:11+00:00\",\"dateModified\":\"2026-04-28T03:41:11+00:00\",\"author\":{\"@id\":\"https:\/\/ciudadyregion.com.co\/#\/schema\/person\/04a4954373ebc4051f46e8c65ff78622\"},\"breadcrumb\":{\"@id\":\"https:\/\/ciudadyregion.com.co\/index.php\/ya-esta-abierta-la-convocatoria-participar-en-el-dia-de-la-chicha-tolimense-2026\/regional\/#breadcrumb\"},\"inLanguage\":\"es\",\"potentialAction\":[{\"@type\":\"ReadAction\",\"target\":[\"https:\/\/ciudadyregion.com.co\/index.php\/ya-esta-abierta-la-convocatoria-participar-en-el-dia-de-la-chicha-tolimense-2026\/regional\/\"]}]},{\"@type\":\"ImageObject\",\"inLanguage\":\"es\",\"@id\":\"https:\/\/ciudadyregion.com.co\/index.php\/ya-esta-abierta-la-convocatoria-participar-en-el-dia-de-la-chicha-tolimense-2026\/regional\/#primaryimage\",\"url\":\"https:\/\/i0.wp.com\/ciudadyregion.com.co\/wp-content\/uploads\/2026\/04\/a-1-2.jpg?fit=800%2C445&ssl=1\",\"contentUrl\":\"https:\/\/i0.wp.com\/ciudadyregion.com.co\/wp-content\/uploads\/2026\/04\/a-1-2.jpg?fit=800%2C445&ssl=1\",\"width\":800,\"height\":445},{\"@type\":\"BreadcrumbList\",\"@id\":\"https:\/\/ciudadyregion.com.co\/index.php\/ya-esta-abierta-la-convocatoria-participar-en-el-dia-de-la-chicha-tolimense-2026\/regional\/#breadcrumb\",\"itemListElement\":[{\"@type\":\"ListItem\",\"position\":1,\"name\":\"Portada\",\"item\":\"https:\/\/ciudadyregion.com.co\/\"},{\"@type\":\"ListItem\",\"position\":2,\"name\":\"Ya esta abierta la convocatoria participar en el D\u00eda de la Chicha Tolimense 2026\"}]},{\"@type\":\"WebSite\",\"@id\":\"https:\/\/ciudadyregion.com.co\/#website\",\"url\":\"https:\/\/ciudadyregion.com.co\/\",\"name\":\"Ciudad y Region\",\"description\":\"\",\"potentialAction\":[{\"@type\":\"SearchAction\",\"target\":{\"@type\":\"EntryPoint\",\"urlTemplate\":\"https:\/\/ciudadyregion.com.co\/?s={search_term_string}\"},\"query-input\":{\"@type\":\"PropertyValueSpecification\",\"valueRequired\":true,\"valueName\":\"search_term_string\"}}],\"inLanguage\":\"es\"},{\"@type\":\"Person\",\"@id\":\"https:\/\/ciudadyregion.com.co\/#\/schema\/person\/04a4954373ebc4051f46e8c65ff78622\",\"name\":\"David Andr\u00e9s Aguirre\",\"image\":{\"@type\":\"ImageObject\",\"inLanguage\":\"es\",\"@id\":\"https:\/\/ciudadyregion.com.co\/#\/schema\/person\/image\/\",\"url\":\"https:\/\/secure.gravatar.com\/avatar\/bc3c655860202182ee6d1b5edd042dbe?s=96&d=mm&r=g\",\"contentUrl\":\"https:\/\/secure.gravatar.com\/avatar\/bc3c655860202182ee6d1b5edd042dbe?s=96&d=mm&r=g\",\"caption\":\"David Andr\u00e9s Aguirre\"},\"url\":\"https:\/\/ciudadyregion.com.co\/index.php\/author\/diegoaguirre\/\"}]}<\/script>\n<!-- \/ Yoast SEO plugin. -->","yoast_head_json":{"title":"Ya esta abierta la convocatoria participar en el D\u00eda de la Chicha Tolimense 2026 - Ciudad y Region","robots":{"index":"index","follow":"follow","max-snippet":"max-snippet:-1","max-image-preview":"max-image-preview:large","max-video-preview":"max-video-preview:-1"},"canonical":"https:\/\/ciudadyregion.com.co\/index.php\/ya-esta-abierta-la-convocatoria-participar-en-el-dia-de-la-chicha-tolimense-2026\/regional\/","og_locale":"es_ES","og_type":"article","og_title":"Ya esta abierta la convocatoria participar en el D\u00eda de la Chicha Tolimense 2026 - Ciudad y Region","og_description":"Productores de chicha del Tolima podr\u00e1n inscribirse hasta el 10 de mayo para participar en el D\u00eda de la Chicha Tolimense Dentro de la programaci\u00f3n de la 52\u00aa versi\u00f3n del Festival Folcl\u00f3rico Colombiano se celebrar\u00e1 el D\u00eda de la Chicha Tolimense, una jornada que resalta el valor cultural e hist\u00f3ricoContinuar Leyendo","og_url":"https:\/\/ciudadyregion.com.co\/index.php\/ya-esta-abierta-la-convocatoria-participar-en-el-dia-de-la-chicha-tolimense-2026\/regional\/","og_site_name":"Ciudad y Region","article_published_time":"2026-04-28T03:41:11+00:00","og_image":[{"width":800,"height":445,"url":"https:\/\/ciudadyregion.com.co\/wp-content\/uploads\/2026\/04\/a-1-2.jpg","type":"image\/jpeg"}],"author":"David Andr\u00e9s Aguirre","twitter_card":"summary_large_image","twitter_misc":{"Escrito por":"David Andr\u00e9s Aguirre","Tiempo de lectura":"2 minutos"},"schema":{"@context":"https:\/\/schema.org","@graph":[{"@type":"WebPage","@id":"https:\/\/ciudadyregion.com.co\/index.php\/ya-esta-abierta-la-convocatoria-participar-en-el-dia-de-la-chicha-tolimense-2026\/regional\/","url":"https:\/\/ciudadyregion.com.co\/index.php\/ya-esta-abierta-la-convocatoria-participar-en-el-dia-de-la-chicha-tolimense-2026\/regional\/","name":"Ya esta abierta la convocatoria participar en el D\u00eda de la Chicha Tolimense 2026 - Ciudad y Region","isPartOf":{"@id":"https:\/\/ciudadyregion.com.co\/#website"},"primaryImageOfPage":{"@id":"https:\/\/ciudadyregion.com.co\/index.php\/ya-esta-abierta-la-convocatoria-participar-en-el-dia-de-la-chicha-tolimense-2026\/regional\/#primaryimage"},"image":{"@id":"https:\/\/ciudadyregion.com.co\/index.php\/ya-esta-abierta-la-convocatoria-participar-en-el-dia-de-la-chicha-tolimense-2026\/regional\/#primaryimage"},"thumbnailUrl":"https:\/\/i0.wp.com\/ciudadyregion.com.co\/wp-content\/uploads\/2026\/04\/a-1-2.jpg?fit=800%2C445&ssl=1","datePublished":"2026-04-28T03:41:11+00:00","dateModified":"2026-04-28T03:41:11+00:00","author":{"@id":"https:\/\/ciudadyregion.com.co\/#\/schema\/person\/04a4954373ebc4051f46e8c65ff78622"},"breadcrumb":{"@id":"https:\/\/ciudadyregion.com.co\/index.php\/ya-esta-abierta-la-convocatoria-participar-en-el-dia-de-la-chicha-tolimense-2026\/regional\/#breadcrumb"},"inLanguage":"es","potentialAction":[{"@type":"ReadAction","target":["https:\/\/ciudadyregion.com.co\/index.php\/ya-esta-abierta-la-convocatoria-participar-en-el-dia-de-la-chicha-tolimense-2026\/regional\/"]}]},{"@type":"ImageObject","inLanguage":"es","@id":"https:\/\/ciudadyregion.com.co\/index.php\/ya-esta-abierta-la-convocatoria-participar-en-el-dia-de-la-chicha-tolimense-2026\/regional\/#primaryimage","url":"https:\/\/i0.wp.com\/ciudadyregion.com.co\/wp-content\/uploads\/2026\/04\/a-1-2.jpg?fit=800%2C445&ssl=1","contentUrl":"https:\/\/i0.wp.com\/ciudadyregion.com.co\/wp-content\/uploads\/2026\/04\/a-1-2.jpg?fit=800%2C445&ssl=1","width":800,"height":445},{"@type":"BreadcrumbList","@id":"https:\/\/ciudadyregion.com.co\/index.php\/ya-esta-abierta-la-convocatoria-participar-en-el-dia-de-la-chicha-tolimense-2026\/regional\/#breadcrumb","itemListElement":[{"@type":"ListItem","position":1,"name":"Portada","item":"https:\/\/ciudadyregion.com.co\/"},{"@type":"ListItem","position":2,"name":"Ya esta abierta la convocatoria participar en el D\u00eda de la Chicha Tolimense 2026"}]},{"@type":"WebSite","@id":"https:\/\/ciudadyregion.com.co\/#website","url":"https:\/\/ciudadyregion.com.co\/","name":"Ciudad y Region","description":"","potentialAction":[{"@type":"SearchAction","target":{"@type":"EntryPoint","urlTemplate":"https:\/\/ciudadyregion.com.co\/?s={search_term_string}"},"query-input":{"@type":"PropertyValueSpecification","valueRequired":true,"valueName":"search_term_string"}}],"inLanguage":"es"},{"@type":"Person","@id":"https:\/\/ciudadyregion.com.co\/#\/schema\/person\/04a4954373ebc4051f46e8c65ff78622","name":"David Andr\u00e9s Aguirre","image":{"@type":"ImageObject","inLanguage":"es","@id":"https:\/\/ciudadyregion.com.co\/#\/schema\/person\/image\/","url":"https:\/\/secure.gravatar.com\/avatar\/bc3c655860202182ee6d1b5edd042dbe?s=96&d=mm&r=g","contentUrl":"https:\/\/secure.gravatar.com\/avatar\/bc3c655860202182ee6d1b5edd042dbe?s=96&d=mm&r=g","caption":"David Andr\u00e9s Aguirre"},"url":"https:\/\/ciudadyregion.com.co\/index.php\/author\/diegoaguirre\/"}]}},"jetpack_featured_media_url":"https:\/\/i0.wp.com\/ciudadyregion.com.co\/wp-content\/uploads\/2026\/04\/a-1-2.jpg?fit=800%2C445&ssl=1","jetpack_sharing_enabled":true,"jetpack_shortlink":"https:\/\/wp.me\/pbS7hh-fuO","jetpack-related-posts":[],"_links":{"self":[{"href":"https:\/\/ciudadyregion.com.co\/index.php\/wp-json\/wp\/v2\/posts\/59570"}],"collection":[{"href":"https:\/\/ciudadyregion.com.co\/index.php\/wp-json\/wp\/v2\/posts"}],"about":[{"href":"https:\/\/ciudadyregion.com.co\/index.php\/wp-json\/wp\/v2\/types\/post"}],"author":[{"embeddable":true,"href":"https:\/\/ciudadyregion.com.co\/index.php\/wp-json\/wp\/v2\/users\/2"}],"replies":[{"embeddable":true,"href":"https:\/\/ciudadyregion.com.co\/index.php\/wp-json\/wp\/v2\/comments?post=59570"}],"version-history":[{"count":1,"href":"https:\/\/ciudadyregion.com.co\/index.php\/wp-json\/wp\/v2\/posts\/59570\/revisions"}],"predecessor-version":[{"id":59572,"href":"https:\/\/ciudadyregion.com.co\/index.php\/wp-json\/wp\/v2\/posts\/59570\/revisions\/59572"}],"wp:featuredmedia":[{"embeddable":true,"href":"https:\/\/ciudadyregion.com.co\/index.php\/wp-json\/wp\/v2\/media\/59571"}],"wp:attachment":[{"href":"https:\/\/ciudadyregion.com.co\/index.php\/wp-json\/wp\/v2\/media?parent=59570"}],"wp:term":[{"taxonomy":"category","embeddable":true,"href":"https:\/\/ciudadyregion.com.co\/index.php\/wp-json\/wp\/v2\/categories?post=59570"},{"taxonomy":"post_tag","embeddable":true,"href":"https:\/\/ciudadyregion.com.co\/index.php\/wp-json\/wp\/v2\/tags?post=59570"}],"curies":[{"name":"wp","href":"https:\/\/api.w.org\/{rel}","templated":true}]}}