{"id":59567,"date":"2026-04-27T22:38:27","date_gmt":"2026-04-28T03:38:27","guid":{"rendered":"https:\/\/ciudadyregion.com.co\/?p=59567"},"modified":"2026-04-27T22:38:27","modified_gmt":"2026-04-28T03:38:27","slug":"productores-de-achira-ya-podran-inscribirse-al-dia-de-la-achira-hasta-el-10-de-mayo","status":"publish","type":"post","link":"https:\/\/ciudadyregion.com.co\/index.php\/productores-de-achira-ya-podran-inscribirse-al-dia-de-la-achira-hasta-el-10-de-mayo\/regional\/","title":{"rendered":"Productores de achira ya podr\u00e1n inscribirse al D\u00eda de la Achira hasta el 10 de mayo"},"content":{"rendered":"<p>Abierta la convocatoria para productores de achira que deseen participar en el D\u00eda de la Achira Tolimense en el marco del 52\u00b0 Festival Folcl\u00f3rico Colombiano<\/p>\n<p>La Gobernaci\u00f3n del Tolima, a trav\u00e9s de la Secretar\u00eda de Cultura y Turismo invita a los productores de achira del departamento a participar en el D\u00eda de la Achira Tolimense, esta celebraci\u00f3n se realizar\u00e1 el pr\u00f3ximo 25 de junio en el Parque Manuel Murillo Toro y fue institucionalizada mediante la Ordenanza 0002 del 22 de febrero de 2021.<\/p>\n<p>Los productores interesados podr\u00e1n inscribirse hasta el 10 de mayo, diligenciando el formulario virtual y cumpliendo con todos los requisitos establecidos por la Secretar\u00eda de Cultura y Turismo del Tolima, disponibles en el siguiente enlace: https:\/\/forms.gle\/oFteGmV9cp3KiEPo8.<\/p>\n<p>La directora de Turismo del Tolima, Jennyfer Hern\u00e1ndez, extendi\u00f3 la invitaci\u00f3n a participar en este espacio. \u201cLos invitamos a ser parte de este gran evento y a mostrar todo el talento y la tradici\u00f3n que hay detr\u00e1s de la achira tolimense\u201d.<\/p>\n<p>Este encuentro enaltece la cultura tolimense y promueve la achira como un atractivo gastron\u00f3mico que enriquece la oferta tur\u00edstica del departamento.<\/p>\n<p>&nbsp;<\/p>\n<p>&nbsp;<\/p>\n","protected":false},"excerpt":{"rendered":"<p>Abierta la convocatoria para productores de achira que deseen participar en el D\u00eda de la Achira Tolimense en el marco del 52\u00b0 Festival Folcl\u00f3rico Colombiano La Gobernaci\u00f3n del Tolima, a trav\u00e9s de la Secretar\u00eda de Cultura y Turismo invita a los productores de achira del departamento a participar en el<span class=\"more-link\"><a href=\"https:\/\/ciudadyregion.com.co\/index.php\/productores-de-achira-ya-podran-inscribirse-al-dia-de-la-achira-hasta-el-10-de-mayo\/regional\/\">Continuar Leyendo<\/a><\/span><\/p>\n","protected":false},"author":2,"featured_media":59568,"comment_status":"open","ping_status":"open","sticky":false,"template":"","format":"standard","meta":{"_uf_show_specific_survey":0,"_uf_disable_surveys":false,"_jetpack_memberships_contains_paid_content":false,"footnotes":"","jetpack_publicize_message":"","jetpack_publicize_feature_enabled":true,"jetpack_social_post_already_shared":true,"jetpack_social_options":{"image_generator_settings":{"template":"highway","enabled":false},"version":2}},"categories":[13],"tags":[],"class_list":["entry","author-diegoaguirre","post-59567","post","type-post","status-publish","format-standard","has-post-thumbnail","category-regional"],"jetpack_publicize_connections":[],"yoast_head":"<!-- This site is optimized with the Yoast SEO plugin v24.3 - https:\/\/yoast.com\/wordpress\/plugins\/seo\/ -->\n<title>Productores de achira ya podr\u00e1n inscribirse al D\u00eda de la Achira hasta el 10 de mayo - Ciudad y Region<\/title>\n<meta name=\"robots\" content=\"index, follow, max-snippet:-1, max-image-preview:large, max-video-preview:-1\" \/>\n<link rel=\"canonical\" href=\"https:\/\/ciudadyregion.com.co\/index.php\/productores-de-achira-ya-podran-inscribirse-al-dia-de-la-achira-hasta-el-10-de-mayo\/regional\/\" \/>\n<meta property=\"og:locale\" content=\"es_ES\" \/>\n<meta property=\"og:type\" content=\"article\" \/>\n<meta property=\"og:title\" content=\"Productores de achira ya podr\u00e1n inscribirse al D\u00eda de la Achira hasta el 10 de mayo - Ciudad y Region\" \/>\n<meta property=\"og:description\" content=\"Abierta la convocatoria para productores de achira que deseen participar en el D\u00eda de la Achira Tolimense en el marco del 52\u00b0 Festival Folcl\u00f3rico Colombiano La Gobernaci\u00f3n del Tolima, a trav\u00e9s de la Secretar\u00eda de Cultura y Turismo invita a los productores de achira del departamento a participar en elContinuar Leyendo\" \/>\n<meta property=\"og:url\" content=\"https:\/\/ciudadyregion.com.co\/index.php\/productores-de-achira-ya-podran-inscribirse-al-dia-de-la-achira-hasta-el-10-de-mayo\/regional\/\" \/>\n<meta property=\"og:site_name\" content=\"Ciudad y Region\" \/>\n<meta property=\"article:published_time\" content=\"2026-04-28T03:38:27+00:00\" \/>\n<meta property=\"og:image\" content=\"https:\/\/ciudadyregion.com.co\/wp-content\/uploads\/2026\/04\/a-59.jpg\" \/>\n\t<meta property=\"og:image:width\" content=\"800\" \/>\n\t<meta property=\"og:image:height\" content=\"445\" \/>\n\t<meta property=\"og:image:type\" content=\"image\/jpeg\" \/>\n<meta name=\"author\" content=\"David Andr\u00e9s Aguirre\" \/>\n<meta name=\"twitter:card\" content=\"summary_large_image\" \/>\n<meta name=\"twitter:label1\" content=\"Escrito por\" \/>\n\t<meta name=\"twitter:data1\" content=\"David Andr\u00e9s Aguirre\" \/>\n\t<meta name=\"twitter:label2\" content=\"Tiempo de lectura\" \/>\n\t<meta name=\"twitter:data2\" content=\"2 minutos\" \/>\n<script type=\"application\/ld+json\" class=\"yoast-schema-graph\">{\"@context\":\"https:\/\/schema.org\",\"@graph\":[{\"@type\":\"WebPage\",\"@id\":\"https:\/\/ciudadyregion.com.co\/index.php\/productores-de-achira-ya-podran-inscribirse-al-dia-de-la-achira-hasta-el-10-de-mayo\/regional\/\",\"url\":\"https:\/\/ciudadyregion.com.co\/index.php\/productores-de-achira-ya-podran-inscribirse-al-dia-de-la-achira-hasta-el-10-de-mayo\/regional\/\",\"name\":\"Productores de achira ya podr\u00e1n inscribirse al D\u00eda de la Achira hasta el 10 de mayo - Ciudad y Region\",\"isPartOf\":{\"@id\":\"https:\/\/ciudadyregion.com.co\/#website\"},\"primaryImageOfPage\":{\"@id\":\"https:\/\/ciudadyregion.com.co\/index.php\/productores-de-achira-ya-podran-inscribirse-al-dia-de-la-achira-hasta-el-10-de-mayo\/regional\/#primaryimage\"},\"image\":{\"@id\":\"https:\/\/ciudadyregion.com.co\/index.php\/productores-de-achira-ya-podran-inscribirse-al-dia-de-la-achira-hasta-el-10-de-mayo\/regional\/#primaryimage\"},\"thumbnailUrl\":\"https:\/\/i0.wp.com\/ciudadyregion.com.co\/wp-content\/uploads\/2026\/04\/a-59.jpg?fit=800%2C445&ssl=1\",\"datePublished\":\"2026-04-28T03:38:27+00:00\",\"dateModified\":\"2026-04-28T03:38:27+00:00\",\"author\":{\"@id\":\"https:\/\/ciudadyregion.com.co\/#\/schema\/person\/04a4954373ebc4051f46e8c65ff78622\"},\"breadcrumb\":{\"@id\":\"https:\/\/ciudadyregion.com.co\/index.php\/productores-de-achira-ya-podran-inscribirse-al-dia-de-la-achira-hasta-el-10-de-mayo\/regional\/#breadcrumb\"},\"inLanguage\":\"es\",\"potentialAction\":[{\"@type\":\"ReadAction\",\"target\":[\"https:\/\/ciudadyregion.com.co\/index.php\/productores-de-achira-ya-podran-inscribirse-al-dia-de-la-achira-hasta-el-10-de-mayo\/regional\/\"]}]},{\"@type\":\"ImageObject\",\"inLanguage\":\"es\",\"@id\":\"https:\/\/ciudadyregion.com.co\/index.php\/productores-de-achira-ya-podran-inscribirse-al-dia-de-la-achira-hasta-el-10-de-mayo\/regional\/#primaryimage\",\"url\":\"https:\/\/i0.wp.com\/ciudadyregion.com.co\/wp-content\/uploads\/2026\/04\/a-59.jpg?fit=800%2C445&ssl=1\",\"contentUrl\":\"https:\/\/i0.wp.com\/ciudadyregion.com.co\/wp-content\/uploads\/2026\/04\/a-59.jpg?fit=800%2C445&ssl=1\",\"width\":800,\"height\":445},{\"@type\":\"BreadcrumbList\",\"@id\":\"https:\/\/ciudadyregion.com.co\/index.php\/productores-de-achira-ya-podran-inscribirse-al-dia-de-la-achira-hasta-el-10-de-mayo\/regional\/#breadcrumb\",\"itemListElement\":[{\"@type\":\"ListItem\",\"position\":1,\"name\":\"Portada\",\"item\":\"https:\/\/ciudadyregion.com.co\/\"},{\"@type\":\"ListItem\",\"position\":2,\"name\":\"Productores de achira ya podr\u00e1n inscribirse al D\u00eda de la Achira hasta el 10 de mayo\"}]},{\"@type\":\"WebSite\",\"@id\":\"https:\/\/ciudadyregion.com.co\/#website\",\"url\":\"https:\/\/ciudadyregion.com.co\/\",\"name\":\"Ciudad y Region\",\"description\":\"\",\"potentialAction\":[{\"@type\":\"SearchAction\",\"target\":{\"@type\":\"EntryPoint\",\"urlTemplate\":\"https:\/\/ciudadyregion.com.co\/?s={search_term_string}\"},\"query-input\":{\"@type\":\"PropertyValueSpecification\",\"valueRequired\":true,\"valueName\":\"search_term_string\"}}],\"inLanguage\":\"es\"},{\"@type\":\"Person\",\"@id\":\"https:\/\/ciudadyregion.com.co\/#\/schema\/person\/04a4954373ebc4051f46e8c65ff78622\",\"name\":\"David Andr\u00e9s Aguirre\",\"image\":{\"@type\":\"ImageObject\",\"inLanguage\":\"es\",\"@id\":\"https:\/\/ciudadyregion.com.co\/#\/schema\/person\/image\/\",\"url\":\"https:\/\/secure.gravatar.com\/avatar\/bc3c655860202182ee6d1b5edd042dbe?s=96&d=mm&r=g\",\"contentUrl\":\"https:\/\/secure.gravatar.com\/avatar\/bc3c655860202182ee6d1b5edd042dbe?s=96&d=mm&r=g\",\"caption\":\"David Andr\u00e9s Aguirre\"},\"url\":\"https:\/\/ciudadyregion.com.co\/index.php\/author\/diegoaguirre\/\"}]}<\/script>\n<!-- \/ Yoast SEO plugin. -->","yoast_head_json":{"title":"Productores de achira ya podr\u00e1n inscribirse al D\u00eda de la Achira hasta el 10 de mayo - Ciudad y Region","robots":{"index":"index","follow":"follow","max-snippet":"max-snippet:-1","max-image-preview":"max-image-preview:large","max-video-preview":"max-video-preview:-1"},"canonical":"https:\/\/ciudadyregion.com.co\/index.php\/productores-de-achira-ya-podran-inscribirse-al-dia-de-la-achira-hasta-el-10-de-mayo\/regional\/","og_locale":"es_ES","og_type":"article","og_title":"Productores de achira ya podr\u00e1n inscribirse al D\u00eda de la Achira hasta el 10 de mayo - Ciudad y Region","og_description":"Abierta la convocatoria para productores de achira que deseen participar en el D\u00eda de la Achira Tolimense en el marco del 52\u00b0 Festival Folcl\u00f3rico Colombiano La Gobernaci\u00f3n del Tolima, a trav\u00e9s de la Secretar\u00eda de Cultura y Turismo invita a los productores de achira del departamento a participar en elContinuar Leyendo","og_url":"https:\/\/ciudadyregion.com.co\/index.php\/productores-de-achira-ya-podran-inscribirse-al-dia-de-la-achira-hasta-el-10-de-mayo\/regional\/","og_site_name":"Ciudad y Region","article_published_time":"2026-04-28T03:38:27+00:00","og_image":[{"width":800,"height":445,"url":"https:\/\/ciudadyregion.com.co\/wp-content\/uploads\/2026\/04\/a-59.jpg","type":"image\/jpeg"}],"author":"David Andr\u00e9s Aguirre","twitter_card":"summary_large_image","twitter_misc":{"Escrito por":"David Andr\u00e9s Aguirre","Tiempo de lectura":"2 minutos"},"schema":{"@context":"https:\/\/schema.org","@graph":[{"@type":"WebPage","@id":"https:\/\/ciudadyregion.com.co\/index.php\/productores-de-achira-ya-podran-inscribirse-al-dia-de-la-achira-hasta-el-10-de-mayo\/regional\/","url":"https:\/\/ciudadyregion.com.co\/index.php\/productores-de-achira-ya-podran-inscribirse-al-dia-de-la-achira-hasta-el-10-de-mayo\/regional\/","name":"Productores de achira ya podr\u00e1n inscribirse al D\u00eda de la Achira hasta el 10 de mayo - Ciudad y Region","isPartOf":{"@id":"https:\/\/ciudadyregion.com.co\/#website"},"primaryImageOfPage":{"@id":"https:\/\/ciudadyregion.com.co\/index.php\/productores-de-achira-ya-podran-inscribirse-al-dia-de-la-achira-hasta-el-10-de-mayo\/regional\/#primaryimage"},"image":{"@id":"https:\/\/ciudadyregion.com.co\/index.php\/productores-de-achira-ya-podran-inscribirse-al-dia-de-la-achira-hasta-el-10-de-mayo\/regional\/#primaryimage"},"thumbnailUrl":"https:\/\/i0.wp.com\/ciudadyregion.com.co\/wp-content\/uploads\/2026\/04\/a-59.jpg?fit=800%2C445&ssl=1","datePublished":"2026-04-28T03:38:27+00:00","dateModified":"2026-04-28T03:38:27+00:00","author":{"@id":"https:\/\/ciudadyregion.com.co\/#\/schema\/person\/04a4954373ebc4051f46e8c65ff78622"},"breadcrumb":{"@id":"https:\/\/ciudadyregion.com.co\/index.php\/productores-de-achira-ya-podran-inscribirse-al-dia-de-la-achira-hasta-el-10-de-mayo\/regional\/#breadcrumb"},"inLanguage":"es","potentialAction":[{"@type":"ReadAction","target":["https:\/\/ciudadyregion.com.co\/index.php\/productores-de-achira-ya-podran-inscribirse-al-dia-de-la-achira-hasta-el-10-de-mayo\/regional\/"]}]},{"@type":"ImageObject","inLanguage":"es","@id":"https:\/\/ciudadyregion.com.co\/index.php\/productores-de-achira-ya-podran-inscribirse-al-dia-de-la-achira-hasta-el-10-de-mayo\/regional\/#primaryimage","url":"https:\/\/i0.wp.com\/ciudadyregion.com.co\/wp-content\/uploads\/2026\/04\/a-59.jpg?fit=800%2C445&ssl=1","contentUrl":"https:\/\/i0.wp.com\/ciudadyregion.com.co\/wp-content\/uploads\/2026\/04\/a-59.jpg?fit=800%2C445&ssl=1","width":800,"height":445},{"@type":"BreadcrumbList","@id":"https:\/\/ciudadyregion.com.co\/index.php\/productores-de-achira-ya-podran-inscribirse-al-dia-de-la-achira-hasta-el-10-de-mayo\/regional\/#breadcrumb","itemListElement":[{"@type":"ListItem","position":1,"name":"Portada","item":"https:\/\/ciudadyregion.com.co\/"},{"@type":"ListItem","position":2,"name":"Productores de achira ya podr\u00e1n inscribirse al D\u00eda de la Achira hasta el 10 de mayo"}]},{"@type":"WebSite","@id":"https:\/\/ciudadyregion.com.co\/#website","url":"https:\/\/ciudadyregion.com.co\/","name":"Ciudad y Region","description":"","potentialAction":[{"@type":"SearchAction","target":{"@type":"EntryPoint","urlTemplate":"https:\/\/ciudadyregion.com.co\/?s={search_term_string}"},"query-input":{"@type":"PropertyValueSpecification","valueRequired":true,"valueName":"search_term_string"}}],"inLanguage":"es"},{"@type":"Person","@id":"https:\/\/ciudadyregion.com.co\/#\/schema\/person\/04a4954373ebc4051f46e8c65ff78622","name":"David Andr\u00e9s Aguirre","image":{"@type":"ImageObject","inLanguage":"es","@id":"https:\/\/ciudadyregion.com.co\/#\/schema\/person\/image\/","url":"https:\/\/secure.gravatar.com\/avatar\/bc3c655860202182ee6d1b5edd042dbe?s=96&d=mm&r=g","contentUrl":"https:\/\/secure.gravatar.com\/avatar\/bc3c655860202182ee6d1b5edd042dbe?s=96&d=mm&r=g","caption":"David Andr\u00e9s Aguirre"},"url":"https:\/\/ciudadyregion.com.co\/index.php\/author\/diegoaguirre\/"}]}},"jetpack_featured_media_url":"https:\/\/i0.wp.com\/ciudadyregion.com.co\/wp-content\/uploads\/2026\/04\/a-59.jpg?fit=800%2C445&ssl=1","jetpack_sharing_enabled":true,"jetpack_shortlink":"https:\/\/wp.me\/pbS7hh-fuL","jetpack-related-posts":[],"_links":{"self":[{"href":"https:\/\/ciudadyregion.com.co\/index.php\/wp-json\/wp\/v2\/posts\/59567"}],"collection":[{"href":"https:\/\/ciudadyregion.com.co\/index.php\/wp-json\/wp\/v2\/posts"}],"about":[{"href":"https:\/\/ciudadyregion.com.co\/index.php\/wp-json\/wp\/v2\/types\/post"}],"author":[{"embeddable":true,"href":"https:\/\/ciudadyregion.com.co\/index.php\/wp-json\/wp\/v2\/users\/2"}],"replies":[{"embeddable":true,"href":"https:\/\/ciudadyregion.com.co\/index.php\/wp-json\/wp\/v2\/comments?post=59567"}],"version-history":[{"count":1,"href":"https:\/\/ciudadyregion.com.co\/index.php\/wp-json\/wp\/v2\/posts\/59567\/revisions"}],"predecessor-version":[{"id":59569,"href":"https:\/\/ciudadyregion.com.co\/index.php\/wp-json\/wp\/v2\/posts\/59567\/revisions\/59569"}],"wp:featuredmedia":[{"embeddable":true,"href":"https:\/\/ciudadyregion.com.co\/index.php\/wp-json\/wp\/v2\/media\/59568"}],"wp:attachment":[{"href":"https:\/\/ciudadyregion.com.co\/index.php\/wp-json\/wp\/v2\/media?parent=59567"}],"wp:term":[{"taxonomy":"category","embeddable":true,"href":"https:\/\/ciudadyregion.com.co\/index.php\/wp-json\/wp\/v2\/categories?post=59567"},{"taxonomy":"post_tag","embeddable":true,"href":"https:\/\/ciudadyregion.com.co\/index.php\/wp-json\/wp\/v2\/tags?post=59567"}],"curies":[{"name":"wp","href":"https:\/\/api.w.org\/{rel}","templated":true}]}}