{"id":59547,"date":"2026-04-27T08:05:33","date_gmt":"2026-04-27T13:05:33","guid":{"rendered":"https:\/\/ciudadyregion.com.co\/?p=59547"},"modified":"2026-04-27T08:05:33","modified_gmt":"2026-04-27T13:05:33","slug":"artesanos-podran-inscribirse-hasta-el-10-de-mayo-para-participar-en-el-dia-del-sombrero-tolimense","status":"publish","type":"post","link":"https:\/\/ciudadyregion.com.co\/index.php\/artesanos-podran-inscribirse-hasta-el-10-de-mayo-para-participar-en-el-dia-del-sombrero-tolimense\/regional\/","title":{"rendered":"Artesanos podr\u00e1n inscribirse hasta el 10 de mayo para participar en el D\u00eda del Sombrero Tolimense"},"content":{"rendered":"<p>La convocatoria busca resaltar el trabajo de los artesanos del Tolima que elaboran este tradicional accesorio con palma real<\/p>\n<p>La Gobernaci\u00f3n del Tolima, a trav\u00e9s de la Secretar\u00eda de Cultura y Turismo, abri\u00f3 la convocatoria dirigida a artesanas y artesanos interesados en hacer parte del D\u00eda del Sombrero Tolimense, una celebraci\u00f3n que se realizar\u00e1 el pr\u00f3ximo 23 de junio en el Parque Manuel Murillo Toro, en el marco del 52\u00b0 Festival Folcl\u00f3rico Colombiano_<\/p>\n<p>Quienes deseen participar podr\u00e1n inscribirse hasta el 10 de mayo mediante el formulario digital habilitado: https:\/\/forms.gle\/3dnEPGese7WqktBp7.<\/p>\n<p>Este espacio busca resaltar el valor cultural y tradicional del sombrero tolimense, as\u00ed como el talento de quienes mantienen viva esta expresi\u00f3n artesanal elaborada principalmente con palma real. \u201c Te invitamos a participar de este uno de los orgullos del Tolima el d\u00eda del Sombrero tolimense\u201c expreso Alexander Castro secretario de Cultura y Turismo del Tolima..<\/p>\n<p>Es importante recordar que este mismo d\u00eda tambi\u00e9n se celebrar\u00e1 el D\u00eda del Tamal Tolimense, consolidando una jornada que exaltar\u00e1 lo mejor de la identidad cultural y gastron\u00f3mica del departamento.<\/p>\n<p>Finalmente durante la jornada, los participantes tendr\u00e1n la oportunidad de exhibir y comercializar sus creaciones, piezas que reflejan dedicaci\u00f3n, identidad y el legado cultural del departamento en torno a uno de sus accesorios m\u00e1s representativos.<\/p>\n","protected":false},"excerpt":{"rendered":"<p>La convocatoria busca resaltar el trabajo de los artesanos del Tolima que elaboran este tradicional accesorio con palma real La Gobernaci\u00f3n del Tolima, a trav\u00e9s de la Secretar\u00eda de Cultura y Turismo, abri\u00f3 la convocatoria dirigida a artesanas y artesanos interesados en hacer parte del D\u00eda del Sombrero Tolimense, una<span class=\"more-link\"><a href=\"https:\/\/ciudadyregion.com.co\/index.php\/artesanos-podran-inscribirse-hasta-el-10-de-mayo-para-participar-en-el-dia-del-sombrero-tolimense\/regional\/\">Continuar Leyendo<\/a><\/span><\/p>\n","protected":false},"author":2,"featured_media":59548,"comment_status":"open","ping_status":"open","sticky":false,"template":"","format":"standard","meta":{"_uf_show_specific_survey":0,"_uf_disable_surveys":false,"_jetpack_memberships_contains_paid_content":false,"footnotes":"","jetpack_publicize_message":"","jetpack_publicize_feature_enabled":true,"jetpack_social_post_already_shared":true,"jetpack_social_options":{"image_generator_settings":{"template":"highway","enabled":false},"version":2}},"categories":[13],"tags":[],"class_list":["entry","author-diegoaguirre","post-59547","post","type-post","status-publish","format-standard","has-post-thumbnail","category-regional"],"jetpack_publicize_connections":[],"yoast_head":"<!-- This site is optimized with the Yoast SEO plugin v24.3 - https:\/\/yoast.com\/wordpress\/plugins\/seo\/ -->\n<title>Artesanos podr\u00e1n inscribirse hasta el 10 de mayo para participar en el D\u00eda del Sombrero Tolimense - Ciudad y Region<\/title>\n<meta name=\"robots\" content=\"index, follow, max-snippet:-1, max-image-preview:large, max-video-preview:-1\" \/>\n<link rel=\"canonical\" href=\"https:\/\/ciudadyregion.com.co\/index.php\/artesanos-podran-inscribirse-hasta-el-10-de-mayo-para-participar-en-el-dia-del-sombrero-tolimense\/regional\/\" \/>\n<meta property=\"og:locale\" content=\"es_ES\" \/>\n<meta property=\"og:type\" content=\"article\" \/>\n<meta property=\"og:title\" content=\"Artesanos podr\u00e1n inscribirse hasta el 10 de mayo para participar en el D\u00eda del Sombrero Tolimense - Ciudad y Region\" \/>\n<meta property=\"og:description\" content=\"La convocatoria busca resaltar el trabajo de los artesanos del Tolima que elaboran este tradicional accesorio con palma real La Gobernaci\u00f3n del Tolima, a trav\u00e9s de la Secretar\u00eda de Cultura y Turismo, abri\u00f3 la convocatoria dirigida a artesanas y artesanos interesados en hacer parte del D\u00eda del Sombrero Tolimense, unaContinuar Leyendo\" \/>\n<meta property=\"og:url\" content=\"https:\/\/ciudadyregion.com.co\/index.php\/artesanos-podran-inscribirse-hasta-el-10-de-mayo-para-participar-en-el-dia-del-sombrero-tolimense\/regional\/\" \/>\n<meta property=\"og:site_name\" content=\"Ciudad y Region\" \/>\n<meta property=\"article:published_time\" content=\"2026-04-27T13:05:33+00:00\" \/>\n<meta property=\"og:image\" content=\"https:\/\/ciudadyregion.com.co\/wp-content\/uploads\/2026\/04\/Pag-2026-04-27T080150.046.jpg\" \/>\n\t<meta property=\"og:image:width\" content=\"800\" \/>\n\t<meta property=\"og:image:height\" content=\"445\" \/>\n\t<meta property=\"og:image:type\" content=\"image\/jpeg\" \/>\n<meta name=\"author\" content=\"David Andr\u00e9s Aguirre\" \/>\n<meta name=\"twitter:card\" content=\"summary_large_image\" \/>\n<meta name=\"twitter:label1\" content=\"Escrito por\" \/>\n\t<meta name=\"twitter:data1\" content=\"David Andr\u00e9s Aguirre\" \/>\n\t<meta name=\"twitter:label2\" content=\"Tiempo de lectura\" \/>\n\t<meta name=\"twitter:data2\" content=\"2 minutos\" \/>\n<script type=\"application\/ld+json\" class=\"yoast-schema-graph\">{\"@context\":\"https:\/\/schema.org\",\"@graph\":[{\"@type\":\"WebPage\",\"@id\":\"https:\/\/ciudadyregion.com.co\/index.php\/artesanos-podran-inscribirse-hasta-el-10-de-mayo-para-participar-en-el-dia-del-sombrero-tolimense\/regional\/\",\"url\":\"https:\/\/ciudadyregion.com.co\/index.php\/artesanos-podran-inscribirse-hasta-el-10-de-mayo-para-participar-en-el-dia-del-sombrero-tolimense\/regional\/\",\"name\":\"Artesanos podr\u00e1n inscribirse hasta el 10 de mayo para participar en el D\u00eda del Sombrero Tolimense - Ciudad y Region\",\"isPartOf\":{\"@id\":\"https:\/\/ciudadyregion.com.co\/#website\"},\"primaryImageOfPage\":{\"@id\":\"https:\/\/ciudadyregion.com.co\/index.php\/artesanos-podran-inscribirse-hasta-el-10-de-mayo-para-participar-en-el-dia-del-sombrero-tolimense\/regional\/#primaryimage\"},\"image\":{\"@id\":\"https:\/\/ciudadyregion.com.co\/index.php\/artesanos-podran-inscribirse-hasta-el-10-de-mayo-para-participar-en-el-dia-del-sombrero-tolimense\/regional\/#primaryimage\"},\"thumbnailUrl\":\"https:\/\/i0.wp.com\/ciudadyregion.com.co\/wp-content\/uploads\/2026\/04\/Pag-2026-04-27T080150.046.jpg?fit=800%2C445&ssl=1\",\"datePublished\":\"2026-04-27T13:05:33+00:00\",\"dateModified\":\"2026-04-27T13:05:33+00:00\",\"author\":{\"@id\":\"https:\/\/ciudadyregion.com.co\/#\/schema\/person\/04a4954373ebc4051f46e8c65ff78622\"},\"breadcrumb\":{\"@id\":\"https:\/\/ciudadyregion.com.co\/index.php\/artesanos-podran-inscribirse-hasta-el-10-de-mayo-para-participar-en-el-dia-del-sombrero-tolimense\/regional\/#breadcrumb\"},\"inLanguage\":\"es\",\"potentialAction\":[{\"@type\":\"ReadAction\",\"target\":[\"https:\/\/ciudadyregion.com.co\/index.php\/artesanos-podran-inscribirse-hasta-el-10-de-mayo-para-participar-en-el-dia-del-sombrero-tolimense\/regional\/\"]}]},{\"@type\":\"ImageObject\",\"inLanguage\":\"es\",\"@id\":\"https:\/\/ciudadyregion.com.co\/index.php\/artesanos-podran-inscribirse-hasta-el-10-de-mayo-para-participar-en-el-dia-del-sombrero-tolimense\/regional\/#primaryimage\",\"url\":\"https:\/\/i0.wp.com\/ciudadyregion.com.co\/wp-content\/uploads\/2026\/04\/Pag-2026-04-27T080150.046.jpg?fit=800%2C445&ssl=1\",\"contentUrl\":\"https:\/\/i0.wp.com\/ciudadyregion.com.co\/wp-content\/uploads\/2026\/04\/Pag-2026-04-27T080150.046.jpg?fit=800%2C445&ssl=1\",\"width\":800,\"height\":445},{\"@type\":\"BreadcrumbList\",\"@id\":\"https:\/\/ciudadyregion.com.co\/index.php\/artesanos-podran-inscribirse-hasta-el-10-de-mayo-para-participar-en-el-dia-del-sombrero-tolimense\/regional\/#breadcrumb\",\"itemListElement\":[{\"@type\":\"ListItem\",\"position\":1,\"name\":\"Portada\",\"item\":\"https:\/\/ciudadyregion.com.co\/\"},{\"@type\":\"ListItem\",\"position\":2,\"name\":\"Artesanos podr\u00e1n inscribirse hasta el 10 de mayo para participar en el D\u00eda del Sombrero Tolimense\"}]},{\"@type\":\"WebSite\",\"@id\":\"https:\/\/ciudadyregion.com.co\/#website\",\"url\":\"https:\/\/ciudadyregion.com.co\/\",\"name\":\"Ciudad y Region\",\"description\":\"\",\"potentialAction\":[{\"@type\":\"SearchAction\",\"target\":{\"@type\":\"EntryPoint\",\"urlTemplate\":\"https:\/\/ciudadyregion.com.co\/?s={search_term_string}\"},\"query-input\":{\"@type\":\"PropertyValueSpecification\",\"valueRequired\":true,\"valueName\":\"search_term_string\"}}],\"inLanguage\":\"es\"},{\"@type\":\"Person\",\"@id\":\"https:\/\/ciudadyregion.com.co\/#\/schema\/person\/04a4954373ebc4051f46e8c65ff78622\",\"name\":\"David Andr\u00e9s Aguirre\",\"image\":{\"@type\":\"ImageObject\",\"inLanguage\":\"es\",\"@id\":\"https:\/\/ciudadyregion.com.co\/#\/schema\/person\/image\/\",\"url\":\"https:\/\/secure.gravatar.com\/avatar\/bc3c655860202182ee6d1b5edd042dbe?s=96&d=mm&r=g\",\"contentUrl\":\"https:\/\/secure.gravatar.com\/avatar\/bc3c655860202182ee6d1b5edd042dbe?s=96&d=mm&r=g\",\"caption\":\"David Andr\u00e9s Aguirre\"},\"url\":\"https:\/\/ciudadyregion.com.co\/index.php\/author\/diegoaguirre\/\"}]}<\/script>\n<!-- \/ Yoast SEO plugin. -->","yoast_head_json":{"title":"Artesanos podr\u00e1n inscribirse hasta el 10 de mayo para participar en el D\u00eda del Sombrero Tolimense - Ciudad y Region","robots":{"index":"index","follow":"follow","max-snippet":"max-snippet:-1","max-image-preview":"max-image-preview:large","max-video-preview":"max-video-preview:-1"},"canonical":"https:\/\/ciudadyregion.com.co\/index.php\/artesanos-podran-inscribirse-hasta-el-10-de-mayo-para-participar-en-el-dia-del-sombrero-tolimense\/regional\/","og_locale":"es_ES","og_type":"article","og_title":"Artesanos podr\u00e1n inscribirse hasta el 10 de mayo para participar en el D\u00eda del Sombrero Tolimense - Ciudad y Region","og_description":"La convocatoria busca resaltar el trabajo de los artesanos del Tolima que elaboran este tradicional accesorio con palma real La Gobernaci\u00f3n del Tolima, a trav\u00e9s de la Secretar\u00eda de Cultura y Turismo, abri\u00f3 la convocatoria dirigida a artesanas y artesanos interesados en hacer parte del D\u00eda del Sombrero Tolimense, unaContinuar Leyendo","og_url":"https:\/\/ciudadyregion.com.co\/index.php\/artesanos-podran-inscribirse-hasta-el-10-de-mayo-para-participar-en-el-dia-del-sombrero-tolimense\/regional\/","og_site_name":"Ciudad y Region","article_published_time":"2026-04-27T13:05:33+00:00","og_image":[{"width":800,"height":445,"url":"https:\/\/ciudadyregion.com.co\/wp-content\/uploads\/2026\/04\/Pag-2026-04-27T080150.046.jpg","type":"image\/jpeg"}],"author":"David Andr\u00e9s Aguirre","twitter_card":"summary_large_image","twitter_misc":{"Escrito por":"David Andr\u00e9s Aguirre","Tiempo de lectura":"2 minutos"},"schema":{"@context":"https:\/\/schema.org","@graph":[{"@type":"WebPage","@id":"https:\/\/ciudadyregion.com.co\/index.php\/artesanos-podran-inscribirse-hasta-el-10-de-mayo-para-participar-en-el-dia-del-sombrero-tolimense\/regional\/","url":"https:\/\/ciudadyregion.com.co\/index.php\/artesanos-podran-inscribirse-hasta-el-10-de-mayo-para-participar-en-el-dia-del-sombrero-tolimense\/regional\/","name":"Artesanos podr\u00e1n inscribirse hasta el 10 de mayo para participar en el D\u00eda del Sombrero Tolimense - Ciudad y Region","isPartOf":{"@id":"https:\/\/ciudadyregion.com.co\/#website"},"primaryImageOfPage":{"@id":"https:\/\/ciudadyregion.com.co\/index.php\/artesanos-podran-inscribirse-hasta-el-10-de-mayo-para-participar-en-el-dia-del-sombrero-tolimense\/regional\/#primaryimage"},"image":{"@id":"https:\/\/ciudadyregion.com.co\/index.php\/artesanos-podran-inscribirse-hasta-el-10-de-mayo-para-participar-en-el-dia-del-sombrero-tolimense\/regional\/#primaryimage"},"thumbnailUrl":"https:\/\/i0.wp.com\/ciudadyregion.com.co\/wp-content\/uploads\/2026\/04\/Pag-2026-04-27T080150.046.jpg?fit=800%2C445&ssl=1","datePublished":"2026-04-27T13:05:33+00:00","dateModified":"2026-04-27T13:05:33+00:00","author":{"@id":"https:\/\/ciudadyregion.com.co\/#\/schema\/person\/04a4954373ebc4051f46e8c65ff78622"},"breadcrumb":{"@id":"https:\/\/ciudadyregion.com.co\/index.php\/artesanos-podran-inscribirse-hasta-el-10-de-mayo-para-participar-en-el-dia-del-sombrero-tolimense\/regional\/#breadcrumb"},"inLanguage":"es","potentialAction":[{"@type":"ReadAction","target":["https:\/\/ciudadyregion.com.co\/index.php\/artesanos-podran-inscribirse-hasta-el-10-de-mayo-para-participar-en-el-dia-del-sombrero-tolimense\/regional\/"]}]},{"@type":"ImageObject","inLanguage":"es","@id":"https:\/\/ciudadyregion.com.co\/index.php\/artesanos-podran-inscribirse-hasta-el-10-de-mayo-para-participar-en-el-dia-del-sombrero-tolimense\/regional\/#primaryimage","url":"https:\/\/i0.wp.com\/ciudadyregion.com.co\/wp-content\/uploads\/2026\/04\/Pag-2026-04-27T080150.046.jpg?fit=800%2C445&ssl=1","contentUrl":"https:\/\/i0.wp.com\/ciudadyregion.com.co\/wp-content\/uploads\/2026\/04\/Pag-2026-04-27T080150.046.jpg?fit=800%2C445&ssl=1","width":800,"height":445},{"@type":"BreadcrumbList","@id":"https:\/\/ciudadyregion.com.co\/index.php\/artesanos-podran-inscribirse-hasta-el-10-de-mayo-para-participar-en-el-dia-del-sombrero-tolimense\/regional\/#breadcrumb","itemListElement":[{"@type":"ListItem","position":1,"name":"Portada","item":"https:\/\/ciudadyregion.com.co\/"},{"@type":"ListItem","position":2,"name":"Artesanos podr\u00e1n inscribirse hasta el 10 de mayo para participar en el D\u00eda del Sombrero Tolimense"}]},{"@type":"WebSite","@id":"https:\/\/ciudadyregion.com.co\/#website","url":"https:\/\/ciudadyregion.com.co\/","name":"Ciudad y Region","description":"","potentialAction":[{"@type":"SearchAction","target":{"@type":"EntryPoint","urlTemplate":"https:\/\/ciudadyregion.com.co\/?s={search_term_string}"},"query-input":{"@type":"PropertyValueSpecification","valueRequired":true,"valueName":"search_term_string"}}],"inLanguage":"es"},{"@type":"Person","@id":"https:\/\/ciudadyregion.com.co\/#\/schema\/person\/04a4954373ebc4051f46e8c65ff78622","name":"David Andr\u00e9s Aguirre","image":{"@type":"ImageObject","inLanguage":"es","@id":"https:\/\/ciudadyregion.com.co\/#\/schema\/person\/image\/","url":"https:\/\/secure.gravatar.com\/avatar\/bc3c655860202182ee6d1b5edd042dbe?s=96&d=mm&r=g","contentUrl":"https:\/\/secure.gravatar.com\/avatar\/bc3c655860202182ee6d1b5edd042dbe?s=96&d=mm&r=g","caption":"David Andr\u00e9s Aguirre"},"url":"https:\/\/ciudadyregion.com.co\/index.php\/author\/diegoaguirre\/"}]}},"jetpack_featured_media_url":"https:\/\/i0.wp.com\/ciudadyregion.com.co\/wp-content\/uploads\/2026\/04\/Pag-2026-04-27T080150.046.jpg?fit=800%2C445&ssl=1","jetpack_sharing_enabled":true,"jetpack_shortlink":"https:\/\/wp.me\/pbS7hh-fur","jetpack-related-posts":[],"_links":{"self":[{"href":"https:\/\/ciudadyregion.com.co\/index.php\/wp-json\/wp\/v2\/posts\/59547"}],"collection":[{"href":"https:\/\/ciudadyregion.com.co\/index.php\/wp-json\/wp\/v2\/posts"}],"about":[{"href":"https:\/\/ciudadyregion.com.co\/index.php\/wp-json\/wp\/v2\/types\/post"}],"author":[{"embeddable":true,"href":"https:\/\/ciudadyregion.com.co\/index.php\/wp-json\/wp\/v2\/users\/2"}],"replies":[{"embeddable":true,"href":"https:\/\/ciudadyregion.com.co\/index.php\/wp-json\/wp\/v2\/comments?post=59547"}],"version-history":[{"count":1,"href":"https:\/\/ciudadyregion.com.co\/index.php\/wp-json\/wp\/v2\/posts\/59547\/revisions"}],"predecessor-version":[{"id":59550,"href":"https:\/\/ciudadyregion.com.co\/index.php\/wp-json\/wp\/v2\/posts\/59547\/revisions\/59550"}],"wp:featuredmedia":[{"embeddable":true,"href":"https:\/\/ciudadyregion.com.co\/index.php\/wp-json\/wp\/v2\/media\/59548"}],"wp:attachment":[{"href":"https:\/\/ciudadyregion.com.co\/index.php\/wp-json\/wp\/v2\/media?parent=59547"}],"wp:term":[{"taxonomy":"category","embeddable":true,"href":"https:\/\/ciudadyregion.com.co\/index.php\/wp-json\/wp\/v2\/categories?post=59547"},{"taxonomy":"post_tag","embeddable":true,"href":"https:\/\/ciudadyregion.com.co\/index.php\/wp-json\/wp\/v2\/tags?post=59547"}],"curies":[{"name":"wp","href":"https:\/\/api.w.org\/{rel}","templated":true}]}}