{"id":59544,"date":"2026-04-27T07:47:57","date_gmt":"2026-04-27T12:47:57","guid":{"rendered":"https:\/\/ciudadyregion.com.co\/?p=59544"},"modified":"2026-04-27T07:47:57","modified_gmt":"2026-04-27T12:47:57","slug":"nueve-productores-fueron-exaltados-en-el-tolima-durante-del-dia-del-apicultor","status":"publish","type":"post","link":"https:\/\/ciudadyregion.com.co\/index.php\/nueve-productores-fueron-exaltados-en-el-tolima-durante-del-dia-del-apicultor\/regional\/","title":{"rendered":"Nueve productores fueron exaltados en el Tolima durante del D\u00eda del Apicultor"},"content":{"rendered":"<p>En la Asamblea Departamental del Tolima se llev\u00f3 a cabo el acto de exaltaci\u00f3n del D\u00eda del Apicultor, donde nueve apicultores del departamento fueron reconocidos por su trayectoria, compromiso y aporte al fortalecimiento del sector ap\u00edcola.<\/p>\n<p>La jornada, liderada por el diputado Giovanny Molina, ponente de la iniciativa, reuni\u00f3 a productores, asociaciones, entidades y actores clave del sector, destacando el papel fundamental de la apicultura en la biodiversidad, la seguridad alimentaria y el desarrollo sostenible del Tolima.<\/p>\n<p>Durante el acto, tambi\u00e9n se escucharon voces institucionales que resaltaron la importancia del sector.<\/p>\n<p>El secretario de Desarrollo Agropecuario, Fernando Borja, se\u00f1al\u00f3: \u201cHoy es un d\u00eda muy especial para el sector ap\u00edcola del departamento. Se hace una exaltaci\u00f3n y un reconocimiento a estos apicultores por la labor que vienen desempe\u00f1ando a lo largo y ancho del Tolima. La apicultura es un eslab\u00f3n muy importante de la cadena productiva. Las abejas son las encargadas de garantizar la seguridad alimentaria a trav\u00e9s de la polinizaci\u00f3n, lo que permite la producci\u00f3n y productividad agr\u00edcola. Esta labor merece ser resaltada y fortalecida\u201d.<\/p>\n<p>Asimismo, destac\u00f3 el compromiso institucional: \u201cDesde la Gobernaci\u00f3n del Tolima, en cabeza de nuestra gobernadora Adriana Magali Matiz, y la Secretar\u00eda de Desarrollo Agropecuario, venimos trabajando para garantizar que esta actividad sea sostenible, una oportunidad de vida y tambi\u00e9n de negocio. Hoy vemos procesos de transformaci\u00f3n en el sector ap\u00edcola, con productos como cerveza de miel y licores derivados\u201d.<\/p>\n<p>Por su parte, el diputado Giovanny Molina hizo un llamado a la conciencia ambiental y al valor del campo:<br \/>\n\u201c\u00bfSab\u00edas que de cada diez alimentos que llegan a nuestra mesa, dependen de la polinizaci\u00f3n? Las abejas no son agresivas, son defensoras de su hogar. Si se afecta este ciclo, la vida simplemente se deteriora. Hoy quiero invitarlos a dejar de ver el campo como el pasado y comenzar a verlo como el futuro. Ser agricultor es ser guardi\u00e1n de la naturaleza\u201d.<\/p>\n<p>Entre los exaltados se encuentran: Jorge Saavedra y Henry Prada (Ibagu\u00e9), Miguel Caicedo, reconocido como el apicultor m\u00e1s longevo del Tolima; Ernesto Tinoco (Armero Guayabal), Ofir Pati\u00f1o (Chaparral), Yecid Arboleda, Esperanza Guerra y Fray Espinoza (Ibagu\u00e9), y Samuel Guti\u00e9rrez, ni\u00f1o apicultor del municipio de Rovira.<\/p>\n<p>El joven Samuel Guti\u00e9rrez, representante de las nuevas generaciones, tambi\u00e9n fue protagonista del reconocimiento, evidenciando el relevo generacional en el sector.<\/p>\n<p>Uno de los momentos m\u00e1s significativos fue la menci\u00f3n especial al empalme generacional, representado en Miguel Caicedo y Samuel Guti\u00e9rrez, simbolizando la experiencia, el legado y el futuro del sector ap\u00edcola en el departamento.<\/p>\n<p>Desde la Secretar\u00eda de Desarrollo Agropecuario y Producci\u00f3n Alimentaria se reiter\u00f3 el compromiso institucional de continuar fortaleciendo la cadena ap\u00edcola, promoviendo la capacitaci\u00f3n, la asociatividad y el desarrollo sostenible del sector.<\/p>\n<p>Este acto se consolid\u00f3 como un reconocimiento al trabajo silencioso y constante de los apicultores, quienes con su labor contribuyen directamente al desarrollo rural, la productividad agr\u00edcola y la protecci\u00f3n del medio ambiente en el Tolima.<\/p>\n","protected":false},"excerpt":{"rendered":"<p>En la Asamblea Departamental del Tolima se llev\u00f3 a cabo el acto de exaltaci\u00f3n del D\u00eda del Apicultor, donde nueve apicultores del departamento fueron reconocidos por su trayectoria, compromiso y aporte al fortalecimiento del sector ap\u00edcola. La jornada, liderada por el diputado Giovanny Molina, ponente de la iniciativa, reuni\u00f3 a<span class=\"more-link\"><a href=\"https:\/\/ciudadyregion.com.co\/index.php\/nueve-productores-fueron-exaltados-en-el-tolima-durante-del-dia-del-apicultor\/regional\/\">Continuar Leyendo<\/a><\/span><\/p>\n","protected":false},"author":2,"featured_media":59545,"comment_status":"open","ping_status":"open","sticky":false,"template":"","format":"standard","meta":{"_uf_show_specific_survey":0,"_uf_disable_surveys":false,"_jetpack_memberships_contains_paid_content":false,"footnotes":"","jetpack_publicize_message":"","jetpack_publicize_feature_enabled":true,"jetpack_social_post_already_shared":true,"jetpack_social_options":{"image_generator_settings":{"template":"highway","enabled":false},"version":2}},"categories":[13],"tags":[],"class_list":["entry","author-diegoaguirre","post-59544","post","type-post","status-publish","format-standard","has-post-thumbnail","category-regional"],"jetpack_publicize_connections":[],"yoast_head":"<!-- This site is optimized with the Yoast SEO plugin v24.3 - https:\/\/yoast.com\/wordpress\/plugins\/seo\/ -->\n<title>Nueve productores fueron exaltados en el Tolima durante del D\u00eda del Apicultor - Ciudad y Region<\/title>\n<meta name=\"robots\" content=\"index, follow, max-snippet:-1, max-image-preview:large, max-video-preview:-1\" \/>\n<link rel=\"canonical\" href=\"https:\/\/ciudadyregion.com.co\/index.php\/nueve-productores-fueron-exaltados-en-el-tolima-durante-del-dia-del-apicultor\/regional\/\" \/>\n<meta property=\"og:locale\" content=\"es_ES\" \/>\n<meta property=\"og:type\" content=\"article\" \/>\n<meta property=\"og:title\" content=\"Nueve productores fueron exaltados en el Tolima durante del D\u00eda del Apicultor - Ciudad y Region\" \/>\n<meta property=\"og:description\" content=\"En la Asamblea Departamental del Tolima se llev\u00f3 a cabo el acto de exaltaci\u00f3n del D\u00eda del Apicultor, donde nueve apicultores del departamento fueron reconocidos por su trayectoria, compromiso y aporte al fortalecimiento del sector ap\u00edcola. La jornada, liderada por el diputado Giovanny Molina, ponente de la iniciativa, reuni\u00f3 aContinuar Leyendo\" \/>\n<meta property=\"og:url\" content=\"https:\/\/ciudadyregion.com.co\/index.php\/nueve-productores-fueron-exaltados-en-el-tolima-durante-del-dia-del-apicultor\/regional\/\" \/>\n<meta property=\"og:site_name\" content=\"Ciudad y Region\" \/>\n<meta property=\"article:published_time\" content=\"2026-04-27T12:47:57+00:00\" \/>\n<meta property=\"og:image\" content=\"https:\/\/ciudadyregion.com.co\/wp-content\/uploads\/2026\/04\/Pag-2026-04-27T074636.422.jpg\" \/>\n\t<meta property=\"og:image:width\" content=\"800\" \/>\n\t<meta property=\"og:image:height\" content=\"445\" \/>\n\t<meta property=\"og:image:type\" content=\"image\/jpeg\" \/>\n<meta name=\"author\" content=\"David Andr\u00e9s Aguirre\" \/>\n<meta name=\"twitter:card\" content=\"summary_large_image\" \/>\n<meta name=\"twitter:label1\" content=\"Escrito por\" \/>\n\t<meta name=\"twitter:data1\" content=\"David Andr\u00e9s Aguirre\" \/>\n\t<meta name=\"twitter:label2\" content=\"Tiempo de lectura\" \/>\n\t<meta name=\"twitter:data2\" content=\"3 minutos\" \/>\n<script type=\"application\/ld+json\" class=\"yoast-schema-graph\">{\"@context\":\"https:\/\/schema.org\",\"@graph\":[{\"@type\":\"WebPage\",\"@id\":\"https:\/\/ciudadyregion.com.co\/index.php\/nueve-productores-fueron-exaltados-en-el-tolima-durante-del-dia-del-apicultor\/regional\/\",\"url\":\"https:\/\/ciudadyregion.com.co\/index.php\/nueve-productores-fueron-exaltados-en-el-tolima-durante-del-dia-del-apicultor\/regional\/\",\"name\":\"Nueve productores fueron exaltados en el Tolima durante del D\u00eda del Apicultor - Ciudad y Region\",\"isPartOf\":{\"@id\":\"https:\/\/ciudadyregion.com.co\/#website\"},\"primaryImageOfPage\":{\"@id\":\"https:\/\/ciudadyregion.com.co\/index.php\/nueve-productores-fueron-exaltados-en-el-tolima-durante-del-dia-del-apicultor\/regional\/#primaryimage\"},\"image\":{\"@id\":\"https:\/\/ciudadyregion.com.co\/index.php\/nueve-productores-fueron-exaltados-en-el-tolima-durante-del-dia-del-apicultor\/regional\/#primaryimage\"},\"thumbnailUrl\":\"https:\/\/i0.wp.com\/ciudadyregion.com.co\/wp-content\/uploads\/2026\/04\/Pag-2026-04-27T074636.422.jpg?fit=800%2C445&ssl=1\",\"datePublished\":\"2026-04-27T12:47:57+00:00\",\"dateModified\":\"2026-04-27T12:47:57+00:00\",\"author\":{\"@id\":\"https:\/\/ciudadyregion.com.co\/#\/schema\/person\/04a4954373ebc4051f46e8c65ff78622\"},\"breadcrumb\":{\"@id\":\"https:\/\/ciudadyregion.com.co\/index.php\/nueve-productores-fueron-exaltados-en-el-tolima-durante-del-dia-del-apicultor\/regional\/#breadcrumb\"},\"inLanguage\":\"es\",\"potentialAction\":[{\"@type\":\"ReadAction\",\"target\":[\"https:\/\/ciudadyregion.com.co\/index.php\/nueve-productores-fueron-exaltados-en-el-tolima-durante-del-dia-del-apicultor\/regional\/\"]}]},{\"@type\":\"ImageObject\",\"inLanguage\":\"es\",\"@id\":\"https:\/\/ciudadyregion.com.co\/index.php\/nueve-productores-fueron-exaltados-en-el-tolima-durante-del-dia-del-apicultor\/regional\/#primaryimage\",\"url\":\"https:\/\/i0.wp.com\/ciudadyregion.com.co\/wp-content\/uploads\/2026\/04\/Pag-2026-04-27T074636.422.jpg?fit=800%2C445&ssl=1\",\"contentUrl\":\"https:\/\/i0.wp.com\/ciudadyregion.com.co\/wp-content\/uploads\/2026\/04\/Pag-2026-04-27T074636.422.jpg?fit=800%2C445&ssl=1\",\"width\":800,\"height\":445},{\"@type\":\"BreadcrumbList\",\"@id\":\"https:\/\/ciudadyregion.com.co\/index.php\/nueve-productores-fueron-exaltados-en-el-tolima-durante-del-dia-del-apicultor\/regional\/#breadcrumb\",\"itemListElement\":[{\"@type\":\"ListItem\",\"position\":1,\"name\":\"Portada\",\"item\":\"https:\/\/ciudadyregion.com.co\/\"},{\"@type\":\"ListItem\",\"position\":2,\"name\":\"Nueve productores fueron exaltados en el Tolima durante del D\u00eda del Apicultor\"}]},{\"@type\":\"WebSite\",\"@id\":\"https:\/\/ciudadyregion.com.co\/#website\",\"url\":\"https:\/\/ciudadyregion.com.co\/\",\"name\":\"Ciudad y Region\",\"description\":\"\",\"potentialAction\":[{\"@type\":\"SearchAction\",\"target\":{\"@type\":\"EntryPoint\",\"urlTemplate\":\"https:\/\/ciudadyregion.com.co\/?s={search_term_string}\"},\"query-input\":{\"@type\":\"PropertyValueSpecification\",\"valueRequired\":true,\"valueName\":\"search_term_string\"}}],\"inLanguage\":\"es\"},{\"@type\":\"Person\",\"@id\":\"https:\/\/ciudadyregion.com.co\/#\/schema\/person\/04a4954373ebc4051f46e8c65ff78622\",\"name\":\"David Andr\u00e9s Aguirre\",\"image\":{\"@type\":\"ImageObject\",\"inLanguage\":\"es\",\"@id\":\"https:\/\/ciudadyregion.com.co\/#\/schema\/person\/image\/\",\"url\":\"https:\/\/secure.gravatar.com\/avatar\/bc3c655860202182ee6d1b5edd042dbe?s=96&d=mm&r=g\",\"contentUrl\":\"https:\/\/secure.gravatar.com\/avatar\/bc3c655860202182ee6d1b5edd042dbe?s=96&d=mm&r=g\",\"caption\":\"David Andr\u00e9s Aguirre\"},\"url\":\"https:\/\/ciudadyregion.com.co\/index.php\/author\/diegoaguirre\/\"}]}<\/script>\n<!-- \/ Yoast SEO plugin. -->","yoast_head_json":{"title":"Nueve productores fueron exaltados en el Tolima durante del D\u00eda del Apicultor - Ciudad y Region","robots":{"index":"index","follow":"follow","max-snippet":"max-snippet:-1","max-image-preview":"max-image-preview:large","max-video-preview":"max-video-preview:-1"},"canonical":"https:\/\/ciudadyregion.com.co\/index.php\/nueve-productores-fueron-exaltados-en-el-tolima-durante-del-dia-del-apicultor\/regional\/","og_locale":"es_ES","og_type":"article","og_title":"Nueve productores fueron exaltados en el Tolima durante del D\u00eda del Apicultor - Ciudad y Region","og_description":"En la Asamblea Departamental del Tolima se llev\u00f3 a cabo el acto de exaltaci\u00f3n del D\u00eda del Apicultor, donde nueve apicultores del departamento fueron reconocidos por su trayectoria, compromiso y aporte al fortalecimiento del sector ap\u00edcola. La jornada, liderada por el diputado Giovanny Molina, ponente de la iniciativa, reuni\u00f3 aContinuar Leyendo","og_url":"https:\/\/ciudadyregion.com.co\/index.php\/nueve-productores-fueron-exaltados-en-el-tolima-durante-del-dia-del-apicultor\/regional\/","og_site_name":"Ciudad y Region","article_published_time":"2026-04-27T12:47:57+00:00","og_image":[{"width":800,"height":445,"url":"https:\/\/ciudadyregion.com.co\/wp-content\/uploads\/2026\/04\/Pag-2026-04-27T074636.422.jpg","type":"image\/jpeg"}],"author":"David Andr\u00e9s Aguirre","twitter_card":"summary_large_image","twitter_misc":{"Escrito por":"David Andr\u00e9s Aguirre","Tiempo de lectura":"3 minutos"},"schema":{"@context":"https:\/\/schema.org","@graph":[{"@type":"WebPage","@id":"https:\/\/ciudadyregion.com.co\/index.php\/nueve-productores-fueron-exaltados-en-el-tolima-durante-del-dia-del-apicultor\/regional\/","url":"https:\/\/ciudadyregion.com.co\/index.php\/nueve-productores-fueron-exaltados-en-el-tolima-durante-del-dia-del-apicultor\/regional\/","name":"Nueve productores fueron exaltados en el Tolima durante del D\u00eda del Apicultor - Ciudad y Region","isPartOf":{"@id":"https:\/\/ciudadyregion.com.co\/#website"},"primaryImageOfPage":{"@id":"https:\/\/ciudadyregion.com.co\/index.php\/nueve-productores-fueron-exaltados-en-el-tolima-durante-del-dia-del-apicultor\/regional\/#primaryimage"},"image":{"@id":"https:\/\/ciudadyregion.com.co\/index.php\/nueve-productores-fueron-exaltados-en-el-tolima-durante-del-dia-del-apicultor\/regional\/#primaryimage"},"thumbnailUrl":"https:\/\/i0.wp.com\/ciudadyregion.com.co\/wp-content\/uploads\/2026\/04\/Pag-2026-04-27T074636.422.jpg?fit=800%2C445&ssl=1","datePublished":"2026-04-27T12:47:57+00:00","dateModified":"2026-04-27T12:47:57+00:00","author":{"@id":"https:\/\/ciudadyregion.com.co\/#\/schema\/person\/04a4954373ebc4051f46e8c65ff78622"},"breadcrumb":{"@id":"https:\/\/ciudadyregion.com.co\/index.php\/nueve-productores-fueron-exaltados-en-el-tolima-durante-del-dia-del-apicultor\/regional\/#breadcrumb"},"inLanguage":"es","potentialAction":[{"@type":"ReadAction","target":["https:\/\/ciudadyregion.com.co\/index.php\/nueve-productores-fueron-exaltados-en-el-tolima-durante-del-dia-del-apicultor\/regional\/"]}]},{"@type":"ImageObject","inLanguage":"es","@id":"https:\/\/ciudadyregion.com.co\/index.php\/nueve-productores-fueron-exaltados-en-el-tolima-durante-del-dia-del-apicultor\/regional\/#primaryimage","url":"https:\/\/i0.wp.com\/ciudadyregion.com.co\/wp-content\/uploads\/2026\/04\/Pag-2026-04-27T074636.422.jpg?fit=800%2C445&ssl=1","contentUrl":"https:\/\/i0.wp.com\/ciudadyregion.com.co\/wp-content\/uploads\/2026\/04\/Pag-2026-04-27T074636.422.jpg?fit=800%2C445&ssl=1","width":800,"height":445},{"@type":"BreadcrumbList","@id":"https:\/\/ciudadyregion.com.co\/index.php\/nueve-productores-fueron-exaltados-en-el-tolima-durante-del-dia-del-apicultor\/regional\/#breadcrumb","itemListElement":[{"@type":"ListItem","position":1,"name":"Portada","item":"https:\/\/ciudadyregion.com.co\/"},{"@type":"ListItem","position":2,"name":"Nueve productores fueron exaltados en el Tolima durante del D\u00eda del Apicultor"}]},{"@type":"WebSite","@id":"https:\/\/ciudadyregion.com.co\/#website","url":"https:\/\/ciudadyregion.com.co\/","name":"Ciudad y Region","description":"","potentialAction":[{"@type":"SearchAction","target":{"@type":"EntryPoint","urlTemplate":"https:\/\/ciudadyregion.com.co\/?s={search_term_string}"},"query-input":{"@type":"PropertyValueSpecification","valueRequired":true,"valueName":"search_term_string"}}],"inLanguage":"es"},{"@type":"Person","@id":"https:\/\/ciudadyregion.com.co\/#\/schema\/person\/04a4954373ebc4051f46e8c65ff78622","name":"David Andr\u00e9s Aguirre","image":{"@type":"ImageObject","inLanguage":"es","@id":"https:\/\/ciudadyregion.com.co\/#\/schema\/person\/image\/","url":"https:\/\/secure.gravatar.com\/avatar\/bc3c655860202182ee6d1b5edd042dbe?s=96&d=mm&r=g","contentUrl":"https:\/\/secure.gravatar.com\/avatar\/bc3c655860202182ee6d1b5edd042dbe?s=96&d=mm&r=g","caption":"David Andr\u00e9s Aguirre"},"url":"https:\/\/ciudadyregion.com.co\/index.php\/author\/diegoaguirre\/"}]}},"jetpack_featured_media_url":"https:\/\/i0.wp.com\/ciudadyregion.com.co\/wp-content\/uploads\/2026\/04\/Pag-2026-04-27T074636.422.jpg?fit=800%2C445&ssl=1","jetpack_sharing_enabled":true,"jetpack_shortlink":"https:\/\/wp.me\/pbS7hh-fuo","jetpack-related-posts":[],"_links":{"self":[{"href":"https:\/\/ciudadyregion.com.co\/index.php\/wp-json\/wp\/v2\/posts\/59544"}],"collection":[{"href":"https:\/\/ciudadyregion.com.co\/index.php\/wp-json\/wp\/v2\/posts"}],"about":[{"href":"https:\/\/ciudadyregion.com.co\/index.php\/wp-json\/wp\/v2\/types\/post"}],"author":[{"embeddable":true,"href":"https:\/\/ciudadyregion.com.co\/index.php\/wp-json\/wp\/v2\/users\/2"}],"replies":[{"embeddable":true,"href":"https:\/\/ciudadyregion.com.co\/index.php\/wp-json\/wp\/v2\/comments?post=59544"}],"version-history":[{"count":1,"href":"https:\/\/ciudadyregion.com.co\/index.php\/wp-json\/wp\/v2\/posts\/59544\/revisions"}],"predecessor-version":[{"id":59546,"href":"https:\/\/ciudadyregion.com.co\/index.php\/wp-json\/wp\/v2\/posts\/59544\/revisions\/59546"}],"wp:featuredmedia":[{"embeddable":true,"href":"https:\/\/ciudadyregion.com.co\/index.php\/wp-json\/wp\/v2\/media\/59545"}],"wp:attachment":[{"href":"https:\/\/ciudadyregion.com.co\/index.php\/wp-json\/wp\/v2\/media?parent=59544"}],"wp:term":[{"taxonomy":"category","embeddable":true,"href":"https:\/\/ciudadyregion.com.co\/index.php\/wp-json\/wp\/v2\/categories?post=59544"},{"taxonomy":"post_tag","embeddable":true,"href":"https:\/\/ciudadyregion.com.co\/index.php\/wp-json\/wp\/v2\/tags?post=59544"}],"curies":[{"name":"wp","href":"https:\/\/api.w.org\/{rel}","templated":true}]}}