{"id":59541,"date":"2026-04-27T07:43:17","date_gmt":"2026-04-27T12:43:17","guid":{"rendered":"https:\/\/ciudadyregion.com.co\/?p=59541"},"modified":"2026-04-27T07:43:17","modified_gmt":"2026-04-27T12:43:17","slug":"que-lucha-que-protesta-o-que-paz-es-esto-la-reaccion-de-la-gobernadora-del-tolima-por-atentado-contra-un-bus-con-civiles-en-el-cauca","status":"publish","type":"post","link":"https:\/\/ciudadyregion.com.co\/index.php\/que-lucha-que-protesta-o-que-paz-es-esto-la-reaccion-de-la-gobernadora-del-tolima-por-atentado-contra-un-bus-con-civiles-en-el-cauca\/regional\/","title":{"rendered":"\u201c\u00bfQu\u00e9 lucha, qu\u00e9 protesta o qu\u00e9 paz es esto?\u201d. La reacci\u00f3n de la gobernadora del Tolima por atentado contra un bus con civiles en el Cauca"},"content":{"rendered":"<p>\u201dAdvertimos que \u00edbamos a regresar al nivel de atentados, sangre y muerte de ciudadanos de hace 20 a\u00f1os; pues s\u00ed, hoy ya llegamos. Muy triste\u201d, escribi\u00f3 la mandataria en rechazo TOTAL a este acto demencial.<\/p>\n<p>!La gobernadora del Tolima, Adriana Magali Matiz, reaccion\u00f3 con vehemencia frente al atentado de grupos al margen de la ley, en un tramo de la v\u00eda Panamericana, en el Departamento del Cauca.<\/p>\n<p>El demencial ataque terrorista dej\u00f3 al menos siete personas fallecidas y otras 17 heridas. El estruendo, tambi\u00e9n, destruy\u00f3 un tramo de la v\u00eda Panamericana.<\/p>\n<p>Las autoridades de ese Departamento informaron que presuntos guerrilleros habr\u00edan lanzado un cilindro cargado con explosivos que impact\u00f3 un autob\u00fas que transitaba por la zona.<\/p>\n<p>\u201cEs demencia absoluta, barbarie y terrorismo en su m\u00e1ximo nivel. Advertimos que \u00edbamos a regresar al nivel de atentados, sangre y muerte de ciudadanos de hace 20 a\u00f1os; pues s\u00ed, hoy ya llegamos. Muy triste. No solo retrocedimos\u201d, escribi\u00f3 la gobernadora Matiz en su red social X.<\/p>\n<p>Luego complement\u00f3: \u201cAvanzamos en el deterioro de la seguridad y en la salvaguarda de la vida y los bienes de los colombianos.<br \/>\nMi rechazo TOTAL y mi indignaci\u00f3n absoluta con este cruel atentado en T\u00fanel, Cajib\u00edo\u201d.<\/p>\n<p>Al final del mensaje, Adriana Matiz public\u00f3: \u201cTodas mis oraciones a Dios por las familias de los afectados. Dueles Colombia. Necesitamos firmeza y contundencia contra los bandidos\u201d.<\/p>\n","protected":false},"excerpt":{"rendered":"<p>\u201dAdvertimos que \u00edbamos a regresar al nivel de atentados, sangre y muerte de ciudadanos de hace 20 a\u00f1os; pues s\u00ed, hoy ya llegamos. Muy triste\u201d, escribi\u00f3 la mandataria en rechazo TOTAL a este acto demencial. !La gobernadora del Tolima, Adriana Magali Matiz, reaccion\u00f3 con vehemencia frente al atentado de grupos<span class=\"more-link\"><a href=\"https:\/\/ciudadyregion.com.co\/index.php\/que-lucha-que-protesta-o-que-paz-es-esto-la-reaccion-de-la-gobernadora-del-tolima-por-atentado-contra-un-bus-con-civiles-en-el-cauca\/regional\/\">Continuar Leyendo<\/a><\/span><\/p>\n","protected":false},"author":2,"featured_media":59542,"comment_status":"open","ping_status":"open","sticky":false,"template":"","format":"standard","meta":{"_uf_show_specific_survey":0,"_uf_disable_surveys":false,"_jetpack_memberships_contains_paid_content":false,"footnotes":"","jetpack_publicize_message":"","jetpack_publicize_feature_enabled":true,"jetpack_social_post_already_shared":true,"jetpack_social_options":{"image_generator_settings":{"template":"highway","enabled":false},"version":2}},"categories":[13],"tags":[],"class_list":["entry","author-diegoaguirre","post-59541","post","type-post","status-publish","format-standard","has-post-thumbnail","category-regional"],"jetpack_publicize_connections":[],"yoast_head":"<!-- This site is optimized with the Yoast SEO plugin v24.3 - https:\/\/yoast.com\/wordpress\/plugins\/seo\/ -->\n<title>\u201c\u00bfQu\u00e9 lucha, qu\u00e9 protesta o qu\u00e9 paz es esto?\u201d. La reacci\u00f3n de la gobernadora del Tolima por atentado contra un bus con civiles en el Cauca - Ciudad y Region<\/title>\n<meta name=\"robots\" content=\"index, follow, max-snippet:-1, max-image-preview:large, max-video-preview:-1\" \/>\n<link rel=\"canonical\" href=\"https:\/\/ciudadyregion.com.co\/index.php\/que-lucha-que-protesta-o-que-paz-es-esto-la-reaccion-de-la-gobernadora-del-tolima-por-atentado-contra-un-bus-con-civiles-en-el-cauca\/regional\/\" \/>\n<meta property=\"og:locale\" content=\"es_ES\" \/>\n<meta property=\"og:type\" content=\"article\" \/>\n<meta property=\"og:title\" content=\"\u201c\u00bfQu\u00e9 lucha, qu\u00e9 protesta o qu\u00e9 paz es esto?\u201d. La reacci\u00f3n de la gobernadora del Tolima por atentado contra un bus con civiles en el Cauca - Ciudad y Region\" \/>\n<meta property=\"og:description\" content=\"\u201dAdvertimos que \u00edbamos a regresar al nivel de atentados, sangre y muerte de ciudadanos de hace 20 a\u00f1os; pues s\u00ed, hoy ya llegamos. Muy triste\u201d, escribi\u00f3 la mandataria en rechazo TOTAL a este acto demencial. !La gobernadora del Tolima, Adriana Magali Matiz, reaccion\u00f3 con vehemencia frente al atentado de gruposContinuar Leyendo\" \/>\n<meta property=\"og:url\" content=\"https:\/\/ciudadyregion.com.co\/index.php\/que-lucha-que-protesta-o-que-paz-es-esto-la-reaccion-de-la-gobernadora-del-tolima-por-atentado-contra-un-bus-con-civiles-en-el-cauca\/regional\/\" \/>\n<meta property=\"og:site_name\" content=\"Ciudad y Region\" \/>\n<meta property=\"article:published_time\" content=\"2026-04-27T12:43:17+00:00\" \/>\n<meta property=\"og:image\" content=\"https:\/\/ciudadyregion.com.co\/wp-content\/uploads\/2026\/04\/Pag-2026-04-27T074300.144.jpg\" \/>\n\t<meta property=\"og:image:width\" content=\"800\" \/>\n\t<meta property=\"og:image:height\" content=\"445\" \/>\n\t<meta property=\"og:image:type\" content=\"image\/jpeg\" \/>\n<meta name=\"author\" content=\"David Andr\u00e9s Aguirre\" \/>\n<meta name=\"twitter:card\" content=\"summary_large_image\" \/>\n<meta name=\"twitter:label1\" content=\"Escrito por\" \/>\n\t<meta name=\"twitter:data1\" content=\"David Andr\u00e9s Aguirre\" \/>\n\t<meta name=\"twitter:label2\" content=\"Tiempo de lectura\" \/>\n\t<meta name=\"twitter:data2\" content=\"2 minutos\" \/>\n<script type=\"application\/ld+json\" class=\"yoast-schema-graph\">{\"@context\":\"https:\/\/schema.org\",\"@graph\":[{\"@type\":\"WebPage\",\"@id\":\"https:\/\/ciudadyregion.com.co\/index.php\/que-lucha-que-protesta-o-que-paz-es-esto-la-reaccion-de-la-gobernadora-del-tolima-por-atentado-contra-un-bus-con-civiles-en-el-cauca\/regional\/\",\"url\":\"https:\/\/ciudadyregion.com.co\/index.php\/que-lucha-que-protesta-o-que-paz-es-esto-la-reaccion-de-la-gobernadora-del-tolima-por-atentado-contra-un-bus-con-civiles-en-el-cauca\/regional\/\",\"name\":\"\u201c\u00bfQu\u00e9 lucha, qu\u00e9 protesta o qu\u00e9 paz es esto?\u201d. La reacci\u00f3n de la gobernadora del Tolima por atentado contra un bus con civiles en el Cauca - Ciudad y Region\",\"isPartOf\":{\"@id\":\"https:\/\/ciudadyregion.com.co\/#website\"},\"primaryImageOfPage\":{\"@id\":\"https:\/\/ciudadyregion.com.co\/index.php\/que-lucha-que-protesta-o-que-paz-es-esto-la-reaccion-de-la-gobernadora-del-tolima-por-atentado-contra-un-bus-con-civiles-en-el-cauca\/regional\/#primaryimage\"},\"image\":{\"@id\":\"https:\/\/ciudadyregion.com.co\/index.php\/que-lucha-que-protesta-o-que-paz-es-esto-la-reaccion-de-la-gobernadora-del-tolima-por-atentado-contra-un-bus-con-civiles-en-el-cauca\/regional\/#primaryimage\"},\"thumbnailUrl\":\"https:\/\/i0.wp.com\/ciudadyregion.com.co\/wp-content\/uploads\/2026\/04\/Pag-2026-04-27T074300.144.jpg?fit=800%2C445&ssl=1\",\"datePublished\":\"2026-04-27T12:43:17+00:00\",\"dateModified\":\"2026-04-27T12:43:17+00:00\",\"author\":{\"@id\":\"https:\/\/ciudadyregion.com.co\/#\/schema\/person\/04a4954373ebc4051f46e8c65ff78622\"},\"breadcrumb\":{\"@id\":\"https:\/\/ciudadyregion.com.co\/index.php\/que-lucha-que-protesta-o-que-paz-es-esto-la-reaccion-de-la-gobernadora-del-tolima-por-atentado-contra-un-bus-con-civiles-en-el-cauca\/regional\/#breadcrumb\"},\"inLanguage\":\"es\",\"potentialAction\":[{\"@type\":\"ReadAction\",\"target\":[\"https:\/\/ciudadyregion.com.co\/index.php\/que-lucha-que-protesta-o-que-paz-es-esto-la-reaccion-de-la-gobernadora-del-tolima-por-atentado-contra-un-bus-con-civiles-en-el-cauca\/regional\/\"]}]},{\"@type\":\"ImageObject\",\"inLanguage\":\"es\",\"@id\":\"https:\/\/ciudadyregion.com.co\/index.php\/que-lucha-que-protesta-o-que-paz-es-esto-la-reaccion-de-la-gobernadora-del-tolima-por-atentado-contra-un-bus-con-civiles-en-el-cauca\/regional\/#primaryimage\",\"url\":\"https:\/\/i0.wp.com\/ciudadyregion.com.co\/wp-content\/uploads\/2026\/04\/Pag-2026-04-27T074300.144.jpg?fit=800%2C445&ssl=1\",\"contentUrl\":\"https:\/\/i0.wp.com\/ciudadyregion.com.co\/wp-content\/uploads\/2026\/04\/Pag-2026-04-27T074300.144.jpg?fit=800%2C445&ssl=1\",\"width\":800,\"height\":445},{\"@type\":\"BreadcrumbList\",\"@id\":\"https:\/\/ciudadyregion.com.co\/index.php\/que-lucha-que-protesta-o-que-paz-es-esto-la-reaccion-de-la-gobernadora-del-tolima-por-atentado-contra-un-bus-con-civiles-en-el-cauca\/regional\/#breadcrumb\",\"itemListElement\":[{\"@type\":\"ListItem\",\"position\":1,\"name\":\"Portada\",\"item\":\"https:\/\/ciudadyregion.com.co\/\"},{\"@type\":\"ListItem\",\"position\":2,\"name\":\"\u201c\u00bfQu\u00e9 lucha, qu\u00e9 protesta o qu\u00e9 paz es esto?\u201d. La reacci\u00f3n de la gobernadora del Tolima por atentado contra un bus con civiles en el Cauca\"}]},{\"@type\":\"WebSite\",\"@id\":\"https:\/\/ciudadyregion.com.co\/#website\",\"url\":\"https:\/\/ciudadyregion.com.co\/\",\"name\":\"Ciudad y Region\",\"description\":\"\",\"potentialAction\":[{\"@type\":\"SearchAction\",\"target\":{\"@type\":\"EntryPoint\",\"urlTemplate\":\"https:\/\/ciudadyregion.com.co\/?s={search_term_string}\"},\"query-input\":{\"@type\":\"PropertyValueSpecification\",\"valueRequired\":true,\"valueName\":\"search_term_string\"}}],\"inLanguage\":\"es\"},{\"@type\":\"Person\",\"@id\":\"https:\/\/ciudadyregion.com.co\/#\/schema\/person\/04a4954373ebc4051f46e8c65ff78622\",\"name\":\"David Andr\u00e9s Aguirre\",\"image\":{\"@type\":\"ImageObject\",\"inLanguage\":\"es\",\"@id\":\"https:\/\/ciudadyregion.com.co\/#\/schema\/person\/image\/\",\"url\":\"https:\/\/secure.gravatar.com\/avatar\/bc3c655860202182ee6d1b5edd042dbe?s=96&d=mm&r=g\",\"contentUrl\":\"https:\/\/secure.gravatar.com\/avatar\/bc3c655860202182ee6d1b5edd042dbe?s=96&d=mm&r=g\",\"caption\":\"David Andr\u00e9s Aguirre\"},\"url\":\"https:\/\/ciudadyregion.com.co\/index.php\/author\/diegoaguirre\/\"}]}<\/script>\n<!-- \/ Yoast SEO plugin. -->","yoast_head_json":{"title":"\u201c\u00bfQu\u00e9 lucha, qu\u00e9 protesta o qu\u00e9 paz es esto?\u201d. La reacci\u00f3n de la gobernadora del Tolima por atentado contra un bus con civiles en el Cauca - Ciudad y Region","robots":{"index":"index","follow":"follow","max-snippet":"max-snippet:-1","max-image-preview":"max-image-preview:large","max-video-preview":"max-video-preview:-1"},"canonical":"https:\/\/ciudadyregion.com.co\/index.php\/que-lucha-que-protesta-o-que-paz-es-esto-la-reaccion-de-la-gobernadora-del-tolima-por-atentado-contra-un-bus-con-civiles-en-el-cauca\/regional\/","og_locale":"es_ES","og_type":"article","og_title":"\u201c\u00bfQu\u00e9 lucha, qu\u00e9 protesta o qu\u00e9 paz es esto?\u201d. La reacci\u00f3n de la gobernadora del Tolima por atentado contra un bus con civiles en el Cauca - Ciudad y Region","og_description":"\u201dAdvertimos que \u00edbamos a regresar al nivel de atentados, sangre y muerte de ciudadanos de hace 20 a\u00f1os; pues s\u00ed, hoy ya llegamos. Muy triste\u201d, escribi\u00f3 la mandataria en rechazo TOTAL a este acto demencial. !La gobernadora del Tolima, Adriana Magali Matiz, reaccion\u00f3 con vehemencia frente al atentado de gruposContinuar Leyendo","og_url":"https:\/\/ciudadyregion.com.co\/index.php\/que-lucha-que-protesta-o-que-paz-es-esto-la-reaccion-de-la-gobernadora-del-tolima-por-atentado-contra-un-bus-con-civiles-en-el-cauca\/regional\/","og_site_name":"Ciudad y Region","article_published_time":"2026-04-27T12:43:17+00:00","og_image":[{"width":800,"height":445,"url":"https:\/\/ciudadyregion.com.co\/wp-content\/uploads\/2026\/04\/Pag-2026-04-27T074300.144.jpg","type":"image\/jpeg"}],"author":"David Andr\u00e9s Aguirre","twitter_card":"summary_large_image","twitter_misc":{"Escrito por":"David Andr\u00e9s Aguirre","Tiempo de lectura":"2 minutos"},"schema":{"@context":"https:\/\/schema.org","@graph":[{"@type":"WebPage","@id":"https:\/\/ciudadyregion.com.co\/index.php\/que-lucha-que-protesta-o-que-paz-es-esto-la-reaccion-de-la-gobernadora-del-tolima-por-atentado-contra-un-bus-con-civiles-en-el-cauca\/regional\/","url":"https:\/\/ciudadyregion.com.co\/index.php\/que-lucha-que-protesta-o-que-paz-es-esto-la-reaccion-de-la-gobernadora-del-tolima-por-atentado-contra-un-bus-con-civiles-en-el-cauca\/regional\/","name":"\u201c\u00bfQu\u00e9 lucha, qu\u00e9 protesta o qu\u00e9 paz es esto?\u201d. La reacci\u00f3n de la gobernadora del Tolima por atentado contra un bus con civiles en el Cauca - Ciudad y Region","isPartOf":{"@id":"https:\/\/ciudadyregion.com.co\/#website"},"primaryImageOfPage":{"@id":"https:\/\/ciudadyregion.com.co\/index.php\/que-lucha-que-protesta-o-que-paz-es-esto-la-reaccion-de-la-gobernadora-del-tolima-por-atentado-contra-un-bus-con-civiles-en-el-cauca\/regional\/#primaryimage"},"image":{"@id":"https:\/\/ciudadyregion.com.co\/index.php\/que-lucha-que-protesta-o-que-paz-es-esto-la-reaccion-de-la-gobernadora-del-tolima-por-atentado-contra-un-bus-con-civiles-en-el-cauca\/regional\/#primaryimage"},"thumbnailUrl":"https:\/\/i0.wp.com\/ciudadyregion.com.co\/wp-content\/uploads\/2026\/04\/Pag-2026-04-27T074300.144.jpg?fit=800%2C445&ssl=1","datePublished":"2026-04-27T12:43:17+00:00","dateModified":"2026-04-27T12:43:17+00:00","author":{"@id":"https:\/\/ciudadyregion.com.co\/#\/schema\/person\/04a4954373ebc4051f46e8c65ff78622"},"breadcrumb":{"@id":"https:\/\/ciudadyregion.com.co\/index.php\/que-lucha-que-protesta-o-que-paz-es-esto-la-reaccion-de-la-gobernadora-del-tolima-por-atentado-contra-un-bus-con-civiles-en-el-cauca\/regional\/#breadcrumb"},"inLanguage":"es","potentialAction":[{"@type":"ReadAction","target":["https:\/\/ciudadyregion.com.co\/index.php\/que-lucha-que-protesta-o-que-paz-es-esto-la-reaccion-de-la-gobernadora-del-tolima-por-atentado-contra-un-bus-con-civiles-en-el-cauca\/regional\/"]}]},{"@type":"ImageObject","inLanguage":"es","@id":"https:\/\/ciudadyregion.com.co\/index.php\/que-lucha-que-protesta-o-que-paz-es-esto-la-reaccion-de-la-gobernadora-del-tolima-por-atentado-contra-un-bus-con-civiles-en-el-cauca\/regional\/#primaryimage","url":"https:\/\/i0.wp.com\/ciudadyregion.com.co\/wp-content\/uploads\/2026\/04\/Pag-2026-04-27T074300.144.jpg?fit=800%2C445&ssl=1","contentUrl":"https:\/\/i0.wp.com\/ciudadyregion.com.co\/wp-content\/uploads\/2026\/04\/Pag-2026-04-27T074300.144.jpg?fit=800%2C445&ssl=1","width":800,"height":445},{"@type":"BreadcrumbList","@id":"https:\/\/ciudadyregion.com.co\/index.php\/que-lucha-que-protesta-o-que-paz-es-esto-la-reaccion-de-la-gobernadora-del-tolima-por-atentado-contra-un-bus-con-civiles-en-el-cauca\/regional\/#breadcrumb","itemListElement":[{"@type":"ListItem","position":1,"name":"Portada","item":"https:\/\/ciudadyregion.com.co\/"},{"@type":"ListItem","position":2,"name":"\u201c\u00bfQu\u00e9 lucha, qu\u00e9 protesta o qu\u00e9 paz es esto?\u201d. La reacci\u00f3n de la gobernadora del Tolima por atentado contra un bus con civiles en el Cauca"}]},{"@type":"WebSite","@id":"https:\/\/ciudadyregion.com.co\/#website","url":"https:\/\/ciudadyregion.com.co\/","name":"Ciudad y Region","description":"","potentialAction":[{"@type":"SearchAction","target":{"@type":"EntryPoint","urlTemplate":"https:\/\/ciudadyregion.com.co\/?s={search_term_string}"},"query-input":{"@type":"PropertyValueSpecification","valueRequired":true,"valueName":"search_term_string"}}],"inLanguage":"es"},{"@type":"Person","@id":"https:\/\/ciudadyregion.com.co\/#\/schema\/person\/04a4954373ebc4051f46e8c65ff78622","name":"David Andr\u00e9s Aguirre","image":{"@type":"ImageObject","inLanguage":"es","@id":"https:\/\/ciudadyregion.com.co\/#\/schema\/person\/image\/","url":"https:\/\/secure.gravatar.com\/avatar\/bc3c655860202182ee6d1b5edd042dbe?s=96&d=mm&r=g","contentUrl":"https:\/\/secure.gravatar.com\/avatar\/bc3c655860202182ee6d1b5edd042dbe?s=96&d=mm&r=g","caption":"David Andr\u00e9s Aguirre"},"url":"https:\/\/ciudadyregion.com.co\/index.php\/author\/diegoaguirre\/"}]}},"jetpack_featured_media_url":"https:\/\/i0.wp.com\/ciudadyregion.com.co\/wp-content\/uploads\/2026\/04\/Pag-2026-04-27T074300.144.jpg?fit=800%2C445&ssl=1","jetpack_sharing_enabled":true,"jetpack_shortlink":"https:\/\/wp.me\/pbS7hh-ful","jetpack-related-posts":[],"_links":{"self":[{"href":"https:\/\/ciudadyregion.com.co\/index.php\/wp-json\/wp\/v2\/posts\/59541"}],"collection":[{"href":"https:\/\/ciudadyregion.com.co\/index.php\/wp-json\/wp\/v2\/posts"}],"about":[{"href":"https:\/\/ciudadyregion.com.co\/index.php\/wp-json\/wp\/v2\/types\/post"}],"author":[{"embeddable":true,"href":"https:\/\/ciudadyregion.com.co\/index.php\/wp-json\/wp\/v2\/users\/2"}],"replies":[{"embeddable":true,"href":"https:\/\/ciudadyregion.com.co\/index.php\/wp-json\/wp\/v2\/comments?post=59541"}],"version-history":[{"count":1,"href":"https:\/\/ciudadyregion.com.co\/index.php\/wp-json\/wp\/v2\/posts\/59541\/revisions"}],"predecessor-version":[{"id":59543,"href":"https:\/\/ciudadyregion.com.co\/index.php\/wp-json\/wp\/v2\/posts\/59541\/revisions\/59543"}],"wp:featuredmedia":[{"embeddable":true,"href":"https:\/\/ciudadyregion.com.co\/index.php\/wp-json\/wp\/v2\/media\/59542"}],"wp:attachment":[{"href":"https:\/\/ciudadyregion.com.co\/index.php\/wp-json\/wp\/v2\/media?parent=59541"}],"wp:term":[{"taxonomy":"category","embeddable":true,"href":"https:\/\/ciudadyregion.com.co\/index.php\/wp-json\/wp\/v2\/categories?post=59541"},{"taxonomy":"post_tag","embeddable":true,"href":"https:\/\/ciudadyregion.com.co\/index.php\/wp-json\/wp\/v2\/tags?post=59541"}],"curies":[{"name":"wp","href":"https:\/\/api.w.org\/{rel}","templated":true}]}}