{"id":59538,"date":"2026-04-27T07:36:24","date_gmt":"2026-04-27T12:36:24","guid":{"rendered":"https:\/\/ciudadyregion.com.co\/?p=59538"},"modified":"2026-04-27T07:36:24","modified_gmt":"2026-04-27T12:36:24","slug":"infraestructura-de-colombia-se-reunira-en-ibague-durante-los-meses-de-julio-y-noviembre-del-2026","status":"publish","type":"post","link":"https:\/\/ciudadyregion.com.co\/index.php\/infraestructura-de-colombia-se-reunira-en-ibague-durante-los-meses-de-julio-y-noviembre-del-2026\/regional\/","title":{"rendered":"Infraestructura de Colombia se reunir\u00e1 en Ibagu\u00e9 durante los meses de julio y noviembre del 2026"},"content":{"rendered":"<p>Exministra Maria Consuelo Araujo y gobernadora Adriana Matiz confirmaron fechas de realizaci\u00f3n de los dos eventos nacionales y especializados.<\/p>\n<p>La gobernadora del Tolima, Adriana Magali Matiz junto a la exministra de Relaciones Exteriores y actual presidenta de la C\u00e1mara Colombiana de Infraestructura, Maria Consuelo Araujo, anunciaron la realizaci\u00f3n de dos eventos especializados que tendr\u00e1n como sede la Capital Musical de Colombia, durante los meses de julio y noviembre.<\/p>\n<p>\u201cPues, gobernadora, estamos muy contentos de visitar al municipio de Ibagu\u00e9, esa Capital Musical de Colombia que quiero tanto, y desde Ibagu\u00e9, gracias a que la gobernadora del Tolima ser\u00e1 nuestra anfitriona, vamos a tener un gran encuentro por la infraestructura social de nuestro pa\u00eds. La infraestructura social son las v\u00edas, son los puertos, son los aeropuertos, pero tambi\u00e9n son los hospitales, la infraestructura educativa y todo lo que mejora la calidad de vida de la gente\u201d, inform\u00f3 la exministra de Estado.<\/p>\n<p>De esta manera, Ibagu\u00e9 se posicionar\u00e1 como epicentro del debate t\u00e9cnico y de infraestructura en Colombia con eventos destacados, incluyendo alianzas con la C\u00e1mara Colombiana de la Infraestructura (CCI) y otros gremios.<\/p>\n<p>La C\u00e1mara Colombiana de la Infraestructura (CCI) es una asociaci\u00f3n gremial de cobertura nacional, sin \u00e1nimo de lucro y de car\u00e1cter privado, creada con el objetivo de contribuir al desarrollo de la infraestructura f\u00edsica del pa\u00eds, promoviendo as\u00ed el desarrollo socioecon\u00f3mico de la naci\u00f3n y el fortalecimiento de las empresas afiliadas, las cuales est\u00e1n agrupadas en los cuatro sectores de la cadena de valor de la infraestructura, as\u00ed: concesionarios, constructores, consultores y proveedores.<\/p>\n<p>La presidenta de la CCI adelant\u00f3 algunos de los objetivos de este encuentro acad\u00e9mico en Ibagu\u00e9: \u201cEste encuentro es precisamente para poder transmitir el conocimiento t\u00e9cnico y que tengamos proyectos que puedan, en el modelo p\u00fablico o privado, ser beneficiosos para la calidad de vida de los tolimenses y de las personas que viven en las distintas regiones de nuestro pa\u00eds\u201d.<\/p>\n<p>Por su parte, la gobernadora del Tolima revel\u00f3 que este encuentro de la infraestructura nacional en Ibagu\u00e9 tendr\u00e1 lugar en el mes de julio. Sumado a ello, habr\u00e1 otro evento nacional en el mes de noviembre tambi\u00e9n en la Capital Musical de Colombia: \u201c23 y 24 de julio; pero tambi\u00e9n con el Simposio Iberoamericano de Pavimentos, los d\u00edas 3 y el 4 de noviembre\u201d.<\/p>\n","protected":false},"excerpt":{"rendered":"<p>Exministra Maria Consuelo Araujo y gobernadora Adriana Matiz confirmaron fechas de realizaci\u00f3n de los dos eventos nacionales y especializados. La gobernadora del Tolima, Adriana Magali Matiz junto a la exministra de Relaciones Exteriores y actual presidenta de la C\u00e1mara Colombiana de Infraestructura, Maria Consuelo Araujo, anunciaron la realizaci\u00f3n de dos<span class=\"more-link\"><a href=\"https:\/\/ciudadyregion.com.co\/index.php\/infraestructura-de-colombia-se-reunira-en-ibague-durante-los-meses-de-julio-y-noviembre-del-2026\/regional\/\">Continuar Leyendo<\/a><\/span><\/p>\n","protected":false},"author":2,"featured_media":59539,"comment_status":"open","ping_status":"open","sticky":false,"template":"","format":"standard","meta":{"_uf_show_specific_survey":0,"_uf_disable_surveys":false,"_jetpack_memberships_contains_paid_content":false,"footnotes":"","jetpack_publicize_message":"","jetpack_publicize_feature_enabled":true,"jetpack_social_post_already_shared":true,"jetpack_social_options":{"image_generator_settings":{"template":"highway","enabled":false},"version":2}},"categories":[13],"tags":[],"class_list":["entry","author-diegoaguirre","post-59538","post","type-post","status-publish","format-standard","has-post-thumbnail","category-regional"],"jetpack_publicize_connections":[],"yoast_head":"<!-- This site is optimized with the Yoast SEO plugin v24.3 - https:\/\/yoast.com\/wordpress\/plugins\/seo\/ -->\n<title>Infraestructura de Colombia se reunir\u00e1 en Ibagu\u00e9 durante los meses de julio y noviembre del 2026 - Ciudad y Region<\/title>\n<meta name=\"robots\" content=\"index, follow, max-snippet:-1, max-image-preview:large, max-video-preview:-1\" \/>\n<link rel=\"canonical\" href=\"https:\/\/ciudadyregion.com.co\/index.php\/infraestructura-de-colombia-se-reunira-en-ibague-durante-los-meses-de-julio-y-noviembre-del-2026\/regional\/\" \/>\n<meta property=\"og:locale\" content=\"es_ES\" \/>\n<meta property=\"og:type\" content=\"article\" \/>\n<meta property=\"og:title\" content=\"Infraestructura de Colombia se reunir\u00e1 en Ibagu\u00e9 durante los meses de julio y noviembre del 2026 - Ciudad y Region\" \/>\n<meta property=\"og:description\" content=\"Exministra Maria Consuelo Araujo y gobernadora Adriana Matiz confirmaron fechas de realizaci\u00f3n de los dos eventos nacionales y especializados. La gobernadora del Tolima, Adriana Magali Matiz junto a la exministra de Relaciones Exteriores y actual presidenta de la C\u00e1mara Colombiana de Infraestructura, Maria Consuelo Araujo, anunciaron la realizaci\u00f3n de dosContinuar Leyendo\" \/>\n<meta property=\"og:url\" content=\"https:\/\/ciudadyregion.com.co\/index.php\/infraestructura-de-colombia-se-reunira-en-ibague-durante-los-meses-de-julio-y-noviembre-del-2026\/regional\/\" \/>\n<meta property=\"og:site_name\" content=\"Ciudad y Region\" \/>\n<meta property=\"article:published_time\" content=\"2026-04-27T12:36:24+00:00\" \/>\n<meta property=\"og:image\" content=\"https:\/\/ciudadyregion.com.co\/wp-content\/uploads\/2026\/04\/Pag-2026-04-27T073556.924.jpg\" \/>\n\t<meta property=\"og:image:width\" content=\"800\" \/>\n\t<meta property=\"og:image:height\" content=\"445\" \/>\n\t<meta property=\"og:image:type\" content=\"image\/jpeg\" \/>\n<meta name=\"author\" content=\"David Andr\u00e9s Aguirre\" \/>\n<meta name=\"twitter:card\" content=\"summary_large_image\" \/>\n<meta name=\"twitter:label1\" content=\"Escrito por\" \/>\n\t<meta name=\"twitter:data1\" content=\"David Andr\u00e9s Aguirre\" \/>\n\t<meta name=\"twitter:label2\" content=\"Tiempo de lectura\" \/>\n\t<meta name=\"twitter:data2\" content=\"2 minutos\" \/>\n<script type=\"application\/ld+json\" class=\"yoast-schema-graph\">{\"@context\":\"https:\/\/schema.org\",\"@graph\":[{\"@type\":\"WebPage\",\"@id\":\"https:\/\/ciudadyregion.com.co\/index.php\/infraestructura-de-colombia-se-reunira-en-ibague-durante-los-meses-de-julio-y-noviembre-del-2026\/regional\/\",\"url\":\"https:\/\/ciudadyregion.com.co\/index.php\/infraestructura-de-colombia-se-reunira-en-ibague-durante-los-meses-de-julio-y-noviembre-del-2026\/regional\/\",\"name\":\"Infraestructura de Colombia se reunir\u00e1 en Ibagu\u00e9 durante los meses de julio y noviembre del 2026 - Ciudad y Region\",\"isPartOf\":{\"@id\":\"https:\/\/ciudadyregion.com.co\/#website\"},\"primaryImageOfPage\":{\"@id\":\"https:\/\/ciudadyregion.com.co\/index.php\/infraestructura-de-colombia-se-reunira-en-ibague-durante-los-meses-de-julio-y-noviembre-del-2026\/regional\/#primaryimage\"},\"image\":{\"@id\":\"https:\/\/ciudadyregion.com.co\/index.php\/infraestructura-de-colombia-se-reunira-en-ibague-durante-los-meses-de-julio-y-noviembre-del-2026\/regional\/#primaryimage\"},\"thumbnailUrl\":\"https:\/\/i0.wp.com\/ciudadyregion.com.co\/wp-content\/uploads\/2026\/04\/Pag-2026-04-27T073556.924.jpg?fit=800%2C445&ssl=1\",\"datePublished\":\"2026-04-27T12:36:24+00:00\",\"dateModified\":\"2026-04-27T12:36:24+00:00\",\"author\":{\"@id\":\"https:\/\/ciudadyregion.com.co\/#\/schema\/person\/04a4954373ebc4051f46e8c65ff78622\"},\"breadcrumb\":{\"@id\":\"https:\/\/ciudadyregion.com.co\/index.php\/infraestructura-de-colombia-se-reunira-en-ibague-durante-los-meses-de-julio-y-noviembre-del-2026\/regional\/#breadcrumb\"},\"inLanguage\":\"es\",\"potentialAction\":[{\"@type\":\"ReadAction\",\"target\":[\"https:\/\/ciudadyregion.com.co\/index.php\/infraestructura-de-colombia-se-reunira-en-ibague-durante-los-meses-de-julio-y-noviembre-del-2026\/regional\/\"]}]},{\"@type\":\"ImageObject\",\"inLanguage\":\"es\",\"@id\":\"https:\/\/ciudadyregion.com.co\/index.php\/infraestructura-de-colombia-se-reunira-en-ibague-durante-los-meses-de-julio-y-noviembre-del-2026\/regional\/#primaryimage\",\"url\":\"https:\/\/i0.wp.com\/ciudadyregion.com.co\/wp-content\/uploads\/2026\/04\/Pag-2026-04-27T073556.924.jpg?fit=800%2C445&ssl=1\",\"contentUrl\":\"https:\/\/i0.wp.com\/ciudadyregion.com.co\/wp-content\/uploads\/2026\/04\/Pag-2026-04-27T073556.924.jpg?fit=800%2C445&ssl=1\",\"width\":800,\"height\":445},{\"@type\":\"BreadcrumbList\",\"@id\":\"https:\/\/ciudadyregion.com.co\/index.php\/infraestructura-de-colombia-se-reunira-en-ibague-durante-los-meses-de-julio-y-noviembre-del-2026\/regional\/#breadcrumb\",\"itemListElement\":[{\"@type\":\"ListItem\",\"position\":1,\"name\":\"Portada\",\"item\":\"https:\/\/ciudadyregion.com.co\/\"},{\"@type\":\"ListItem\",\"position\":2,\"name\":\"Infraestructura de Colombia se reunir\u00e1 en Ibagu\u00e9 durante los meses de julio y noviembre del 2026\"}]},{\"@type\":\"WebSite\",\"@id\":\"https:\/\/ciudadyregion.com.co\/#website\",\"url\":\"https:\/\/ciudadyregion.com.co\/\",\"name\":\"Ciudad y Region\",\"description\":\"\",\"potentialAction\":[{\"@type\":\"SearchAction\",\"target\":{\"@type\":\"EntryPoint\",\"urlTemplate\":\"https:\/\/ciudadyregion.com.co\/?s={search_term_string}\"},\"query-input\":{\"@type\":\"PropertyValueSpecification\",\"valueRequired\":true,\"valueName\":\"search_term_string\"}}],\"inLanguage\":\"es\"},{\"@type\":\"Person\",\"@id\":\"https:\/\/ciudadyregion.com.co\/#\/schema\/person\/04a4954373ebc4051f46e8c65ff78622\",\"name\":\"David Andr\u00e9s Aguirre\",\"image\":{\"@type\":\"ImageObject\",\"inLanguage\":\"es\",\"@id\":\"https:\/\/ciudadyregion.com.co\/#\/schema\/person\/image\/\",\"url\":\"https:\/\/secure.gravatar.com\/avatar\/bc3c655860202182ee6d1b5edd042dbe?s=96&d=mm&r=g\",\"contentUrl\":\"https:\/\/secure.gravatar.com\/avatar\/bc3c655860202182ee6d1b5edd042dbe?s=96&d=mm&r=g\",\"caption\":\"David Andr\u00e9s Aguirre\"},\"url\":\"https:\/\/ciudadyregion.com.co\/index.php\/author\/diegoaguirre\/\"}]}<\/script>\n<!-- \/ Yoast SEO plugin. -->","yoast_head_json":{"title":"Infraestructura de Colombia se reunir\u00e1 en Ibagu\u00e9 durante los meses de julio y noviembre del 2026 - Ciudad y Region","robots":{"index":"index","follow":"follow","max-snippet":"max-snippet:-1","max-image-preview":"max-image-preview:large","max-video-preview":"max-video-preview:-1"},"canonical":"https:\/\/ciudadyregion.com.co\/index.php\/infraestructura-de-colombia-se-reunira-en-ibague-durante-los-meses-de-julio-y-noviembre-del-2026\/regional\/","og_locale":"es_ES","og_type":"article","og_title":"Infraestructura de Colombia se reunir\u00e1 en Ibagu\u00e9 durante los meses de julio y noviembre del 2026 - Ciudad y Region","og_description":"Exministra Maria Consuelo Araujo y gobernadora Adriana Matiz confirmaron fechas de realizaci\u00f3n de los dos eventos nacionales y especializados. La gobernadora del Tolima, Adriana Magali Matiz junto a la exministra de Relaciones Exteriores y actual presidenta de la C\u00e1mara Colombiana de Infraestructura, Maria Consuelo Araujo, anunciaron la realizaci\u00f3n de dosContinuar Leyendo","og_url":"https:\/\/ciudadyregion.com.co\/index.php\/infraestructura-de-colombia-se-reunira-en-ibague-durante-los-meses-de-julio-y-noviembre-del-2026\/regional\/","og_site_name":"Ciudad y Region","article_published_time":"2026-04-27T12:36:24+00:00","og_image":[{"width":800,"height":445,"url":"https:\/\/ciudadyregion.com.co\/wp-content\/uploads\/2026\/04\/Pag-2026-04-27T073556.924.jpg","type":"image\/jpeg"}],"author":"David Andr\u00e9s Aguirre","twitter_card":"summary_large_image","twitter_misc":{"Escrito por":"David Andr\u00e9s Aguirre","Tiempo de lectura":"2 minutos"},"schema":{"@context":"https:\/\/schema.org","@graph":[{"@type":"WebPage","@id":"https:\/\/ciudadyregion.com.co\/index.php\/infraestructura-de-colombia-se-reunira-en-ibague-durante-los-meses-de-julio-y-noviembre-del-2026\/regional\/","url":"https:\/\/ciudadyregion.com.co\/index.php\/infraestructura-de-colombia-se-reunira-en-ibague-durante-los-meses-de-julio-y-noviembre-del-2026\/regional\/","name":"Infraestructura de Colombia se reunir\u00e1 en Ibagu\u00e9 durante los meses de julio y noviembre del 2026 - Ciudad y Region","isPartOf":{"@id":"https:\/\/ciudadyregion.com.co\/#website"},"primaryImageOfPage":{"@id":"https:\/\/ciudadyregion.com.co\/index.php\/infraestructura-de-colombia-se-reunira-en-ibague-durante-los-meses-de-julio-y-noviembre-del-2026\/regional\/#primaryimage"},"image":{"@id":"https:\/\/ciudadyregion.com.co\/index.php\/infraestructura-de-colombia-se-reunira-en-ibague-durante-los-meses-de-julio-y-noviembre-del-2026\/regional\/#primaryimage"},"thumbnailUrl":"https:\/\/i0.wp.com\/ciudadyregion.com.co\/wp-content\/uploads\/2026\/04\/Pag-2026-04-27T073556.924.jpg?fit=800%2C445&ssl=1","datePublished":"2026-04-27T12:36:24+00:00","dateModified":"2026-04-27T12:36:24+00:00","author":{"@id":"https:\/\/ciudadyregion.com.co\/#\/schema\/person\/04a4954373ebc4051f46e8c65ff78622"},"breadcrumb":{"@id":"https:\/\/ciudadyregion.com.co\/index.php\/infraestructura-de-colombia-se-reunira-en-ibague-durante-los-meses-de-julio-y-noviembre-del-2026\/regional\/#breadcrumb"},"inLanguage":"es","potentialAction":[{"@type":"ReadAction","target":["https:\/\/ciudadyregion.com.co\/index.php\/infraestructura-de-colombia-se-reunira-en-ibague-durante-los-meses-de-julio-y-noviembre-del-2026\/regional\/"]}]},{"@type":"ImageObject","inLanguage":"es","@id":"https:\/\/ciudadyregion.com.co\/index.php\/infraestructura-de-colombia-se-reunira-en-ibague-durante-los-meses-de-julio-y-noviembre-del-2026\/regional\/#primaryimage","url":"https:\/\/i0.wp.com\/ciudadyregion.com.co\/wp-content\/uploads\/2026\/04\/Pag-2026-04-27T073556.924.jpg?fit=800%2C445&ssl=1","contentUrl":"https:\/\/i0.wp.com\/ciudadyregion.com.co\/wp-content\/uploads\/2026\/04\/Pag-2026-04-27T073556.924.jpg?fit=800%2C445&ssl=1","width":800,"height":445},{"@type":"BreadcrumbList","@id":"https:\/\/ciudadyregion.com.co\/index.php\/infraestructura-de-colombia-se-reunira-en-ibague-durante-los-meses-de-julio-y-noviembre-del-2026\/regional\/#breadcrumb","itemListElement":[{"@type":"ListItem","position":1,"name":"Portada","item":"https:\/\/ciudadyregion.com.co\/"},{"@type":"ListItem","position":2,"name":"Infraestructura de Colombia se reunir\u00e1 en Ibagu\u00e9 durante los meses de julio y noviembre del 2026"}]},{"@type":"WebSite","@id":"https:\/\/ciudadyregion.com.co\/#website","url":"https:\/\/ciudadyregion.com.co\/","name":"Ciudad y Region","description":"","potentialAction":[{"@type":"SearchAction","target":{"@type":"EntryPoint","urlTemplate":"https:\/\/ciudadyregion.com.co\/?s={search_term_string}"},"query-input":{"@type":"PropertyValueSpecification","valueRequired":true,"valueName":"search_term_string"}}],"inLanguage":"es"},{"@type":"Person","@id":"https:\/\/ciudadyregion.com.co\/#\/schema\/person\/04a4954373ebc4051f46e8c65ff78622","name":"David Andr\u00e9s Aguirre","image":{"@type":"ImageObject","inLanguage":"es","@id":"https:\/\/ciudadyregion.com.co\/#\/schema\/person\/image\/","url":"https:\/\/secure.gravatar.com\/avatar\/bc3c655860202182ee6d1b5edd042dbe?s=96&d=mm&r=g","contentUrl":"https:\/\/secure.gravatar.com\/avatar\/bc3c655860202182ee6d1b5edd042dbe?s=96&d=mm&r=g","caption":"David Andr\u00e9s Aguirre"},"url":"https:\/\/ciudadyregion.com.co\/index.php\/author\/diegoaguirre\/"}]}},"jetpack_featured_media_url":"https:\/\/i0.wp.com\/ciudadyregion.com.co\/wp-content\/uploads\/2026\/04\/Pag-2026-04-27T073556.924.jpg?fit=800%2C445&ssl=1","jetpack_sharing_enabled":true,"jetpack_shortlink":"https:\/\/wp.me\/pbS7hh-fui","jetpack-related-posts":[],"_links":{"self":[{"href":"https:\/\/ciudadyregion.com.co\/index.php\/wp-json\/wp\/v2\/posts\/59538"}],"collection":[{"href":"https:\/\/ciudadyregion.com.co\/index.php\/wp-json\/wp\/v2\/posts"}],"about":[{"href":"https:\/\/ciudadyregion.com.co\/index.php\/wp-json\/wp\/v2\/types\/post"}],"author":[{"embeddable":true,"href":"https:\/\/ciudadyregion.com.co\/index.php\/wp-json\/wp\/v2\/users\/2"}],"replies":[{"embeddable":true,"href":"https:\/\/ciudadyregion.com.co\/index.php\/wp-json\/wp\/v2\/comments?post=59538"}],"version-history":[{"count":1,"href":"https:\/\/ciudadyregion.com.co\/index.php\/wp-json\/wp\/v2\/posts\/59538\/revisions"}],"predecessor-version":[{"id":59540,"href":"https:\/\/ciudadyregion.com.co\/index.php\/wp-json\/wp\/v2\/posts\/59538\/revisions\/59540"}],"wp:featuredmedia":[{"embeddable":true,"href":"https:\/\/ciudadyregion.com.co\/index.php\/wp-json\/wp\/v2\/media\/59539"}],"wp:attachment":[{"href":"https:\/\/ciudadyregion.com.co\/index.php\/wp-json\/wp\/v2\/media?parent=59538"}],"wp:term":[{"taxonomy":"category","embeddable":true,"href":"https:\/\/ciudadyregion.com.co\/index.php\/wp-json\/wp\/v2\/categories?post=59538"},{"taxonomy":"post_tag","embeddable":true,"href":"https:\/\/ciudadyregion.com.co\/index.php\/wp-json\/wp\/v2\/tags?post=59538"}],"curies":[{"name":"wp","href":"https:\/\/api.w.org\/{rel}","templated":true}]}}