{"id":59535,"date":"2026-04-27T07:34:29","date_gmt":"2026-04-27T12:34:29","guid":{"rendered":"https:\/\/ciudadyregion.com.co\/?p=59535"},"modified":"2026-04-27T07:34:29","modified_gmt":"2026-04-27T12:34:29","slug":"el-tolima-avanza-en-el-fortalecimiento-de-su-gestion-tributaria-tras-agenda-tecnica-en-bogota","status":"publish","type":"post","link":"https:\/\/ciudadyregion.com.co\/index.php\/el-tolima-avanza-en-el-fortalecimiento-de-su-gestion-tributaria-tras-agenda-tecnica-en-bogota\/regional\/","title":{"rendered":"El Tolima avanza en el fortalecimiento de su gesti\u00f3n tributaria tras agenda t\u00e9cnica en Bogot\u00e1"},"content":{"rendered":"<p>Con el prop\u00f3sito de seguir consolidando una gesti\u00f3n tributaria m\u00e1s eficiente y cercana al contribuyente, la Direcci\u00f3n de Rentas e Ingresos del Tolima, junto a parte de su equipo t\u00e9cnico, desarroll\u00f3 una agenda de trabajo en Bogot\u00e1 con la Direcci\u00f3n Financiera de Rentas de la Gobernaci\u00f3n de Cundinamarca.<\/p>\n<p>Durante estos encuentros, se intercambiaron experiencias y buenas pr\u00e1cticas orientadas a fortalecer los procesos de recaudo, mejorar la eficiencia administrativa y avanzar en estrategias que incentiven el cumplimiento oportuno de las obligaciones tributarias en el departamento.<\/p>\n<p>\u201cNecesitamos fortalecer y buscar todas esas estrategias que se puedan aplicar tambi\u00e9n a nuestro departamento del Tolima en la Direcci\u00f3n de Rentas. Buscamos fortalecer esos tributos, aumentar esos ingresos y, por supuesto, darle toda esa facilidad a todos nuestros contribuyentes para que nos declaren y nos paguen, que ese es el fortalecimiento que tenemos en nuestras inversiones y en nuestro plan de desarrollo de nuestra se\u00f1ora gobernadora, la doctora Adriana Magali Matiz, siempre pensando en ustedes los contribuyentes y en todas las personas del territorio del Tolima\u201d, expres\u00f3 la directora de Rentas e Ingresos del Tolima, Cielo Helena Guayara Monroy.<\/p>\n<p>Asimismo, se abordaron temas relacionados con cultura tributaria, modernizaci\u00f3n de herramientas de recaudo y acciones para combatir la evasi\u00f3n, elementos fundamentales para garantizar mayores recursos que se traduzcan en desarrollo para el Tolima.<\/p>\n<p>Con este tipo de espacios, la Gobernaci\u00f3n del Tolima ratifica su compromiso con la mejora continua, la articulaci\u00f3n institucional y la implementaci\u00f3n de estrategias que beneficien a los contribuyentes y fortalezcan las finanzas del departamento.<\/p>\n","protected":false},"excerpt":{"rendered":"<p>Con el prop\u00f3sito de seguir consolidando una gesti\u00f3n tributaria m\u00e1s eficiente y cercana al contribuyente, la Direcci\u00f3n de Rentas e Ingresos del Tolima, junto a parte de su equipo t\u00e9cnico, desarroll\u00f3 una agenda de trabajo en Bogot\u00e1 con la Direcci\u00f3n Financiera de Rentas de la Gobernaci\u00f3n de Cundinamarca. Durante estos<span class=\"more-link\"><a href=\"https:\/\/ciudadyregion.com.co\/index.php\/el-tolima-avanza-en-el-fortalecimiento-de-su-gestion-tributaria-tras-agenda-tecnica-en-bogota\/regional\/\">Continuar Leyendo<\/a><\/span><\/p>\n","protected":false},"author":2,"featured_media":59536,"comment_status":"open","ping_status":"open","sticky":false,"template":"","format":"standard","meta":{"_uf_show_specific_survey":0,"_uf_disable_surveys":false,"_jetpack_memberships_contains_paid_content":false,"footnotes":"","jetpack_publicize_message":"","jetpack_publicize_feature_enabled":true,"jetpack_social_post_already_shared":true,"jetpack_social_options":{"image_generator_settings":{"template":"highway","enabled":false},"version":2}},"categories":[13],"tags":[],"class_list":["entry","author-diegoaguirre","post-59535","post","type-post","status-publish","format-standard","has-post-thumbnail","category-regional"],"jetpack_publicize_connections":[],"yoast_head":"<!-- This site is optimized with the Yoast SEO plugin v24.3 - https:\/\/yoast.com\/wordpress\/plugins\/seo\/ -->\n<title>El Tolima avanza en el fortalecimiento de su gesti\u00f3n tributaria tras agenda t\u00e9cnica en Bogot\u00e1 - Ciudad y Region<\/title>\n<meta name=\"robots\" content=\"index, follow, max-snippet:-1, max-image-preview:large, max-video-preview:-1\" \/>\n<link rel=\"canonical\" href=\"https:\/\/ciudadyregion.com.co\/index.php\/el-tolima-avanza-en-el-fortalecimiento-de-su-gestion-tributaria-tras-agenda-tecnica-en-bogota\/regional\/\" \/>\n<meta property=\"og:locale\" content=\"es_ES\" \/>\n<meta property=\"og:type\" content=\"article\" \/>\n<meta property=\"og:title\" content=\"El Tolima avanza en el fortalecimiento de su gesti\u00f3n tributaria tras agenda t\u00e9cnica en Bogot\u00e1 - Ciudad y Region\" \/>\n<meta property=\"og:description\" content=\"Con el prop\u00f3sito de seguir consolidando una gesti\u00f3n tributaria m\u00e1s eficiente y cercana al contribuyente, la Direcci\u00f3n de Rentas e Ingresos del Tolima, junto a parte de su equipo t\u00e9cnico, desarroll\u00f3 una agenda de trabajo en Bogot\u00e1 con la Direcci\u00f3n Financiera de Rentas de la Gobernaci\u00f3n de Cundinamarca. Durante estosContinuar Leyendo\" \/>\n<meta property=\"og:url\" content=\"https:\/\/ciudadyregion.com.co\/index.php\/el-tolima-avanza-en-el-fortalecimiento-de-su-gestion-tributaria-tras-agenda-tecnica-en-bogota\/regional\/\" \/>\n<meta property=\"og:site_name\" content=\"Ciudad y Region\" \/>\n<meta property=\"article:published_time\" content=\"2026-04-27T12:34:29+00:00\" \/>\n<meta property=\"og:image\" content=\"https:\/\/ciudadyregion.com.co\/wp-content\/uploads\/2026\/04\/Pag-2026-04-27T073312.245.jpg\" \/>\n\t<meta property=\"og:image:width\" content=\"800\" \/>\n\t<meta property=\"og:image:height\" content=\"445\" \/>\n\t<meta property=\"og:image:type\" content=\"image\/jpeg\" \/>\n<meta name=\"author\" content=\"David Andr\u00e9s Aguirre\" \/>\n<meta name=\"twitter:card\" content=\"summary_large_image\" \/>\n<meta name=\"twitter:label1\" content=\"Escrito por\" \/>\n\t<meta name=\"twitter:data1\" content=\"David Andr\u00e9s Aguirre\" \/>\n\t<meta name=\"twitter:label2\" content=\"Tiempo de lectura\" \/>\n\t<meta name=\"twitter:data2\" content=\"2 minutos\" \/>\n<script type=\"application\/ld+json\" class=\"yoast-schema-graph\">{\"@context\":\"https:\/\/schema.org\",\"@graph\":[{\"@type\":\"WebPage\",\"@id\":\"https:\/\/ciudadyregion.com.co\/index.php\/el-tolima-avanza-en-el-fortalecimiento-de-su-gestion-tributaria-tras-agenda-tecnica-en-bogota\/regional\/\",\"url\":\"https:\/\/ciudadyregion.com.co\/index.php\/el-tolima-avanza-en-el-fortalecimiento-de-su-gestion-tributaria-tras-agenda-tecnica-en-bogota\/regional\/\",\"name\":\"El Tolima avanza en el fortalecimiento de su gesti\u00f3n tributaria tras agenda t\u00e9cnica en Bogot\u00e1 - Ciudad y Region\",\"isPartOf\":{\"@id\":\"https:\/\/ciudadyregion.com.co\/#website\"},\"primaryImageOfPage\":{\"@id\":\"https:\/\/ciudadyregion.com.co\/index.php\/el-tolima-avanza-en-el-fortalecimiento-de-su-gestion-tributaria-tras-agenda-tecnica-en-bogota\/regional\/#primaryimage\"},\"image\":{\"@id\":\"https:\/\/ciudadyregion.com.co\/index.php\/el-tolima-avanza-en-el-fortalecimiento-de-su-gestion-tributaria-tras-agenda-tecnica-en-bogota\/regional\/#primaryimage\"},\"thumbnailUrl\":\"https:\/\/i0.wp.com\/ciudadyregion.com.co\/wp-content\/uploads\/2026\/04\/Pag-2026-04-27T073312.245.jpg?fit=800%2C445&ssl=1\",\"datePublished\":\"2026-04-27T12:34:29+00:00\",\"dateModified\":\"2026-04-27T12:34:29+00:00\",\"author\":{\"@id\":\"https:\/\/ciudadyregion.com.co\/#\/schema\/person\/04a4954373ebc4051f46e8c65ff78622\"},\"breadcrumb\":{\"@id\":\"https:\/\/ciudadyregion.com.co\/index.php\/el-tolima-avanza-en-el-fortalecimiento-de-su-gestion-tributaria-tras-agenda-tecnica-en-bogota\/regional\/#breadcrumb\"},\"inLanguage\":\"es\",\"potentialAction\":[{\"@type\":\"ReadAction\",\"target\":[\"https:\/\/ciudadyregion.com.co\/index.php\/el-tolima-avanza-en-el-fortalecimiento-de-su-gestion-tributaria-tras-agenda-tecnica-en-bogota\/regional\/\"]}]},{\"@type\":\"ImageObject\",\"inLanguage\":\"es\",\"@id\":\"https:\/\/ciudadyregion.com.co\/index.php\/el-tolima-avanza-en-el-fortalecimiento-de-su-gestion-tributaria-tras-agenda-tecnica-en-bogota\/regional\/#primaryimage\",\"url\":\"https:\/\/i0.wp.com\/ciudadyregion.com.co\/wp-content\/uploads\/2026\/04\/Pag-2026-04-27T073312.245.jpg?fit=800%2C445&ssl=1\",\"contentUrl\":\"https:\/\/i0.wp.com\/ciudadyregion.com.co\/wp-content\/uploads\/2026\/04\/Pag-2026-04-27T073312.245.jpg?fit=800%2C445&ssl=1\",\"width\":800,\"height\":445},{\"@type\":\"BreadcrumbList\",\"@id\":\"https:\/\/ciudadyregion.com.co\/index.php\/el-tolima-avanza-en-el-fortalecimiento-de-su-gestion-tributaria-tras-agenda-tecnica-en-bogota\/regional\/#breadcrumb\",\"itemListElement\":[{\"@type\":\"ListItem\",\"position\":1,\"name\":\"Portada\",\"item\":\"https:\/\/ciudadyregion.com.co\/\"},{\"@type\":\"ListItem\",\"position\":2,\"name\":\"El Tolima avanza en el fortalecimiento de su gesti\u00f3n tributaria tras agenda t\u00e9cnica en Bogot\u00e1\"}]},{\"@type\":\"WebSite\",\"@id\":\"https:\/\/ciudadyregion.com.co\/#website\",\"url\":\"https:\/\/ciudadyregion.com.co\/\",\"name\":\"Ciudad y Region\",\"description\":\"\",\"potentialAction\":[{\"@type\":\"SearchAction\",\"target\":{\"@type\":\"EntryPoint\",\"urlTemplate\":\"https:\/\/ciudadyregion.com.co\/?s={search_term_string}\"},\"query-input\":{\"@type\":\"PropertyValueSpecification\",\"valueRequired\":true,\"valueName\":\"search_term_string\"}}],\"inLanguage\":\"es\"},{\"@type\":\"Person\",\"@id\":\"https:\/\/ciudadyregion.com.co\/#\/schema\/person\/04a4954373ebc4051f46e8c65ff78622\",\"name\":\"David Andr\u00e9s Aguirre\",\"image\":{\"@type\":\"ImageObject\",\"inLanguage\":\"es\",\"@id\":\"https:\/\/ciudadyregion.com.co\/#\/schema\/person\/image\/\",\"url\":\"https:\/\/secure.gravatar.com\/avatar\/bc3c655860202182ee6d1b5edd042dbe?s=96&d=mm&r=g\",\"contentUrl\":\"https:\/\/secure.gravatar.com\/avatar\/bc3c655860202182ee6d1b5edd042dbe?s=96&d=mm&r=g\",\"caption\":\"David Andr\u00e9s Aguirre\"},\"url\":\"https:\/\/ciudadyregion.com.co\/index.php\/author\/diegoaguirre\/\"}]}<\/script>\n<!-- \/ Yoast SEO plugin. -->","yoast_head_json":{"title":"El Tolima avanza en el fortalecimiento de su gesti\u00f3n tributaria tras agenda t\u00e9cnica en Bogot\u00e1 - Ciudad y Region","robots":{"index":"index","follow":"follow","max-snippet":"max-snippet:-1","max-image-preview":"max-image-preview:large","max-video-preview":"max-video-preview:-1"},"canonical":"https:\/\/ciudadyregion.com.co\/index.php\/el-tolima-avanza-en-el-fortalecimiento-de-su-gestion-tributaria-tras-agenda-tecnica-en-bogota\/regional\/","og_locale":"es_ES","og_type":"article","og_title":"El Tolima avanza en el fortalecimiento de su gesti\u00f3n tributaria tras agenda t\u00e9cnica en Bogot\u00e1 - Ciudad y Region","og_description":"Con el prop\u00f3sito de seguir consolidando una gesti\u00f3n tributaria m\u00e1s eficiente y cercana al contribuyente, la Direcci\u00f3n de Rentas e Ingresos del Tolima, junto a parte de su equipo t\u00e9cnico, desarroll\u00f3 una agenda de trabajo en Bogot\u00e1 con la Direcci\u00f3n Financiera de Rentas de la Gobernaci\u00f3n de Cundinamarca. Durante estosContinuar Leyendo","og_url":"https:\/\/ciudadyregion.com.co\/index.php\/el-tolima-avanza-en-el-fortalecimiento-de-su-gestion-tributaria-tras-agenda-tecnica-en-bogota\/regional\/","og_site_name":"Ciudad y Region","article_published_time":"2026-04-27T12:34:29+00:00","og_image":[{"width":800,"height":445,"url":"https:\/\/ciudadyregion.com.co\/wp-content\/uploads\/2026\/04\/Pag-2026-04-27T073312.245.jpg","type":"image\/jpeg"}],"author":"David Andr\u00e9s Aguirre","twitter_card":"summary_large_image","twitter_misc":{"Escrito por":"David Andr\u00e9s Aguirre","Tiempo de lectura":"2 minutos"},"schema":{"@context":"https:\/\/schema.org","@graph":[{"@type":"WebPage","@id":"https:\/\/ciudadyregion.com.co\/index.php\/el-tolima-avanza-en-el-fortalecimiento-de-su-gestion-tributaria-tras-agenda-tecnica-en-bogota\/regional\/","url":"https:\/\/ciudadyregion.com.co\/index.php\/el-tolima-avanza-en-el-fortalecimiento-de-su-gestion-tributaria-tras-agenda-tecnica-en-bogota\/regional\/","name":"El Tolima avanza en el fortalecimiento de su gesti\u00f3n tributaria tras agenda t\u00e9cnica en Bogot\u00e1 - Ciudad y Region","isPartOf":{"@id":"https:\/\/ciudadyregion.com.co\/#website"},"primaryImageOfPage":{"@id":"https:\/\/ciudadyregion.com.co\/index.php\/el-tolima-avanza-en-el-fortalecimiento-de-su-gestion-tributaria-tras-agenda-tecnica-en-bogota\/regional\/#primaryimage"},"image":{"@id":"https:\/\/ciudadyregion.com.co\/index.php\/el-tolima-avanza-en-el-fortalecimiento-de-su-gestion-tributaria-tras-agenda-tecnica-en-bogota\/regional\/#primaryimage"},"thumbnailUrl":"https:\/\/i0.wp.com\/ciudadyregion.com.co\/wp-content\/uploads\/2026\/04\/Pag-2026-04-27T073312.245.jpg?fit=800%2C445&ssl=1","datePublished":"2026-04-27T12:34:29+00:00","dateModified":"2026-04-27T12:34:29+00:00","author":{"@id":"https:\/\/ciudadyregion.com.co\/#\/schema\/person\/04a4954373ebc4051f46e8c65ff78622"},"breadcrumb":{"@id":"https:\/\/ciudadyregion.com.co\/index.php\/el-tolima-avanza-en-el-fortalecimiento-de-su-gestion-tributaria-tras-agenda-tecnica-en-bogota\/regional\/#breadcrumb"},"inLanguage":"es","potentialAction":[{"@type":"ReadAction","target":["https:\/\/ciudadyregion.com.co\/index.php\/el-tolima-avanza-en-el-fortalecimiento-de-su-gestion-tributaria-tras-agenda-tecnica-en-bogota\/regional\/"]}]},{"@type":"ImageObject","inLanguage":"es","@id":"https:\/\/ciudadyregion.com.co\/index.php\/el-tolima-avanza-en-el-fortalecimiento-de-su-gestion-tributaria-tras-agenda-tecnica-en-bogota\/regional\/#primaryimage","url":"https:\/\/i0.wp.com\/ciudadyregion.com.co\/wp-content\/uploads\/2026\/04\/Pag-2026-04-27T073312.245.jpg?fit=800%2C445&ssl=1","contentUrl":"https:\/\/i0.wp.com\/ciudadyregion.com.co\/wp-content\/uploads\/2026\/04\/Pag-2026-04-27T073312.245.jpg?fit=800%2C445&ssl=1","width":800,"height":445},{"@type":"BreadcrumbList","@id":"https:\/\/ciudadyregion.com.co\/index.php\/el-tolima-avanza-en-el-fortalecimiento-de-su-gestion-tributaria-tras-agenda-tecnica-en-bogota\/regional\/#breadcrumb","itemListElement":[{"@type":"ListItem","position":1,"name":"Portada","item":"https:\/\/ciudadyregion.com.co\/"},{"@type":"ListItem","position":2,"name":"El Tolima avanza en el fortalecimiento de su gesti\u00f3n tributaria tras agenda t\u00e9cnica en Bogot\u00e1"}]},{"@type":"WebSite","@id":"https:\/\/ciudadyregion.com.co\/#website","url":"https:\/\/ciudadyregion.com.co\/","name":"Ciudad y Region","description":"","potentialAction":[{"@type":"SearchAction","target":{"@type":"EntryPoint","urlTemplate":"https:\/\/ciudadyregion.com.co\/?s={search_term_string}"},"query-input":{"@type":"PropertyValueSpecification","valueRequired":true,"valueName":"search_term_string"}}],"inLanguage":"es"},{"@type":"Person","@id":"https:\/\/ciudadyregion.com.co\/#\/schema\/person\/04a4954373ebc4051f46e8c65ff78622","name":"David Andr\u00e9s Aguirre","image":{"@type":"ImageObject","inLanguage":"es","@id":"https:\/\/ciudadyregion.com.co\/#\/schema\/person\/image\/","url":"https:\/\/secure.gravatar.com\/avatar\/bc3c655860202182ee6d1b5edd042dbe?s=96&d=mm&r=g","contentUrl":"https:\/\/secure.gravatar.com\/avatar\/bc3c655860202182ee6d1b5edd042dbe?s=96&d=mm&r=g","caption":"David Andr\u00e9s Aguirre"},"url":"https:\/\/ciudadyregion.com.co\/index.php\/author\/diegoaguirre\/"}]}},"jetpack_featured_media_url":"https:\/\/i0.wp.com\/ciudadyregion.com.co\/wp-content\/uploads\/2026\/04\/Pag-2026-04-27T073312.245.jpg?fit=800%2C445&ssl=1","jetpack_sharing_enabled":true,"jetpack_shortlink":"https:\/\/wp.me\/pbS7hh-fuf","jetpack-related-posts":[],"_links":{"self":[{"href":"https:\/\/ciudadyregion.com.co\/index.php\/wp-json\/wp\/v2\/posts\/59535"}],"collection":[{"href":"https:\/\/ciudadyregion.com.co\/index.php\/wp-json\/wp\/v2\/posts"}],"about":[{"href":"https:\/\/ciudadyregion.com.co\/index.php\/wp-json\/wp\/v2\/types\/post"}],"author":[{"embeddable":true,"href":"https:\/\/ciudadyregion.com.co\/index.php\/wp-json\/wp\/v2\/users\/2"}],"replies":[{"embeddable":true,"href":"https:\/\/ciudadyregion.com.co\/index.php\/wp-json\/wp\/v2\/comments?post=59535"}],"version-history":[{"count":1,"href":"https:\/\/ciudadyregion.com.co\/index.php\/wp-json\/wp\/v2\/posts\/59535\/revisions"}],"predecessor-version":[{"id":59537,"href":"https:\/\/ciudadyregion.com.co\/index.php\/wp-json\/wp\/v2\/posts\/59535\/revisions\/59537"}],"wp:featuredmedia":[{"embeddable":true,"href":"https:\/\/ciudadyregion.com.co\/index.php\/wp-json\/wp\/v2\/media\/59536"}],"wp:attachment":[{"href":"https:\/\/ciudadyregion.com.co\/index.php\/wp-json\/wp\/v2\/media?parent=59535"}],"wp:term":[{"taxonomy":"category","embeddable":true,"href":"https:\/\/ciudadyregion.com.co\/index.php\/wp-json\/wp\/v2\/categories?post=59535"},{"taxonomy":"post_tag","embeddable":true,"href":"https:\/\/ciudadyregion.com.co\/index.php\/wp-json\/wp\/v2\/tags?post=59535"}],"curies":[{"name":"wp","href":"https:\/\/api.w.org\/{rel}","templated":true}]}}