{"id":59531,"date":"2026-04-27T07:31:39","date_gmt":"2026-04-27T12:31:39","guid":{"rendered":"https:\/\/ciudadyregion.com.co\/?p=59531"},"modified":"2026-04-27T07:31:39","modified_gmt":"2026-04-27T12:31:39","slug":"ibaguerenos-podran-participar-hasta-el-2-de-mayo-en-la-segunda-jornada-nacional-de-vacunacion","status":"publish","type":"post","link":"https:\/\/ciudadyregion.com.co\/index.php\/ibaguerenos-podran-participar-hasta-el-2-de-mayo-en-la-segunda-jornada-nacional-de-vacunacion\/ibague\/","title":{"rendered":"Ibaguere\u00f1os podr\u00e1n participar hasta el 2 de mayo en la Segunda Jornada Nacional de Vacunaci\u00f3n"},"content":{"rendered":"<div><\/div>\n<div>Fiebre amarilla, t\u00e9tano, virus del papiloma humano, dengue, influenza, COVID-19, entre otros biol\u00f3gicos est\u00e1n disponibles gratuitamente.<\/div>\n<div><\/div>\n<div>Con \u00e9xito inici\u00f3 la Segunda Jornada Nacional de Vacunaci\u00f3n, en el marco de la Semana de Vacunaci\u00f3n de las Am\u00e9ricas, actividad liderada por la Alcald\u00eda de Ibagu\u00e9, la cual se extender\u00e1 hasta el pr\u00f3ximo 2 de mayo.<\/div>\n<div><\/div>\n<div>Durante esta jornada, los ibaguere\u00f1os pudieron acceder de manera gratuita a biol\u00f3gicos que protegen contra enfermedades como la fiebre amarilla, el t\u00e9tano, el virus del papiloma humano (VPH), el dengue, entre otras, reafirmando el compromiso de la Administraci\u00f3n Municipal con la prevenci\u00f3n y el cuidado de la salud p\u00fablica.<\/div>\n<div><\/div>\n<div>\u201cHoy dimos inicio a esta gran jornada, una oportunidad para que todos los ciudadanos completen sus esquemas de vacunaci\u00f3n y protejan su vida y la de sus familias. Las vacunas son seguras, salvan vidas y son una de las herramientas m\u00e1s efectivas en salud p\u00fablica\u201d, afirm\u00f3 Yennifer Guzm\u00e1n, secretaria de Salud Municipal.<\/div>\n<div><\/div>\n<div>Para esta jornada, se han habilitado 18 puntos de vacunaci\u00f3n en toda la ciudad, entre los que se encuentran:<\/div>\n<div>\u2022Viva 1A (sedes calle 43 y calle 27)<\/div>\n<div>\u2022Virrey Sol\u00eds (sedes Macarena y Florida)<\/div>\n<div>\u2022Unidad de Salud de Ibagu\u00e9 (sedes El Salado, Picale\u00f1a, Jord\u00e1n Octava Etapa, San Francisco y Sur \u2013 Ricaurte)<\/div>\n<div>\u2022Centro de salud del Topacio<\/div>\n<div>\u2022Batall\u00f3n Rooke<\/div>\n<div>\u2022Sanidad de la Polic\u00eda Nacional<\/div>\n<div>\u2022Emcosalud<\/div>\n<div>\u2022USI<\/div>\n<div>\u2022Centro M\u00e9dico Sanitas<\/div>\n<div>\u2022Colsubsidio<\/div>\n<div><\/div>\n<div>Estos puntos estar\u00e1n prestando servicio en sus horarios habituales, facilitando el acceso a toda la poblaci\u00f3n.<\/div>\n<div><\/div>\n<div>De igual manera, se ha programado una jornada especial nocturna el pr\u00f3ximo jueves 30 de abril, con el prop\u00f3sito de ampliar la cobertura y permitir que m\u00e1s personas puedan acceder a este servicio.<\/div>\n","protected":false},"excerpt":{"rendered":"<p>Fiebre amarilla, t\u00e9tano, virus del papiloma humano, dengue, influenza, COVID-19, entre otros biol\u00f3gicos est\u00e1n disponibles gratuitamente. Con \u00e9xito inici\u00f3 la Segunda Jornada Nacional de Vacunaci\u00f3n, en el marco de la Semana de Vacunaci\u00f3n de las Am\u00e9ricas, actividad liderada por la Alcald\u00eda de Ibagu\u00e9, la cual se extender\u00e1 hasta el pr\u00f3ximo<span class=\"more-link\"><a href=\"https:\/\/ciudadyregion.com.co\/index.php\/ibaguerenos-podran-participar-hasta-el-2-de-mayo-en-la-segunda-jornada-nacional-de-vacunacion\/ibague\/\">Continuar Leyendo<\/a><\/span><\/p>\n","protected":false},"author":2,"featured_media":59533,"comment_status":"open","ping_status":"open","sticky":false,"template":"","format":"standard","meta":{"_uf_show_specific_survey":0,"_uf_disable_surveys":false,"_jetpack_memberships_contains_paid_content":false,"footnotes":"","jetpack_publicize_message":"","jetpack_publicize_feature_enabled":true,"jetpack_social_post_already_shared":true,"jetpack_social_options":{"image_generator_settings":{"template":"highway","enabled":false},"version":2}},"categories":[14],"tags":[],"class_list":["entry","author-diegoaguirre","post-59531","post","type-post","status-publish","format-standard","has-post-thumbnail","category-ibague"],"jetpack_publicize_connections":[],"yoast_head":"<!-- This site is optimized with the Yoast SEO plugin v24.3 - https:\/\/yoast.com\/wordpress\/plugins\/seo\/ -->\n<title>Ibaguere\u00f1os podr\u00e1n participar hasta el 2 de mayo en la Segunda Jornada Nacional de Vacunaci\u00f3n - Ciudad y Region<\/title>\n<meta name=\"robots\" content=\"index, follow, max-snippet:-1, max-image-preview:large, max-video-preview:-1\" \/>\n<link rel=\"canonical\" href=\"https:\/\/ciudadyregion.com.co\/index.php\/ibaguerenos-podran-participar-hasta-el-2-de-mayo-en-la-segunda-jornada-nacional-de-vacunacion\/ibague\/\" \/>\n<meta property=\"og:locale\" content=\"es_ES\" \/>\n<meta property=\"og:type\" content=\"article\" \/>\n<meta property=\"og:title\" content=\"Ibaguere\u00f1os podr\u00e1n participar hasta el 2 de mayo en la Segunda Jornada Nacional de Vacunaci\u00f3n - Ciudad y Region\" \/>\n<meta property=\"og:description\" content=\"Fiebre amarilla, t\u00e9tano, virus del papiloma humano, dengue, influenza, COVID-19, entre otros biol\u00f3gicos est\u00e1n disponibles gratuitamente. Con \u00e9xito inici\u00f3 la Segunda Jornada Nacional de Vacunaci\u00f3n, en el marco de la Semana de Vacunaci\u00f3n de las Am\u00e9ricas, actividad liderada por la Alcald\u00eda de Ibagu\u00e9, la cual se extender\u00e1 hasta el pr\u00f3ximoContinuar Leyendo\" \/>\n<meta property=\"og:url\" content=\"https:\/\/ciudadyregion.com.co\/index.php\/ibaguerenos-podran-participar-hasta-el-2-de-mayo-en-la-segunda-jornada-nacional-de-vacunacion\/ibague\/\" \/>\n<meta property=\"og:site_name\" content=\"Ciudad y Region\" \/>\n<meta property=\"article:published_time\" content=\"2026-04-27T12:31:39+00:00\" \/>\n<meta property=\"og:image\" content=\"https:\/\/ciudadyregion.com.co\/wp-content\/uploads\/2026\/04\/Pag-2026-04-27T073021.567.jpg\" \/>\n\t<meta property=\"og:image:width\" content=\"800\" \/>\n\t<meta property=\"og:image:height\" content=\"445\" \/>\n\t<meta property=\"og:image:type\" content=\"image\/jpeg\" \/>\n<meta name=\"author\" content=\"David Andr\u00e9s Aguirre\" \/>\n<meta name=\"twitter:card\" content=\"summary_large_image\" \/>\n<meta name=\"twitter:label1\" content=\"Escrito por\" \/>\n\t<meta name=\"twitter:data1\" content=\"David Andr\u00e9s Aguirre\" \/>\n\t<meta name=\"twitter:label2\" content=\"Tiempo de lectura\" \/>\n\t<meta name=\"twitter:data2\" content=\"2 minutos\" \/>\n<script type=\"application\/ld+json\" class=\"yoast-schema-graph\">{\"@context\":\"https:\/\/schema.org\",\"@graph\":[{\"@type\":\"WebPage\",\"@id\":\"https:\/\/ciudadyregion.com.co\/index.php\/ibaguerenos-podran-participar-hasta-el-2-de-mayo-en-la-segunda-jornada-nacional-de-vacunacion\/ibague\/\",\"url\":\"https:\/\/ciudadyregion.com.co\/index.php\/ibaguerenos-podran-participar-hasta-el-2-de-mayo-en-la-segunda-jornada-nacional-de-vacunacion\/ibague\/\",\"name\":\"Ibaguere\u00f1os podr\u00e1n participar hasta el 2 de mayo en la Segunda Jornada Nacional de Vacunaci\u00f3n - Ciudad y Region\",\"isPartOf\":{\"@id\":\"https:\/\/ciudadyregion.com.co\/#website\"},\"primaryImageOfPage\":{\"@id\":\"https:\/\/ciudadyregion.com.co\/index.php\/ibaguerenos-podran-participar-hasta-el-2-de-mayo-en-la-segunda-jornada-nacional-de-vacunacion\/ibague\/#primaryimage\"},\"image\":{\"@id\":\"https:\/\/ciudadyregion.com.co\/index.php\/ibaguerenos-podran-participar-hasta-el-2-de-mayo-en-la-segunda-jornada-nacional-de-vacunacion\/ibague\/#primaryimage\"},\"thumbnailUrl\":\"https:\/\/i0.wp.com\/ciudadyregion.com.co\/wp-content\/uploads\/2026\/04\/Pag-2026-04-27T073021.567.jpg?fit=800%2C445&ssl=1\",\"datePublished\":\"2026-04-27T12:31:39+00:00\",\"dateModified\":\"2026-04-27T12:31:39+00:00\",\"author\":{\"@id\":\"https:\/\/ciudadyregion.com.co\/#\/schema\/person\/04a4954373ebc4051f46e8c65ff78622\"},\"breadcrumb\":{\"@id\":\"https:\/\/ciudadyregion.com.co\/index.php\/ibaguerenos-podran-participar-hasta-el-2-de-mayo-en-la-segunda-jornada-nacional-de-vacunacion\/ibague\/#breadcrumb\"},\"inLanguage\":\"es\",\"potentialAction\":[{\"@type\":\"ReadAction\",\"target\":[\"https:\/\/ciudadyregion.com.co\/index.php\/ibaguerenos-podran-participar-hasta-el-2-de-mayo-en-la-segunda-jornada-nacional-de-vacunacion\/ibague\/\"]}]},{\"@type\":\"ImageObject\",\"inLanguage\":\"es\",\"@id\":\"https:\/\/ciudadyregion.com.co\/index.php\/ibaguerenos-podran-participar-hasta-el-2-de-mayo-en-la-segunda-jornada-nacional-de-vacunacion\/ibague\/#primaryimage\",\"url\":\"https:\/\/i0.wp.com\/ciudadyregion.com.co\/wp-content\/uploads\/2026\/04\/Pag-2026-04-27T073021.567.jpg?fit=800%2C445&ssl=1\",\"contentUrl\":\"https:\/\/i0.wp.com\/ciudadyregion.com.co\/wp-content\/uploads\/2026\/04\/Pag-2026-04-27T073021.567.jpg?fit=800%2C445&ssl=1\",\"width\":800,\"height\":445},{\"@type\":\"BreadcrumbList\",\"@id\":\"https:\/\/ciudadyregion.com.co\/index.php\/ibaguerenos-podran-participar-hasta-el-2-de-mayo-en-la-segunda-jornada-nacional-de-vacunacion\/ibague\/#breadcrumb\",\"itemListElement\":[{\"@type\":\"ListItem\",\"position\":1,\"name\":\"Portada\",\"item\":\"https:\/\/ciudadyregion.com.co\/\"},{\"@type\":\"ListItem\",\"position\":2,\"name\":\"Ibaguere\u00f1os podr\u00e1n participar hasta el 2 de mayo en la Segunda Jornada Nacional de Vacunaci\u00f3n\"}]},{\"@type\":\"WebSite\",\"@id\":\"https:\/\/ciudadyregion.com.co\/#website\",\"url\":\"https:\/\/ciudadyregion.com.co\/\",\"name\":\"Ciudad y Region\",\"description\":\"\",\"potentialAction\":[{\"@type\":\"SearchAction\",\"target\":{\"@type\":\"EntryPoint\",\"urlTemplate\":\"https:\/\/ciudadyregion.com.co\/?s={search_term_string}\"},\"query-input\":{\"@type\":\"PropertyValueSpecification\",\"valueRequired\":true,\"valueName\":\"search_term_string\"}}],\"inLanguage\":\"es\"},{\"@type\":\"Person\",\"@id\":\"https:\/\/ciudadyregion.com.co\/#\/schema\/person\/04a4954373ebc4051f46e8c65ff78622\",\"name\":\"David Andr\u00e9s Aguirre\",\"image\":{\"@type\":\"ImageObject\",\"inLanguage\":\"es\",\"@id\":\"https:\/\/ciudadyregion.com.co\/#\/schema\/person\/image\/\",\"url\":\"https:\/\/secure.gravatar.com\/avatar\/bc3c655860202182ee6d1b5edd042dbe?s=96&d=mm&r=g\",\"contentUrl\":\"https:\/\/secure.gravatar.com\/avatar\/bc3c655860202182ee6d1b5edd042dbe?s=96&d=mm&r=g\",\"caption\":\"David Andr\u00e9s Aguirre\"},\"url\":\"https:\/\/ciudadyregion.com.co\/index.php\/author\/diegoaguirre\/\"}]}<\/script>\n<!-- \/ Yoast SEO plugin. -->","yoast_head_json":{"title":"Ibaguere\u00f1os podr\u00e1n participar hasta el 2 de mayo en la Segunda Jornada Nacional de Vacunaci\u00f3n - Ciudad y Region","robots":{"index":"index","follow":"follow","max-snippet":"max-snippet:-1","max-image-preview":"max-image-preview:large","max-video-preview":"max-video-preview:-1"},"canonical":"https:\/\/ciudadyregion.com.co\/index.php\/ibaguerenos-podran-participar-hasta-el-2-de-mayo-en-la-segunda-jornada-nacional-de-vacunacion\/ibague\/","og_locale":"es_ES","og_type":"article","og_title":"Ibaguere\u00f1os podr\u00e1n participar hasta el 2 de mayo en la Segunda Jornada Nacional de Vacunaci\u00f3n - Ciudad y Region","og_description":"Fiebre amarilla, t\u00e9tano, virus del papiloma humano, dengue, influenza, COVID-19, entre otros biol\u00f3gicos est\u00e1n disponibles gratuitamente. Con \u00e9xito inici\u00f3 la Segunda Jornada Nacional de Vacunaci\u00f3n, en el marco de la Semana de Vacunaci\u00f3n de las Am\u00e9ricas, actividad liderada por la Alcald\u00eda de Ibagu\u00e9, la cual se extender\u00e1 hasta el pr\u00f3ximoContinuar Leyendo","og_url":"https:\/\/ciudadyregion.com.co\/index.php\/ibaguerenos-podran-participar-hasta-el-2-de-mayo-en-la-segunda-jornada-nacional-de-vacunacion\/ibague\/","og_site_name":"Ciudad y Region","article_published_time":"2026-04-27T12:31:39+00:00","og_image":[{"width":800,"height":445,"url":"https:\/\/ciudadyregion.com.co\/wp-content\/uploads\/2026\/04\/Pag-2026-04-27T073021.567.jpg","type":"image\/jpeg"}],"author":"David Andr\u00e9s Aguirre","twitter_card":"summary_large_image","twitter_misc":{"Escrito por":"David Andr\u00e9s Aguirre","Tiempo de lectura":"2 minutos"},"schema":{"@context":"https:\/\/schema.org","@graph":[{"@type":"WebPage","@id":"https:\/\/ciudadyregion.com.co\/index.php\/ibaguerenos-podran-participar-hasta-el-2-de-mayo-en-la-segunda-jornada-nacional-de-vacunacion\/ibague\/","url":"https:\/\/ciudadyregion.com.co\/index.php\/ibaguerenos-podran-participar-hasta-el-2-de-mayo-en-la-segunda-jornada-nacional-de-vacunacion\/ibague\/","name":"Ibaguere\u00f1os podr\u00e1n participar hasta el 2 de mayo en la Segunda Jornada Nacional de Vacunaci\u00f3n - Ciudad y Region","isPartOf":{"@id":"https:\/\/ciudadyregion.com.co\/#website"},"primaryImageOfPage":{"@id":"https:\/\/ciudadyregion.com.co\/index.php\/ibaguerenos-podran-participar-hasta-el-2-de-mayo-en-la-segunda-jornada-nacional-de-vacunacion\/ibague\/#primaryimage"},"image":{"@id":"https:\/\/ciudadyregion.com.co\/index.php\/ibaguerenos-podran-participar-hasta-el-2-de-mayo-en-la-segunda-jornada-nacional-de-vacunacion\/ibague\/#primaryimage"},"thumbnailUrl":"https:\/\/i0.wp.com\/ciudadyregion.com.co\/wp-content\/uploads\/2026\/04\/Pag-2026-04-27T073021.567.jpg?fit=800%2C445&ssl=1","datePublished":"2026-04-27T12:31:39+00:00","dateModified":"2026-04-27T12:31:39+00:00","author":{"@id":"https:\/\/ciudadyregion.com.co\/#\/schema\/person\/04a4954373ebc4051f46e8c65ff78622"},"breadcrumb":{"@id":"https:\/\/ciudadyregion.com.co\/index.php\/ibaguerenos-podran-participar-hasta-el-2-de-mayo-en-la-segunda-jornada-nacional-de-vacunacion\/ibague\/#breadcrumb"},"inLanguage":"es","potentialAction":[{"@type":"ReadAction","target":["https:\/\/ciudadyregion.com.co\/index.php\/ibaguerenos-podran-participar-hasta-el-2-de-mayo-en-la-segunda-jornada-nacional-de-vacunacion\/ibague\/"]}]},{"@type":"ImageObject","inLanguage":"es","@id":"https:\/\/ciudadyregion.com.co\/index.php\/ibaguerenos-podran-participar-hasta-el-2-de-mayo-en-la-segunda-jornada-nacional-de-vacunacion\/ibague\/#primaryimage","url":"https:\/\/i0.wp.com\/ciudadyregion.com.co\/wp-content\/uploads\/2026\/04\/Pag-2026-04-27T073021.567.jpg?fit=800%2C445&ssl=1","contentUrl":"https:\/\/i0.wp.com\/ciudadyregion.com.co\/wp-content\/uploads\/2026\/04\/Pag-2026-04-27T073021.567.jpg?fit=800%2C445&ssl=1","width":800,"height":445},{"@type":"BreadcrumbList","@id":"https:\/\/ciudadyregion.com.co\/index.php\/ibaguerenos-podran-participar-hasta-el-2-de-mayo-en-la-segunda-jornada-nacional-de-vacunacion\/ibague\/#breadcrumb","itemListElement":[{"@type":"ListItem","position":1,"name":"Portada","item":"https:\/\/ciudadyregion.com.co\/"},{"@type":"ListItem","position":2,"name":"Ibaguere\u00f1os podr\u00e1n participar hasta el 2 de mayo en la Segunda Jornada Nacional de Vacunaci\u00f3n"}]},{"@type":"WebSite","@id":"https:\/\/ciudadyregion.com.co\/#website","url":"https:\/\/ciudadyregion.com.co\/","name":"Ciudad y Region","description":"","potentialAction":[{"@type":"SearchAction","target":{"@type":"EntryPoint","urlTemplate":"https:\/\/ciudadyregion.com.co\/?s={search_term_string}"},"query-input":{"@type":"PropertyValueSpecification","valueRequired":true,"valueName":"search_term_string"}}],"inLanguage":"es"},{"@type":"Person","@id":"https:\/\/ciudadyregion.com.co\/#\/schema\/person\/04a4954373ebc4051f46e8c65ff78622","name":"David Andr\u00e9s Aguirre","image":{"@type":"ImageObject","inLanguage":"es","@id":"https:\/\/ciudadyregion.com.co\/#\/schema\/person\/image\/","url":"https:\/\/secure.gravatar.com\/avatar\/bc3c655860202182ee6d1b5edd042dbe?s=96&d=mm&r=g","contentUrl":"https:\/\/secure.gravatar.com\/avatar\/bc3c655860202182ee6d1b5edd042dbe?s=96&d=mm&r=g","caption":"David Andr\u00e9s Aguirre"},"url":"https:\/\/ciudadyregion.com.co\/index.php\/author\/diegoaguirre\/"}]}},"jetpack_featured_media_url":"https:\/\/i0.wp.com\/ciudadyregion.com.co\/wp-content\/uploads\/2026\/04\/Pag-2026-04-27T073021.567.jpg?fit=800%2C445&ssl=1","jetpack_sharing_enabled":true,"jetpack_shortlink":"https:\/\/wp.me\/pbS7hh-fub","jetpack-related-posts":[],"_links":{"self":[{"href":"https:\/\/ciudadyregion.com.co\/index.php\/wp-json\/wp\/v2\/posts\/59531"}],"collection":[{"href":"https:\/\/ciudadyregion.com.co\/index.php\/wp-json\/wp\/v2\/posts"}],"about":[{"href":"https:\/\/ciudadyregion.com.co\/index.php\/wp-json\/wp\/v2\/types\/post"}],"author":[{"embeddable":true,"href":"https:\/\/ciudadyregion.com.co\/index.php\/wp-json\/wp\/v2\/users\/2"}],"replies":[{"embeddable":true,"href":"https:\/\/ciudadyregion.com.co\/index.php\/wp-json\/wp\/v2\/comments?post=59531"}],"version-history":[{"count":1,"href":"https:\/\/ciudadyregion.com.co\/index.php\/wp-json\/wp\/v2\/posts\/59531\/revisions"}],"predecessor-version":[{"id":59534,"href":"https:\/\/ciudadyregion.com.co\/index.php\/wp-json\/wp\/v2\/posts\/59531\/revisions\/59534"}],"wp:featuredmedia":[{"embeddable":true,"href":"https:\/\/ciudadyregion.com.co\/index.php\/wp-json\/wp\/v2\/media\/59533"}],"wp:attachment":[{"href":"https:\/\/ciudadyregion.com.co\/index.php\/wp-json\/wp\/v2\/media?parent=59531"}],"wp:term":[{"taxonomy":"category","embeddable":true,"href":"https:\/\/ciudadyregion.com.co\/index.php\/wp-json\/wp\/v2\/categories?post=59531"},{"taxonomy":"post_tag","embeddable":true,"href":"https:\/\/ciudadyregion.com.co\/index.php\/wp-json\/wp\/v2\/tags?post=59531"}],"curies":[{"name":"wp","href":"https:\/\/api.w.org\/{rel}","templated":true}]}}