{"id":59528,"date":"2026-04-27T07:25:48","date_gmt":"2026-04-27T12:25:48","guid":{"rendered":"https:\/\/ciudadyregion.com.co\/?p=59528"},"modified":"2026-04-27T07:25:48","modified_gmt":"2026-04-27T12:25:48","slug":"alcaldia-de-ibague-cerro-hotel-en-el-centro-de-la-ciudad-por-presencia-de-plagas","status":"publish","type":"post","link":"https:\/\/ciudadyregion.com.co\/index.php\/alcaldia-de-ibague-cerro-hotel-en-el-centro-de-la-ciudad-por-presencia-de-plagas\/ibague\/","title":{"rendered":"Alcald\u00eda de Ibagu\u00e9 cerr\u00f3 hotel en el centro de la ciudad por presencia de plagas"},"content":{"rendered":"<p>En lo corrido del a\u00f1o m\u00e1s de 1.200 establecimientos han sido visitados por las autoridades sanitarias.<\/p>\n<p>La Alcald\u00eda de Ibagu\u00e9 informa a la opini\u00f3n p\u00fablica que fue ordenado el cierre de un hotel ubicado en el centro de la ciudad, tras evidenciarse graves incumplimientos en las condiciones higi\u00e9nico-sanitarias, luego de atender una denuncia ciudadana.<\/p>\n<p>Durante la inspecci\u00f3n, el equipo t\u00e9cnico encontr\u00f3 basuras al interior de las habitaciones, residuos dispuestos en lugares inadecuados, presencia de comida debajo de los colchones y una evidente infestaci\u00f3n de cucarachas, lo que representa un riesgo para la salud de los usuarios.<\/p>\n<p>Este establecimiento no contaba con las condiciones m\u00ednimas exigidas en materia de salubridad, por lo cual se procedi\u00f3 a aplicar la medida sanitaria de cierre como acci\u00f3n preventiva para proteger a la comunidad. Asimismo, se informa que el lugar no podr\u00e1 reanudar sus actividades hasta que subsane en su totalidad las observaciones realizadas por la autoridad sanitaria.<\/p>\n<p>\u201cEstas situaciones son inaceptables. Nuestro compromiso es velar por la salud de los ibaguere\u00f1os, por eso actuamos con firmeza frente a cualquier establecimiento que ponga en riesgo el bienestar de la ciudadan\u00eda\u201d, se\u00f1al\u00f3 Yennifer Guzm\u00e1n, secretaria de Salud<\/p>\n<p>En lo corrido del a\u00f1o, la Secretar\u00eda de Salud ha realizado m\u00e1s de 1.200 visitas de inspecci\u00f3n a establecimientos comerciales, con el fin de verificar el cumplimiento de las condiciones higi\u00e9nico-sanitarias y garantizar espacios seguros para la comunidad.<\/p>\n","protected":false},"excerpt":{"rendered":"<p>En lo corrido del a\u00f1o m\u00e1s de 1.200 establecimientos han sido visitados por las autoridades sanitarias. La Alcald\u00eda de Ibagu\u00e9 informa a la opini\u00f3n p\u00fablica que fue ordenado el cierre de un hotel ubicado en el centro de la ciudad, tras evidenciarse graves incumplimientos en las condiciones higi\u00e9nico-sanitarias, luego de<span class=\"more-link\"><a href=\"https:\/\/ciudadyregion.com.co\/index.php\/alcaldia-de-ibague-cerro-hotel-en-el-centro-de-la-ciudad-por-presencia-de-plagas\/ibague\/\">Continuar Leyendo<\/a><\/span><\/p>\n","protected":false},"author":2,"featured_media":59529,"comment_status":"open","ping_status":"open","sticky":false,"template":"","format":"standard","meta":{"_uf_show_specific_survey":0,"_uf_disable_surveys":false,"_jetpack_memberships_contains_paid_content":false,"footnotes":"","jetpack_publicize_message":"","jetpack_publicize_feature_enabled":true,"jetpack_social_post_already_shared":true,"jetpack_social_options":{"image_generator_settings":{"template":"highway","enabled":false},"version":2}},"categories":[14],"tags":[],"class_list":["entry","author-diegoaguirre","post-59528","post","type-post","status-publish","format-standard","has-post-thumbnail","category-ibague"],"jetpack_publicize_connections":[],"yoast_head":"<!-- This site is optimized with the Yoast SEO plugin v24.3 - https:\/\/yoast.com\/wordpress\/plugins\/seo\/ -->\n<title>Alcald\u00eda de Ibagu\u00e9 cerr\u00f3 hotel en el centro de la ciudad por presencia de plagas - Ciudad y Region<\/title>\n<meta name=\"robots\" content=\"index, follow, max-snippet:-1, max-image-preview:large, max-video-preview:-1\" \/>\n<link rel=\"canonical\" href=\"https:\/\/ciudadyregion.com.co\/index.php\/alcaldia-de-ibague-cerro-hotel-en-el-centro-de-la-ciudad-por-presencia-de-plagas\/ibague\/\" \/>\n<meta property=\"og:locale\" content=\"es_ES\" \/>\n<meta property=\"og:type\" content=\"article\" \/>\n<meta property=\"og:title\" content=\"Alcald\u00eda de Ibagu\u00e9 cerr\u00f3 hotel en el centro de la ciudad por presencia de plagas - Ciudad y Region\" \/>\n<meta property=\"og:description\" content=\"En lo corrido del a\u00f1o m\u00e1s de 1.200 establecimientos han sido visitados por las autoridades sanitarias. La Alcald\u00eda de Ibagu\u00e9 informa a la opini\u00f3n p\u00fablica que fue ordenado el cierre de un hotel ubicado en el centro de la ciudad, tras evidenciarse graves incumplimientos en las condiciones higi\u00e9nico-sanitarias, luego deContinuar Leyendo\" \/>\n<meta property=\"og:url\" content=\"https:\/\/ciudadyregion.com.co\/index.php\/alcaldia-de-ibague-cerro-hotel-en-el-centro-de-la-ciudad-por-presencia-de-plagas\/ibague\/\" \/>\n<meta property=\"og:site_name\" content=\"Ciudad y Region\" \/>\n<meta property=\"article:published_time\" content=\"2026-04-27T12:25:48+00:00\" \/>\n<meta property=\"og:image\" content=\"https:\/\/ciudadyregion.com.co\/wp-content\/uploads\/2026\/04\/Pag-2026-04-27T072510.254.jpg\" \/>\n\t<meta property=\"og:image:width\" content=\"800\" \/>\n\t<meta property=\"og:image:height\" content=\"445\" \/>\n\t<meta property=\"og:image:type\" content=\"image\/jpeg\" \/>\n<meta name=\"author\" content=\"David Andr\u00e9s Aguirre\" \/>\n<meta name=\"twitter:card\" content=\"summary_large_image\" \/>\n<meta name=\"twitter:label1\" content=\"Escrito por\" \/>\n\t<meta name=\"twitter:data1\" content=\"David Andr\u00e9s Aguirre\" \/>\n\t<meta name=\"twitter:label2\" content=\"Tiempo de lectura\" \/>\n\t<meta name=\"twitter:data2\" content=\"2 minutos\" \/>\n<script type=\"application\/ld+json\" class=\"yoast-schema-graph\">{\"@context\":\"https:\/\/schema.org\",\"@graph\":[{\"@type\":\"WebPage\",\"@id\":\"https:\/\/ciudadyregion.com.co\/index.php\/alcaldia-de-ibague-cerro-hotel-en-el-centro-de-la-ciudad-por-presencia-de-plagas\/ibague\/\",\"url\":\"https:\/\/ciudadyregion.com.co\/index.php\/alcaldia-de-ibague-cerro-hotel-en-el-centro-de-la-ciudad-por-presencia-de-plagas\/ibague\/\",\"name\":\"Alcald\u00eda de Ibagu\u00e9 cerr\u00f3 hotel en el centro de la ciudad por presencia de plagas - Ciudad y Region\",\"isPartOf\":{\"@id\":\"https:\/\/ciudadyregion.com.co\/#website\"},\"primaryImageOfPage\":{\"@id\":\"https:\/\/ciudadyregion.com.co\/index.php\/alcaldia-de-ibague-cerro-hotel-en-el-centro-de-la-ciudad-por-presencia-de-plagas\/ibague\/#primaryimage\"},\"image\":{\"@id\":\"https:\/\/ciudadyregion.com.co\/index.php\/alcaldia-de-ibague-cerro-hotel-en-el-centro-de-la-ciudad-por-presencia-de-plagas\/ibague\/#primaryimage\"},\"thumbnailUrl\":\"https:\/\/i0.wp.com\/ciudadyregion.com.co\/wp-content\/uploads\/2026\/04\/Pag-2026-04-27T072510.254.jpg?fit=800%2C445&ssl=1\",\"datePublished\":\"2026-04-27T12:25:48+00:00\",\"dateModified\":\"2026-04-27T12:25:48+00:00\",\"author\":{\"@id\":\"https:\/\/ciudadyregion.com.co\/#\/schema\/person\/04a4954373ebc4051f46e8c65ff78622\"},\"breadcrumb\":{\"@id\":\"https:\/\/ciudadyregion.com.co\/index.php\/alcaldia-de-ibague-cerro-hotel-en-el-centro-de-la-ciudad-por-presencia-de-plagas\/ibague\/#breadcrumb\"},\"inLanguage\":\"es\",\"potentialAction\":[{\"@type\":\"ReadAction\",\"target\":[\"https:\/\/ciudadyregion.com.co\/index.php\/alcaldia-de-ibague-cerro-hotel-en-el-centro-de-la-ciudad-por-presencia-de-plagas\/ibague\/\"]}]},{\"@type\":\"ImageObject\",\"inLanguage\":\"es\",\"@id\":\"https:\/\/ciudadyregion.com.co\/index.php\/alcaldia-de-ibague-cerro-hotel-en-el-centro-de-la-ciudad-por-presencia-de-plagas\/ibague\/#primaryimage\",\"url\":\"https:\/\/i0.wp.com\/ciudadyregion.com.co\/wp-content\/uploads\/2026\/04\/Pag-2026-04-27T072510.254.jpg?fit=800%2C445&ssl=1\",\"contentUrl\":\"https:\/\/i0.wp.com\/ciudadyregion.com.co\/wp-content\/uploads\/2026\/04\/Pag-2026-04-27T072510.254.jpg?fit=800%2C445&ssl=1\",\"width\":800,\"height\":445},{\"@type\":\"BreadcrumbList\",\"@id\":\"https:\/\/ciudadyregion.com.co\/index.php\/alcaldia-de-ibague-cerro-hotel-en-el-centro-de-la-ciudad-por-presencia-de-plagas\/ibague\/#breadcrumb\",\"itemListElement\":[{\"@type\":\"ListItem\",\"position\":1,\"name\":\"Portada\",\"item\":\"https:\/\/ciudadyregion.com.co\/\"},{\"@type\":\"ListItem\",\"position\":2,\"name\":\"Alcald\u00eda de Ibagu\u00e9 cerr\u00f3 hotel en el centro de la ciudad por presencia de plagas\"}]},{\"@type\":\"WebSite\",\"@id\":\"https:\/\/ciudadyregion.com.co\/#website\",\"url\":\"https:\/\/ciudadyregion.com.co\/\",\"name\":\"Ciudad y Region\",\"description\":\"\",\"potentialAction\":[{\"@type\":\"SearchAction\",\"target\":{\"@type\":\"EntryPoint\",\"urlTemplate\":\"https:\/\/ciudadyregion.com.co\/?s={search_term_string}\"},\"query-input\":{\"@type\":\"PropertyValueSpecification\",\"valueRequired\":true,\"valueName\":\"search_term_string\"}}],\"inLanguage\":\"es\"},{\"@type\":\"Person\",\"@id\":\"https:\/\/ciudadyregion.com.co\/#\/schema\/person\/04a4954373ebc4051f46e8c65ff78622\",\"name\":\"David Andr\u00e9s Aguirre\",\"image\":{\"@type\":\"ImageObject\",\"inLanguage\":\"es\",\"@id\":\"https:\/\/ciudadyregion.com.co\/#\/schema\/person\/image\/\",\"url\":\"https:\/\/secure.gravatar.com\/avatar\/bc3c655860202182ee6d1b5edd042dbe?s=96&d=mm&r=g\",\"contentUrl\":\"https:\/\/secure.gravatar.com\/avatar\/bc3c655860202182ee6d1b5edd042dbe?s=96&d=mm&r=g\",\"caption\":\"David Andr\u00e9s Aguirre\"},\"url\":\"https:\/\/ciudadyregion.com.co\/index.php\/author\/diegoaguirre\/\"}]}<\/script>\n<!-- \/ Yoast SEO plugin. -->","yoast_head_json":{"title":"Alcald\u00eda de Ibagu\u00e9 cerr\u00f3 hotel en el centro de la ciudad por presencia de plagas - Ciudad y Region","robots":{"index":"index","follow":"follow","max-snippet":"max-snippet:-1","max-image-preview":"max-image-preview:large","max-video-preview":"max-video-preview:-1"},"canonical":"https:\/\/ciudadyregion.com.co\/index.php\/alcaldia-de-ibague-cerro-hotel-en-el-centro-de-la-ciudad-por-presencia-de-plagas\/ibague\/","og_locale":"es_ES","og_type":"article","og_title":"Alcald\u00eda de Ibagu\u00e9 cerr\u00f3 hotel en el centro de la ciudad por presencia de plagas - Ciudad y Region","og_description":"En lo corrido del a\u00f1o m\u00e1s de 1.200 establecimientos han sido visitados por las autoridades sanitarias. La Alcald\u00eda de Ibagu\u00e9 informa a la opini\u00f3n p\u00fablica que fue ordenado el cierre de un hotel ubicado en el centro de la ciudad, tras evidenciarse graves incumplimientos en las condiciones higi\u00e9nico-sanitarias, luego deContinuar Leyendo","og_url":"https:\/\/ciudadyregion.com.co\/index.php\/alcaldia-de-ibague-cerro-hotel-en-el-centro-de-la-ciudad-por-presencia-de-plagas\/ibague\/","og_site_name":"Ciudad y Region","article_published_time":"2026-04-27T12:25:48+00:00","og_image":[{"width":800,"height":445,"url":"https:\/\/ciudadyregion.com.co\/wp-content\/uploads\/2026\/04\/Pag-2026-04-27T072510.254.jpg","type":"image\/jpeg"}],"author":"David Andr\u00e9s Aguirre","twitter_card":"summary_large_image","twitter_misc":{"Escrito por":"David Andr\u00e9s Aguirre","Tiempo de lectura":"2 minutos"},"schema":{"@context":"https:\/\/schema.org","@graph":[{"@type":"WebPage","@id":"https:\/\/ciudadyregion.com.co\/index.php\/alcaldia-de-ibague-cerro-hotel-en-el-centro-de-la-ciudad-por-presencia-de-plagas\/ibague\/","url":"https:\/\/ciudadyregion.com.co\/index.php\/alcaldia-de-ibague-cerro-hotel-en-el-centro-de-la-ciudad-por-presencia-de-plagas\/ibague\/","name":"Alcald\u00eda de Ibagu\u00e9 cerr\u00f3 hotel en el centro de la ciudad por presencia de plagas - Ciudad y Region","isPartOf":{"@id":"https:\/\/ciudadyregion.com.co\/#website"},"primaryImageOfPage":{"@id":"https:\/\/ciudadyregion.com.co\/index.php\/alcaldia-de-ibague-cerro-hotel-en-el-centro-de-la-ciudad-por-presencia-de-plagas\/ibague\/#primaryimage"},"image":{"@id":"https:\/\/ciudadyregion.com.co\/index.php\/alcaldia-de-ibague-cerro-hotel-en-el-centro-de-la-ciudad-por-presencia-de-plagas\/ibague\/#primaryimage"},"thumbnailUrl":"https:\/\/i0.wp.com\/ciudadyregion.com.co\/wp-content\/uploads\/2026\/04\/Pag-2026-04-27T072510.254.jpg?fit=800%2C445&ssl=1","datePublished":"2026-04-27T12:25:48+00:00","dateModified":"2026-04-27T12:25:48+00:00","author":{"@id":"https:\/\/ciudadyregion.com.co\/#\/schema\/person\/04a4954373ebc4051f46e8c65ff78622"},"breadcrumb":{"@id":"https:\/\/ciudadyregion.com.co\/index.php\/alcaldia-de-ibague-cerro-hotel-en-el-centro-de-la-ciudad-por-presencia-de-plagas\/ibague\/#breadcrumb"},"inLanguage":"es","potentialAction":[{"@type":"ReadAction","target":["https:\/\/ciudadyregion.com.co\/index.php\/alcaldia-de-ibague-cerro-hotel-en-el-centro-de-la-ciudad-por-presencia-de-plagas\/ibague\/"]}]},{"@type":"ImageObject","inLanguage":"es","@id":"https:\/\/ciudadyregion.com.co\/index.php\/alcaldia-de-ibague-cerro-hotel-en-el-centro-de-la-ciudad-por-presencia-de-plagas\/ibague\/#primaryimage","url":"https:\/\/i0.wp.com\/ciudadyregion.com.co\/wp-content\/uploads\/2026\/04\/Pag-2026-04-27T072510.254.jpg?fit=800%2C445&ssl=1","contentUrl":"https:\/\/i0.wp.com\/ciudadyregion.com.co\/wp-content\/uploads\/2026\/04\/Pag-2026-04-27T072510.254.jpg?fit=800%2C445&ssl=1","width":800,"height":445},{"@type":"BreadcrumbList","@id":"https:\/\/ciudadyregion.com.co\/index.php\/alcaldia-de-ibague-cerro-hotel-en-el-centro-de-la-ciudad-por-presencia-de-plagas\/ibague\/#breadcrumb","itemListElement":[{"@type":"ListItem","position":1,"name":"Portada","item":"https:\/\/ciudadyregion.com.co\/"},{"@type":"ListItem","position":2,"name":"Alcald\u00eda de Ibagu\u00e9 cerr\u00f3 hotel en el centro de la ciudad por presencia de plagas"}]},{"@type":"WebSite","@id":"https:\/\/ciudadyregion.com.co\/#website","url":"https:\/\/ciudadyregion.com.co\/","name":"Ciudad y Region","description":"","potentialAction":[{"@type":"SearchAction","target":{"@type":"EntryPoint","urlTemplate":"https:\/\/ciudadyregion.com.co\/?s={search_term_string}"},"query-input":{"@type":"PropertyValueSpecification","valueRequired":true,"valueName":"search_term_string"}}],"inLanguage":"es"},{"@type":"Person","@id":"https:\/\/ciudadyregion.com.co\/#\/schema\/person\/04a4954373ebc4051f46e8c65ff78622","name":"David Andr\u00e9s Aguirre","image":{"@type":"ImageObject","inLanguage":"es","@id":"https:\/\/ciudadyregion.com.co\/#\/schema\/person\/image\/","url":"https:\/\/secure.gravatar.com\/avatar\/bc3c655860202182ee6d1b5edd042dbe?s=96&d=mm&r=g","contentUrl":"https:\/\/secure.gravatar.com\/avatar\/bc3c655860202182ee6d1b5edd042dbe?s=96&d=mm&r=g","caption":"David Andr\u00e9s Aguirre"},"url":"https:\/\/ciudadyregion.com.co\/index.php\/author\/diegoaguirre\/"}]}},"jetpack_featured_media_url":"https:\/\/i0.wp.com\/ciudadyregion.com.co\/wp-content\/uploads\/2026\/04\/Pag-2026-04-27T072510.254.jpg?fit=800%2C445&ssl=1","jetpack_sharing_enabled":true,"jetpack_shortlink":"https:\/\/wp.me\/pbS7hh-fu8","jetpack-related-posts":[],"_links":{"self":[{"href":"https:\/\/ciudadyregion.com.co\/index.php\/wp-json\/wp\/v2\/posts\/59528"}],"collection":[{"href":"https:\/\/ciudadyregion.com.co\/index.php\/wp-json\/wp\/v2\/posts"}],"about":[{"href":"https:\/\/ciudadyregion.com.co\/index.php\/wp-json\/wp\/v2\/types\/post"}],"author":[{"embeddable":true,"href":"https:\/\/ciudadyregion.com.co\/index.php\/wp-json\/wp\/v2\/users\/2"}],"replies":[{"embeddable":true,"href":"https:\/\/ciudadyregion.com.co\/index.php\/wp-json\/wp\/v2\/comments?post=59528"}],"version-history":[{"count":1,"href":"https:\/\/ciudadyregion.com.co\/index.php\/wp-json\/wp\/v2\/posts\/59528\/revisions"}],"predecessor-version":[{"id":59530,"href":"https:\/\/ciudadyregion.com.co\/index.php\/wp-json\/wp\/v2\/posts\/59528\/revisions\/59530"}],"wp:featuredmedia":[{"embeddable":true,"href":"https:\/\/ciudadyregion.com.co\/index.php\/wp-json\/wp\/v2\/media\/59529"}],"wp:attachment":[{"href":"https:\/\/ciudadyregion.com.co\/index.php\/wp-json\/wp\/v2\/media?parent=59528"}],"wp:term":[{"taxonomy":"category","embeddable":true,"href":"https:\/\/ciudadyregion.com.co\/index.php\/wp-json\/wp\/v2\/categories?post=59528"},{"taxonomy":"post_tag","embeddable":true,"href":"https:\/\/ciudadyregion.com.co\/index.php\/wp-json\/wp\/v2\/tags?post=59528"}],"curies":[{"name":"wp","href":"https:\/\/api.w.org\/{rel}","templated":true}]}}