{"id":59519,"date":"2026-04-27T07:18:39","date_gmt":"2026-04-27T12:18:39","guid":{"rendered":"https:\/\/ciudadyregion.com.co\/?p=59519"},"modified":"2026-04-27T07:18:39","modified_gmt":"2026-04-27T12:18:39","slug":"alcaldia-de-ibague-celebro-el-dia-del-nino-con-una-jornada-para-toda-la-familia","status":"publish","type":"post","link":"https:\/\/ciudadyregion.com.co\/index.php\/alcaldia-de-ibague-celebro-el-dia-del-nino-con-una-jornada-para-toda-la-familia\/ibague\/","title":{"rendered":"Alcald\u00eda de Ibagu\u00e9 celebr\u00f3 el D\u00eda del Ni\u00f1o con una jornada para toda la familia"},"content":{"rendered":"<p>Ni\u00f1os, ni\u00f1as y sus acudientes vivieron un d\u00eda diferente, lleno de actividades, sonrisas y espacios pensados para ellos.<\/p>\n<p>La Administraci\u00f3n Municipal celebr\u00f3 el D\u00eda del Ni\u00f1o en Ibagu\u00e9 con una jornada donde los m\u00e1s peque\u00f1os fueron los protagonistas, en medio de actividades pensadas para que disfrutaran y compartieran.<\/p>\n<p>Durante la actividad, los ni\u00f1os y ni\u00f1as participaron en juegos de memoria, din\u00e1micas de agilidad mental, espacios para pintar y otras experiencias que les permitieron interactuar y salir de la rutina.<\/p>\n<p>La jornada hizo parte de la estrategia \u2018Ibagu\u00e9 es un territorio para jugar\u2019, una apuesta del Gobierno Local por generar espacios seguros y cercanos para la ni\u00f1ez.<\/p>\n<p>\u201cMuy contenta por la actividad de hoy que nos une como familia. Mi hija muy feliz, no cambio la cara de felicidad de ella al recibir los patines, ya que fue una de las ganadoras en la actividad\u201d, expres\u00f3 Isabel Ort\u00edz, participante del evento.<\/p>\n<p>Con estas acciones, la Administraci\u00f3n Municipal contin\u00faa promoviendo espacios donde la ni\u00f1ez pueda disfrutar y compartir en entornos m\u00e1s cercanos y seguros.<\/p>\n","protected":false},"excerpt":{"rendered":"<p>Ni\u00f1os, ni\u00f1as y sus acudientes vivieron un d\u00eda diferente, lleno de actividades, sonrisas y espacios pensados para ellos. La Administraci\u00f3n Municipal celebr\u00f3 el D\u00eda del Ni\u00f1o en Ibagu\u00e9 con una jornada donde los m\u00e1s peque\u00f1os fueron los protagonistas, en medio de actividades pensadas para que disfrutaran y compartieran. Durante la<span class=\"more-link\"><a href=\"https:\/\/ciudadyregion.com.co\/index.php\/alcaldia-de-ibague-celebro-el-dia-del-nino-con-una-jornada-para-toda-la-familia\/ibague\/\">Continuar Leyendo<\/a><\/span><\/p>\n","protected":false},"author":2,"featured_media":59520,"comment_status":"open","ping_status":"open","sticky":false,"template":"","format":"standard","meta":{"_uf_show_specific_survey":0,"_uf_disable_surveys":false,"_jetpack_memberships_contains_paid_content":false,"footnotes":"","jetpack_publicize_message":"","jetpack_publicize_feature_enabled":true,"jetpack_social_post_already_shared":true,"jetpack_social_options":{"image_generator_settings":{"template":"highway","enabled":false},"version":2}},"categories":[14],"tags":[],"class_list":["entry","author-diegoaguirre","post-59519","post","type-post","status-publish","format-standard","has-post-thumbnail","category-ibague"],"jetpack_publicize_connections":[],"yoast_head":"<!-- This site is optimized with the Yoast SEO plugin v24.3 - https:\/\/yoast.com\/wordpress\/plugins\/seo\/ -->\n<title>Alcald\u00eda de Ibagu\u00e9 celebr\u00f3 el D\u00eda del Ni\u00f1o con una jornada para toda la familia - Ciudad y Region<\/title>\n<meta name=\"robots\" content=\"index, follow, max-snippet:-1, max-image-preview:large, max-video-preview:-1\" \/>\n<link rel=\"canonical\" href=\"https:\/\/ciudadyregion.com.co\/index.php\/alcaldia-de-ibague-celebro-el-dia-del-nino-con-una-jornada-para-toda-la-familia\/ibague\/\" \/>\n<meta property=\"og:locale\" content=\"es_ES\" \/>\n<meta property=\"og:type\" content=\"article\" \/>\n<meta property=\"og:title\" content=\"Alcald\u00eda de Ibagu\u00e9 celebr\u00f3 el D\u00eda del Ni\u00f1o con una jornada para toda la familia - Ciudad y Region\" \/>\n<meta property=\"og:description\" content=\"Ni\u00f1os, ni\u00f1as y sus acudientes vivieron un d\u00eda diferente, lleno de actividades, sonrisas y espacios pensados para ellos. La Administraci\u00f3n Municipal celebr\u00f3 el D\u00eda del Ni\u00f1o en Ibagu\u00e9 con una jornada donde los m\u00e1s peque\u00f1os fueron los protagonistas, en medio de actividades pensadas para que disfrutaran y compartieran. Durante laContinuar Leyendo\" \/>\n<meta property=\"og:url\" content=\"https:\/\/ciudadyregion.com.co\/index.php\/alcaldia-de-ibague-celebro-el-dia-del-nino-con-una-jornada-para-toda-la-familia\/ibague\/\" \/>\n<meta property=\"og:site_name\" content=\"Ciudad y Region\" \/>\n<meta property=\"article:published_time\" content=\"2026-04-27T12:18:39+00:00\" \/>\n<meta property=\"og:image\" content=\"https:\/\/ciudadyregion.com.co\/wp-content\/uploads\/2026\/04\/Pag-2026-04-27T071727.923.jpg\" \/>\n\t<meta property=\"og:image:width\" content=\"800\" \/>\n\t<meta property=\"og:image:height\" content=\"445\" \/>\n\t<meta property=\"og:image:type\" content=\"image\/jpeg\" \/>\n<meta name=\"author\" content=\"David Andr\u00e9s Aguirre\" \/>\n<meta name=\"twitter:card\" content=\"summary_large_image\" \/>\n<meta name=\"twitter:label1\" content=\"Escrito por\" \/>\n\t<meta name=\"twitter:data1\" content=\"David Andr\u00e9s Aguirre\" \/>\n\t<meta name=\"twitter:label2\" content=\"Tiempo de lectura\" \/>\n\t<meta name=\"twitter:data2\" content=\"1 minuto\" \/>\n<script type=\"application\/ld+json\" class=\"yoast-schema-graph\">{\"@context\":\"https:\/\/schema.org\",\"@graph\":[{\"@type\":\"WebPage\",\"@id\":\"https:\/\/ciudadyregion.com.co\/index.php\/alcaldia-de-ibague-celebro-el-dia-del-nino-con-una-jornada-para-toda-la-familia\/ibague\/\",\"url\":\"https:\/\/ciudadyregion.com.co\/index.php\/alcaldia-de-ibague-celebro-el-dia-del-nino-con-una-jornada-para-toda-la-familia\/ibague\/\",\"name\":\"Alcald\u00eda de Ibagu\u00e9 celebr\u00f3 el D\u00eda del Ni\u00f1o con una jornada para toda la familia - Ciudad y Region\",\"isPartOf\":{\"@id\":\"https:\/\/ciudadyregion.com.co\/#website\"},\"primaryImageOfPage\":{\"@id\":\"https:\/\/ciudadyregion.com.co\/index.php\/alcaldia-de-ibague-celebro-el-dia-del-nino-con-una-jornada-para-toda-la-familia\/ibague\/#primaryimage\"},\"image\":{\"@id\":\"https:\/\/ciudadyregion.com.co\/index.php\/alcaldia-de-ibague-celebro-el-dia-del-nino-con-una-jornada-para-toda-la-familia\/ibague\/#primaryimage\"},\"thumbnailUrl\":\"https:\/\/i0.wp.com\/ciudadyregion.com.co\/wp-content\/uploads\/2026\/04\/Pag-2026-04-27T071727.923.jpg?fit=800%2C445&ssl=1\",\"datePublished\":\"2026-04-27T12:18:39+00:00\",\"dateModified\":\"2026-04-27T12:18:39+00:00\",\"author\":{\"@id\":\"https:\/\/ciudadyregion.com.co\/#\/schema\/person\/04a4954373ebc4051f46e8c65ff78622\"},\"breadcrumb\":{\"@id\":\"https:\/\/ciudadyregion.com.co\/index.php\/alcaldia-de-ibague-celebro-el-dia-del-nino-con-una-jornada-para-toda-la-familia\/ibague\/#breadcrumb\"},\"inLanguage\":\"es\",\"potentialAction\":[{\"@type\":\"ReadAction\",\"target\":[\"https:\/\/ciudadyregion.com.co\/index.php\/alcaldia-de-ibague-celebro-el-dia-del-nino-con-una-jornada-para-toda-la-familia\/ibague\/\"]}]},{\"@type\":\"ImageObject\",\"inLanguage\":\"es\",\"@id\":\"https:\/\/ciudadyregion.com.co\/index.php\/alcaldia-de-ibague-celebro-el-dia-del-nino-con-una-jornada-para-toda-la-familia\/ibague\/#primaryimage\",\"url\":\"https:\/\/i0.wp.com\/ciudadyregion.com.co\/wp-content\/uploads\/2026\/04\/Pag-2026-04-27T071727.923.jpg?fit=800%2C445&ssl=1\",\"contentUrl\":\"https:\/\/i0.wp.com\/ciudadyregion.com.co\/wp-content\/uploads\/2026\/04\/Pag-2026-04-27T071727.923.jpg?fit=800%2C445&ssl=1\",\"width\":800,\"height\":445},{\"@type\":\"BreadcrumbList\",\"@id\":\"https:\/\/ciudadyregion.com.co\/index.php\/alcaldia-de-ibague-celebro-el-dia-del-nino-con-una-jornada-para-toda-la-familia\/ibague\/#breadcrumb\",\"itemListElement\":[{\"@type\":\"ListItem\",\"position\":1,\"name\":\"Portada\",\"item\":\"https:\/\/ciudadyregion.com.co\/\"},{\"@type\":\"ListItem\",\"position\":2,\"name\":\"Alcald\u00eda de Ibagu\u00e9 celebr\u00f3 el D\u00eda del Ni\u00f1o con una jornada para toda la familia\"}]},{\"@type\":\"WebSite\",\"@id\":\"https:\/\/ciudadyregion.com.co\/#website\",\"url\":\"https:\/\/ciudadyregion.com.co\/\",\"name\":\"Ciudad y Region\",\"description\":\"\",\"potentialAction\":[{\"@type\":\"SearchAction\",\"target\":{\"@type\":\"EntryPoint\",\"urlTemplate\":\"https:\/\/ciudadyregion.com.co\/?s={search_term_string}\"},\"query-input\":{\"@type\":\"PropertyValueSpecification\",\"valueRequired\":true,\"valueName\":\"search_term_string\"}}],\"inLanguage\":\"es\"},{\"@type\":\"Person\",\"@id\":\"https:\/\/ciudadyregion.com.co\/#\/schema\/person\/04a4954373ebc4051f46e8c65ff78622\",\"name\":\"David Andr\u00e9s Aguirre\",\"image\":{\"@type\":\"ImageObject\",\"inLanguage\":\"es\",\"@id\":\"https:\/\/ciudadyregion.com.co\/#\/schema\/person\/image\/\",\"url\":\"https:\/\/secure.gravatar.com\/avatar\/bc3c655860202182ee6d1b5edd042dbe?s=96&d=mm&r=g\",\"contentUrl\":\"https:\/\/secure.gravatar.com\/avatar\/bc3c655860202182ee6d1b5edd042dbe?s=96&d=mm&r=g\",\"caption\":\"David Andr\u00e9s Aguirre\"},\"url\":\"https:\/\/ciudadyregion.com.co\/index.php\/author\/diegoaguirre\/\"}]}<\/script>\n<!-- \/ Yoast SEO plugin. -->","yoast_head_json":{"title":"Alcald\u00eda de Ibagu\u00e9 celebr\u00f3 el D\u00eda del Ni\u00f1o con una jornada para toda la familia - Ciudad y Region","robots":{"index":"index","follow":"follow","max-snippet":"max-snippet:-1","max-image-preview":"max-image-preview:large","max-video-preview":"max-video-preview:-1"},"canonical":"https:\/\/ciudadyregion.com.co\/index.php\/alcaldia-de-ibague-celebro-el-dia-del-nino-con-una-jornada-para-toda-la-familia\/ibague\/","og_locale":"es_ES","og_type":"article","og_title":"Alcald\u00eda de Ibagu\u00e9 celebr\u00f3 el D\u00eda del Ni\u00f1o con una jornada para toda la familia - Ciudad y Region","og_description":"Ni\u00f1os, ni\u00f1as y sus acudientes vivieron un d\u00eda diferente, lleno de actividades, sonrisas y espacios pensados para ellos. La Administraci\u00f3n Municipal celebr\u00f3 el D\u00eda del Ni\u00f1o en Ibagu\u00e9 con una jornada donde los m\u00e1s peque\u00f1os fueron los protagonistas, en medio de actividades pensadas para que disfrutaran y compartieran. Durante laContinuar Leyendo","og_url":"https:\/\/ciudadyregion.com.co\/index.php\/alcaldia-de-ibague-celebro-el-dia-del-nino-con-una-jornada-para-toda-la-familia\/ibague\/","og_site_name":"Ciudad y Region","article_published_time":"2026-04-27T12:18:39+00:00","og_image":[{"width":800,"height":445,"url":"https:\/\/ciudadyregion.com.co\/wp-content\/uploads\/2026\/04\/Pag-2026-04-27T071727.923.jpg","type":"image\/jpeg"}],"author":"David Andr\u00e9s Aguirre","twitter_card":"summary_large_image","twitter_misc":{"Escrito por":"David Andr\u00e9s Aguirre","Tiempo de lectura":"1 minuto"},"schema":{"@context":"https:\/\/schema.org","@graph":[{"@type":"WebPage","@id":"https:\/\/ciudadyregion.com.co\/index.php\/alcaldia-de-ibague-celebro-el-dia-del-nino-con-una-jornada-para-toda-la-familia\/ibague\/","url":"https:\/\/ciudadyregion.com.co\/index.php\/alcaldia-de-ibague-celebro-el-dia-del-nino-con-una-jornada-para-toda-la-familia\/ibague\/","name":"Alcald\u00eda de Ibagu\u00e9 celebr\u00f3 el D\u00eda del Ni\u00f1o con una jornada para toda la familia - Ciudad y Region","isPartOf":{"@id":"https:\/\/ciudadyregion.com.co\/#website"},"primaryImageOfPage":{"@id":"https:\/\/ciudadyregion.com.co\/index.php\/alcaldia-de-ibague-celebro-el-dia-del-nino-con-una-jornada-para-toda-la-familia\/ibague\/#primaryimage"},"image":{"@id":"https:\/\/ciudadyregion.com.co\/index.php\/alcaldia-de-ibague-celebro-el-dia-del-nino-con-una-jornada-para-toda-la-familia\/ibague\/#primaryimage"},"thumbnailUrl":"https:\/\/i0.wp.com\/ciudadyregion.com.co\/wp-content\/uploads\/2026\/04\/Pag-2026-04-27T071727.923.jpg?fit=800%2C445&ssl=1","datePublished":"2026-04-27T12:18:39+00:00","dateModified":"2026-04-27T12:18:39+00:00","author":{"@id":"https:\/\/ciudadyregion.com.co\/#\/schema\/person\/04a4954373ebc4051f46e8c65ff78622"},"breadcrumb":{"@id":"https:\/\/ciudadyregion.com.co\/index.php\/alcaldia-de-ibague-celebro-el-dia-del-nino-con-una-jornada-para-toda-la-familia\/ibague\/#breadcrumb"},"inLanguage":"es","potentialAction":[{"@type":"ReadAction","target":["https:\/\/ciudadyregion.com.co\/index.php\/alcaldia-de-ibague-celebro-el-dia-del-nino-con-una-jornada-para-toda-la-familia\/ibague\/"]}]},{"@type":"ImageObject","inLanguage":"es","@id":"https:\/\/ciudadyregion.com.co\/index.php\/alcaldia-de-ibague-celebro-el-dia-del-nino-con-una-jornada-para-toda-la-familia\/ibague\/#primaryimage","url":"https:\/\/i0.wp.com\/ciudadyregion.com.co\/wp-content\/uploads\/2026\/04\/Pag-2026-04-27T071727.923.jpg?fit=800%2C445&ssl=1","contentUrl":"https:\/\/i0.wp.com\/ciudadyregion.com.co\/wp-content\/uploads\/2026\/04\/Pag-2026-04-27T071727.923.jpg?fit=800%2C445&ssl=1","width":800,"height":445},{"@type":"BreadcrumbList","@id":"https:\/\/ciudadyregion.com.co\/index.php\/alcaldia-de-ibague-celebro-el-dia-del-nino-con-una-jornada-para-toda-la-familia\/ibague\/#breadcrumb","itemListElement":[{"@type":"ListItem","position":1,"name":"Portada","item":"https:\/\/ciudadyregion.com.co\/"},{"@type":"ListItem","position":2,"name":"Alcald\u00eda de Ibagu\u00e9 celebr\u00f3 el D\u00eda del Ni\u00f1o con una jornada para toda la familia"}]},{"@type":"WebSite","@id":"https:\/\/ciudadyregion.com.co\/#website","url":"https:\/\/ciudadyregion.com.co\/","name":"Ciudad y Region","description":"","potentialAction":[{"@type":"SearchAction","target":{"@type":"EntryPoint","urlTemplate":"https:\/\/ciudadyregion.com.co\/?s={search_term_string}"},"query-input":{"@type":"PropertyValueSpecification","valueRequired":true,"valueName":"search_term_string"}}],"inLanguage":"es"},{"@type":"Person","@id":"https:\/\/ciudadyregion.com.co\/#\/schema\/person\/04a4954373ebc4051f46e8c65ff78622","name":"David Andr\u00e9s Aguirre","image":{"@type":"ImageObject","inLanguage":"es","@id":"https:\/\/ciudadyregion.com.co\/#\/schema\/person\/image\/","url":"https:\/\/secure.gravatar.com\/avatar\/bc3c655860202182ee6d1b5edd042dbe?s=96&d=mm&r=g","contentUrl":"https:\/\/secure.gravatar.com\/avatar\/bc3c655860202182ee6d1b5edd042dbe?s=96&d=mm&r=g","caption":"David Andr\u00e9s Aguirre"},"url":"https:\/\/ciudadyregion.com.co\/index.php\/author\/diegoaguirre\/"}]}},"jetpack_featured_media_url":"https:\/\/i0.wp.com\/ciudadyregion.com.co\/wp-content\/uploads\/2026\/04\/Pag-2026-04-27T071727.923.jpg?fit=800%2C445&ssl=1","jetpack_sharing_enabled":true,"jetpack_shortlink":"https:\/\/wp.me\/pbS7hh-ftZ","jetpack-related-posts":[],"_links":{"self":[{"href":"https:\/\/ciudadyregion.com.co\/index.php\/wp-json\/wp\/v2\/posts\/59519"}],"collection":[{"href":"https:\/\/ciudadyregion.com.co\/index.php\/wp-json\/wp\/v2\/posts"}],"about":[{"href":"https:\/\/ciudadyregion.com.co\/index.php\/wp-json\/wp\/v2\/types\/post"}],"author":[{"embeddable":true,"href":"https:\/\/ciudadyregion.com.co\/index.php\/wp-json\/wp\/v2\/users\/2"}],"replies":[{"embeddable":true,"href":"https:\/\/ciudadyregion.com.co\/index.php\/wp-json\/wp\/v2\/comments?post=59519"}],"version-history":[{"count":1,"href":"https:\/\/ciudadyregion.com.co\/index.php\/wp-json\/wp\/v2\/posts\/59519\/revisions"}],"predecessor-version":[{"id":59521,"href":"https:\/\/ciudadyregion.com.co\/index.php\/wp-json\/wp\/v2\/posts\/59519\/revisions\/59521"}],"wp:featuredmedia":[{"embeddable":true,"href":"https:\/\/ciudadyregion.com.co\/index.php\/wp-json\/wp\/v2\/media\/59520"}],"wp:attachment":[{"href":"https:\/\/ciudadyregion.com.co\/index.php\/wp-json\/wp\/v2\/media?parent=59519"}],"wp:term":[{"taxonomy":"category","embeddable":true,"href":"https:\/\/ciudadyregion.com.co\/index.php\/wp-json\/wp\/v2\/categories?post=59519"},{"taxonomy":"post_tag","embeddable":true,"href":"https:\/\/ciudadyregion.com.co\/index.php\/wp-json\/wp\/v2\/tags?post=59519"}],"curies":[{"name":"wp","href":"https:\/\/api.w.org\/{rel}","templated":true}]}}