{"id":59455,"date":"2026-04-27T04:58:14","date_gmt":"2026-04-27T09:58:14","guid":{"rendered":"https:\/\/ciudadyregion.com.co\/?p=59455"},"modified":"2026-04-27T04:58:14","modified_gmt":"2026-04-27T09:58:14","slug":"universidad-del-tolima-brilla-con-su-agenda-editorial-en-la-filbo-2026","status":"publish","type":"post","link":"https:\/\/ciudadyregion.com.co\/index.php\/universidad-del-tolima-brilla-con-su-agenda-editorial-en-la-filbo-2026\/educacion\/","title":{"rendered":"Universidad del Tolima brilla con su agenda editorial en la FILBo 2026"},"content":{"rendered":"<p>Presentaciones de libros, encuentros con autores y transmisi\u00f3n radial en vivo hacen parte de la programaci\u00f3n con la que la UT participa en la feria.<\/p>\n<p>La Universidad del Tolima hace parte de la Feria Internacional del Libro de Bogot\u00e1 (FILBo) 2026, uno de los eventos culturales m\u00e1s importantes del pa\u00eds, que en esta edici\u00f3n tiene a la India como invitado de honor bajo el lema \u201cEscucharnos es leernos\u201d. Desde el primer d\u00eda, la instituci\u00f3n participa con una agenda acad\u00e9mica y cultural que se desarrolla durante 14 d\u00edas en el Pabell\u00f3n 8, stand 228, con una muestra de su producci\u00f3n editorial acad\u00e9mica.<\/p>\n<p>Durante la primera semana, la presencia institucional ha tenido una respuesta positiva por parte de los asistentes, con una programaci\u00f3n que articula presentaciones de libros, encuentros con autores y espacios de di\u00e1logo en torno al conocimiento.<\/p>\n<p>Uno de los momentos centrales de esta participaci\u00f3n se vivi\u00f3 el pasado 24 de abril, durante la jornada de lanzamiento de novedades editoriales, que cont\u00f3 con la presencia del rector Omar Mej\u00eda Pati\u00f1o. En este espacio se presentaron nuevas publicaciones y se destac\u00f3 el avance de la instituci\u00f3n en producci\u00f3n acad\u00e9mica, investigaci\u00f3n y proyecci\u00f3n social.<\/p>\n<p>El stand de la Universidad del Tolima, ubicado en el pabell\u00f3n dedicado al libro t\u00e9cnico y universitario, ofrece una experiencia integral para los visitantes. Adem\u00e1s de la exhibici\u00f3n de publicaciones acad\u00e9micas, cient\u00edficas, literarias y art\u00edsticas, cuenta con una cabina propia de radio desde donde se realiza la transmisi\u00f3n en directo de Radio Universidad del Tolima 106.9 FM. El equipo, dirigido por el profesor Arlovich Correa, emite diariamente el programa \u201cEl Dial de los Libros\u201d de 10:30 a.m. a 11:30 a.m., junto con especiales que conectan a las audiencias con la programaci\u00f3n de la feria.<\/p>\n<p>A esto se suma un espacio de exposici\u00f3n dentro del mismo stand, dispuesto para que integrantes de la comunidad universitaria compartan sus producciones y proyectos, fortaleciendo as\u00ed la visibilidad de los procesos creativos e investigativos de la instituci\u00f3n.<\/p>\n<p>La participaci\u00f3n es liderada por la Editorial de la Universidad del Tolima, bajo la direcci\u00f3n de la profesora Florelia Vallejo, y hace parte de las estrategias institucionales de difusi\u00f3n del conocimiento cient\u00edfico, promoci\u00f3n de la lectura y proyecci\u00f3n acad\u00e9mica.<\/p>\n","protected":false},"excerpt":{"rendered":"<p>Presentaciones de libros, encuentros con autores y transmisi\u00f3n radial en vivo hacen parte de la programaci\u00f3n con la que la UT participa en la feria. La Universidad del Tolima hace parte de la Feria Internacional del Libro de Bogot\u00e1 (FILBo) 2026, uno de los eventos culturales m\u00e1s importantes del pa\u00eds,<span class=\"more-link\"><a href=\"https:\/\/ciudadyregion.com.co\/index.php\/universidad-del-tolima-brilla-con-su-agenda-editorial-en-la-filbo-2026\/educacion\/\">Continuar Leyendo<\/a><\/span><\/p>\n","protected":false},"author":2,"featured_media":59458,"comment_status":"open","ping_status":"open","sticky":false,"template":"","format":"standard","meta":{"_uf_show_specific_survey":0,"_uf_disable_surveys":false,"_jetpack_memberships_contains_paid_content":false,"footnotes":"","jetpack_publicize_message":"","jetpack_publicize_feature_enabled":true,"jetpack_social_post_already_shared":true,"jetpack_social_options":{"image_generator_settings":{"template":"highway","enabled":false},"version":2}},"categories":[22],"tags":[],"class_list":["entry","author-diegoaguirre","post-59455","post","type-post","status-publish","format-standard","has-post-thumbnail","category-educacion"],"jetpack_publicize_connections":[],"yoast_head":"<!-- This site is optimized with the Yoast SEO plugin v24.3 - https:\/\/yoast.com\/wordpress\/plugins\/seo\/ -->\n<title>Universidad del Tolima brilla con su agenda editorial en la FILBo 2026 - Ciudad y Region<\/title>\n<meta name=\"robots\" content=\"index, follow, max-snippet:-1, max-image-preview:large, max-video-preview:-1\" \/>\n<link rel=\"canonical\" href=\"https:\/\/ciudadyregion.com.co\/index.php\/universidad-del-tolima-brilla-con-su-agenda-editorial-en-la-filbo-2026\/educacion\/\" \/>\n<meta property=\"og:locale\" content=\"es_ES\" \/>\n<meta property=\"og:type\" content=\"article\" \/>\n<meta property=\"og:title\" content=\"Universidad del Tolima brilla con su agenda editorial en la FILBo 2026 - Ciudad y Region\" \/>\n<meta property=\"og:description\" content=\"Presentaciones de libros, encuentros con autores y transmisi\u00f3n radial en vivo hacen parte de la programaci\u00f3n con la que la UT participa en la feria. La Universidad del Tolima hace parte de la Feria Internacional del Libro de Bogot\u00e1 (FILBo) 2026, uno de los eventos culturales m\u00e1s importantes del pa\u00eds,Continuar Leyendo\" \/>\n<meta property=\"og:url\" content=\"https:\/\/ciudadyregion.com.co\/index.php\/universidad-del-tolima-brilla-con-su-agenda-editorial-en-la-filbo-2026\/educacion\/\" \/>\n<meta property=\"og:site_name\" content=\"Ciudad y Region\" \/>\n<meta property=\"article:published_time\" content=\"2026-04-27T09:58:14+00:00\" \/>\n<meta property=\"og:image\" content=\"https:\/\/ciudadyregion.com.co\/wp-content\/uploads\/2026\/04\/a-1-1.jpg\" \/>\n\t<meta property=\"og:image:width\" content=\"800\" \/>\n\t<meta property=\"og:image:height\" content=\"445\" \/>\n\t<meta property=\"og:image:type\" content=\"image\/jpeg\" \/>\n<meta name=\"author\" content=\"David Andr\u00e9s Aguirre\" \/>\n<meta name=\"twitter:card\" content=\"summary_large_image\" \/>\n<meta name=\"twitter:label1\" content=\"Escrito por\" \/>\n\t<meta name=\"twitter:data1\" content=\"David Andr\u00e9s Aguirre\" \/>\n\t<meta name=\"twitter:label2\" content=\"Tiempo de lectura\" \/>\n\t<meta name=\"twitter:data2\" content=\"2 minutos\" \/>\n<script type=\"application\/ld+json\" class=\"yoast-schema-graph\">{\"@context\":\"https:\/\/schema.org\",\"@graph\":[{\"@type\":\"WebPage\",\"@id\":\"https:\/\/ciudadyregion.com.co\/index.php\/universidad-del-tolima-brilla-con-su-agenda-editorial-en-la-filbo-2026\/educacion\/\",\"url\":\"https:\/\/ciudadyregion.com.co\/index.php\/universidad-del-tolima-brilla-con-su-agenda-editorial-en-la-filbo-2026\/educacion\/\",\"name\":\"Universidad del Tolima brilla con su agenda editorial en la FILBo 2026 - Ciudad y Region\",\"isPartOf\":{\"@id\":\"https:\/\/ciudadyregion.com.co\/#website\"},\"primaryImageOfPage\":{\"@id\":\"https:\/\/ciudadyregion.com.co\/index.php\/universidad-del-tolima-brilla-con-su-agenda-editorial-en-la-filbo-2026\/educacion\/#primaryimage\"},\"image\":{\"@id\":\"https:\/\/ciudadyregion.com.co\/index.php\/universidad-del-tolima-brilla-con-su-agenda-editorial-en-la-filbo-2026\/educacion\/#primaryimage\"},\"thumbnailUrl\":\"https:\/\/i0.wp.com\/ciudadyregion.com.co\/wp-content\/uploads\/2026\/04\/a-1-1.jpg?fit=800%2C445&ssl=1\",\"datePublished\":\"2026-04-27T09:58:14+00:00\",\"dateModified\":\"2026-04-27T09:58:14+00:00\",\"author\":{\"@id\":\"https:\/\/ciudadyregion.com.co\/#\/schema\/person\/04a4954373ebc4051f46e8c65ff78622\"},\"breadcrumb\":{\"@id\":\"https:\/\/ciudadyregion.com.co\/index.php\/universidad-del-tolima-brilla-con-su-agenda-editorial-en-la-filbo-2026\/educacion\/#breadcrumb\"},\"inLanguage\":\"es\",\"potentialAction\":[{\"@type\":\"ReadAction\",\"target\":[\"https:\/\/ciudadyregion.com.co\/index.php\/universidad-del-tolima-brilla-con-su-agenda-editorial-en-la-filbo-2026\/educacion\/\"]}]},{\"@type\":\"ImageObject\",\"inLanguage\":\"es\",\"@id\":\"https:\/\/ciudadyregion.com.co\/index.php\/universidad-del-tolima-brilla-con-su-agenda-editorial-en-la-filbo-2026\/educacion\/#primaryimage\",\"url\":\"https:\/\/i0.wp.com\/ciudadyregion.com.co\/wp-content\/uploads\/2026\/04\/a-1-1.jpg?fit=800%2C445&ssl=1\",\"contentUrl\":\"https:\/\/i0.wp.com\/ciudadyregion.com.co\/wp-content\/uploads\/2026\/04\/a-1-1.jpg?fit=800%2C445&ssl=1\",\"width\":800,\"height\":445},{\"@type\":\"BreadcrumbList\",\"@id\":\"https:\/\/ciudadyregion.com.co\/index.php\/universidad-del-tolima-brilla-con-su-agenda-editorial-en-la-filbo-2026\/educacion\/#breadcrumb\",\"itemListElement\":[{\"@type\":\"ListItem\",\"position\":1,\"name\":\"Portada\",\"item\":\"https:\/\/ciudadyregion.com.co\/\"},{\"@type\":\"ListItem\",\"position\":2,\"name\":\"Universidad del Tolima brilla con su agenda editorial en la FILBo 2026\"}]},{\"@type\":\"WebSite\",\"@id\":\"https:\/\/ciudadyregion.com.co\/#website\",\"url\":\"https:\/\/ciudadyregion.com.co\/\",\"name\":\"Ciudad y Region\",\"description\":\"\",\"potentialAction\":[{\"@type\":\"SearchAction\",\"target\":{\"@type\":\"EntryPoint\",\"urlTemplate\":\"https:\/\/ciudadyregion.com.co\/?s={search_term_string}\"},\"query-input\":{\"@type\":\"PropertyValueSpecification\",\"valueRequired\":true,\"valueName\":\"search_term_string\"}}],\"inLanguage\":\"es\"},{\"@type\":\"Person\",\"@id\":\"https:\/\/ciudadyregion.com.co\/#\/schema\/person\/04a4954373ebc4051f46e8c65ff78622\",\"name\":\"David Andr\u00e9s Aguirre\",\"image\":{\"@type\":\"ImageObject\",\"inLanguage\":\"es\",\"@id\":\"https:\/\/ciudadyregion.com.co\/#\/schema\/person\/image\/\",\"url\":\"https:\/\/secure.gravatar.com\/avatar\/bc3c655860202182ee6d1b5edd042dbe?s=96&d=mm&r=g\",\"contentUrl\":\"https:\/\/secure.gravatar.com\/avatar\/bc3c655860202182ee6d1b5edd042dbe?s=96&d=mm&r=g\",\"caption\":\"David Andr\u00e9s Aguirre\"},\"url\":\"https:\/\/ciudadyregion.com.co\/index.php\/author\/diegoaguirre\/\"}]}<\/script>\n<!-- \/ Yoast SEO plugin. -->","yoast_head_json":{"title":"Universidad del Tolima brilla con su agenda editorial en la FILBo 2026 - Ciudad y Region","robots":{"index":"index","follow":"follow","max-snippet":"max-snippet:-1","max-image-preview":"max-image-preview:large","max-video-preview":"max-video-preview:-1"},"canonical":"https:\/\/ciudadyregion.com.co\/index.php\/universidad-del-tolima-brilla-con-su-agenda-editorial-en-la-filbo-2026\/educacion\/","og_locale":"es_ES","og_type":"article","og_title":"Universidad del Tolima brilla con su agenda editorial en la FILBo 2026 - Ciudad y Region","og_description":"Presentaciones de libros, encuentros con autores y transmisi\u00f3n radial en vivo hacen parte de la programaci\u00f3n con la que la UT participa en la feria. La Universidad del Tolima hace parte de la Feria Internacional del Libro de Bogot\u00e1 (FILBo) 2026, uno de los eventos culturales m\u00e1s importantes del pa\u00eds,Continuar Leyendo","og_url":"https:\/\/ciudadyregion.com.co\/index.php\/universidad-del-tolima-brilla-con-su-agenda-editorial-en-la-filbo-2026\/educacion\/","og_site_name":"Ciudad y Region","article_published_time":"2026-04-27T09:58:14+00:00","og_image":[{"width":800,"height":445,"url":"https:\/\/ciudadyregion.com.co\/wp-content\/uploads\/2026\/04\/a-1-1.jpg","type":"image\/jpeg"}],"author":"David Andr\u00e9s Aguirre","twitter_card":"summary_large_image","twitter_misc":{"Escrito por":"David Andr\u00e9s Aguirre","Tiempo de lectura":"2 minutos"},"schema":{"@context":"https:\/\/schema.org","@graph":[{"@type":"WebPage","@id":"https:\/\/ciudadyregion.com.co\/index.php\/universidad-del-tolima-brilla-con-su-agenda-editorial-en-la-filbo-2026\/educacion\/","url":"https:\/\/ciudadyregion.com.co\/index.php\/universidad-del-tolima-brilla-con-su-agenda-editorial-en-la-filbo-2026\/educacion\/","name":"Universidad del Tolima brilla con su agenda editorial en la FILBo 2026 - Ciudad y Region","isPartOf":{"@id":"https:\/\/ciudadyregion.com.co\/#website"},"primaryImageOfPage":{"@id":"https:\/\/ciudadyregion.com.co\/index.php\/universidad-del-tolima-brilla-con-su-agenda-editorial-en-la-filbo-2026\/educacion\/#primaryimage"},"image":{"@id":"https:\/\/ciudadyregion.com.co\/index.php\/universidad-del-tolima-brilla-con-su-agenda-editorial-en-la-filbo-2026\/educacion\/#primaryimage"},"thumbnailUrl":"https:\/\/i0.wp.com\/ciudadyregion.com.co\/wp-content\/uploads\/2026\/04\/a-1-1.jpg?fit=800%2C445&ssl=1","datePublished":"2026-04-27T09:58:14+00:00","dateModified":"2026-04-27T09:58:14+00:00","author":{"@id":"https:\/\/ciudadyregion.com.co\/#\/schema\/person\/04a4954373ebc4051f46e8c65ff78622"},"breadcrumb":{"@id":"https:\/\/ciudadyregion.com.co\/index.php\/universidad-del-tolima-brilla-con-su-agenda-editorial-en-la-filbo-2026\/educacion\/#breadcrumb"},"inLanguage":"es","potentialAction":[{"@type":"ReadAction","target":["https:\/\/ciudadyregion.com.co\/index.php\/universidad-del-tolima-brilla-con-su-agenda-editorial-en-la-filbo-2026\/educacion\/"]}]},{"@type":"ImageObject","inLanguage":"es","@id":"https:\/\/ciudadyregion.com.co\/index.php\/universidad-del-tolima-brilla-con-su-agenda-editorial-en-la-filbo-2026\/educacion\/#primaryimage","url":"https:\/\/i0.wp.com\/ciudadyregion.com.co\/wp-content\/uploads\/2026\/04\/a-1-1.jpg?fit=800%2C445&ssl=1","contentUrl":"https:\/\/i0.wp.com\/ciudadyregion.com.co\/wp-content\/uploads\/2026\/04\/a-1-1.jpg?fit=800%2C445&ssl=1","width":800,"height":445},{"@type":"BreadcrumbList","@id":"https:\/\/ciudadyregion.com.co\/index.php\/universidad-del-tolima-brilla-con-su-agenda-editorial-en-la-filbo-2026\/educacion\/#breadcrumb","itemListElement":[{"@type":"ListItem","position":1,"name":"Portada","item":"https:\/\/ciudadyregion.com.co\/"},{"@type":"ListItem","position":2,"name":"Universidad del Tolima brilla con su agenda editorial en la FILBo 2026"}]},{"@type":"WebSite","@id":"https:\/\/ciudadyregion.com.co\/#website","url":"https:\/\/ciudadyregion.com.co\/","name":"Ciudad y Region","description":"","potentialAction":[{"@type":"SearchAction","target":{"@type":"EntryPoint","urlTemplate":"https:\/\/ciudadyregion.com.co\/?s={search_term_string}"},"query-input":{"@type":"PropertyValueSpecification","valueRequired":true,"valueName":"search_term_string"}}],"inLanguage":"es"},{"@type":"Person","@id":"https:\/\/ciudadyregion.com.co\/#\/schema\/person\/04a4954373ebc4051f46e8c65ff78622","name":"David Andr\u00e9s Aguirre","image":{"@type":"ImageObject","inLanguage":"es","@id":"https:\/\/ciudadyregion.com.co\/#\/schema\/person\/image\/","url":"https:\/\/secure.gravatar.com\/avatar\/bc3c655860202182ee6d1b5edd042dbe?s=96&d=mm&r=g","contentUrl":"https:\/\/secure.gravatar.com\/avatar\/bc3c655860202182ee6d1b5edd042dbe?s=96&d=mm&r=g","caption":"David Andr\u00e9s Aguirre"},"url":"https:\/\/ciudadyregion.com.co\/index.php\/author\/diegoaguirre\/"}]}},"jetpack_featured_media_url":"https:\/\/i0.wp.com\/ciudadyregion.com.co\/wp-content\/uploads\/2026\/04\/a-1-1.jpg?fit=800%2C445&ssl=1","jetpack_sharing_enabled":true,"jetpack_shortlink":"https:\/\/wp.me\/pbS7hh-fsX","jetpack-related-posts":[],"_links":{"self":[{"href":"https:\/\/ciudadyregion.com.co\/index.php\/wp-json\/wp\/v2\/posts\/59455"}],"collection":[{"href":"https:\/\/ciudadyregion.com.co\/index.php\/wp-json\/wp\/v2\/posts"}],"about":[{"href":"https:\/\/ciudadyregion.com.co\/index.php\/wp-json\/wp\/v2\/types\/post"}],"author":[{"embeddable":true,"href":"https:\/\/ciudadyregion.com.co\/index.php\/wp-json\/wp\/v2\/users\/2"}],"replies":[{"embeddable":true,"href":"https:\/\/ciudadyregion.com.co\/index.php\/wp-json\/wp\/v2\/comments?post=59455"}],"version-history":[{"count":1,"href":"https:\/\/ciudadyregion.com.co\/index.php\/wp-json\/wp\/v2\/posts\/59455\/revisions"}],"predecessor-version":[{"id":59459,"href":"https:\/\/ciudadyregion.com.co\/index.php\/wp-json\/wp\/v2\/posts\/59455\/revisions\/59459"}],"wp:featuredmedia":[{"embeddable":true,"href":"https:\/\/ciudadyregion.com.co\/index.php\/wp-json\/wp\/v2\/media\/59458"}],"wp:attachment":[{"href":"https:\/\/ciudadyregion.com.co\/index.php\/wp-json\/wp\/v2\/media?parent=59455"}],"wp:term":[{"taxonomy":"category","embeddable":true,"href":"https:\/\/ciudadyregion.com.co\/index.php\/wp-json\/wp\/v2\/categories?post=59455"},{"taxonomy":"post_tag","embeddable":true,"href":"https:\/\/ciudadyregion.com.co\/index.php\/wp-json\/wp\/v2\/tags?post=59455"}],"curies":[{"name":"wp","href":"https:\/\/api.w.org\/{rel}","templated":true}]}}