{"id":58356,"date":"2026-03-29T15:43:22","date_gmt":"2026-03-29T20:43:22","guid":{"rendered":"https:\/\/ciudadyregion.com.co\/?p=58356"},"modified":"2026-04-07T15:43:35","modified_gmt":"2026-04-07T20:43:35","slug":"vacunate-contra-la-fiebre-amarilla-roncesvalles","status":"publish","type":"post","link":"https:\/\/ciudadyregion.com.co\/index.php\/vacunate-contra-la-fiebre-amarilla-roncesvalles\/regional\/","title":{"rendered":"Vac\u00fanate contra la fiebre amarilla Roncesvalles"},"content":{"rendered":"<div dir=\"auto\">Si vives o viajas durante Semana Santa a municipios del Tolima, la mejor protecci\u00f3n es la vacunaci\u00f3n.<\/div>\n<div dir=\"auto\"><\/div>\n<div dir=\"auto\">La fiebre amarilla es una enfermedad grave, pero se puede prevenir con una vacuna segura, gratuita y de una sola dosis.<\/div>\n<div dir=\"auto\"><\/div>\n<div dir=\"auto\">Si han pasado 10 a\u00f1os desde tu \u00faltima vacuna, ac\u00e9rcate a tu punto de salud y refuerza tu protecci\u00f3n.<\/div>\n<div dir=\"auto\"><\/div>\n<div dir=\"auto\">Desde la Alcald\u00eda de Roncesvalles cuidamos tu salud y la de tu familia.<\/div>\n<div dir=\"auto\"><\/div>\n<div dir=\"auto\"><\/div>\n<div dir=\"auto\"><\/div>\n<div dir=\"auto\"><img decoding=\"async\" src=\"https:\/\/scontent.fibe2-1.fna.fbcdn.net\/v\/t51.82787-15\/658666179_17924460201269391_6410242329171708318_n.jpg?_nc_cat=104&amp;ccb=1-7&amp;_nc_sid=13d280&amp;_nc_ohc=32YB796eTQAQ7kNvwFP1reW&amp;_nc_oc=Adokeb2-S88PjJaqPxtxd926RB6g9ukKIcFc3ttgF86NoptIQpOOWySqLZHHTJgYqbl-IZnn_jNja2w2FgY6WEM5&amp;_nc_zt=23&amp;_nc_ht=scontent.fibe2-1.fna&amp;_nc_gid=9GZhUgRbiJrx31Q-NZP9GQ&amp;_nc_ss=7a3a8&amp;oh=00_Af29HmhIF5YA-DIilM8uS37F3fKcQRyvUzrIv3YkleuZmA&amp;oe=69DB52C6\" alt=\"Puede ser una imagen de \u200etexto que dice &quot;\u200eMEARIN \ud55c\uc5b4 FIEBRE AMARILLA \u00a1ATENCI\u00d3N VIAJEROS! En esta Semana Santa, Roncesvalles te espera. Recuerda que es muy importante estar vacunado contra la fiebre amarilla al menos 10 dias antes de visitarnos. Tambi\u00e9n est\u00e1 disponible la dosis de refuerzo. LA POBLACI\u00d3N SE ENFOCA N: HAUNK viral y recibieron su dosis inicial hace m\u00e1s de 10 a\u00f1os. Personas que residen en o viajan a \u00e1reas de alta circulaci\u00f3n HAUNK Lactantes a partir de los 6 meses de edad. \u03cd AHORA! Alcaldia de Roncesvalles Ronces valles \u0985\u09aa \u0631\u200e&quot;\u200e\" \/><\/div>\n<div dir=\"auto\"><\/div>\n<div dir=\"auto\"><img decoding=\"async\" src=\"https:\/\/scontent.fibe2-1.fna.fbcdn.net\/v\/t51.82787-15\/657326956_17924460210269391_1599771323088705316_n.jpg?_nc_cat=104&amp;ccb=1-7&amp;_nc_sid=13d280&amp;_nc_ohc=KAldWdwTp5IQ7kNvwGbiapi&amp;_nc_oc=AdpyJgxsLYzWPXIRV2rx0JqYfqNDU231Plj1bdabbsmV0I5tiQfBp-9VySV01OE_g4qjQEaII_g6PbH_4FE3_ND2&amp;_nc_zt=23&amp;_nc_ht=scontent.fibe2-1.fna&amp;_nc_gid=O2Dzx8Hsn4o54Vj-9C8OMQ&amp;_nc_ss=7a3a8&amp;oh=00_Af3VZ2VnZuGjJtUDK7U8xOFpsZ5jQbs97ZDSOqD0KMAMnA&amp;oe=69DB558C\" alt=\"Puede ser una imagen de una o varias personas y texto que dice &quot;FIEBRE AMARILLA \u00a1ATENCI\u00d3N VIAJEROS! Si tienes entre 9 meses y 59 a\u00f1os, acude a tiempo a los puntos de vacunaci\u00f3n habilitadose en el |departamento del Tolima. Tambi\u00e9n puedes acercarte a la E.S.E. HOSPITAL SANTA LUC\u00cdA donde la vacuna es totalmente GRATUITA CUIDARTE ES CUIDARNOS Alcaldia de Roncesvalles Ronces Valles --.D \u0e2a\u0e23\u0e39\u0e1a\u0e2a\u0e38\u0e21\u0e19\u0e01\u0e01&quot;\" \/><\/div>\n","protected":false},"excerpt":{"rendered":"<p>Si vives o viajas durante Semana Santa a municipios del Tolima, la mejor protecci\u00f3n es la vacunaci\u00f3n. La fiebre amarilla es una enfermedad grave, pero se puede prevenir con una vacuna segura, gratuita y de una sola dosis. Si han pasado 10 a\u00f1os desde tu \u00faltima vacuna, ac\u00e9rcate a tu<span class=\"more-link\"><a href=\"https:\/\/ciudadyregion.com.co\/index.php\/vacunate-contra-la-fiebre-amarilla-roncesvalles\/regional\/\">Continuar Leyendo<\/a><\/span><\/p>\n","protected":false},"author":2,"featured_media":58357,"comment_status":"open","ping_status":"open","sticky":false,"template":"","format":"standard","meta":{"_uf_show_specific_survey":0,"_uf_disable_surveys":false,"_jetpack_memberships_contains_paid_content":false,"footnotes":"","jetpack_publicize_message":"","jetpack_publicize_feature_enabled":true,"jetpack_social_post_already_shared":true,"jetpack_social_options":{"image_generator_settings":{"template":"highway","enabled":false},"version":2}},"categories":[13],"tags":[],"class_list":["entry","author-diegoaguirre","post-58356","post","type-post","status-publish","format-standard","has-post-thumbnail","category-regional"],"jetpack_publicize_connections":[],"yoast_head":"<!-- This site is optimized with the Yoast SEO plugin v24.3 - https:\/\/yoast.com\/wordpress\/plugins\/seo\/ -->\n<title>Vac\u00fanate contra la fiebre amarilla Roncesvalles - Ciudad y Region<\/title>\n<meta name=\"robots\" content=\"index, follow, max-snippet:-1, max-image-preview:large, max-video-preview:-1\" \/>\n<link rel=\"canonical\" href=\"https:\/\/ciudadyregion.com.co\/index.php\/vacunate-contra-la-fiebre-amarilla-roncesvalles\/regional\/\" \/>\n<meta property=\"og:locale\" content=\"es_ES\" \/>\n<meta property=\"og:type\" content=\"article\" \/>\n<meta property=\"og:title\" content=\"Vac\u00fanate contra la fiebre amarilla Roncesvalles - Ciudad y Region\" \/>\n<meta property=\"og:description\" content=\"Si vives o viajas durante Semana Santa a municipios del Tolima, la mejor protecci\u00f3n es la vacunaci\u00f3n. La fiebre amarilla es una enfermedad grave, pero se puede prevenir con una vacuna segura, gratuita y de una sola dosis. Si han pasado 10 a\u00f1os desde tu \u00faltima vacuna, ac\u00e9rcate a tuContinuar Leyendo\" \/>\n<meta property=\"og:url\" content=\"https:\/\/ciudadyregion.com.co\/index.php\/vacunate-contra-la-fiebre-amarilla-roncesvalles\/regional\/\" \/>\n<meta property=\"og:site_name\" content=\"Ciudad y Region\" \/>\n<meta property=\"article:published_time\" content=\"2026-03-29T20:43:22+00:00\" \/>\n<meta property=\"article:modified_time\" content=\"2026-04-07T20:43:35+00:00\" \/>\n<meta property=\"og:image\" content=\"https:\/\/ciudadyregion.com.co\/wp-content\/uploads\/2026\/04\/a-15.jpg\" \/>\n\t<meta property=\"og:image:width\" content=\"800\" \/>\n\t<meta property=\"og:image:height\" content=\"445\" \/>\n\t<meta property=\"og:image:type\" content=\"image\/jpeg\" \/>\n<meta name=\"author\" content=\"David Andr\u00e9s Aguirre\" \/>\n<meta name=\"twitter:card\" content=\"summary_large_image\" \/>\n<meta name=\"twitter:label1\" content=\"Escrito por\" \/>\n\t<meta name=\"twitter:data1\" content=\"David Andr\u00e9s Aguirre\" \/>\n\t<meta name=\"twitter:label2\" content=\"Tiempo de lectura\" \/>\n\t<meta name=\"twitter:data2\" content=\"1 minuto\" \/>\n<script type=\"application\/ld+json\" class=\"yoast-schema-graph\">{\"@context\":\"https:\/\/schema.org\",\"@graph\":[{\"@type\":\"WebPage\",\"@id\":\"https:\/\/ciudadyregion.com.co\/index.php\/vacunate-contra-la-fiebre-amarilla-roncesvalles\/regional\/\",\"url\":\"https:\/\/ciudadyregion.com.co\/index.php\/vacunate-contra-la-fiebre-amarilla-roncesvalles\/regional\/\",\"name\":\"Vac\u00fanate contra la fiebre amarilla Roncesvalles - Ciudad y Region\",\"isPartOf\":{\"@id\":\"https:\/\/ciudadyregion.com.co\/#website\"},\"primaryImageOfPage\":{\"@id\":\"https:\/\/ciudadyregion.com.co\/index.php\/vacunate-contra-la-fiebre-amarilla-roncesvalles\/regional\/#primaryimage\"},\"image\":{\"@id\":\"https:\/\/ciudadyregion.com.co\/index.php\/vacunate-contra-la-fiebre-amarilla-roncesvalles\/regional\/#primaryimage\"},\"thumbnailUrl\":\"https:\/\/i0.wp.com\/ciudadyregion.com.co\/wp-content\/uploads\/2026\/04\/a-15.jpg?fit=800%2C445&ssl=1\",\"datePublished\":\"2026-03-29T20:43:22+00:00\",\"dateModified\":\"2026-04-07T20:43:35+00:00\",\"author\":{\"@id\":\"https:\/\/ciudadyregion.com.co\/#\/schema\/person\/04a4954373ebc4051f46e8c65ff78622\"},\"breadcrumb\":{\"@id\":\"https:\/\/ciudadyregion.com.co\/index.php\/vacunate-contra-la-fiebre-amarilla-roncesvalles\/regional\/#breadcrumb\"},\"inLanguage\":\"es\",\"potentialAction\":[{\"@type\":\"ReadAction\",\"target\":[\"https:\/\/ciudadyregion.com.co\/index.php\/vacunate-contra-la-fiebre-amarilla-roncesvalles\/regional\/\"]}]},{\"@type\":\"ImageObject\",\"inLanguage\":\"es\",\"@id\":\"https:\/\/ciudadyregion.com.co\/index.php\/vacunate-contra-la-fiebre-amarilla-roncesvalles\/regional\/#primaryimage\",\"url\":\"https:\/\/i0.wp.com\/ciudadyregion.com.co\/wp-content\/uploads\/2026\/04\/a-15.jpg?fit=800%2C445&ssl=1\",\"contentUrl\":\"https:\/\/i0.wp.com\/ciudadyregion.com.co\/wp-content\/uploads\/2026\/04\/a-15.jpg?fit=800%2C445&ssl=1\",\"width\":800,\"height\":445},{\"@type\":\"BreadcrumbList\",\"@id\":\"https:\/\/ciudadyregion.com.co\/index.php\/vacunate-contra-la-fiebre-amarilla-roncesvalles\/regional\/#breadcrumb\",\"itemListElement\":[{\"@type\":\"ListItem\",\"position\":1,\"name\":\"Portada\",\"item\":\"https:\/\/ciudadyregion.com.co\/\"},{\"@type\":\"ListItem\",\"position\":2,\"name\":\"Vac\u00fanate contra la fiebre amarilla Roncesvalles\"}]},{\"@type\":\"WebSite\",\"@id\":\"https:\/\/ciudadyregion.com.co\/#website\",\"url\":\"https:\/\/ciudadyregion.com.co\/\",\"name\":\"Ciudad y Region\",\"description\":\"\",\"potentialAction\":[{\"@type\":\"SearchAction\",\"target\":{\"@type\":\"EntryPoint\",\"urlTemplate\":\"https:\/\/ciudadyregion.com.co\/?s={search_term_string}\"},\"query-input\":{\"@type\":\"PropertyValueSpecification\",\"valueRequired\":true,\"valueName\":\"search_term_string\"}}],\"inLanguage\":\"es\"},{\"@type\":\"Person\",\"@id\":\"https:\/\/ciudadyregion.com.co\/#\/schema\/person\/04a4954373ebc4051f46e8c65ff78622\",\"name\":\"David Andr\u00e9s Aguirre\",\"image\":{\"@type\":\"ImageObject\",\"inLanguage\":\"es\",\"@id\":\"https:\/\/ciudadyregion.com.co\/#\/schema\/person\/image\/\",\"url\":\"https:\/\/secure.gravatar.com\/avatar\/bc3c655860202182ee6d1b5edd042dbe?s=96&d=mm&r=g\",\"contentUrl\":\"https:\/\/secure.gravatar.com\/avatar\/bc3c655860202182ee6d1b5edd042dbe?s=96&d=mm&r=g\",\"caption\":\"David Andr\u00e9s Aguirre\"},\"url\":\"https:\/\/ciudadyregion.com.co\/index.php\/author\/diegoaguirre\/\"}]}<\/script>\n<!-- \/ Yoast SEO plugin. -->","yoast_head_json":{"title":"Vac\u00fanate contra la fiebre amarilla Roncesvalles - Ciudad y Region","robots":{"index":"index","follow":"follow","max-snippet":"max-snippet:-1","max-image-preview":"max-image-preview:large","max-video-preview":"max-video-preview:-1"},"canonical":"https:\/\/ciudadyregion.com.co\/index.php\/vacunate-contra-la-fiebre-amarilla-roncesvalles\/regional\/","og_locale":"es_ES","og_type":"article","og_title":"Vac\u00fanate contra la fiebre amarilla Roncesvalles - Ciudad y Region","og_description":"Si vives o viajas durante Semana Santa a municipios del Tolima, la mejor protecci\u00f3n es la vacunaci\u00f3n. La fiebre amarilla es una enfermedad grave, pero se puede prevenir con una vacuna segura, gratuita y de una sola dosis. Si han pasado 10 a\u00f1os desde tu \u00faltima vacuna, ac\u00e9rcate a tuContinuar Leyendo","og_url":"https:\/\/ciudadyregion.com.co\/index.php\/vacunate-contra-la-fiebre-amarilla-roncesvalles\/regional\/","og_site_name":"Ciudad y Region","article_published_time":"2026-03-29T20:43:22+00:00","article_modified_time":"2026-04-07T20:43:35+00:00","og_image":[{"width":800,"height":445,"url":"https:\/\/ciudadyregion.com.co\/wp-content\/uploads\/2026\/04\/a-15.jpg","type":"image\/jpeg"}],"author":"David Andr\u00e9s Aguirre","twitter_card":"summary_large_image","twitter_misc":{"Escrito por":"David Andr\u00e9s Aguirre","Tiempo de lectura":"1 minuto"},"schema":{"@context":"https:\/\/schema.org","@graph":[{"@type":"WebPage","@id":"https:\/\/ciudadyregion.com.co\/index.php\/vacunate-contra-la-fiebre-amarilla-roncesvalles\/regional\/","url":"https:\/\/ciudadyregion.com.co\/index.php\/vacunate-contra-la-fiebre-amarilla-roncesvalles\/regional\/","name":"Vac\u00fanate contra la fiebre amarilla Roncesvalles - Ciudad y Region","isPartOf":{"@id":"https:\/\/ciudadyregion.com.co\/#website"},"primaryImageOfPage":{"@id":"https:\/\/ciudadyregion.com.co\/index.php\/vacunate-contra-la-fiebre-amarilla-roncesvalles\/regional\/#primaryimage"},"image":{"@id":"https:\/\/ciudadyregion.com.co\/index.php\/vacunate-contra-la-fiebre-amarilla-roncesvalles\/regional\/#primaryimage"},"thumbnailUrl":"https:\/\/i0.wp.com\/ciudadyregion.com.co\/wp-content\/uploads\/2026\/04\/a-15.jpg?fit=800%2C445&ssl=1","datePublished":"2026-03-29T20:43:22+00:00","dateModified":"2026-04-07T20:43:35+00:00","author":{"@id":"https:\/\/ciudadyregion.com.co\/#\/schema\/person\/04a4954373ebc4051f46e8c65ff78622"},"breadcrumb":{"@id":"https:\/\/ciudadyregion.com.co\/index.php\/vacunate-contra-la-fiebre-amarilla-roncesvalles\/regional\/#breadcrumb"},"inLanguage":"es","potentialAction":[{"@type":"ReadAction","target":["https:\/\/ciudadyregion.com.co\/index.php\/vacunate-contra-la-fiebre-amarilla-roncesvalles\/regional\/"]}]},{"@type":"ImageObject","inLanguage":"es","@id":"https:\/\/ciudadyregion.com.co\/index.php\/vacunate-contra-la-fiebre-amarilla-roncesvalles\/regional\/#primaryimage","url":"https:\/\/i0.wp.com\/ciudadyregion.com.co\/wp-content\/uploads\/2026\/04\/a-15.jpg?fit=800%2C445&ssl=1","contentUrl":"https:\/\/i0.wp.com\/ciudadyregion.com.co\/wp-content\/uploads\/2026\/04\/a-15.jpg?fit=800%2C445&ssl=1","width":800,"height":445},{"@type":"BreadcrumbList","@id":"https:\/\/ciudadyregion.com.co\/index.php\/vacunate-contra-la-fiebre-amarilla-roncesvalles\/regional\/#breadcrumb","itemListElement":[{"@type":"ListItem","position":1,"name":"Portada","item":"https:\/\/ciudadyregion.com.co\/"},{"@type":"ListItem","position":2,"name":"Vac\u00fanate contra la fiebre amarilla Roncesvalles"}]},{"@type":"WebSite","@id":"https:\/\/ciudadyregion.com.co\/#website","url":"https:\/\/ciudadyregion.com.co\/","name":"Ciudad y Region","description":"","potentialAction":[{"@type":"SearchAction","target":{"@type":"EntryPoint","urlTemplate":"https:\/\/ciudadyregion.com.co\/?s={search_term_string}"},"query-input":{"@type":"PropertyValueSpecification","valueRequired":true,"valueName":"search_term_string"}}],"inLanguage":"es"},{"@type":"Person","@id":"https:\/\/ciudadyregion.com.co\/#\/schema\/person\/04a4954373ebc4051f46e8c65ff78622","name":"David Andr\u00e9s Aguirre","image":{"@type":"ImageObject","inLanguage":"es","@id":"https:\/\/ciudadyregion.com.co\/#\/schema\/person\/image\/","url":"https:\/\/secure.gravatar.com\/avatar\/bc3c655860202182ee6d1b5edd042dbe?s=96&d=mm&r=g","contentUrl":"https:\/\/secure.gravatar.com\/avatar\/bc3c655860202182ee6d1b5edd042dbe?s=96&d=mm&r=g","caption":"David Andr\u00e9s Aguirre"},"url":"https:\/\/ciudadyregion.com.co\/index.php\/author\/diegoaguirre\/"}]}},"jetpack_featured_media_url":"https:\/\/i0.wp.com\/ciudadyregion.com.co\/wp-content\/uploads\/2026\/04\/a-15.jpg?fit=800%2C445&ssl=1","jetpack_sharing_enabled":true,"jetpack_shortlink":"https:\/\/wp.me\/pbS7hh-fbe","jetpack-related-posts":[],"_links":{"self":[{"href":"https:\/\/ciudadyregion.com.co\/index.php\/wp-json\/wp\/v2\/posts\/58356"}],"collection":[{"href":"https:\/\/ciudadyregion.com.co\/index.php\/wp-json\/wp\/v2\/posts"}],"about":[{"href":"https:\/\/ciudadyregion.com.co\/index.php\/wp-json\/wp\/v2\/types\/post"}],"author":[{"embeddable":true,"href":"https:\/\/ciudadyregion.com.co\/index.php\/wp-json\/wp\/v2\/users\/2"}],"replies":[{"embeddable":true,"href":"https:\/\/ciudadyregion.com.co\/index.php\/wp-json\/wp\/v2\/comments?post=58356"}],"version-history":[{"count":1,"href":"https:\/\/ciudadyregion.com.co\/index.php\/wp-json\/wp\/v2\/posts\/58356\/revisions"}],"predecessor-version":[{"id":58358,"href":"https:\/\/ciudadyregion.com.co\/index.php\/wp-json\/wp\/v2\/posts\/58356\/revisions\/58358"}],"wp:featuredmedia":[{"embeddable":true,"href":"https:\/\/ciudadyregion.com.co\/index.php\/wp-json\/wp\/v2\/media\/58357"}],"wp:attachment":[{"href":"https:\/\/ciudadyregion.com.co\/index.php\/wp-json\/wp\/v2\/media?parent=58356"}],"wp:term":[{"taxonomy":"category","embeddable":true,"href":"https:\/\/ciudadyregion.com.co\/index.php\/wp-json\/wp\/v2\/categories?post=58356"},{"taxonomy":"post_tag","embeddable":true,"href":"https:\/\/ciudadyregion.com.co\/index.php\/wp-json\/wp\/v2\/tags?post=58356"}],"curies":[{"name":"wp","href":"https:\/\/api.w.org\/{rel}","templated":true}]}}