{"id":58232,"date":"2026-03-31T03:36:26","date_gmt":"2026-03-31T08:36:26","guid":{"rendered":"https:\/\/ciudadyregion.com.co\/?p=58232"},"modified":"2026-04-07T07:43:09","modified_gmt":"2026-04-07T12:43:09","slug":"boletin-epidemiologico-fiebre-amarilla-en-villahermosa-4","status":"publish","type":"post","link":"https:\/\/ciudadyregion.com.co\/index.php\/boletin-epidemiologico-fiebre-amarilla-en-villahermosa-4\/salud\/","title":{"rendered":"Bolet\u00edn Epidemiol\u00f3gico Fiebre Amarilla en Villahermosa"},"content":{"rendered":"<div class=\"xdj266r x14z9mp xat24cr x1lziwak x1vvkbs x126k92a\">\n<div dir=\"auto\"><span class=\"html-span xexx8yu xyri2b x18d9i69 x1c1uobl x1hl2dhg x16tdsg8 x1vvkbs x3nfvp2 x1j61x8r x1fcty0u xdj266r xat24cr xm2jcoa x1mpyi22 xxymvpz xlup9mm x1kky2od\"><img loading=\"lazy\" decoding=\"async\" class=\"xz74otr x15mokao x1ga7v0g x16uus16 xbiv7yw\" src=\"https:\/\/static.xx.fbcdn.net\/images\/emoji.php\/v9\/t7e\/1\/16\/1f4c5.png\" alt=\"\ud83d\udcc5\" width=\"16\" height=\"16\" \/><\/span> Fecha de corte: 31 de Marzo de 2026<\/div>\n<div dir=\"auto\"><span class=\"html-span xexx8yu xyri2b x18d9i69 x1c1uobl x1hl2dhg x16tdsg8 x1vvkbs x3nfvp2 x1j61x8r x1fcty0u xdj266r xat24cr xm2jcoa x1mpyi22 xxymvpz xlup9mm x1kky2od\"><img loading=\"lazy\" decoding=\"async\" class=\"xz74otr x15mokao x1ga7v0g x16uus16 xbiv7yw\" src=\"https:\/\/static.xx.fbcdn.net\/images\/emoji.php\/v9\/tac\/1\/16\/1f4cc.png\" alt=\"\ud83d\udccc\" width=\"16\" height=\"16\" \/><\/span> Casos Descartados: 1<\/div>\n<div dir=\"auto\"><span class=\"html-span xexx8yu xyri2b x18d9i69 x1c1uobl x1hl2dhg x16tdsg8 x1vvkbs x3nfvp2 x1j61x8r x1fcty0u xdj266r xat24cr xm2jcoa x1mpyi22 xxymvpz xlup9mm x1kky2od\"><img loading=\"lazy\" decoding=\"async\" class=\"xz74otr x15mokao x1ga7v0g x16uus16 xbiv7yw\" src=\"https:\/\/static.xx.fbcdn.net\/images\/emoji.php\/v9\/tac\/1\/16\/1f4cc.png\" alt=\"\ud83d\udccc\" width=\"16\" height=\"16\" \/><\/span> Casos sospechosos: 0<\/div>\n<div dir=\"auto\"><span class=\"html-span xexx8yu xyri2b x18d9i69 x1c1uobl x1hl2dhg x16tdsg8 x1vvkbs x3nfvp2 x1j61x8r x1fcty0u xdj266r xat24cr xm2jcoa x1mpyi22 xxymvpz xlup9mm x1kky2od\"><img loading=\"lazy\" decoding=\"async\" class=\"xz74otr x15mokao x1ga7v0g x16uus16 xbiv7yw\" src=\"https:\/\/static.xx.fbcdn.net\/images\/emoji.php\/v9\/tac\/1\/16\/1f4cc.png\" alt=\"\ud83d\udccc\" width=\"16\" height=\"16\" \/><\/span> Casos confirmados: 0<\/div>\n<div dir=\"auto\"><span class=\"html-span xexx8yu xyri2b x18d9i69 x1c1uobl x1hl2dhg x16tdsg8 x1vvkbs x3nfvp2 x1j61x8r x1fcty0u xdj266r xat24cr xm2jcoa x1mpyi22 xxymvpz xlup9mm x1kky2od\"><img loading=\"lazy\" decoding=\"async\" class=\"xz74otr x15mokao x1ga7v0g x16uus16 xbiv7yw\" src=\"https:\/\/static.xx.fbcdn.net\/images\/emoji.php\/v9\/tac\/1\/16\/1f4cc.png\" alt=\"\ud83d\udccc\" width=\"16\" height=\"16\" \/><\/span> Poblaci\u00f3n vacunada a la fecha: 3.805 personas.<\/div>\n<div dir=\"auto\"><\/div>\n<\/div>\n<div class=\"x14z9mp xat24cr x1lziwak x1vvkbs xtlvy1s x126k92a\">\n<div dir=\"auto\">\u00a1Seguimos firmes con la vigilancia epidemiol\u00f3gica en nuestro municipio!<\/div>\n<div dir=\"auto\">Recuerda: la prevenci\u00f3n y la vacunaci\u00f3n salvan vidas.<\/div>\n<\/div>\n<div class=\"x14z9mp xat24cr x1lziwak x1vvkbs xtlvy1s x126k92a\">\n<div dir=\"auto\">Un mensaje de la Alcald\u00eda Municipal de Villahermosa, la Secretar\u00eda de Salud del Tolima y el Hospital Ismael Perdomo VillaHermosa.<\/div>\n<\/div>\n<div class=\"x14z9mp xat24cr x1lziwak x1vvkbs xtlvy1s x126k92a\">\n<div dir=\"auto\">Sigue nuestras redes para estar informado y atento a las pr\u00f3ximas jornadas de vacunaci\u00f3n.<\/div>\n<\/div>\n<div dir=\"auto\"><\/div>\n<div dir=\"auto\"><\/div>\n<div dir=\"auto\"><img decoding=\"async\" src=\"https:\/\/scontent-bog2-1.xx.fbcdn.net\/v\/t39.30808-6\/660482517_1264076965858496_595854515601673291_n.jpg?_nc_cat=101&amp;ccb=1-7&amp;_nc_sid=13d280&amp;_nc_ohc=6hma-MnF-pgQ7kNvwGNcJJO&amp;_nc_oc=AdpSlUl4wMHKVmr4jRRsO0tSsbN2s0CoSpqqB6czbo5bE6Y2CwpQdDr1A0oo1g_jTe68j2LMYp_fvq_WE8te3ep5&amp;_nc_zt=23&amp;_nc_ht=scontent-bog2-1.xx&amp;_nc_gid=qBaJkQol8jqD1MFxgIGTzw&amp;_nc_ss=7a3a8&amp;oh=00_Af0caqRIA2_g0qNB0zXQqbGyA1poQFXoOYmA24n1Xmovhw&amp;oe=69DADAA3\" alt=\"Puede ser una imagen de texto que dice &quot;31 BOLETIN DE MARZO 2026 E FIEBRE AMARILLA VILLAHERMOSA CASOS DESCARTADOS 1 CASOS CONFIRMADOS POBLACI\u00d3N VACUNADA o 3.805 PERSONAS \u00a1Seguimos firmes con vigilancia epidemiol\u00f3gica en nuestro municipio! Recuerda: la prevenci\u00f3n y la vacunaci\u00f3n salvan vidas. 1\u12f0\u121b KomaO6\u0438 ALCALDIA VILLAHERMOSA VILLAHERMOSATOLIMA TOLIMA HOSPITAL ISMAEL ELPERDOMO DOMO D\u00cdAZ&quot;\" \/><\/div>\n","protected":false},"excerpt":{"rendered":"<p>Fecha de corte: 31 de Marzo de 2026 Casos Descartados: 1 Casos sospechosos: 0 Casos confirmados: 0 Poblaci\u00f3n vacunada a la fecha: 3.805 personas. \u00a1Seguimos firmes con la vigilancia epidemiol\u00f3gica en nuestro municipio! Recuerda: la prevenci\u00f3n y la vacunaci\u00f3n salvan vidas. Un mensaje de la Alcald\u00eda Municipal de Villahermosa, la<span class=\"more-link\"><a href=\"https:\/\/ciudadyregion.com.co\/index.php\/boletin-epidemiologico-fiebre-amarilla-en-villahermosa-4\/salud\/\">Continuar Leyendo<\/a><\/span><\/p>\n","protected":false},"author":2,"featured_media":25428,"comment_status":"open","ping_status":"open","sticky":false,"template":"","format":"standard","meta":{"_uf_show_specific_survey":0,"_uf_disable_surveys":false,"_jetpack_memberships_contains_paid_content":false,"footnotes":"","jetpack_publicize_message":"","jetpack_publicize_feature_enabled":true,"jetpack_social_post_already_shared":true,"jetpack_social_options":{"image_generator_settings":{"template":"highway","enabled":false},"version":2}},"categories":[29],"tags":[],"class_list":["entry","author-diegoaguirre","post-58232","post","type-post","status-publish","format-standard","has-post-thumbnail","category-salud"],"jetpack_publicize_connections":[],"yoast_head":"<!-- This site is optimized with the Yoast SEO plugin v24.3 - https:\/\/yoast.com\/wordpress\/plugins\/seo\/ -->\n<title>Bolet\u00edn Epidemiol\u00f3gico Fiebre Amarilla en Villahermosa - Ciudad y Region<\/title>\n<meta name=\"robots\" content=\"index, follow, max-snippet:-1, max-image-preview:large, max-video-preview:-1\" \/>\n<link rel=\"canonical\" href=\"https:\/\/ciudadyregion.com.co\/index.php\/boletin-epidemiologico-fiebre-amarilla-en-villahermosa-4\/salud\/\" \/>\n<meta property=\"og:locale\" content=\"es_ES\" \/>\n<meta property=\"og:type\" content=\"article\" \/>\n<meta property=\"og:title\" content=\"Bolet\u00edn Epidemiol\u00f3gico Fiebre Amarilla en Villahermosa - Ciudad y Region\" \/>\n<meta property=\"og:description\" content=\"Fecha de corte: 31 de Marzo de 2026 Casos Descartados: 1 Casos sospechosos: 0 Casos confirmados: 0 Poblaci\u00f3n vacunada a la fecha: 3.805 personas. \u00a1Seguimos firmes con la vigilancia epidemiol\u00f3gica en nuestro municipio! Recuerda: la prevenci\u00f3n y la vacunaci\u00f3n salvan vidas. Un mensaje de la Alcald\u00eda Municipal de Villahermosa, laContinuar Leyendo\" \/>\n<meta property=\"og:url\" content=\"https:\/\/ciudadyregion.com.co\/index.php\/boletin-epidemiologico-fiebre-amarilla-en-villahermosa-4\/salud\/\" \/>\n<meta property=\"og:site_name\" content=\"Ciudad y Region\" \/>\n<meta property=\"article:published_time\" content=\"2026-03-31T08:36:26+00:00\" \/>\n<meta property=\"article:modified_time\" content=\"2026-04-07T12:43:09+00:00\" \/>\n<meta property=\"og:image\" content=\"https:\/\/ciudadyregion.com.co\/wp-content\/uploads\/2024\/11\/fiebre-amarilla-1.jpg\" \/>\n\t<meta property=\"og:image:width\" content=\"800\" \/>\n\t<meta property=\"og:image:height\" content=\"445\" \/>\n\t<meta property=\"og:image:type\" content=\"image\/jpeg\" \/>\n<meta name=\"author\" content=\"David Andr\u00e9s Aguirre\" \/>\n<meta name=\"twitter:card\" content=\"summary_large_image\" \/>\n<meta name=\"twitter:label1\" content=\"Escrito por\" \/>\n\t<meta name=\"twitter:data1\" content=\"David Andr\u00e9s Aguirre\" \/>\n\t<meta name=\"twitter:label2\" content=\"Tiempo de lectura\" \/>\n\t<meta name=\"twitter:data2\" content=\"2 minutos\" \/>\n<script type=\"application\/ld+json\" class=\"yoast-schema-graph\">{\"@context\":\"https:\/\/schema.org\",\"@graph\":[{\"@type\":\"WebPage\",\"@id\":\"https:\/\/ciudadyregion.com.co\/index.php\/boletin-epidemiologico-fiebre-amarilla-en-villahermosa-4\/salud\/\",\"url\":\"https:\/\/ciudadyregion.com.co\/index.php\/boletin-epidemiologico-fiebre-amarilla-en-villahermosa-4\/salud\/\",\"name\":\"Bolet\u00edn Epidemiol\u00f3gico Fiebre Amarilla en Villahermosa - Ciudad y Region\",\"isPartOf\":{\"@id\":\"https:\/\/ciudadyregion.com.co\/#website\"},\"primaryImageOfPage\":{\"@id\":\"https:\/\/ciudadyregion.com.co\/index.php\/boletin-epidemiologico-fiebre-amarilla-en-villahermosa-4\/salud\/#primaryimage\"},\"image\":{\"@id\":\"https:\/\/ciudadyregion.com.co\/index.php\/boletin-epidemiologico-fiebre-amarilla-en-villahermosa-4\/salud\/#primaryimage\"},\"thumbnailUrl\":\"https:\/\/i0.wp.com\/ciudadyregion.com.co\/wp-content\/uploads\/2024\/11\/fiebre-amarilla-1.jpg?fit=800%2C445&ssl=1\",\"datePublished\":\"2026-03-31T08:36:26+00:00\",\"dateModified\":\"2026-04-07T12:43:09+00:00\",\"author\":{\"@id\":\"https:\/\/ciudadyregion.com.co\/#\/schema\/person\/04a4954373ebc4051f46e8c65ff78622\"},\"breadcrumb\":{\"@id\":\"https:\/\/ciudadyregion.com.co\/index.php\/boletin-epidemiologico-fiebre-amarilla-en-villahermosa-4\/salud\/#breadcrumb\"},\"inLanguage\":\"es\",\"potentialAction\":[{\"@type\":\"ReadAction\",\"target\":[\"https:\/\/ciudadyregion.com.co\/index.php\/boletin-epidemiologico-fiebre-amarilla-en-villahermosa-4\/salud\/\"]}]},{\"@type\":\"ImageObject\",\"inLanguage\":\"es\",\"@id\":\"https:\/\/ciudadyregion.com.co\/index.php\/boletin-epidemiologico-fiebre-amarilla-en-villahermosa-4\/salud\/#primaryimage\",\"url\":\"https:\/\/i0.wp.com\/ciudadyregion.com.co\/wp-content\/uploads\/2024\/11\/fiebre-amarilla-1.jpg?fit=800%2C445&ssl=1\",\"contentUrl\":\"https:\/\/i0.wp.com\/ciudadyregion.com.co\/wp-content\/uploads\/2024\/11\/fiebre-amarilla-1.jpg?fit=800%2C445&ssl=1\",\"width\":800,\"height\":445},{\"@type\":\"BreadcrumbList\",\"@id\":\"https:\/\/ciudadyregion.com.co\/index.php\/boletin-epidemiologico-fiebre-amarilla-en-villahermosa-4\/salud\/#breadcrumb\",\"itemListElement\":[{\"@type\":\"ListItem\",\"position\":1,\"name\":\"Portada\",\"item\":\"https:\/\/ciudadyregion.com.co\/\"},{\"@type\":\"ListItem\",\"position\":2,\"name\":\"Bolet\u00edn Epidemiol\u00f3gico Fiebre Amarilla en Villahermosa\"}]},{\"@type\":\"WebSite\",\"@id\":\"https:\/\/ciudadyregion.com.co\/#website\",\"url\":\"https:\/\/ciudadyregion.com.co\/\",\"name\":\"Ciudad y Region\",\"description\":\"\",\"potentialAction\":[{\"@type\":\"SearchAction\",\"target\":{\"@type\":\"EntryPoint\",\"urlTemplate\":\"https:\/\/ciudadyregion.com.co\/?s={search_term_string}\"},\"query-input\":{\"@type\":\"PropertyValueSpecification\",\"valueRequired\":true,\"valueName\":\"search_term_string\"}}],\"inLanguage\":\"es\"},{\"@type\":\"Person\",\"@id\":\"https:\/\/ciudadyregion.com.co\/#\/schema\/person\/04a4954373ebc4051f46e8c65ff78622\",\"name\":\"David Andr\u00e9s Aguirre\",\"image\":{\"@type\":\"ImageObject\",\"inLanguage\":\"es\",\"@id\":\"https:\/\/ciudadyregion.com.co\/#\/schema\/person\/image\/\",\"url\":\"https:\/\/secure.gravatar.com\/avatar\/bc3c655860202182ee6d1b5edd042dbe?s=96&d=mm&r=g\",\"contentUrl\":\"https:\/\/secure.gravatar.com\/avatar\/bc3c655860202182ee6d1b5edd042dbe?s=96&d=mm&r=g\",\"caption\":\"David Andr\u00e9s Aguirre\"},\"url\":\"https:\/\/ciudadyregion.com.co\/index.php\/author\/diegoaguirre\/\"}]}<\/script>\n<!-- \/ Yoast SEO plugin. -->","yoast_head_json":{"title":"Bolet\u00edn Epidemiol\u00f3gico Fiebre Amarilla en Villahermosa - Ciudad y Region","robots":{"index":"index","follow":"follow","max-snippet":"max-snippet:-1","max-image-preview":"max-image-preview:large","max-video-preview":"max-video-preview:-1"},"canonical":"https:\/\/ciudadyregion.com.co\/index.php\/boletin-epidemiologico-fiebre-amarilla-en-villahermosa-4\/salud\/","og_locale":"es_ES","og_type":"article","og_title":"Bolet\u00edn Epidemiol\u00f3gico Fiebre Amarilla en Villahermosa - Ciudad y Region","og_description":"Fecha de corte: 31 de Marzo de 2026 Casos Descartados: 1 Casos sospechosos: 0 Casos confirmados: 0 Poblaci\u00f3n vacunada a la fecha: 3.805 personas. \u00a1Seguimos firmes con la vigilancia epidemiol\u00f3gica en nuestro municipio! Recuerda: la prevenci\u00f3n y la vacunaci\u00f3n salvan vidas. Un mensaje de la Alcald\u00eda Municipal de Villahermosa, laContinuar Leyendo","og_url":"https:\/\/ciudadyregion.com.co\/index.php\/boletin-epidemiologico-fiebre-amarilla-en-villahermosa-4\/salud\/","og_site_name":"Ciudad y Region","article_published_time":"2026-03-31T08:36:26+00:00","article_modified_time":"2026-04-07T12:43:09+00:00","og_image":[{"width":800,"height":445,"url":"https:\/\/ciudadyregion.com.co\/wp-content\/uploads\/2024\/11\/fiebre-amarilla-1.jpg","type":"image\/jpeg"}],"author":"David Andr\u00e9s Aguirre","twitter_card":"summary_large_image","twitter_misc":{"Escrito por":"David Andr\u00e9s Aguirre","Tiempo de lectura":"2 minutos"},"schema":{"@context":"https:\/\/schema.org","@graph":[{"@type":"WebPage","@id":"https:\/\/ciudadyregion.com.co\/index.php\/boletin-epidemiologico-fiebre-amarilla-en-villahermosa-4\/salud\/","url":"https:\/\/ciudadyregion.com.co\/index.php\/boletin-epidemiologico-fiebre-amarilla-en-villahermosa-4\/salud\/","name":"Bolet\u00edn Epidemiol\u00f3gico Fiebre Amarilla en Villahermosa - Ciudad y Region","isPartOf":{"@id":"https:\/\/ciudadyregion.com.co\/#website"},"primaryImageOfPage":{"@id":"https:\/\/ciudadyregion.com.co\/index.php\/boletin-epidemiologico-fiebre-amarilla-en-villahermosa-4\/salud\/#primaryimage"},"image":{"@id":"https:\/\/ciudadyregion.com.co\/index.php\/boletin-epidemiologico-fiebre-amarilla-en-villahermosa-4\/salud\/#primaryimage"},"thumbnailUrl":"https:\/\/i0.wp.com\/ciudadyregion.com.co\/wp-content\/uploads\/2024\/11\/fiebre-amarilla-1.jpg?fit=800%2C445&ssl=1","datePublished":"2026-03-31T08:36:26+00:00","dateModified":"2026-04-07T12:43:09+00:00","author":{"@id":"https:\/\/ciudadyregion.com.co\/#\/schema\/person\/04a4954373ebc4051f46e8c65ff78622"},"breadcrumb":{"@id":"https:\/\/ciudadyregion.com.co\/index.php\/boletin-epidemiologico-fiebre-amarilla-en-villahermosa-4\/salud\/#breadcrumb"},"inLanguage":"es","potentialAction":[{"@type":"ReadAction","target":["https:\/\/ciudadyregion.com.co\/index.php\/boletin-epidemiologico-fiebre-amarilla-en-villahermosa-4\/salud\/"]}]},{"@type":"ImageObject","inLanguage":"es","@id":"https:\/\/ciudadyregion.com.co\/index.php\/boletin-epidemiologico-fiebre-amarilla-en-villahermosa-4\/salud\/#primaryimage","url":"https:\/\/i0.wp.com\/ciudadyregion.com.co\/wp-content\/uploads\/2024\/11\/fiebre-amarilla-1.jpg?fit=800%2C445&ssl=1","contentUrl":"https:\/\/i0.wp.com\/ciudadyregion.com.co\/wp-content\/uploads\/2024\/11\/fiebre-amarilla-1.jpg?fit=800%2C445&ssl=1","width":800,"height":445},{"@type":"BreadcrumbList","@id":"https:\/\/ciudadyregion.com.co\/index.php\/boletin-epidemiologico-fiebre-amarilla-en-villahermosa-4\/salud\/#breadcrumb","itemListElement":[{"@type":"ListItem","position":1,"name":"Portada","item":"https:\/\/ciudadyregion.com.co\/"},{"@type":"ListItem","position":2,"name":"Bolet\u00edn Epidemiol\u00f3gico Fiebre Amarilla en Villahermosa"}]},{"@type":"WebSite","@id":"https:\/\/ciudadyregion.com.co\/#website","url":"https:\/\/ciudadyregion.com.co\/","name":"Ciudad y Region","description":"","potentialAction":[{"@type":"SearchAction","target":{"@type":"EntryPoint","urlTemplate":"https:\/\/ciudadyregion.com.co\/?s={search_term_string}"},"query-input":{"@type":"PropertyValueSpecification","valueRequired":true,"valueName":"search_term_string"}}],"inLanguage":"es"},{"@type":"Person","@id":"https:\/\/ciudadyregion.com.co\/#\/schema\/person\/04a4954373ebc4051f46e8c65ff78622","name":"David Andr\u00e9s Aguirre","image":{"@type":"ImageObject","inLanguage":"es","@id":"https:\/\/ciudadyregion.com.co\/#\/schema\/person\/image\/","url":"https:\/\/secure.gravatar.com\/avatar\/bc3c655860202182ee6d1b5edd042dbe?s=96&d=mm&r=g","contentUrl":"https:\/\/secure.gravatar.com\/avatar\/bc3c655860202182ee6d1b5edd042dbe?s=96&d=mm&r=g","caption":"David Andr\u00e9s Aguirre"},"url":"https:\/\/ciudadyregion.com.co\/index.php\/author\/diegoaguirre\/"}]}},"jetpack_featured_media_url":"https:\/\/i0.wp.com\/ciudadyregion.com.co\/wp-content\/uploads\/2024\/11\/fiebre-amarilla-1.jpg?fit=800%2C445&ssl=1","jetpack_sharing_enabled":true,"jetpack_shortlink":"https:\/\/wp.me\/pbS7hh-f9e","jetpack-related-posts":[],"_links":{"self":[{"href":"https:\/\/ciudadyregion.com.co\/index.php\/wp-json\/wp\/v2\/posts\/58232"}],"collection":[{"href":"https:\/\/ciudadyregion.com.co\/index.php\/wp-json\/wp\/v2\/posts"}],"about":[{"href":"https:\/\/ciudadyregion.com.co\/index.php\/wp-json\/wp\/v2\/types\/post"}],"author":[{"embeddable":true,"href":"https:\/\/ciudadyregion.com.co\/index.php\/wp-json\/wp\/v2\/users\/2"}],"replies":[{"embeddable":true,"href":"https:\/\/ciudadyregion.com.co\/index.php\/wp-json\/wp\/v2\/comments?post=58232"}],"version-history":[{"count":1,"href":"https:\/\/ciudadyregion.com.co\/index.php\/wp-json\/wp\/v2\/posts\/58232\/revisions"}],"predecessor-version":[{"id":58233,"href":"https:\/\/ciudadyregion.com.co\/index.php\/wp-json\/wp\/v2\/posts\/58232\/revisions\/58233"}],"wp:featuredmedia":[{"embeddable":true,"href":"https:\/\/ciudadyregion.com.co\/index.php\/wp-json\/wp\/v2\/media\/25428"}],"wp:attachment":[{"href":"https:\/\/ciudadyregion.com.co\/index.php\/wp-json\/wp\/v2\/media?parent=58232"}],"wp:term":[{"taxonomy":"category","embeddable":true,"href":"https:\/\/ciudadyregion.com.co\/index.php\/wp-json\/wp\/v2\/categories?post=58232"},{"taxonomy":"post_tag","embeddable":true,"href":"https:\/\/ciudadyregion.com.co\/index.php\/wp-json\/wp\/v2\/tags?post=58232"}],"curies":[{"name":"wp","href":"https:\/\/api.w.org\/{rel}","templated":true}]}}