{"id":57480,"date":"2026-03-17T08:56:12","date_gmt":"2026-03-17T13:56:12","guid":{"rendered":"https:\/\/ciudadyregion.com.co\/?p=57480"},"modified":"2026-03-17T08:56:12","modified_gmt":"2026-03-17T13:56:12","slug":"asegurado-presunto-responsable-del-crimen-de-un-hombre-en-la-comuna-13-de-medellin-durante-una-celebracion-navidena","status":"publish","type":"post","link":"https:\/\/ciudadyregion.com.co\/index.php\/asegurado-presunto-responsable-del-crimen-de-un-hombre-en-la-comuna-13-de-medellin-durante-una-celebracion-navidena\/judicial\/","title":{"rendered":"Asegurado presunto responsable del crimen de un hombre en la comuna 13 de Medell\u00edn durante una celebraci\u00f3n navide\u00f1a"},"content":{"rendered":"<p>Como Pedro Pablo Ruiz Solar fue identificado el presunto responsable del crimen de un hombre de 29 a\u00f1os en hechos registrados el 25 de diciembre de 2025, en el barrio El Salado de la Comuna 13 de Medell\u00edn (Antioquia).<\/p>\n<p>En el lugar, varios habitantes del sector se encontraban departiendo en v\u00eda p\u00fablica, cuando Ruiz Solar los habr\u00eda agredido verbalmente por el ruido que estaban generando y los intimido con dos armas cortopunzantes.<\/p>\n<p>Ante la actitud del hombre, los vecinos se encerraron en sus viviendas, sin embargo, la v\u00edctima, quien no resid\u00eda en la zona, intent\u00f3 huir del lugar, pero fue alcanzada por el presunto agresor que la atac\u00f3 con arma blanca en unas escaleras.<\/p>\n<p>Posteriormente habr\u00eda lanzado las armas con las que cometi\u00f3 el homicidio a una zona verde y huy\u00f3 del lugar.<\/p>\n<p>Un fiscal de la Unidad de Delitos Contra la Vida le imput\u00f3 a Ruiz Solar el delito de homicidio agravado. En audiencias concentradas no acept\u00f3 el cargo y deber\u00e1 cumplir medida de aseguramiento en centro carcelario.<\/p>\n<p>El hombre fue capturado por servidores del Cuerpo T\u00e9cnico de Investigaci\u00f3n con el apoyo de la Polic\u00eda Nacional en Aguachica (Cesar) a donde, al parecer, se traslad\u00f3 para evadir la acci\u00f3n de la justicia.<\/p>\n<p>&nbsp;<\/p>\n","protected":false},"excerpt":{"rendered":"<p>Como Pedro Pablo Ruiz Solar fue identificado el presunto responsable del crimen de un hombre de 29 a\u00f1os en hechos registrados el 25 de diciembre de 2025, en el barrio El Salado de la Comuna 13 de Medell\u00edn (Antioquia). En el lugar, varios habitantes del sector se encontraban departiendo en<span class=\"more-link\"><a href=\"https:\/\/ciudadyregion.com.co\/index.php\/asegurado-presunto-responsable-del-crimen-de-un-hombre-en-la-comuna-13-de-medellin-durante-una-celebracion-navidena\/judicial\/\">Continuar Leyendo<\/a><\/span><\/p>\n","protected":false},"author":2,"featured_media":57481,"comment_status":"open","ping_status":"open","sticky":false,"template":"","format":"standard","meta":{"_uf_show_specific_survey":0,"_uf_disable_surveys":false,"_jetpack_memberships_contains_paid_content":false,"footnotes":"","jetpack_publicize_message":"","jetpack_publicize_feature_enabled":true,"jetpack_social_post_already_shared":true,"jetpack_social_options":{"image_generator_settings":{"template":"highway","enabled":false},"version":2}},"categories":[18],"tags":[],"class_list":["entry","author-diegoaguirre","post-57480","post","type-post","status-publish","format-standard","has-post-thumbnail","category-judicial"],"jetpack_publicize_connections":[],"yoast_head":"<!-- This site is optimized with the Yoast SEO plugin v24.3 - https:\/\/yoast.com\/wordpress\/plugins\/seo\/ -->\n<title>Asegurado presunto responsable del crimen de un hombre en la comuna 13 de Medell\u00edn durante una celebraci\u00f3n navide\u00f1a - Ciudad y Region<\/title>\n<meta name=\"robots\" content=\"index, follow, max-snippet:-1, max-image-preview:large, max-video-preview:-1\" \/>\n<link rel=\"canonical\" href=\"https:\/\/ciudadyregion.com.co\/index.php\/asegurado-presunto-responsable-del-crimen-de-un-hombre-en-la-comuna-13-de-medellin-durante-una-celebracion-navidena\/judicial\/\" \/>\n<meta property=\"og:locale\" content=\"es_ES\" \/>\n<meta property=\"og:type\" content=\"article\" \/>\n<meta property=\"og:title\" content=\"Asegurado presunto responsable del crimen de un hombre en la comuna 13 de Medell\u00edn durante una celebraci\u00f3n navide\u00f1a - Ciudad y Region\" \/>\n<meta property=\"og:description\" content=\"Como Pedro Pablo Ruiz Solar fue identificado el presunto responsable del crimen de un hombre de 29 a\u00f1os en hechos registrados el 25 de diciembre de 2025, en el barrio El Salado de la Comuna 13 de Medell\u00edn (Antioquia). En el lugar, varios habitantes del sector se encontraban departiendo enContinuar Leyendo\" \/>\n<meta property=\"og:url\" content=\"https:\/\/ciudadyregion.com.co\/index.php\/asegurado-presunto-responsable-del-crimen-de-un-hombre-en-la-comuna-13-de-medellin-durante-una-celebracion-navidena\/judicial\/\" \/>\n<meta property=\"og:site_name\" content=\"Ciudad y Region\" \/>\n<meta property=\"article:published_time\" content=\"2026-03-17T13:56:12+00:00\" \/>\n<meta property=\"og:image\" content=\"https:\/\/ciudadyregion.com.co\/wp-content\/uploads\/2026\/03\/comuna-13.webp\" \/>\n\t<meta property=\"og:image:width\" content=\"800\" \/>\n\t<meta property=\"og:image:height\" content=\"445\" \/>\n\t<meta property=\"og:image:type\" content=\"image\/webp\" \/>\n<meta name=\"author\" content=\"David Andr\u00e9s Aguirre\" \/>\n<meta name=\"twitter:card\" content=\"summary_large_image\" \/>\n<meta name=\"twitter:label1\" content=\"Escrito por\" \/>\n\t<meta name=\"twitter:data1\" content=\"David Andr\u00e9s Aguirre\" \/>\n\t<meta name=\"twitter:label2\" content=\"Tiempo de lectura\" \/>\n\t<meta name=\"twitter:data2\" content=\"1 minuto\" \/>\n<script type=\"application\/ld+json\" class=\"yoast-schema-graph\">{\"@context\":\"https:\/\/schema.org\",\"@graph\":[{\"@type\":\"WebPage\",\"@id\":\"https:\/\/ciudadyregion.com.co\/index.php\/asegurado-presunto-responsable-del-crimen-de-un-hombre-en-la-comuna-13-de-medellin-durante-una-celebracion-navidena\/judicial\/\",\"url\":\"https:\/\/ciudadyregion.com.co\/index.php\/asegurado-presunto-responsable-del-crimen-de-un-hombre-en-la-comuna-13-de-medellin-durante-una-celebracion-navidena\/judicial\/\",\"name\":\"Asegurado presunto responsable del crimen de un hombre en la comuna 13 de Medell\u00edn durante una celebraci\u00f3n navide\u00f1a - Ciudad y Region\",\"isPartOf\":{\"@id\":\"https:\/\/ciudadyregion.com.co\/#website\"},\"primaryImageOfPage\":{\"@id\":\"https:\/\/ciudadyregion.com.co\/index.php\/asegurado-presunto-responsable-del-crimen-de-un-hombre-en-la-comuna-13-de-medellin-durante-una-celebracion-navidena\/judicial\/#primaryimage\"},\"image\":{\"@id\":\"https:\/\/ciudadyregion.com.co\/index.php\/asegurado-presunto-responsable-del-crimen-de-un-hombre-en-la-comuna-13-de-medellin-durante-una-celebracion-navidena\/judicial\/#primaryimage\"},\"thumbnailUrl\":\"https:\/\/i0.wp.com\/ciudadyregion.com.co\/wp-content\/uploads\/2026\/03\/comuna-13.webp?fit=800%2C445&ssl=1\",\"datePublished\":\"2026-03-17T13:56:12+00:00\",\"dateModified\":\"2026-03-17T13:56:12+00:00\",\"author\":{\"@id\":\"https:\/\/ciudadyregion.com.co\/#\/schema\/person\/04a4954373ebc4051f46e8c65ff78622\"},\"breadcrumb\":{\"@id\":\"https:\/\/ciudadyregion.com.co\/index.php\/asegurado-presunto-responsable-del-crimen-de-un-hombre-en-la-comuna-13-de-medellin-durante-una-celebracion-navidena\/judicial\/#breadcrumb\"},\"inLanguage\":\"es\",\"potentialAction\":[{\"@type\":\"ReadAction\",\"target\":[\"https:\/\/ciudadyregion.com.co\/index.php\/asegurado-presunto-responsable-del-crimen-de-un-hombre-en-la-comuna-13-de-medellin-durante-una-celebracion-navidena\/judicial\/\"]}]},{\"@type\":\"ImageObject\",\"inLanguage\":\"es\",\"@id\":\"https:\/\/ciudadyregion.com.co\/index.php\/asegurado-presunto-responsable-del-crimen-de-un-hombre-en-la-comuna-13-de-medellin-durante-una-celebracion-navidena\/judicial\/#primaryimage\",\"url\":\"https:\/\/i0.wp.com\/ciudadyregion.com.co\/wp-content\/uploads\/2026\/03\/comuna-13.webp?fit=800%2C445&ssl=1\",\"contentUrl\":\"https:\/\/i0.wp.com\/ciudadyregion.com.co\/wp-content\/uploads\/2026\/03\/comuna-13.webp?fit=800%2C445&ssl=1\",\"width\":800,\"height\":445},{\"@type\":\"BreadcrumbList\",\"@id\":\"https:\/\/ciudadyregion.com.co\/index.php\/asegurado-presunto-responsable-del-crimen-de-un-hombre-en-la-comuna-13-de-medellin-durante-una-celebracion-navidena\/judicial\/#breadcrumb\",\"itemListElement\":[{\"@type\":\"ListItem\",\"position\":1,\"name\":\"Portada\",\"item\":\"https:\/\/ciudadyregion.com.co\/\"},{\"@type\":\"ListItem\",\"position\":2,\"name\":\"Asegurado presunto responsable del crimen de un hombre en la comuna 13 de Medell\u00edn durante una celebraci\u00f3n navide\u00f1a\"}]},{\"@type\":\"WebSite\",\"@id\":\"https:\/\/ciudadyregion.com.co\/#website\",\"url\":\"https:\/\/ciudadyregion.com.co\/\",\"name\":\"Ciudad y Region\",\"description\":\"\",\"potentialAction\":[{\"@type\":\"SearchAction\",\"target\":{\"@type\":\"EntryPoint\",\"urlTemplate\":\"https:\/\/ciudadyregion.com.co\/?s={search_term_string}\"},\"query-input\":{\"@type\":\"PropertyValueSpecification\",\"valueRequired\":true,\"valueName\":\"search_term_string\"}}],\"inLanguage\":\"es\"},{\"@type\":\"Person\",\"@id\":\"https:\/\/ciudadyregion.com.co\/#\/schema\/person\/04a4954373ebc4051f46e8c65ff78622\",\"name\":\"David Andr\u00e9s Aguirre\",\"image\":{\"@type\":\"ImageObject\",\"inLanguage\":\"es\",\"@id\":\"https:\/\/ciudadyregion.com.co\/#\/schema\/person\/image\/\",\"url\":\"https:\/\/secure.gravatar.com\/avatar\/bc3c655860202182ee6d1b5edd042dbe?s=96&d=mm&r=g\",\"contentUrl\":\"https:\/\/secure.gravatar.com\/avatar\/bc3c655860202182ee6d1b5edd042dbe?s=96&d=mm&r=g\",\"caption\":\"David Andr\u00e9s Aguirre\"},\"url\":\"https:\/\/ciudadyregion.com.co\/index.php\/author\/diegoaguirre\/\"}]}<\/script>\n<!-- \/ Yoast SEO plugin. -->","yoast_head_json":{"title":"Asegurado presunto responsable del crimen de un hombre en la comuna 13 de Medell\u00edn durante una celebraci\u00f3n navide\u00f1a - Ciudad y Region","robots":{"index":"index","follow":"follow","max-snippet":"max-snippet:-1","max-image-preview":"max-image-preview:large","max-video-preview":"max-video-preview:-1"},"canonical":"https:\/\/ciudadyregion.com.co\/index.php\/asegurado-presunto-responsable-del-crimen-de-un-hombre-en-la-comuna-13-de-medellin-durante-una-celebracion-navidena\/judicial\/","og_locale":"es_ES","og_type":"article","og_title":"Asegurado presunto responsable del crimen de un hombre en la comuna 13 de Medell\u00edn durante una celebraci\u00f3n navide\u00f1a - Ciudad y Region","og_description":"Como Pedro Pablo Ruiz Solar fue identificado el presunto responsable del crimen de un hombre de 29 a\u00f1os en hechos registrados el 25 de diciembre de 2025, en el barrio El Salado de la Comuna 13 de Medell\u00edn (Antioquia). En el lugar, varios habitantes del sector se encontraban departiendo enContinuar Leyendo","og_url":"https:\/\/ciudadyregion.com.co\/index.php\/asegurado-presunto-responsable-del-crimen-de-un-hombre-en-la-comuna-13-de-medellin-durante-una-celebracion-navidena\/judicial\/","og_site_name":"Ciudad y Region","article_published_time":"2026-03-17T13:56:12+00:00","og_image":[{"width":800,"height":445,"url":"https:\/\/ciudadyregion.com.co\/wp-content\/uploads\/2026\/03\/comuna-13.webp","type":"image\/webp"}],"author":"David Andr\u00e9s Aguirre","twitter_card":"summary_large_image","twitter_misc":{"Escrito por":"David Andr\u00e9s Aguirre","Tiempo de lectura":"1 minuto"},"schema":{"@context":"https:\/\/schema.org","@graph":[{"@type":"WebPage","@id":"https:\/\/ciudadyregion.com.co\/index.php\/asegurado-presunto-responsable-del-crimen-de-un-hombre-en-la-comuna-13-de-medellin-durante-una-celebracion-navidena\/judicial\/","url":"https:\/\/ciudadyregion.com.co\/index.php\/asegurado-presunto-responsable-del-crimen-de-un-hombre-en-la-comuna-13-de-medellin-durante-una-celebracion-navidena\/judicial\/","name":"Asegurado presunto responsable del crimen de un hombre en la comuna 13 de Medell\u00edn durante una celebraci\u00f3n navide\u00f1a - Ciudad y Region","isPartOf":{"@id":"https:\/\/ciudadyregion.com.co\/#website"},"primaryImageOfPage":{"@id":"https:\/\/ciudadyregion.com.co\/index.php\/asegurado-presunto-responsable-del-crimen-de-un-hombre-en-la-comuna-13-de-medellin-durante-una-celebracion-navidena\/judicial\/#primaryimage"},"image":{"@id":"https:\/\/ciudadyregion.com.co\/index.php\/asegurado-presunto-responsable-del-crimen-de-un-hombre-en-la-comuna-13-de-medellin-durante-una-celebracion-navidena\/judicial\/#primaryimage"},"thumbnailUrl":"https:\/\/i0.wp.com\/ciudadyregion.com.co\/wp-content\/uploads\/2026\/03\/comuna-13.webp?fit=800%2C445&ssl=1","datePublished":"2026-03-17T13:56:12+00:00","dateModified":"2026-03-17T13:56:12+00:00","author":{"@id":"https:\/\/ciudadyregion.com.co\/#\/schema\/person\/04a4954373ebc4051f46e8c65ff78622"},"breadcrumb":{"@id":"https:\/\/ciudadyregion.com.co\/index.php\/asegurado-presunto-responsable-del-crimen-de-un-hombre-en-la-comuna-13-de-medellin-durante-una-celebracion-navidena\/judicial\/#breadcrumb"},"inLanguage":"es","potentialAction":[{"@type":"ReadAction","target":["https:\/\/ciudadyregion.com.co\/index.php\/asegurado-presunto-responsable-del-crimen-de-un-hombre-en-la-comuna-13-de-medellin-durante-una-celebracion-navidena\/judicial\/"]}]},{"@type":"ImageObject","inLanguage":"es","@id":"https:\/\/ciudadyregion.com.co\/index.php\/asegurado-presunto-responsable-del-crimen-de-un-hombre-en-la-comuna-13-de-medellin-durante-una-celebracion-navidena\/judicial\/#primaryimage","url":"https:\/\/i0.wp.com\/ciudadyregion.com.co\/wp-content\/uploads\/2026\/03\/comuna-13.webp?fit=800%2C445&ssl=1","contentUrl":"https:\/\/i0.wp.com\/ciudadyregion.com.co\/wp-content\/uploads\/2026\/03\/comuna-13.webp?fit=800%2C445&ssl=1","width":800,"height":445},{"@type":"BreadcrumbList","@id":"https:\/\/ciudadyregion.com.co\/index.php\/asegurado-presunto-responsable-del-crimen-de-un-hombre-en-la-comuna-13-de-medellin-durante-una-celebracion-navidena\/judicial\/#breadcrumb","itemListElement":[{"@type":"ListItem","position":1,"name":"Portada","item":"https:\/\/ciudadyregion.com.co\/"},{"@type":"ListItem","position":2,"name":"Asegurado presunto responsable del crimen de un hombre en la comuna 13 de Medell\u00edn durante una celebraci\u00f3n navide\u00f1a"}]},{"@type":"WebSite","@id":"https:\/\/ciudadyregion.com.co\/#website","url":"https:\/\/ciudadyregion.com.co\/","name":"Ciudad y Region","description":"","potentialAction":[{"@type":"SearchAction","target":{"@type":"EntryPoint","urlTemplate":"https:\/\/ciudadyregion.com.co\/?s={search_term_string}"},"query-input":{"@type":"PropertyValueSpecification","valueRequired":true,"valueName":"search_term_string"}}],"inLanguage":"es"},{"@type":"Person","@id":"https:\/\/ciudadyregion.com.co\/#\/schema\/person\/04a4954373ebc4051f46e8c65ff78622","name":"David Andr\u00e9s Aguirre","image":{"@type":"ImageObject","inLanguage":"es","@id":"https:\/\/ciudadyregion.com.co\/#\/schema\/person\/image\/","url":"https:\/\/secure.gravatar.com\/avatar\/bc3c655860202182ee6d1b5edd042dbe?s=96&d=mm&r=g","contentUrl":"https:\/\/secure.gravatar.com\/avatar\/bc3c655860202182ee6d1b5edd042dbe?s=96&d=mm&r=g","caption":"David Andr\u00e9s Aguirre"},"url":"https:\/\/ciudadyregion.com.co\/index.php\/author\/diegoaguirre\/"}]}},"jetpack_featured_media_url":"https:\/\/i0.wp.com\/ciudadyregion.com.co\/wp-content\/uploads\/2026\/03\/comuna-13.webp?fit=800%2C445&ssl=1","jetpack_sharing_enabled":true,"jetpack_shortlink":"https:\/\/wp.me\/pbS7hh-eX6","jetpack-related-posts":[],"_links":{"self":[{"href":"https:\/\/ciudadyregion.com.co\/index.php\/wp-json\/wp\/v2\/posts\/57480"}],"collection":[{"href":"https:\/\/ciudadyregion.com.co\/index.php\/wp-json\/wp\/v2\/posts"}],"about":[{"href":"https:\/\/ciudadyregion.com.co\/index.php\/wp-json\/wp\/v2\/types\/post"}],"author":[{"embeddable":true,"href":"https:\/\/ciudadyregion.com.co\/index.php\/wp-json\/wp\/v2\/users\/2"}],"replies":[{"embeddable":true,"href":"https:\/\/ciudadyregion.com.co\/index.php\/wp-json\/wp\/v2\/comments?post=57480"}],"version-history":[{"count":1,"href":"https:\/\/ciudadyregion.com.co\/index.php\/wp-json\/wp\/v2\/posts\/57480\/revisions"}],"predecessor-version":[{"id":57482,"href":"https:\/\/ciudadyregion.com.co\/index.php\/wp-json\/wp\/v2\/posts\/57480\/revisions\/57482"}],"wp:featuredmedia":[{"embeddable":true,"href":"https:\/\/ciudadyregion.com.co\/index.php\/wp-json\/wp\/v2\/media\/57481"}],"wp:attachment":[{"href":"https:\/\/ciudadyregion.com.co\/index.php\/wp-json\/wp\/v2\/media?parent=57480"}],"wp:term":[{"taxonomy":"category","embeddable":true,"href":"https:\/\/ciudadyregion.com.co\/index.php\/wp-json\/wp\/v2\/categories?post=57480"},{"taxonomy":"post_tag","embeddable":true,"href":"https:\/\/ciudadyregion.com.co\/index.php\/wp-json\/wp\/v2\/tags?post=57480"}],"curies":[{"name":"wp","href":"https:\/\/api.w.org\/{rel}","templated":true}]}}