{"id":57470,"date":"2026-03-17T08:42:47","date_gmt":"2026-03-17T13:42:47","guid":{"rendered":"https:\/\/ciudadyregion.com.co\/?p=57470"},"modified":"2026-03-17T08:42:47","modified_gmt":"2026-03-17T13:42:47","slug":"hombre-senalado-de-agredir-sexualmente-a-una-menor-de-edad-en-tumaco-narino-fue-asegurado","status":"publish","type":"post","link":"https:\/\/ciudadyregion.com.co\/index.php\/hombre-senalado-de-agredir-sexualmente-a-una-menor-de-edad-en-tumaco-narino-fue-asegurado\/judicial\/","title":{"rendered":"Hombre se\u00f1alado de agredir sexualmente a una menor de edad en Tumaco (Nari\u00f1o) fue asegurado"},"content":{"rendered":"<p>La Fiscal\u00eda General de la Naci\u00f3n present\u00f3 ante un juez de control de garant\u00edas a un hombre por su presunta responsabilidad en las agresiones sexuales de las que habr\u00eda sido v\u00edctima la nieta de su compa\u00f1era sentimental en Tumaco (Nari\u00f1o).<\/p>\n<p>Por estos hechos un fiscal seccional Caivas le imput\u00f3 los delitos de acceso carnal violento con menor de 14 a\u00f1os y actos sexuales con menor de 14 a\u00f1os, las dos conductas agravadas. El procesado no acept\u00f3 cargos y fue afectado con medida de detenci\u00f3n preventiva en centro carcelario.<\/p>\n<p>Seg\u00fan la investigaci\u00f3n, los hechos ocurrieron en julio del 2019, en un resguardo ind\u00edgena, cuando el procesado habr\u00eda llegado a una vivienda en donde se encontraba la menor de edad. Aprovechando que la v\u00edctima estaba sola, al parecer, la inmoviliz\u00f3 y la abus\u00f3 sexualmente. Los abusos contra la ni\u00f1a se prolongaron hasta 2022.<\/p>\n<p>El hombre fue capturado por servidores de Cuerpo T\u00e9cnico de Investigaci\u00f3n (CTI) con apoyo de uniformados de la Polic\u00eda Nacional, cuando se desplazaba por una vereda de Tumaco.<\/p>\n","protected":false},"excerpt":{"rendered":"<p>La Fiscal\u00eda General de la Naci\u00f3n present\u00f3 ante un juez de control de garant\u00edas a un hombre por su presunta responsabilidad en las agresiones sexuales de las que habr\u00eda sido v\u00edctima la nieta de su compa\u00f1era sentimental en Tumaco (Nari\u00f1o). Por estos hechos un fiscal seccional Caivas le imput\u00f3 los<span class=\"more-link\"><a href=\"https:\/\/ciudadyregion.com.co\/index.php\/hombre-senalado-de-agredir-sexualmente-a-una-menor-de-edad-en-tumaco-narino-fue-asegurado\/judicial\/\">Continuar Leyendo<\/a><\/span><\/p>\n","protected":false},"author":2,"featured_media":57471,"comment_status":"open","ping_status":"open","sticky":false,"template":"","format":"standard","meta":{"_uf_show_specific_survey":0,"_uf_disable_surveys":false,"_jetpack_memberships_contains_paid_content":false,"footnotes":"","jetpack_publicize_message":"","jetpack_publicize_feature_enabled":true,"jetpack_social_post_already_shared":true,"jetpack_social_options":{"image_generator_settings":{"template":"highway","enabled":false},"version":2}},"categories":[18],"tags":[],"class_list":["entry","author-diegoaguirre","post-57470","post","type-post","status-publish","format-standard","has-post-thumbnail","category-judicial"],"jetpack_publicize_connections":[],"yoast_head":"<!-- This site is optimized with the Yoast SEO plugin v24.3 - https:\/\/yoast.com\/wordpress\/plugins\/seo\/ -->\n<title>Hombre se\u00f1alado de agredir sexualmente a una menor de edad en Tumaco (Nari\u00f1o) fue asegurado - Ciudad y Region<\/title>\n<meta name=\"robots\" content=\"index, follow, max-snippet:-1, max-image-preview:large, max-video-preview:-1\" \/>\n<link rel=\"canonical\" href=\"https:\/\/ciudadyregion.com.co\/index.php\/hombre-senalado-de-agredir-sexualmente-a-una-menor-de-edad-en-tumaco-narino-fue-asegurado\/judicial\/\" \/>\n<meta property=\"og:locale\" content=\"es_ES\" \/>\n<meta property=\"og:type\" content=\"article\" \/>\n<meta property=\"og:title\" content=\"Hombre se\u00f1alado de agredir sexualmente a una menor de edad en Tumaco (Nari\u00f1o) fue asegurado - Ciudad y Region\" \/>\n<meta property=\"og:description\" content=\"La Fiscal\u00eda General de la Naci\u00f3n present\u00f3 ante un juez de control de garant\u00edas a un hombre por su presunta responsabilidad en las agresiones sexuales de las que habr\u00eda sido v\u00edctima la nieta de su compa\u00f1era sentimental en Tumaco (Nari\u00f1o). Por estos hechos un fiscal seccional Caivas le imput\u00f3 losContinuar Leyendo\" \/>\n<meta property=\"og:url\" content=\"https:\/\/ciudadyregion.com.co\/index.php\/hombre-senalado-de-agredir-sexualmente-a-una-menor-de-edad-en-tumaco-narino-fue-asegurado\/judicial\/\" \/>\n<meta property=\"og:site_name\" content=\"Ciudad y Region\" \/>\n<meta property=\"article:published_time\" content=\"2026-03-17T13:42:47+00:00\" \/>\n<meta property=\"og:image\" content=\"https:\/\/ciudadyregion.com.co\/wp-content\/uploads\/2026\/03\/Pag-2026-03-17T084137.126.jpg\" \/>\n\t<meta property=\"og:image:width\" content=\"800\" \/>\n\t<meta property=\"og:image:height\" content=\"445\" \/>\n\t<meta property=\"og:image:type\" content=\"image\/jpeg\" \/>\n<meta name=\"author\" content=\"David Andr\u00e9s Aguirre\" \/>\n<meta name=\"twitter:card\" content=\"summary_large_image\" \/>\n<meta name=\"twitter:label1\" content=\"Escrito por\" \/>\n\t<meta name=\"twitter:data1\" content=\"David Andr\u00e9s Aguirre\" \/>\n\t<meta name=\"twitter:label2\" content=\"Tiempo de lectura\" \/>\n\t<meta name=\"twitter:data2\" content=\"1 minuto\" \/>\n<script type=\"application\/ld+json\" class=\"yoast-schema-graph\">{\"@context\":\"https:\/\/schema.org\",\"@graph\":[{\"@type\":\"WebPage\",\"@id\":\"https:\/\/ciudadyregion.com.co\/index.php\/hombre-senalado-de-agredir-sexualmente-a-una-menor-de-edad-en-tumaco-narino-fue-asegurado\/judicial\/\",\"url\":\"https:\/\/ciudadyregion.com.co\/index.php\/hombre-senalado-de-agredir-sexualmente-a-una-menor-de-edad-en-tumaco-narino-fue-asegurado\/judicial\/\",\"name\":\"Hombre se\u00f1alado de agredir sexualmente a una menor de edad en Tumaco (Nari\u00f1o) fue asegurado - Ciudad y Region\",\"isPartOf\":{\"@id\":\"https:\/\/ciudadyregion.com.co\/#website\"},\"primaryImageOfPage\":{\"@id\":\"https:\/\/ciudadyregion.com.co\/index.php\/hombre-senalado-de-agredir-sexualmente-a-una-menor-de-edad-en-tumaco-narino-fue-asegurado\/judicial\/#primaryimage\"},\"image\":{\"@id\":\"https:\/\/ciudadyregion.com.co\/index.php\/hombre-senalado-de-agredir-sexualmente-a-una-menor-de-edad-en-tumaco-narino-fue-asegurado\/judicial\/#primaryimage\"},\"thumbnailUrl\":\"https:\/\/i0.wp.com\/ciudadyregion.com.co\/wp-content\/uploads\/2026\/03\/Pag-2026-03-17T084137.126.jpg?fit=800%2C445&ssl=1\",\"datePublished\":\"2026-03-17T13:42:47+00:00\",\"dateModified\":\"2026-03-17T13:42:47+00:00\",\"author\":{\"@id\":\"https:\/\/ciudadyregion.com.co\/#\/schema\/person\/04a4954373ebc4051f46e8c65ff78622\"},\"breadcrumb\":{\"@id\":\"https:\/\/ciudadyregion.com.co\/index.php\/hombre-senalado-de-agredir-sexualmente-a-una-menor-de-edad-en-tumaco-narino-fue-asegurado\/judicial\/#breadcrumb\"},\"inLanguage\":\"es\",\"potentialAction\":[{\"@type\":\"ReadAction\",\"target\":[\"https:\/\/ciudadyregion.com.co\/index.php\/hombre-senalado-de-agredir-sexualmente-a-una-menor-de-edad-en-tumaco-narino-fue-asegurado\/judicial\/\"]}]},{\"@type\":\"ImageObject\",\"inLanguage\":\"es\",\"@id\":\"https:\/\/ciudadyregion.com.co\/index.php\/hombre-senalado-de-agredir-sexualmente-a-una-menor-de-edad-en-tumaco-narino-fue-asegurado\/judicial\/#primaryimage\",\"url\":\"https:\/\/i0.wp.com\/ciudadyregion.com.co\/wp-content\/uploads\/2026\/03\/Pag-2026-03-17T084137.126.jpg?fit=800%2C445&ssl=1\",\"contentUrl\":\"https:\/\/i0.wp.com\/ciudadyregion.com.co\/wp-content\/uploads\/2026\/03\/Pag-2026-03-17T084137.126.jpg?fit=800%2C445&ssl=1\",\"width\":800,\"height\":445},{\"@type\":\"BreadcrumbList\",\"@id\":\"https:\/\/ciudadyregion.com.co\/index.php\/hombre-senalado-de-agredir-sexualmente-a-una-menor-de-edad-en-tumaco-narino-fue-asegurado\/judicial\/#breadcrumb\",\"itemListElement\":[{\"@type\":\"ListItem\",\"position\":1,\"name\":\"Portada\",\"item\":\"https:\/\/ciudadyregion.com.co\/\"},{\"@type\":\"ListItem\",\"position\":2,\"name\":\"Hombre se\u00f1alado de agredir sexualmente a una menor de edad en Tumaco (Nari\u00f1o) fue asegurado\"}]},{\"@type\":\"WebSite\",\"@id\":\"https:\/\/ciudadyregion.com.co\/#website\",\"url\":\"https:\/\/ciudadyregion.com.co\/\",\"name\":\"Ciudad y Region\",\"description\":\"\",\"potentialAction\":[{\"@type\":\"SearchAction\",\"target\":{\"@type\":\"EntryPoint\",\"urlTemplate\":\"https:\/\/ciudadyregion.com.co\/?s={search_term_string}\"},\"query-input\":{\"@type\":\"PropertyValueSpecification\",\"valueRequired\":true,\"valueName\":\"search_term_string\"}}],\"inLanguage\":\"es\"},{\"@type\":\"Person\",\"@id\":\"https:\/\/ciudadyregion.com.co\/#\/schema\/person\/04a4954373ebc4051f46e8c65ff78622\",\"name\":\"David Andr\u00e9s Aguirre\",\"image\":{\"@type\":\"ImageObject\",\"inLanguage\":\"es\",\"@id\":\"https:\/\/ciudadyregion.com.co\/#\/schema\/person\/image\/\",\"url\":\"https:\/\/secure.gravatar.com\/avatar\/bc3c655860202182ee6d1b5edd042dbe?s=96&d=mm&r=g\",\"contentUrl\":\"https:\/\/secure.gravatar.com\/avatar\/bc3c655860202182ee6d1b5edd042dbe?s=96&d=mm&r=g\",\"caption\":\"David Andr\u00e9s Aguirre\"},\"url\":\"https:\/\/ciudadyregion.com.co\/index.php\/author\/diegoaguirre\/\"}]}<\/script>\n<!-- \/ Yoast SEO plugin. -->","yoast_head_json":{"title":"Hombre se\u00f1alado de agredir sexualmente a una menor de edad en Tumaco (Nari\u00f1o) fue asegurado - Ciudad y Region","robots":{"index":"index","follow":"follow","max-snippet":"max-snippet:-1","max-image-preview":"max-image-preview:large","max-video-preview":"max-video-preview:-1"},"canonical":"https:\/\/ciudadyregion.com.co\/index.php\/hombre-senalado-de-agredir-sexualmente-a-una-menor-de-edad-en-tumaco-narino-fue-asegurado\/judicial\/","og_locale":"es_ES","og_type":"article","og_title":"Hombre se\u00f1alado de agredir sexualmente a una menor de edad en Tumaco (Nari\u00f1o) fue asegurado - Ciudad y Region","og_description":"La Fiscal\u00eda General de la Naci\u00f3n present\u00f3 ante un juez de control de garant\u00edas a un hombre por su presunta responsabilidad en las agresiones sexuales de las que habr\u00eda sido v\u00edctima la nieta de su compa\u00f1era sentimental en Tumaco (Nari\u00f1o). Por estos hechos un fiscal seccional Caivas le imput\u00f3 losContinuar Leyendo","og_url":"https:\/\/ciudadyregion.com.co\/index.php\/hombre-senalado-de-agredir-sexualmente-a-una-menor-de-edad-en-tumaco-narino-fue-asegurado\/judicial\/","og_site_name":"Ciudad y Region","article_published_time":"2026-03-17T13:42:47+00:00","og_image":[{"width":800,"height":445,"url":"https:\/\/ciudadyregion.com.co\/wp-content\/uploads\/2026\/03\/Pag-2026-03-17T084137.126.jpg","type":"image\/jpeg"}],"author":"David Andr\u00e9s Aguirre","twitter_card":"summary_large_image","twitter_misc":{"Escrito por":"David Andr\u00e9s Aguirre","Tiempo de lectura":"1 minuto"},"schema":{"@context":"https:\/\/schema.org","@graph":[{"@type":"WebPage","@id":"https:\/\/ciudadyregion.com.co\/index.php\/hombre-senalado-de-agredir-sexualmente-a-una-menor-de-edad-en-tumaco-narino-fue-asegurado\/judicial\/","url":"https:\/\/ciudadyregion.com.co\/index.php\/hombre-senalado-de-agredir-sexualmente-a-una-menor-de-edad-en-tumaco-narino-fue-asegurado\/judicial\/","name":"Hombre se\u00f1alado de agredir sexualmente a una menor de edad en Tumaco (Nari\u00f1o) fue asegurado - Ciudad y Region","isPartOf":{"@id":"https:\/\/ciudadyregion.com.co\/#website"},"primaryImageOfPage":{"@id":"https:\/\/ciudadyregion.com.co\/index.php\/hombre-senalado-de-agredir-sexualmente-a-una-menor-de-edad-en-tumaco-narino-fue-asegurado\/judicial\/#primaryimage"},"image":{"@id":"https:\/\/ciudadyregion.com.co\/index.php\/hombre-senalado-de-agredir-sexualmente-a-una-menor-de-edad-en-tumaco-narino-fue-asegurado\/judicial\/#primaryimage"},"thumbnailUrl":"https:\/\/i0.wp.com\/ciudadyregion.com.co\/wp-content\/uploads\/2026\/03\/Pag-2026-03-17T084137.126.jpg?fit=800%2C445&ssl=1","datePublished":"2026-03-17T13:42:47+00:00","dateModified":"2026-03-17T13:42:47+00:00","author":{"@id":"https:\/\/ciudadyregion.com.co\/#\/schema\/person\/04a4954373ebc4051f46e8c65ff78622"},"breadcrumb":{"@id":"https:\/\/ciudadyregion.com.co\/index.php\/hombre-senalado-de-agredir-sexualmente-a-una-menor-de-edad-en-tumaco-narino-fue-asegurado\/judicial\/#breadcrumb"},"inLanguage":"es","potentialAction":[{"@type":"ReadAction","target":["https:\/\/ciudadyregion.com.co\/index.php\/hombre-senalado-de-agredir-sexualmente-a-una-menor-de-edad-en-tumaco-narino-fue-asegurado\/judicial\/"]}]},{"@type":"ImageObject","inLanguage":"es","@id":"https:\/\/ciudadyregion.com.co\/index.php\/hombre-senalado-de-agredir-sexualmente-a-una-menor-de-edad-en-tumaco-narino-fue-asegurado\/judicial\/#primaryimage","url":"https:\/\/i0.wp.com\/ciudadyregion.com.co\/wp-content\/uploads\/2026\/03\/Pag-2026-03-17T084137.126.jpg?fit=800%2C445&ssl=1","contentUrl":"https:\/\/i0.wp.com\/ciudadyregion.com.co\/wp-content\/uploads\/2026\/03\/Pag-2026-03-17T084137.126.jpg?fit=800%2C445&ssl=1","width":800,"height":445},{"@type":"BreadcrumbList","@id":"https:\/\/ciudadyregion.com.co\/index.php\/hombre-senalado-de-agredir-sexualmente-a-una-menor-de-edad-en-tumaco-narino-fue-asegurado\/judicial\/#breadcrumb","itemListElement":[{"@type":"ListItem","position":1,"name":"Portada","item":"https:\/\/ciudadyregion.com.co\/"},{"@type":"ListItem","position":2,"name":"Hombre se\u00f1alado de agredir sexualmente a una menor de edad en Tumaco (Nari\u00f1o) fue asegurado"}]},{"@type":"WebSite","@id":"https:\/\/ciudadyregion.com.co\/#website","url":"https:\/\/ciudadyregion.com.co\/","name":"Ciudad y Region","description":"","potentialAction":[{"@type":"SearchAction","target":{"@type":"EntryPoint","urlTemplate":"https:\/\/ciudadyregion.com.co\/?s={search_term_string}"},"query-input":{"@type":"PropertyValueSpecification","valueRequired":true,"valueName":"search_term_string"}}],"inLanguage":"es"},{"@type":"Person","@id":"https:\/\/ciudadyregion.com.co\/#\/schema\/person\/04a4954373ebc4051f46e8c65ff78622","name":"David Andr\u00e9s Aguirre","image":{"@type":"ImageObject","inLanguage":"es","@id":"https:\/\/ciudadyregion.com.co\/#\/schema\/person\/image\/","url":"https:\/\/secure.gravatar.com\/avatar\/bc3c655860202182ee6d1b5edd042dbe?s=96&d=mm&r=g","contentUrl":"https:\/\/secure.gravatar.com\/avatar\/bc3c655860202182ee6d1b5edd042dbe?s=96&d=mm&r=g","caption":"David Andr\u00e9s Aguirre"},"url":"https:\/\/ciudadyregion.com.co\/index.php\/author\/diegoaguirre\/"}]}},"jetpack_featured_media_url":"https:\/\/i0.wp.com\/ciudadyregion.com.co\/wp-content\/uploads\/2026\/03\/Pag-2026-03-17T084137.126.jpg?fit=800%2C445&ssl=1","jetpack_sharing_enabled":true,"jetpack_shortlink":"https:\/\/wp.me\/pbS7hh-eWW","jetpack-related-posts":[],"_links":{"self":[{"href":"https:\/\/ciudadyregion.com.co\/index.php\/wp-json\/wp\/v2\/posts\/57470"}],"collection":[{"href":"https:\/\/ciudadyregion.com.co\/index.php\/wp-json\/wp\/v2\/posts"}],"about":[{"href":"https:\/\/ciudadyregion.com.co\/index.php\/wp-json\/wp\/v2\/types\/post"}],"author":[{"embeddable":true,"href":"https:\/\/ciudadyregion.com.co\/index.php\/wp-json\/wp\/v2\/users\/2"}],"replies":[{"embeddable":true,"href":"https:\/\/ciudadyregion.com.co\/index.php\/wp-json\/wp\/v2\/comments?post=57470"}],"version-history":[{"count":1,"href":"https:\/\/ciudadyregion.com.co\/index.php\/wp-json\/wp\/v2\/posts\/57470\/revisions"}],"predecessor-version":[{"id":57472,"href":"https:\/\/ciudadyregion.com.co\/index.php\/wp-json\/wp\/v2\/posts\/57470\/revisions\/57472"}],"wp:featuredmedia":[{"embeddable":true,"href":"https:\/\/ciudadyregion.com.co\/index.php\/wp-json\/wp\/v2\/media\/57471"}],"wp:attachment":[{"href":"https:\/\/ciudadyregion.com.co\/index.php\/wp-json\/wp\/v2\/media?parent=57470"}],"wp:term":[{"taxonomy":"category","embeddable":true,"href":"https:\/\/ciudadyregion.com.co\/index.php\/wp-json\/wp\/v2\/categories?post=57470"},{"taxonomy":"post_tag","embeddable":true,"href":"https:\/\/ciudadyregion.com.co\/index.php\/wp-json\/wp\/v2\/tags?post=57470"}],"curies":[{"name":"wp","href":"https:\/\/api.w.org\/{rel}","templated":true}]}}