{"id":57467,"date":"2026-03-17T08:39:19","date_gmt":"2026-03-17T13:39:19","guid":{"rendered":"https:\/\/ciudadyregion.com.co\/?p=57467"},"modified":"2026-03-17T08:39:19","modified_gmt":"2026-03-17T13:39:19","slug":"a-25-anos-de-prision-fue-condenado-un-hombre-que-abuso-sexualmente-de-su-hijastra","status":"publish","type":"post","link":"https:\/\/ciudadyregion.com.co\/index.php\/a-25-anos-de-prision-fue-condenado-un-hombre-que-abuso-sexualmente-de-su-hijastra\/judicial\/","title":{"rendered":"A 25 a\u00f1os de prisi\u00f3n fue condenado un hombre que abus\u00f3 sexualmente de su hijastra"},"content":{"rendered":"<p>Los elementos de pruebas aportados por una fiscal del Centro de Atenci\u00f3n Integral a V\u00edctimas de Abuso Sexual (Caivas) permitieron que un juez de conocimiento condenara a 25 a\u00f1os de prisi\u00f3n a un hombre que abus\u00f3 sexualmente de la hija de su compa\u00f1era sentimental.<\/p>\n<p>Los hechos se registraron el 18 de octubre de 2022 en una vivienda del barrio Flor del Campo en Cartagena (Bol\u00edvar). Seg\u00fan la investigaci\u00f3n el padrastro, de 32 a\u00f1os, aprovech\u00f3 que se encontraba a solas con la joven, de 13 a\u00f1os, para obligarla a consumir estupefacientes, luego la intimid\u00f3 con un arma cortopunzante, le realiz\u00f3 tocamientos de \u00edndole sexual y la accedi\u00f3 carnalmente. Adem\u00e1s, la amenaz\u00f3 con agredirla si contaba lo sucedido.<\/p>\n<p>El caso fue denunciado por familiares de la v\u00edctima quienes se percataron de lo sucedido. El ahora sentenciado fue capturado el 10 de noviembre de 2022. El juez del caso lo conden\u00f3 como responsable de los delitos de acto sexual con menor de 14 a\u00f1os y acceso carnal abusivo con menor de 14 a\u00f1os, ambas conductas agravadas.<\/p>\n<p>En el fallo se defini\u00f3 que por 20 a\u00f1os el condenado no podr\u00e1 ejercer derechos y funciones p\u00fablicas.<\/p>\n<p>Contra esta decisi\u00f3n proceden los recursos de ley.<\/p>\n","protected":false},"excerpt":{"rendered":"<p>Los elementos de pruebas aportados por una fiscal del Centro de Atenci\u00f3n Integral a V\u00edctimas de Abuso Sexual (Caivas) permitieron que un juez de conocimiento condenara a 25 a\u00f1os de prisi\u00f3n a un hombre que abus\u00f3 sexualmente de la hija de su compa\u00f1era sentimental. Los hechos se registraron el 18<span class=\"more-link\"><a href=\"https:\/\/ciudadyregion.com.co\/index.php\/a-25-anos-de-prision-fue-condenado-un-hombre-que-abuso-sexualmente-de-su-hijastra\/judicial\/\">Continuar Leyendo<\/a><\/span><\/p>\n","protected":false},"author":2,"featured_media":57468,"comment_status":"open","ping_status":"open","sticky":false,"template":"","format":"standard","meta":{"_uf_show_specific_survey":0,"_uf_disable_surveys":false,"_jetpack_memberships_contains_paid_content":false,"footnotes":"","jetpack_publicize_message":"","jetpack_publicize_feature_enabled":true,"jetpack_social_post_already_shared":true,"jetpack_social_options":{"image_generator_settings":{"template":"highway","enabled":false},"version":2}},"categories":[18],"tags":[],"class_list":["entry","author-diegoaguirre","post-57467","post","type-post","status-publish","format-standard","has-post-thumbnail","category-judicial"],"jetpack_publicize_connections":[],"yoast_head":"<!-- This site is optimized with the Yoast SEO plugin v24.3 - https:\/\/yoast.com\/wordpress\/plugins\/seo\/ -->\n<title>A 25 a\u00f1os de prisi\u00f3n fue condenado un hombre que abus\u00f3 sexualmente de su hijastra - Ciudad y Region<\/title>\n<meta name=\"robots\" content=\"index, follow, max-snippet:-1, max-image-preview:large, max-video-preview:-1\" \/>\n<link rel=\"canonical\" href=\"https:\/\/ciudadyregion.com.co\/index.php\/a-25-anos-de-prision-fue-condenado-un-hombre-que-abuso-sexualmente-de-su-hijastra\/judicial\/\" \/>\n<meta property=\"og:locale\" content=\"es_ES\" \/>\n<meta property=\"og:type\" content=\"article\" \/>\n<meta property=\"og:title\" content=\"A 25 a\u00f1os de prisi\u00f3n fue condenado un hombre que abus\u00f3 sexualmente de su hijastra - Ciudad y Region\" \/>\n<meta property=\"og:description\" content=\"Los elementos de pruebas aportados por una fiscal del Centro de Atenci\u00f3n Integral a V\u00edctimas de Abuso Sexual (Caivas) permitieron que un juez de conocimiento condenara a 25 a\u00f1os de prisi\u00f3n a un hombre que abus\u00f3 sexualmente de la hija de su compa\u00f1era sentimental. Los hechos se registraron el 18Continuar Leyendo\" \/>\n<meta property=\"og:url\" content=\"https:\/\/ciudadyregion.com.co\/index.php\/a-25-anos-de-prision-fue-condenado-un-hombre-que-abuso-sexualmente-de-su-hijastra\/judicial\/\" \/>\n<meta property=\"og:site_name\" content=\"Ciudad y Region\" \/>\n<meta property=\"article:published_time\" content=\"2026-03-17T13:39:19+00:00\" \/>\n<meta property=\"og:image\" content=\"https:\/\/ciudadyregion.com.co\/wp-content\/uploads\/2026\/03\/Pag-2026-03-17T083840.131.jpg\" \/>\n\t<meta property=\"og:image:width\" content=\"800\" \/>\n\t<meta property=\"og:image:height\" content=\"445\" \/>\n\t<meta property=\"og:image:type\" content=\"image\/jpeg\" \/>\n<meta name=\"author\" content=\"David Andr\u00e9s Aguirre\" \/>\n<meta name=\"twitter:card\" content=\"summary_large_image\" \/>\n<meta name=\"twitter:label1\" content=\"Escrito por\" \/>\n\t<meta name=\"twitter:data1\" content=\"David Andr\u00e9s Aguirre\" \/>\n<script type=\"application\/ld+json\" class=\"yoast-schema-graph\">{\"@context\":\"https:\/\/schema.org\",\"@graph\":[{\"@type\":\"WebPage\",\"@id\":\"https:\/\/ciudadyregion.com.co\/index.php\/a-25-anos-de-prision-fue-condenado-un-hombre-que-abuso-sexualmente-de-su-hijastra\/judicial\/\",\"url\":\"https:\/\/ciudadyregion.com.co\/index.php\/a-25-anos-de-prision-fue-condenado-un-hombre-que-abuso-sexualmente-de-su-hijastra\/judicial\/\",\"name\":\"A 25 a\u00f1os de prisi\u00f3n fue condenado un hombre que abus\u00f3 sexualmente de su hijastra - Ciudad y Region\",\"isPartOf\":{\"@id\":\"https:\/\/ciudadyregion.com.co\/#website\"},\"primaryImageOfPage\":{\"@id\":\"https:\/\/ciudadyregion.com.co\/index.php\/a-25-anos-de-prision-fue-condenado-un-hombre-que-abuso-sexualmente-de-su-hijastra\/judicial\/#primaryimage\"},\"image\":{\"@id\":\"https:\/\/ciudadyregion.com.co\/index.php\/a-25-anos-de-prision-fue-condenado-un-hombre-que-abuso-sexualmente-de-su-hijastra\/judicial\/#primaryimage\"},\"thumbnailUrl\":\"https:\/\/i0.wp.com\/ciudadyregion.com.co\/wp-content\/uploads\/2026\/03\/Pag-2026-03-17T083840.131.jpg?fit=800%2C445&ssl=1\",\"datePublished\":\"2026-03-17T13:39:19+00:00\",\"dateModified\":\"2026-03-17T13:39:19+00:00\",\"author\":{\"@id\":\"https:\/\/ciudadyregion.com.co\/#\/schema\/person\/04a4954373ebc4051f46e8c65ff78622\"},\"breadcrumb\":{\"@id\":\"https:\/\/ciudadyregion.com.co\/index.php\/a-25-anos-de-prision-fue-condenado-un-hombre-que-abuso-sexualmente-de-su-hijastra\/judicial\/#breadcrumb\"},\"inLanguage\":\"es\",\"potentialAction\":[{\"@type\":\"ReadAction\",\"target\":[\"https:\/\/ciudadyregion.com.co\/index.php\/a-25-anos-de-prision-fue-condenado-un-hombre-que-abuso-sexualmente-de-su-hijastra\/judicial\/\"]}]},{\"@type\":\"ImageObject\",\"inLanguage\":\"es\",\"@id\":\"https:\/\/ciudadyregion.com.co\/index.php\/a-25-anos-de-prision-fue-condenado-un-hombre-que-abuso-sexualmente-de-su-hijastra\/judicial\/#primaryimage\",\"url\":\"https:\/\/i0.wp.com\/ciudadyregion.com.co\/wp-content\/uploads\/2026\/03\/Pag-2026-03-17T083840.131.jpg?fit=800%2C445&ssl=1\",\"contentUrl\":\"https:\/\/i0.wp.com\/ciudadyregion.com.co\/wp-content\/uploads\/2026\/03\/Pag-2026-03-17T083840.131.jpg?fit=800%2C445&ssl=1\",\"width\":800,\"height\":445},{\"@type\":\"BreadcrumbList\",\"@id\":\"https:\/\/ciudadyregion.com.co\/index.php\/a-25-anos-de-prision-fue-condenado-un-hombre-que-abuso-sexualmente-de-su-hijastra\/judicial\/#breadcrumb\",\"itemListElement\":[{\"@type\":\"ListItem\",\"position\":1,\"name\":\"Portada\",\"item\":\"https:\/\/ciudadyregion.com.co\/\"},{\"@type\":\"ListItem\",\"position\":2,\"name\":\"A 25 a\u00f1os de prisi\u00f3n fue condenado un hombre que abus\u00f3 sexualmente de su hijastra\"}]},{\"@type\":\"WebSite\",\"@id\":\"https:\/\/ciudadyregion.com.co\/#website\",\"url\":\"https:\/\/ciudadyregion.com.co\/\",\"name\":\"Ciudad y Region\",\"description\":\"\",\"potentialAction\":[{\"@type\":\"SearchAction\",\"target\":{\"@type\":\"EntryPoint\",\"urlTemplate\":\"https:\/\/ciudadyregion.com.co\/?s={search_term_string}\"},\"query-input\":{\"@type\":\"PropertyValueSpecification\",\"valueRequired\":true,\"valueName\":\"search_term_string\"}}],\"inLanguage\":\"es\"},{\"@type\":\"Person\",\"@id\":\"https:\/\/ciudadyregion.com.co\/#\/schema\/person\/04a4954373ebc4051f46e8c65ff78622\",\"name\":\"David Andr\u00e9s Aguirre\",\"image\":{\"@type\":\"ImageObject\",\"inLanguage\":\"es\",\"@id\":\"https:\/\/ciudadyregion.com.co\/#\/schema\/person\/image\/\",\"url\":\"https:\/\/secure.gravatar.com\/avatar\/bc3c655860202182ee6d1b5edd042dbe?s=96&d=mm&r=g\",\"contentUrl\":\"https:\/\/secure.gravatar.com\/avatar\/bc3c655860202182ee6d1b5edd042dbe?s=96&d=mm&r=g\",\"caption\":\"David Andr\u00e9s Aguirre\"},\"url\":\"https:\/\/ciudadyregion.com.co\/index.php\/author\/diegoaguirre\/\"}]}<\/script>\n<!-- \/ Yoast SEO plugin. -->","yoast_head_json":{"title":"A 25 a\u00f1os de prisi\u00f3n fue condenado un hombre que abus\u00f3 sexualmente de su hijastra - Ciudad y Region","robots":{"index":"index","follow":"follow","max-snippet":"max-snippet:-1","max-image-preview":"max-image-preview:large","max-video-preview":"max-video-preview:-1"},"canonical":"https:\/\/ciudadyregion.com.co\/index.php\/a-25-anos-de-prision-fue-condenado-un-hombre-que-abuso-sexualmente-de-su-hijastra\/judicial\/","og_locale":"es_ES","og_type":"article","og_title":"A 25 a\u00f1os de prisi\u00f3n fue condenado un hombre que abus\u00f3 sexualmente de su hijastra - Ciudad y Region","og_description":"Los elementos de pruebas aportados por una fiscal del Centro de Atenci\u00f3n Integral a V\u00edctimas de Abuso Sexual (Caivas) permitieron que un juez de conocimiento condenara a 25 a\u00f1os de prisi\u00f3n a un hombre que abus\u00f3 sexualmente de la hija de su compa\u00f1era sentimental. Los hechos se registraron el 18Continuar Leyendo","og_url":"https:\/\/ciudadyregion.com.co\/index.php\/a-25-anos-de-prision-fue-condenado-un-hombre-que-abuso-sexualmente-de-su-hijastra\/judicial\/","og_site_name":"Ciudad y Region","article_published_time":"2026-03-17T13:39:19+00:00","og_image":[{"width":800,"height":445,"url":"https:\/\/ciudadyregion.com.co\/wp-content\/uploads\/2026\/03\/Pag-2026-03-17T083840.131.jpg","type":"image\/jpeg"}],"author":"David Andr\u00e9s Aguirre","twitter_card":"summary_large_image","twitter_misc":{"Escrito por":"David Andr\u00e9s Aguirre"},"schema":{"@context":"https:\/\/schema.org","@graph":[{"@type":"WebPage","@id":"https:\/\/ciudadyregion.com.co\/index.php\/a-25-anos-de-prision-fue-condenado-un-hombre-que-abuso-sexualmente-de-su-hijastra\/judicial\/","url":"https:\/\/ciudadyregion.com.co\/index.php\/a-25-anos-de-prision-fue-condenado-un-hombre-que-abuso-sexualmente-de-su-hijastra\/judicial\/","name":"A 25 a\u00f1os de prisi\u00f3n fue condenado un hombre que abus\u00f3 sexualmente de su hijastra - Ciudad y Region","isPartOf":{"@id":"https:\/\/ciudadyregion.com.co\/#website"},"primaryImageOfPage":{"@id":"https:\/\/ciudadyregion.com.co\/index.php\/a-25-anos-de-prision-fue-condenado-un-hombre-que-abuso-sexualmente-de-su-hijastra\/judicial\/#primaryimage"},"image":{"@id":"https:\/\/ciudadyregion.com.co\/index.php\/a-25-anos-de-prision-fue-condenado-un-hombre-que-abuso-sexualmente-de-su-hijastra\/judicial\/#primaryimage"},"thumbnailUrl":"https:\/\/i0.wp.com\/ciudadyregion.com.co\/wp-content\/uploads\/2026\/03\/Pag-2026-03-17T083840.131.jpg?fit=800%2C445&ssl=1","datePublished":"2026-03-17T13:39:19+00:00","dateModified":"2026-03-17T13:39:19+00:00","author":{"@id":"https:\/\/ciudadyregion.com.co\/#\/schema\/person\/04a4954373ebc4051f46e8c65ff78622"},"breadcrumb":{"@id":"https:\/\/ciudadyregion.com.co\/index.php\/a-25-anos-de-prision-fue-condenado-un-hombre-que-abuso-sexualmente-de-su-hijastra\/judicial\/#breadcrumb"},"inLanguage":"es","potentialAction":[{"@type":"ReadAction","target":["https:\/\/ciudadyregion.com.co\/index.php\/a-25-anos-de-prision-fue-condenado-un-hombre-que-abuso-sexualmente-de-su-hijastra\/judicial\/"]}]},{"@type":"ImageObject","inLanguage":"es","@id":"https:\/\/ciudadyregion.com.co\/index.php\/a-25-anos-de-prision-fue-condenado-un-hombre-que-abuso-sexualmente-de-su-hijastra\/judicial\/#primaryimage","url":"https:\/\/i0.wp.com\/ciudadyregion.com.co\/wp-content\/uploads\/2026\/03\/Pag-2026-03-17T083840.131.jpg?fit=800%2C445&ssl=1","contentUrl":"https:\/\/i0.wp.com\/ciudadyregion.com.co\/wp-content\/uploads\/2026\/03\/Pag-2026-03-17T083840.131.jpg?fit=800%2C445&ssl=1","width":800,"height":445},{"@type":"BreadcrumbList","@id":"https:\/\/ciudadyregion.com.co\/index.php\/a-25-anos-de-prision-fue-condenado-un-hombre-que-abuso-sexualmente-de-su-hijastra\/judicial\/#breadcrumb","itemListElement":[{"@type":"ListItem","position":1,"name":"Portada","item":"https:\/\/ciudadyregion.com.co\/"},{"@type":"ListItem","position":2,"name":"A 25 a\u00f1os de prisi\u00f3n fue condenado un hombre que abus\u00f3 sexualmente de su hijastra"}]},{"@type":"WebSite","@id":"https:\/\/ciudadyregion.com.co\/#website","url":"https:\/\/ciudadyregion.com.co\/","name":"Ciudad y Region","description":"","potentialAction":[{"@type":"SearchAction","target":{"@type":"EntryPoint","urlTemplate":"https:\/\/ciudadyregion.com.co\/?s={search_term_string}"},"query-input":{"@type":"PropertyValueSpecification","valueRequired":true,"valueName":"search_term_string"}}],"inLanguage":"es"},{"@type":"Person","@id":"https:\/\/ciudadyregion.com.co\/#\/schema\/person\/04a4954373ebc4051f46e8c65ff78622","name":"David Andr\u00e9s Aguirre","image":{"@type":"ImageObject","inLanguage":"es","@id":"https:\/\/ciudadyregion.com.co\/#\/schema\/person\/image\/","url":"https:\/\/secure.gravatar.com\/avatar\/bc3c655860202182ee6d1b5edd042dbe?s=96&d=mm&r=g","contentUrl":"https:\/\/secure.gravatar.com\/avatar\/bc3c655860202182ee6d1b5edd042dbe?s=96&d=mm&r=g","caption":"David Andr\u00e9s Aguirre"},"url":"https:\/\/ciudadyregion.com.co\/index.php\/author\/diegoaguirre\/"}]}},"jetpack_featured_media_url":"https:\/\/i0.wp.com\/ciudadyregion.com.co\/wp-content\/uploads\/2026\/03\/Pag-2026-03-17T083840.131.jpg?fit=800%2C445&ssl=1","jetpack_sharing_enabled":true,"jetpack_shortlink":"https:\/\/wp.me\/pbS7hh-eWT","jetpack-related-posts":[],"_links":{"self":[{"href":"https:\/\/ciudadyregion.com.co\/index.php\/wp-json\/wp\/v2\/posts\/57467"}],"collection":[{"href":"https:\/\/ciudadyregion.com.co\/index.php\/wp-json\/wp\/v2\/posts"}],"about":[{"href":"https:\/\/ciudadyregion.com.co\/index.php\/wp-json\/wp\/v2\/types\/post"}],"author":[{"embeddable":true,"href":"https:\/\/ciudadyregion.com.co\/index.php\/wp-json\/wp\/v2\/users\/2"}],"replies":[{"embeddable":true,"href":"https:\/\/ciudadyregion.com.co\/index.php\/wp-json\/wp\/v2\/comments?post=57467"}],"version-history":[{"count":1,"href":"https:\/\/ciudadyregion.com.co\/index.php\/wp-json\/wp\/v2\/posts\/57467\/revisions"}],"predecessor-version":[{"id":57469,"href":"https:\/\/ciudadyregion.com.co\/index.php\/wp-json\/wp\/v2\/posts\/57467\/revisions\/57469"}],"wp:featuredmedia":[{"embeddable":true,"href":"https:\/\/ciudadyregion.com.co\/index.php\/wp-json\/wp\/v2\/media\/57468"}],"wp:attachment":[{"href":"https:\/\/ciudadyregion.com.co\/index.php\/wp-json\/wp\/v2\/media?parent=57467"}],"wp:term":[{"taxonomy":"category","embeddable":true,"href":"https:\/\/ciudadyregion.com.co\/index.php\/wp-json\/wp\/v2\/categories?post=57467"},{"taxonomy":"post_tag","embeddable":true,"href":"https:\/\/ciudadyregion.com.co\/index.php\/wp-json\/wp\/v2\/tags?post=57467"}],"curies":[{"name":"wp","href":"https:\/\/api.w.org\/{rel}","templated":true}]}}