{"id":57464,"date":"2026-03-17T08:36:44","date_gmt":"2026-03-17T13:36:44","guid":{"rendered":"https:\/\/ciudadyregion.com.co\/?p=57464"},"modified":"2026-03-17T08:36:44","modified_gmt":"2026-03-17T13:36:44","slug":"adolescente-que-habria-causado-la-muerte-a-otro-menor-de-edad-en-el-colegio-cundinamarca-fue-judicializado","status":"publish","type":"post","link":"https:\/\/ciudadyregion.com.co\/index.php\/adolescente-que-habria-causado-la-muerte-a-otro-menor-de-edad-en-el-colegio-cundinamarca-fue-judicializado\/judicial\/","title":{"rendered":"Adolescente que habr\u00eda causado la muerte a otro menor de edad en El Colegio (Cundinamarca) fue judicializado"},"content":{"rendered":"<blockquote>\n<h4><em>Poco antes del homicidio los j\u00f3venes se habr\u00edan citado para el intercambio de unas gorras.<\/em><\/h4>\n<\/blockquote>\n<p>La\u00a0Fiscal\u00eda General de la Naci\u00f3n\u00a0judicializ\u00f3 a un adolescente de 17 a\u00f1os, que habr\u00eda causado la muerte a otro menor de edad en v\u00eda p\u00fablica del\u00a0barrio El Cafetalito en El Colegio (Cundinamarca).<\/p>\n<p>Los hechos investigados ocurrieron el pasado 25 de febrero, cuando al parecer, el procesado atac\u00f3 con\u00a0arma blanca\u00a0al menor de edad de 16 a\u00f1os en medio de una discusi\u00f3n, como producto del intercambio de unas gorras.<\/p>\n<p>La v\u00edctima fue trasladada a un centro m\u00e9dico pero debido a la gravedad de la herida que recibi\u00f3 en el pecho, falleci\u00f3.<\/p>\n<p>En este sentido, un fiscal de la\u00a0Seccional Cundinamarca\u00a0le imput\u00f3 el delito de homicidio agravado. Cargo que no fue aceptado.<\/p>\n<p>Un\u00a0juez penal para adolescentes\u00a0le impuso al menor de edad medida de internamiento preventivo en centro especializado.<\/p>\n","protected":false},"excerpt":{"rendered":"<p>Poco antes del homicidio los j\u00f3venes se habr\u00edan citado para el intercambio de unas gorras. La\u00a0Fiscal\u00eda General de la Naci\u00f3n\u00a0judicializ\u00f3 a un adolescente de 17 a\u00f1os, que habr\u00eda causado la muerte a otro menor de edad en v\u00eda p\u00fablica del\u00a0barrio El Cafetalito en El Colegio (Cundinamarca). Los hechos investigados ocurrieron<span class=\"more-link\"><a href=\"https:\/\/ciudadyregion.com.co\/index.php\/adolescente-que-habria-causado-la-muerte-a-otro-menor-de-edad-en-el-colegio-cundinamarca-fue-judicializado\/judicial\/\">Continuar Leyendo<\/a><\/span><\/p>\n","protected":false},"author":2,"featured_media":57465,"comment_status":"open","ping_status":"open","sticky":false,"template":"","format":"standard","meta":{"_uf_show_specific_survey":0,"_uf_disable_surveys":false,"_jetpack_memberships_contains_paid_content":false,"footnotes":"","jetpack_publicize_message":"","jetpack_publicize_feature_enabled":true,"jetpack_social_post_already_shared":true,"jetpack_social_options":{"image_generator_settings":{"template":"highway","enabled":false},"version":2}},"categories":[18],"tags":[],"class_list":["entry","author-diegoaguirre","post-57464","post","type-post","status-publish","format-standard","has-post-thumbnail","category-judicial"],"jetpack_publicize_connections":[],"yoast_head":"<!-- This site is optimized with the Yoast SEO plugin v24.3 - https:\/\/yoast.com\/wordpress\/plugins\/seo\/ -->\n<title>Adolescente que habr\u00eda causado la muerte a otro menor de edad en El Colegio (Cundinamarca) fue judicializado - Ciudad y Region<\/title>\n<meta name=\"robots\" content=\"index, follow, max-snippet:-1, max-image-preview:large, max-video-preview:-1\" \/>\n<link rel=\"canonical\" href=\"https:\/\/ciudadyregion.com.co\/index.php\/adolescente-que-habria-causado-la-muerte-a-otro-menor-de-edad-en-el-colegio-cundinamarca-fue-judicializado\/judicial\/\" \/>\n<meta property=\"og:locale\" content=\"es_ES\" \/>\n<meta property=\"og:type\" content=\"article\" \/>\n<meta property=\"og:title\" content=\"Adolescente que habr\u00eda causado la muerte a otro menor de edad en El Colegio (Cundinamarca) fue judicializado - Ciudad y Region\" \/>\n<meta property=\"og:description\" content=\"Poco antes del homicidio los j\u00f3venes se habr\u00edan citado para el intercambio de unas gorras. La\u00a0Fiscal\u00eda General de la Naci\u00f3n\u00a0judicializ\u00f3 a un adolescente de 17 a\u00f1os, que habr\u00eda causado la muerte a otro menor de edad en v\u00eda p\u00fablica del\u00a0barrio El Cafetalito en El Colegio (Cundinamarca). Los hechos investigados ocurrieronContinuar Leyendo\" \/>\n<meta property=\"og:url\" content=\"https:\/\/ciudadyregion.com.co\/index.php\/adolescente-que-habria-causado-la-muerte-a-otro-menor-de-edad-en-el-colegio-cundinamarca-fue-judicializado\/judicial\/\" \/>\n<meta property=\"og:site_name\" content=\"Ciudad y Region\" \/>\n<meta property=\"article:published_time\" content=\"2026-03-17T13:36:44+00:00\" \/>\n<meta property=\"og:image\" content=\"https:\/\/ciudadyregion.com.co\/wp-content\/uploads\/2026\/03\/Pag-2026-03-17T083537.238.jpg\" \/>\n\t<meta property=\"og:image:width\" content=\"800\" \/>\n\t<meta property=\"og:image:height\" content=\"445\" \/>\n\t<meta property=\"og:image:type\" content=\"image\/jpeg\" \/>\n<meta name=\"author\" content=\"David Andr\u00e9s Aguirre\" \/>\n<meta name=\"twitter:card\" content=\"summary_large_image\" \/>\n<meta name=\"twitter:label1\" content=\"Escrito por\" \/>\n\t<meta name=\"twitter:data1\" content=\"David Andr\u00e9s Aguirre\" \/>\n\t<meta name=\"twitter:label2\" content=\"Tiempo de lectura\" \/>\n\t<meta name=\"twitter:data2\" content=\"1 minuto\" \/>\n<script type=\"application\/ld+json\" class=\"yoast-schema-graph\">{\"@context\":\"https:\/\/schema.org\",\"@graph\":[{\"@type\":\"WebPage\",\"@id\":\"https:\/\/ciudadyregion.com.co\/index.php\/adolescente-que-habria-causado-la-muerte-a-otro-menor-de-edad-en-el-colegio-cundinamarca-fue-judicializado\/judicial\/\",\"url\":\"https:\/\/ciudadyregion.com.co\/index.php\/adolescente-que-habria-causado-la-muerte-a-otro-menor-de-edad-en-el-colegio-cundinamarca-fue-judicializado\/judicial\/\",\"name\":\"Adolescente que habr\u00eda causado la muerte a otro menor de edad en El Colegio (Cundinamarca) fue judicializado - Ciudad y Region\",\"isPartOf\":{\"@id\":\"https:\/\/ciudadyregion.com.co\/#website\"},\"primaryImageOfPage\":{\"@id\":\"https:\/\/ciudadyregion.com.co\/index.php\/adolescente-que-habria-causado-la-muerte-a-otro-menor-de-edad-en-el-colegio-cundinamarca-fue-judicializado\/judicial\/#primaryimage\"},\"image\":{\"@id\":\"https:\/\/ciudadyregion.com.co\/index.php\/adolescente-que-habria-causado-la-muerte-a-otro-menor-de-edad-en-el-colegio-cundinamarca-fue-judicializado\/judicial\/#primaryimage\"},\"thumbnailUrl\":\"https:\/\/i0.wp.com\/ciudadyregion.com.co\/wp-content\/uploads\/2026\/03\/Pag-2026-03-17T083537.238.jpg?fit=800%2C445&ssl=1\",\"datePublished\":\"2026-03-17T13:36:44+00:00\",\"dateModified\":\"2026-03-17T13:36:44+00:00\",\"author\":{\"@id\":\"https:\/\/ciudadyregion.com.co\/#\/schema\/person\/04a4954373ebc4051f46e8c65ff78622\"},\"breadcrumb\":{\"@id\":\"https:\/\/ciudadyregion.com.co\/index.php\/adolescente-que-habria-causado-la-muerte-a-otro-menor-de-edad-en-el-colegio-cundinamarca-fue-judicializado\/judicial\/#breadcrumb\"},\"inLanguage\":\"es\",\"potentialAction\":[{\"@type\":\"ReadAction\",\"target\":[\"https:\/\/ciudadyregion.com.co\/index.php\/adolescente-que-habria-causado-la-muerte-a-otro-menor-de-edad-en-el-colegio-cundinamarca-fue-judicializado\/judicial\/\"]}]},{\"@type\":\"ImageObject\",\"inLanguage\":\"es\",\"@id\":\"https:\/\/ciudadyregion.com.co\/index.php\/adolescente-que-habria-causado-la-muerte-a-otro-menor-de-edad-en-el-colegio-cundinamarca-fue-judicializado\/judicial\/#primaryimage\",\"url\":\"https:\/\/i0.wp.com\/ciudadyregion.com.co\/wp-content\/uploads\/2026\/03\/Pag-2026-03-17T083537.238.jpg?fit=800%2C445&ssl=1\",\"contentUrl\":\"https:\/\/i0.wp.com\/ciudadyregion.com.co\/wp-content\/uploads\/2026\/03\/Pag-2026-03-17T083537.238.jpg?fit=800%2C445&ssl=1\",\"width\":800,\"height\":445},{\"@type\":\"BreadcrumbList\",\"@id\":\"https:\/\/ciudadyregion.com.co\/index.php\/adolescente-que-habria-causado-la-muerte-a-otro-menor-de-edad-en-el-colegio-cundinamarca-fue-judicializado\/judicial\/#breadcrumb\",\"itemListElement\":[{\"@type\":\"ListItem\",\"position\":1,\"name\":\"Portada\",\"item\":\"https:\/\/ciudadyregion.com.co\/\"},{\"@type\":\"ListItem\",\"position\":2,\"name\":\"Adolescente que habr\u00eda causado la muerte a otro menor de edad en El Colegio (Cundinamarca) fue judicializado\"}]},{\"@type\":\"WebSite\",\"@id\":\"https:\/\/ciudadyregion.com.co\/#website\",\"url\":\"https:\/\/ciudadyregion.com.co\/\",\"name\":\"Ciudad y Region\",\"description\":\"\",\"potentialAction\":[{\"@type\":\"SearchAction\",\"target\":{\"@type\":\"EntryPoint\",\"urlTemplate\":\"https:\/\/ciudadyregion.com.co\/?s={search_term_string}\"},\"query-input\":{\"@type\":\"PropertyValueSpecification\",\"valueRequired\":true,\"valueName\":\"search_term_string\"}}],\"inLanguage\":\"es\"},{\"@type\":\"Person\",\"@id\":\"https:\/\/ciudadyregion.com.co\/#\/schema\/person\/04a4954373ebc4051f46e8c65ff78622\",\"name\":\"David Andr\u00e9s Aguirre\",\"image\":{\"@type\":\"ImageObject\",\"inLanguage\":\"es\",\"@id\":\"https:\/\/ciudadyregion.com.co\/#\/schema\/person\/image\/\",\"url\":\"https:\/\/secure.gravatar.com\/avatar\/bc3c655860202182ee6d1b5edd042dbe?s=96&d=mm&r=g\",\"contentUrl\":\"https:\/\/secure.gravatar.com\/avatar\/bc3c655860202182ee6d1b5edd042dbe?s=96&d=mm&r=g\",\"caption\":\"David Andr\u00e9s Aguirre\"},\"url\":\"https:\/\/ciudadyregion.com.co\/index.php\/author\/diegoaguirre\/\"}]}<\/script>\n<!-- \/ Yoast SEO plugin. -->","yoast_head_json":{"title":"Adolescente que habr\u00eda causado la muerte a otro menor de edad en El Colegio (Cundinamarca) fue judicializado - Ciudad y Region","robots":{"index":"index","follow":"follow","max-snippet":"max-snippet:-1","max-image-preview":"max-image-preview:large","max-video-preview":"max-video-preview:-1"},"canonical":"https:\/\/ciudadyregion.com.co\/index.php\/adolescente-que-habria-causado-la-muerte-a-otro-menor-de-edad-en-el-colegio-cundinamarca-fue-judicializado\/judicial\/","og_locale":"es_ES","og_type":"article","og_title":"Adolescente que habr\u00eda causado la muerte a otro menor de edad en El Colegio (Cundinamarca) fue judicializado - Ciudad y Region","og_description":"Poco antes del homicidio los j\u00f3venes se habr\u00edan citado para el intercambio de unas gorras. La\u00a0Fiscal\u00eda General de la Naci\u00f3n\u00a0judicializ\u00f3 a un adolescente de 17 a\u00f1os, que habr\u00eda causado la muerte a otro menor de edad en v\u00eda p\u00fablica del\u00a0barrio El Cafetalito en El Colegio (Cundinamarca). Los hechos investigados ocurrieronContinuar Leyendo","og_url":"https:\/\/ciudadyregion.com.co\/index.php\/adolescente-que-habria-causado-la-muerte-a-otro-menor-de-edad-en-el-colegio-cundinamarca-fue-judicializado\/judicial\/","og_site_name":"Ciudad y Region","article_published_time":"2026-03-17T13:36:44+00:00","og_image":[{"width":800,"height":445,"url":"https:\/\/ciudadyregion.com.co\/wp-content\/uploads\/2026\/03\/Pag-2026-03-17T083537.238.jpg","type":"image\/jpeg"}],"author":"David Andr\u00e9s Aguirre","twitter_card":"summary_large_image","twitter_misc":{"Escrito por":"David Andr\u00e9s Aguirre","Tiempo de lectura":"1 minuto"},"schema":{"@context":"https:\/\/schema.org","@graph":[{"@type":"WebPage","@id":"https:\/\/ciudadyregion.com.co\/index.php\/adolescente-que-habria-causado-la-muerte-a-otro-menor-de-edad-en-el-colegio-cundinamarca-fue-judicializado\/judicial\/","url":"https:\/\/ciudadyregion.com.co\/index.php\/adolescente-que-habria-causado-la-muerte-a-otro-menor-de-edad-en-el-colegio-cundinamarca-fue-judicializado\/judicial\/","name":"Adolescente que habr\u00eda causado la muerte a otro menor de edad en El Colegio (Cundinamarca) fue judicializado - Ciudad y Region","isPartOf":{"@id":"https:\/\/ciudadyregion.com.co\/#website"},"primaryImageOfPage":{"@id":"https:\/\/ciudadyregion.com.co\/index.php\/adolescente-que-habria-causado-la-muerte-a-otro-menor-de-edad-en-el-colegio-cundinamarca-fue-judicializado\/judicial\/#primaryimage"},"image":{"@id":"https:\/\/ciudadyregion.com.co\/index.php\/adolescente-que-habria-causado-la-muerte-a-otro-menor-de-edad-en-el-colegio-cundinamarca-fue-judicializado\/judicial\/#primaryimage"},"thumbnailUrl":"https:\/\/i0.wp.com\/ciudadyregion.com.co\/wp-content\/uploads\/2026\/03\/Pag-2026-03-17T083537.238.jpg?fit=800%2C445&ssl=1","datePublished":"2026-03-17T13:36:44+00:00","dateModified":"2026-03-17T13:36:44+00:00","author":{"@id":"https:\/\/ciudadyregion.com.co\/#\/schema\/person\/04a4954373ebc4051f46e8c65ff78622"},"breadcrumb":{"@id":"https:\/\/ciudadyregion.com.co\/index.php\/adolescente-que-habria-causado-la-muerte-a-otro-menor-de-edad-en-el-colegio-cundinamarca-fue-judicializado\/judicial\/#breadcrumb"},"inLanguage":"es","potentialAction":[{"@type":"ReadAction","target":["https:\/\/ciudadyregion.com.co\/index.php\/adolescente-que-habria-causado-la-muerte-a-otro-menor-de-edad-en-el-colegio-cundinamarca-fue-judicializado\/judicial\/"]}]},{"@type":"ImageObject","inLanguage":"es","@id":"https:\/\/ciudadyregion.com.co\/index.php\/adolescente-que-habria-causado-la-muerte-a-otro-menor-de-edad-en-el-colegio-cundinamarca-fue-judicializado\/judicial\/#primaryimage","url":"https:\/\/i0.wp.com\/ciudadyregion.com.co\/wp-content\/uploads\/2026\/03\/Pag-2026-03-17T083537.238.jpg?fit=800%2C445&ssl=1","contentUrl":"https:\/\/i0.wp.com\/ciudadyregion.com.co\/wp-content\/uploads\/2026\/03\/Pag-2026-03-17T083537.238.jpg?fit=800%2C445&ssl=1","width":800,"height":445},{"@type":"BreadcrumbList","@id":"https:\/\/ciudadyregion.com.co\/index.php\/adolescente-que-habria-causado-la-muerte-a-otro-menor-de-edad-en-el-colegio-cundinamarca-fue-judicializado\/judicial\/#breadcrumb","itemListElement":[{"@type":"ListItem","position":1,"name":"Portada","item":"https:\/\/ciudadyregion.com.co\/"},{"@type":"ListItem","position":2,"name":"Adolescente que habr\u00eda causado la muerte a otro menor de edad en El Colegio (Cundinamarca) fue judicializado"}]},{"@type":"WebSite","@id":"https:\/\/ciudadyregion.com.co\/#website","url":"https:\/\/ciudadyregion.com.co\/","name":"Ciudad y Region","description":"","potentialAction":[{"@type":"SearchAction","target":{"@type":"EntryPoint","urlTemplate":"https:\/\/ciudadyregion.com.co\/?s={search_term_string}"},"query-input":{"@type":"PropertyValueSpecification","valueRequired":true,"valueName":"search_term_string"}}],"inLanguage":"es"},{"@type":"Person","@id":"https:\/\/ciudadyregion.com.co\/#\/schema\/person\/04a4954373ebc4051f46e8c65ff78622","name":"David Andr\u00e9s Aguirre","image":{"@type":"ImageObject","inLanguage":"es","@id":"https:\/\/ciudadyregion.com.co\/#\/schema\/person\/image\/","url":"https:\/\/secure.gravatar.com\/avatar\/bc3c655860202182ee6d1b5edd042dbe?s=96&d=mm&r=g","contentUrl":"https:\/\/secure.gravatar.com\/avatar\/bc3c655860202182ee6d1b5edd042dbe?s=96&d=mm&r=g","caption":"David Andr\u00e9s Aguirre"},"url":"https:\/\/ciudadyregion.com.co\/index.php\/author\/diegoaguirre\/"}]}},"jetpack_featured_media_url":"https:\/\/i0.wp.com\/ciudadyregion.com.co\/wp-content\/uploads\/2026\/03\/Pag-2026-03-17T083537.238.jpg?fit=800%2C445&ssl=1","jetpack_sharing_enabled":true,"jetpack_shortlink":"https:\/\/wp.me\/pbS7hh-eWQ","jetpack-related-posts":[],"_links":{"self":[{"href":"https:\/\/ciudadyregion.com.co\/index.php\/wp-json\/wp\/v2\/posts\/57464"}],"collection":[{"href":"https:\/\/ciudadyregion.com.co\/index.php\/wp-json\/wp\/v2\/posts"}],"about":[{"href":"https:\/\/ciudadyregion.com.co\/index.php\/wp-json\/wp\/v2\/types\/post"}],"author":[{"embeddable":true,"href":"https:\/\/ciudadyregion.com.co\/index.php\/wp-json\/wp\/v2\/users\/2"}],"replies":[{"embeddable":true,"href":"https:\/\/ciudadyregion.com.co\/index.php\/wp-json\/wp\/v2\/comments?post=57464"}],"version-history":[{"count":1,"href":"https:\/\/ciudadyregion.com.co\/index.php\/wp-json\/wp\/v2\/posts\/57464\/revisions"}],"predecessor-version":[{"id":57466,"href":"https:\/\/ciudadyregion.com.co\/index.php\/wp-json\/wp\/v2\/posts\/57464\/revisions\/57466"}],"wp:featuredmedia":[{"embeddable":true,"href":"https:\/\/ciudadyregion.com.co\/index.php\/wp-json\/wp\/v2\/media\/57465"}],"wp:attachment":[{"href":"https:\/\/ciudadyregion.com.co\/index.php\/wp-json\/wp\/v2\/media?parent=57464"}],"wp:term":[{"taxonomy":"category","embeddable":true,"href":"https:\/\/ciudadyregion.com.co\/index.php\/wp-json\/wp\/v2\/categories?post=57464"},{"taxonomy":"post_tag","embeddable":true,"href":"https:\/\/ciudadyregion.com.co\/index.php\/wp-json\/wp\/v2\/tags?post=57464"}],"curies":[{"name":"wp","href":"https:\/\/api.w.org\/{rel}","templated":true}]}}