{"id":57453,"date":"2026-03-17T08:17:26","date_gmt":"2026-03-17T13:17:26","guid":{"rendered":"https:\/\/ciudadyregion.com.co\/?p=57453"},"modified":"2026-03-17T08:17:26","modified_gmt":"2026-03-17T13:17:26","slug":"capturados-padre-e-hijo-presuntos-integrantes-de-la-estructura-joaquin-gonzalez","status":"publish","type":"post","link":"https:\/\/ciudadyregion.com.co\/index.php\/capturados-padre-e-hijo-presuntos-integrantes-de-la-estructura-joaquin-gonzalez\/judicial\/","title":{"rendered":"Capturados padre e hijo, presuntos integrantes de la estructura \u201cJoaquin Gonz\u00e1lez\u201d."},"content":{"rendered":"<p>Mas de 20 unidades elite del GAULA de la Polic\u00eda, apoyados desde el aire por la Fuerza Aeroespacial, asestaron un contundente golpe contra esta estructura, perteneciente al frente \u201cJorge Suarez Brice\u00f1o\u201d al mando de alias \u201cCalarca\u201d.<\/p>\n<p>Ibagu\u00e9. En la madrugada del 12 de marzo, unidades elite del GAULA de la Polic\u00eda Nacional de los Colombianos, con apoyo de la Fuerza Aeroespacial, y dando cumplimiento a orden de allanamiento emitida por una fiscal\u00eda de la Direcci\u00f3n Especializada contra las Organizaciones Criminales, allanaron una finca en la vereda San Rafael, jurisdicci\u00f3n del corregimiento Coello Cocora, donde materializaron la captura en flagrancia de dos hombres, padre e hijo, presuntos integrantes de la estructura \u201cJoaquin Gonz\u00e1lez\u201d, por el delito de porte ilegal de armas de fuego.<\/p>\n<p>El primero de 43 a\u00f1os, con anotaciones judiciales, por los delitos de amenaza, porte ilegal de armas de fuego, concierto para delinquir con fines de porte y tr\u00e1fico de armas.<\/p>\n<p>Y el segundo de 21 a\u00f1os, hijo del primero, quien no registra antecedentes judiciales.<\/p>\n<p>La operaci\u00f3n conjunta adem\u00e1s de propinar este contundente golpe a este grupo armado organizado residual, tambi\u00e9n permiti\u00f3 la incautaci\u00f3n de, 01 pistola, 01 revolver, 86 cartuchos de diferentes calibres, 3 proveedores, 7 celulares, 3 radios de comunicaci\u00f3n, panfletos alusivos al frente \u201cJorge Brice\u00f1o\u201d, y una agenda con informaci\u00f3n de posibles v\u00edctimas de extorsi\u00f3n en el departamento del Tolima.<\/p>\n<p>Los capturados presuntamente har\u00edan parte del c\u00edrculo cercano de alias \u201cMarcos\u201d cabecilla de este frente y hombre de confianza de alias \u201cCalarca\u201d.<\/p>\n<p>Durante las audiencias concentradas, una fiscal\u00eda de la Direcci\u00f3n Especializada contra las Organizaciones Criminales, al primero de los capturados le imputo los delitos de porte ilegal de armas de fuego y concierto para delinquir con fines de extorsi\u00f3n, y a su hijo solo porte ilegal de armas de fuego.<\/p>\n<p>De acuerdo con informaci\u00f3n de inteligencia y a los elementos hallados, los capturados adelantar\u00edan posibles actividades de comunicaci\u00f3n, coordinaci\u00f3n y apoyo log\u00edstico vinculadas a integrantes de esta estructura criminal, la cual viene generando afectaciones a la seguridad en la regi\u00f3n mediante presuntas extorsiones, intimidaciones y control ilegal en zonas rurales.<\/p>\n<p>Al respecto de estas capturas, el Coronel Edgar L\u00f3pez Gonz\u00e1lez, Comandante de la Polic\u00eda Metropolitana de Ibague, manifest\u00f3, \u201cEstamos trabajando de manera articulada con las autoridades militares, judiciales y administrativas para anticiparnos a cualquier amenaza o intensi\u00f3n de estos grupos armados y garantizar la seguridad de todos los ibaguere\u00f1os.<\/p>\n<p>A quienes pretendan delinquir, les decimos con absoluta claridad: en Ibagu\u00e9 no hay espacio para la criminalidad.<\/p>\n<p>Seguiremos desplegando todas nuestras capacidades de inteligencia, y asestando golpes contundentes contra los integrantes de este frente, que busca consolidarse en municipios como San Antonio, Roncesvalles y Rovira.\u201d<\/p>\n<p>Los capturados, fueron puestos a disposici\u00f3n de la fiscal\u00eda general de la naci\u00f3n, para su respectiva judicializaci\u00f3n, y avanzan con celeridad las investigaciones para determinar los v\u00ednculos de los dos indiciados con este grupo armado organizado residual.<\/p>\n","protected":false},"excerpt":{"rendered":"<p>Mas de 20 unidades elite del GAULA de la Polic\u00eda, apoyados desde el aire por la Fuerza Aeroespacial, asestaron un contundente golpe contra esta estructura, perteneciente al frente \u201cJorge Suarez Brice\u00f1o\u201d al mando de alias \u201cCalarca\u201d. Ibagu\u00e9. En la madrugada del 12 de marzo, unidades elite del GAULA de la<span class=\"more-link\"><a href=\"https:\/\/ciudadyregion.com.co\/index.php\/capturados-padre-e-hijo-presuntos-integrantes-de-la-estructura-joaquin-gonzalez\/judicial\/\">Continuar Leyendo<\/a><\/span><\/p>\n","protected":false},"author":2,"featured_media":57454,"comment_status":"open","ping_status":"open","sticky":false,"template":"","format":"standard","meta":{"_uf_show_specific_survey":0,"_uf_disable_surveys":false,"_jetpack_memberships_contains_paid_content":false,"footnotes":"","jetpack_publicize_message":"","jetpack_publicize_feature_enabled":true,"jetpack_social_post_already_shared":true,"jetpack_social_options":{"image_generator_settings":{"template":"highway","enabled":false},"version":2}},"categories":[18],"tags":[],"class_list":["entry","author-diegoaguirre","post-57453","post","type-post","status-publish","format-standard","has-post-thumbnail","category-judicial"],"jetpack_publicize_connections":[],"yoast_head":"<!-- This site is optimized with the Yoast SEO plugin v24.3 - https:\/\/yoast.com\/wordpress\/plugins\/seo\/ -->\n<title>Capturados padre e hijo, presuntos integrantes de la estructura \u201cJoaquin Gonz\u00e1lez\u201d. - Ciudad y Region<\/title>\n<meta name=\"robots\" content=\"index, follow, max-snippet:-1, max-image-preview:large, max-video-preview:-1\" \/>\n<link rel=\"canonical\" href=\"https:\/\/ciudadyregion.com.co\/index.php\/capturados-padre-e-hijo-presuntos-integrantes-de-la-estructura-joaquin-gonzalez\/judicial\/\" \/>\n<meta property=\"og:locale\" content=\"es_ES\" \/>\n<meta property=\"og:type\" content=\"article\" \/>\n<meta property=\"og:title\" content=\"Capturados padre e hijo, presuntos integrantes de la estructura \u201cJoaquin Gonz\u00e1lez\u201d. - Ciudad y Region\" \/>\n<meta property=\"og:description\" content=\"Mas de 20 unidades elite del GAULA de la Polic\u00eda, apoyados desde el aire por la Fuerza Aeroespacial, asestaron un contundente golpe contra esta estructura, perteneciente al frente \u201cJorge Suarez Brice\u00f1o\u201d al mando de alias \u201cCalarca\u201d. Ibagu\u00e9. En la madrugada del 12 de marzo, unidades elite del GAULA de laContinuar Leyendo\" \/>\n<meta property=\"og:url\" content=\"https:\/\/ciudadyregion.com.co\/index.php\/capturados-padre-e-hijo-presuntos-integrantes-de-la-estructura-joaquin-gonzalez\/judicial\/\" \/>\n<meta property=\"og:site_name\" content=\"Ciudad y Region\" \/>\n<meta property=\"article:published_time\" content=\"2026-03-17T13:17:26+00:00\" \/>\n<meta property=\"og:image\" content=\"https:\/\/ciudadyregion.com.co\/wp-content\/uploads\/2026\/03\/Pag-2026-03-17T081627.806.jpg\" \/>\n\t<meta property=\"og:image:width\" content=\"800\" \/>\n\t<meta property=\"og:image:height\" content=\"445\" \/>\n\t<meta property=\"og:image:type\" content=\"image\/jpeg\" \/>\n<meta name=\"author\" content=\"David Andr\u00e9s Aguirre\" \/>\n<meta name=\"twitter:card\" content=\"summary_large_image\" \/>\n<meta name=\"twitter:label1\" content=\"Escrito por\" \/>\n\t<meta name=\"twitter:data1\" content=\"David Andr\u00e9s Aguirre\" \/>\n\t<meta name=\"twitter:label2\" content=\"Tiempo de lectura\" \/>\n\t<meta name=\"twitter:data2\" content=\"3 minutos\" \/>\n<script type=\"application\/ld+json\" class=\"yoast-schema-graph\">{\"@context\":\"https:\/\/schema.org\",\"@graph\":[{\"@type\":\"WebPage\",\"@id\":\"https:\/\/ciudadyregion.com.co\/index.php\/capturados-padre-e-hijo-presuntos-integrantes-de-la-estructura-joaquin-gonzalez\/judicial\/\",\"url\":\"https:\/\/ciudadyregion.com.co\/index.php\/capturados-padre-e-hijo-presuntos-integrantes-de-la-estructura-joaquin-gonzalez\/judicial\/\",\"name\":\"Capturados padre e hijo, presuntos integrantes de la estructura \u201cJoaquin Gonz\u00e1lez\u201d. - Ciudad y Region\",\"isPartOf\":{\"@id\":\"https:\/\/ciudadyregion.com.co\/#website\"},\"primaryImageOfPage\":{\"@id\":\"https:\/\/ciudadyregion.com.co\/index.php\/capturados-padre-e-hijo-presuntos-integrantes-de-la-estructura-joaquin-gonzalez\/judicial\/#primaryimage\"},\"image\":{\"@id\":\"https:\/\/ciudadyregion.com.co\/index.php\/capturados-padre-e-hijo-presuntos-integrantes-de-la-estructura-joaquin-gonzalez\/judicial\/#primaryimage\"},\"thumbnailUrl\":\"https:\/\/i0.wp.com\/ciudadyregion.com.co\/wp-content\/uploads\/2026\/03\/Pag-2026-03-17T081627.806.jpg?fit=800%2C445&ssl=1\",\"datePublished\":\"2026-03-17T13:17:26+00:00\",\"dateModified\":\"2026-03-17T13:17:26+00:00\",\"author\":{\"@id\":\"https:\/\/ciudadyregion.com.co\/#\/schema\/person\/04a4954373ebc4051f46e8c65ff78622\"},\"breadcrumb\":{\"@id\":\"https:\/\/ciudadyregion.com.co\/index.php\/capturados-padre-e-hijo-presuntos-integrantes-de-la-estructura-joaquin-gonzalez\/judicial\/#breadcrumb\"},\"inLanguage\":\"es\",\"potentialAction\":[{\"@type\":\"ReadAction\",\"target\":[\"https:\/\/ciudadyregion.com.co\/index.php\/capturados-padre-e-hijo-presuntos-integrantes-de-la-estructura-joaquin-gonzalez\/judicial\/\"]}]},{\"@type\":\"ImageObject\",\"inLanguage\":\"es\",\"@id\":\"https:\/\/ciudadyregion.com.co\/index.php\/capturados-padre-e-hijo-presuntos-integrantes-de-la-estructura-joaquin-gonzalez\/judicial\/#primaryimage\",\"url\":\"https:\/\/i0.wp.com\/ciudadyregion.com.co\/wp-content\/uploads\/2026\/03\/Pag-2026-03-17T081627.806.jpg?fit=800%2C445&ssl=1\",\"contentUrl\":\"https:\/\/i0.wp.com\/ciudadyregion.com.co\/wp-content\/uploads\/2026\/03\/Pag-2026-03-17T081627.806.jpg?fit=800%2C445&ssl=1\",\"width\":800,\"height\":445},{\"@type\":\"BreadcrumbList\",\"@id\":\"https:\/\/ciudadyregion.com.co\/index.php\/capturados-padre-e-hijo-presuntos-integrantes-de-la-estructura-joaquin-gonzalez\/judicial\/#breadcrumb\",\"itemListElement\":[{\"@type\":\"ListItem\",\"position\":1,\"name\":\"Portada\",\"item\":\"https:\/\/ciudadyregion.com.co\/\"},{\"@type\":\"ListItem\",\"position\":2,\"name\":\"Capturados padre e hijo, presuntos integrantes de la estructura \u201cJoaquin Gonz\u00e1lez\u201d.\"}]},{\"@type\":\"WebSite\",\"@id\":\"https:\/\/ciudadyregion.com.co\/#website\",\"url\":\"https:\/\/ciudadyregion.com.co\/\",\"name\":\"Ciudad y Region\",\"description\":\"\",\"potentialAction\":[{\"@type\":\"SearchAction\",\"target\":{\"@type\":\"EntryPoint\",\"urlTemplate\":\"https:\/\/ciudadyregion.com.co\/?s={search_term_string}\"},\"query-input\":{\"@type\":\"PropertyValueSpecification\",\"valueRequired\":true,\"valueName\":\"search_term_string\"}}],\"inLanguage\":\"es\"},{\"@type\":\"Person\",\"@id\":\"https:\/\/ciudadyregion.com.co\/#\/schema\/person\/04a4954373ebc4051f46e8c65ff78622\",\"name\":\"David Andr\u00e9s Aguirre\",\"image\":{\"@type\":\"ImageObject\",\"inLanguage\":\"es\",\"@id\":\"https:\/\/ciudadyregion.com.co\/#\/schema\/person\/image\/\",\"url\":\"https:\/\/secure.gravatar.com\/avatar\/bc3c655860202182ee6d1b5edd042dbe?s=96&d=mm&r=g\",\"contentUrl\":\"https:\/\/secure.gravatar.com\/avatar\/bc3c655860202182ee6d1b5edd042dbe?s=96&d=mm&r=g\",\"caption\":\"David Andr\u00e9s Aguirre\"},\"url\":\"https:\/\/ciudadyregion.com.co\/index.php\/author\/diegoaguirre\/\"}]}<\/script>\n<!-- \/ Yoast SEO plugin. -->","yoast_head_json":{"title":"Capturados padre e hijo, presuntos integrantes de la estructura \u201cJoaquin Gonz\u00e1lez\u201d. - Ciudad y Region","robots":{"index":"index","follow":"follow","max-snippet":"max-snippet:-1","max-image-preview":"max-image-preview:large","max-video-preview":"max-video-preview:-1"},"canonical":"https:\/\/ciudadyregion.com.co\/index.php\/capturados-padre-e-hijo-presuntos-integrantes-de-la-estructura-joaquin-gonzalez\/judicial\/","og_locale":"es_ES","og_type":"article","og_title":"Capturados padre e hijo, presuntos integrantes de la estructura \u201cJoaquin Gonz\u00e1lez\u201d. - Ciudad y Region","og_description":"Mas de 20 unidades elite del GAULA de la Polic\u00eda, apoyados desde el aire por la Fuerza Aeroespacial, asestaron un contundente golpe contra esta estructura, perteneciente al frente \u201cJorge Suarez Brice\u00f1o\u201d al mando de alias \u201cCalarca\u201d. Ibagu\u00e9. En la madrugada del 12 de marzo, unidades elite del GAULA de laContinuar Leyendo","og_url":"https:\/\/ciudadyregion.com.co\/index.php\/capturados-padre-e-hijo-presuntos-integrantes-de-la-estructura-joaquin-gonzalez\/judicial\/","og_site_name":"Ciudad y Region","article_published_time":"2026-03-17T13:17:26+00:00","og_image":[{"width":800,"height":445,"url":"https:\/\/ciudadyregion.com.co\/wp-content\/uploads\/2026\/03\/Pag-2026-03-17T081627.806.jpg","type":"image\/jpeg"}],"author":"David Andr\u00e9s Aguirre","twitter_card":"summary_large_image","twitter_misc":{"Escrito por":"David Andr\u00e9s Aguirre","Tiempo de lectura":"3 minutos"},"schema":{"@context":"https:\/\/schema.org","@graph":[{"@type":"WebPage","@id":"https:\/\/ciudadyregion.com.co\/index.php\/capturados-padre-e-hijo-presuntos-integrantes-de-la-estructura-joaquin-gonzalez\/judicial\/","url":"https:\/\/ciudadyregion.com.co\/index.php\/capturados-padre-e-hijo-presuntos-integrantes-de-la-estructura-joaquin-gonzalez\/judicial\/","name":"Capturados padre e hijo, presuntos integrantes de la estructura \u201cJoaquin Gonz\u00e1lez\u201d. - Ciudad y Region","isPartOf":{"@id":"https:\/\/ciudadyregion.com.co\/#website"},"primaryImageOfPage":{"@id":"https:\/\/ciudadyregion.com.co\/index.php\/capturados-padre-e-hijo-presuntos-integrantes-de-la-estructura-joaquin-gonzalez\/judicial\/#primaryimage"},"image":{"@id":"https:\/\/ciudadyregion.com.co\/index.php\/capturados-padre-e-hijo-presuntos-integrantes-de-la-estructura-joaquin-gonzalez\/judicial\/#primaryimage"},"thumbnailUrl":"https:\/\/i0.wp.com\/ciudadyregion.com.co\/wp-content\/uploads\/2026\/03\/Pag-2026-03-17T081627.806.jpg?fit=800%2C445&ssl=1","datePublished":"2026-03-17T13:17:26+00:00","dateModified":"2026-03-17T13:17:26+00:00","author":{"@id":"https:\/\/ciudadyregion.com.co\/#\/schema\/person\/04a4954373ebc4051f46e8c65ff78622"},"breadcrumb":{"@id":"https:\/\/ciudadyregion.com.co\/index.php\/capturados-padre-e-hijo-presuntos-integrantes-de-la-estructura-joaquin-gonzalez\/judicial\/#breadcrumb"},"inLanguage":"es","potentialAction":[{"@type":"ReadAction","target":["https:\/\/ciudadyregion.com.co\/index.php\/capturados-padre-e-hijo-presuntos-integrantes-de-la-estructura-joaquin-gonzalez\/judicial\/"]}]},{"@type":"ImageObject","inLanguage":"es","@id":"https:\/\/ciudadyregion.com.co\/index.php\/capturados-padre-e-hijo-presuntos-integrantes-de-la-estructura-joaquin-gonzalez\/judicial\/#primaryimage","url":"https:\/\/i0.wp.com\/ciudadyregion.com.co\/wp-content\/uploads\/2026\/03\/Pag-2026-03-17T081627.806.jpg?fit=800%2C445&ssl=1","contentUrl":"https:\/\/i0.wp.com\/ciudadyregion.com.co\/wp-content\/uploads\/2026\/03\/Pag-2026-03-17T081627.806.jpg?fit=800%2C445&ssl=1","width":800,"height":445},{"@type":"BreadcrumbList","@id":"https:\/\/ciudadyregion.com.co\/index.php\/capturados-padre-e-hijo-presuntos-integrantes-de-la-estructura-joaquin-gonzalez\/judicial\/#breadcrumb","itemListElement":[{"@type":"ListItem","position":1,"name":"Portada","item":"https:\/\/ciudadyregion.com.co\/"},{"@type":"ListItem","position":2,"name":"Capturados padre e hijo, presuntos integrantes de la estructura \u201cJoaquin Gonz\u00e1lez\u201d."}]},{"@type":"WebSite","@id":"https:\/\/ciudadyregion.com.co\/#website","url":"https:\/\/ciudadyregion.com.co\/","name":"Ciudad y Region","description":"","potentialAction":[{"@type":"SearchAction","target":{"@type":"EntryPoint","urlTemplate":"https:\/\/ciudadyregion.com.co\/?s={search_term_string}"},"query-input":{"@type":"PropertyValueSpecification","valueRequired":true,"valueName":"search_term_string"}}],"inLanguage":"es"},{"@type":"Person","@id":"https:\/\/ciudadyregion.com.co\/#\/schema\/person\/04a4954373ebc4051f46e8c65ff78622","name":"David Andr\u00e9s Aguirre","image":{"@type":"ImageObject","inLanguage":"es","@id":"https:\/\/ciudadyregion.com.co\/#\/schema\/person\/image\/","url":"https:\/\/secure.gravatar.com\/avatar\/bc3c655860202182ee6d1b5edd042dbe?s=96&d=mm&r=g","contentUrl":"https:\/\/secure.gravatar.com\/avatar\/bc3c655860202182ee6d1b5edd042dbe?s=96&d=mm&r=g","caption":"David Andr\u00e9s Aguirre"},"url":"https:\/\/ciudadyregion.com.co\/index.php\/author\/diegoaguirre\/"}]}},"jetpack_featured_media_url":"https:\/\/i0.wp.com\/ciudadyregion.com.co\/wp-content\/uploads\/2026\/03\/Pag-2026-03-17T081627.806.jpg?fit=800%2C445&ssl=1","jetpack_sharing_enabled":true,"jetpack_shortlink":"https:\/\/wp.me\/pbS7hh-eWF","jetpack-related-posts":[],"_links":{"self":[{"href":"https:\/\/ciudadyregion.com.co\/index.php\/wp-json\/wp\/v2\/posts\/57453"}],"collection":[{"href":"https:\/\/ciudadyregion.com.co\/index.php\/wp-json\/wp\/v2\/posts"}],"about":[{"href":"https:\/\/ciudadyregion.com.co\/index.php\/wp-json\/wp\/v2\/types\/post"}],"author":[{"embeddable":true,"href":"https:\/\/ciudadyregion.com.co\/index.php\/wp-json\/wp\/v2\/users\/2"}],"replies":[{"embeddable":true,"href":"https:\/\/ciudadyregion.com.co\/index.php\/wp-json\/wp\/v2\/comments?post=57453"}],"version-history":[{"count":1,"href":"https:\/\/ciudadyregion.com.co\/index.php\/wp-json\/wp\/v2\/posts\/57453\/revisions"}],"predecessor-version":[{"id":57455,"href":"https:\/\/ciudadyregion.com.co\/index.php\/wp-json\/wp\/v2\/posts\/57453\/revisions\/57455"}],"wp:featuredmedia":[{"embeddable":true,"href":"https:\/\/ciudadyregion.com.co\/index.php\/wp-json\/wp\/v2\/media\/57454"}],"wp:attachment":[{"href":"https:\/\/ciudadyregion.com.co\/index.php\/wp-json\/wp\/v2\/media?parent=57453"}],"wp:term":[{"taxonomy":"category","embeddable":true,"href":"https:\/\/ciudadyregion.com.co\/index.php\/wp-json\/wp\/v2\/categories?post=57453"},{"taxonomy":"post_tag","embeddable":true,"href":"https:\/\/ciudadyregion.com.co\/index.php\/wp-json\/wp\/v2\/tags?post=57453"}],"curies":[{"name":"wp","href":"https:\/\/api.w.org\/{rel}","templated":true}]}}