{"id":57447,"date":"2026-03-17T07:55:03","date_gmt":"2026-03-17T12:55:03","guid":{"rendered":"https:\/\/ciudadyregion.com.co\/?p=57447"},"modified":"2026-03-17T07:55:03","modified_gmt":"2026-03-17T12:55:03","slug":"capturado-sujeto-con-arma-de-fuego-ilegal-en-melgar","status":"publish","type":"post","link":"https:\/\/ciudadyregion.com.co\/index.php\/capturado-sujeto-con-arma-de-fuego-ilegal-en-melgar\/judicial\/","title":{"rendered":"Capturado sujeto con arma de fuego ilegal en Melgar"},"content":{"rendered":"<p>En desarrollo de la ofensiva permanente contra el porte ilegal de armas de fuego, la Polic\u00eda Nacional en el departamento del Tolima, a trav\u00e9s de uniformados de la Estaci\u00f3n de Polic\u00eda del municipio de Melgar, logr\u00f3 en las \u00faltimas horas un importante resultado en materia de seguridad y convivencia ciudadana.<\/p>\n<p>El hecho se present\u00f3 hacia las 9:45 de la noche, momentos en que los uniformados adelantaban planes de registro, control e identificaci\u00f3n de personas en el barrio Versalles del municipio en menci\u00f3n. Durante el procedimiento, los polic\u00edas lograron la captura en flagrancia de un ciudadano de 27 a\u00f1os.<\/p>\n<p>Al momento de practicarle un registro personal, los uniformados hallaron al interior de un bolso un arma de fuego tipo rev\u00f3lver calibre 38 con seis cartuchos para el mismo, sin contar con el respectivo permiso para su porte o tenencia.<\/p>\n<p>El capturado, junto con el arma de fuego y la munici\u00f3n incautada, fue dejado a disposici\u00f3n de la Fiscal\u00eda 29 Local de Melgar, por el delito de fabricaci\u00f3n, tr\u00e1fico, porte o tenencia de armas de fuego, accesorios, partes o municiones. A esta hora el implicado se encuentra siendo presentado en audiencia virtual para definir su situaci\u00f3n jur\u00eddica.<\/p>\n<p>Con este resultado, la Polic\u00eda Tolima contin\u00faa previniendo la comisi\u00f3n de delitos de alto impacto como el homicidio, las lesiones personales y el hurto en todas sus modalidades.<\/p>\n<p>Finalmente, se invita a la comunidad a denunciar oportunamente cualquier hecho que afecte la seguridad y convivencia ciudadana a trav\u00e9s de la l\u00ednea 123 o informando a la patrulla de Polic\u00eda m\u00e1s cercana. Se garantiza absoluta reserva.<\/p>\n","protected":false},"excerpt":{"rendered":"<p>En desarrollo de la ofensiva permanente contra el porte ilegal de armas de fuego, la Polic\u00eda Nacional en el departamento del Tolima, a trav\u00e9s de uniformados de la Estaci\u00f3n de Polic\u00eda del municipio de Melgar, logr\u00f3 en las \u00faltimas horas un importante resultado en materia de seguridad y convivencia ciudadana.<span class=\"more-link\"><a href=\"https:\/\/ciudadyregion.com.co\/index.php\/capturado-sujeto-con-arma-de-fuego-ilegal-en-melgar\/judicial\/\">Continuar Leyendo<\/a><\/span><\/p>\n","protected":false},"author":2,"featured_media":57448,"comment_status":"open","ping_status":"open","sticky":false,"template":"","format":"standard","meta":{"_uf_show_specific_survey":0,"_uf_disable_surveys":false,"_jetpack_memberships_contains_paid_content":false,"footnotes":"","jetpack_publicize_message":"","jetpack_publicize_feature_enabled":true,"jetpack_social_post_already_shared":true,"jetpack_social_options":{"image_generator_settings":{"template":"highway","enabled":false},"version":2}},"categories":[18],"tags":[],"class_list":["entry","author-diegoaguirre","post-57447","post","type-post","status-publish","format-standard","has-post-thumbnail","category-judicial"],"jetpack_publicize_connections":[],"yoast_head":"<!-- This site is optimized with the Yoast SEO plugin v24.3 - https:\/\/yoast.com\/wordpress\/plugins\/seo\/ -->\n<title>Capturado sujeto con arma de fuego ilegal en Melgar - Ciudad y Region<\/title>\n<meta name=\"robots\" content=\"index, follow, max-snippet:-1, max-image-preview:large, max-video-preview:-1\" \/>\n<link rel=\"canonical\" href=\"https:\/\/ciudadyregion.com.co\/index.php\/capturado-sujeto-con-arma-de-fuego-ilegal-en-melgar\/judicial\/\" \/>\n<meta property=\"og:locale\" content=\"es_ES\" \/>\n<meta property=\"og:type\" content=\"article\" \/>\n<meta property=\"og:title\" content=\"Capturado sujeto con arma de fuego ilegal en Melgar - Ciudad y Region\" \/>\n<meta property=\"og:description\" content=\"En desarrollo de la ofensiva permanente contra el porte ilegal de armas de fuego, la Polic\u00eda Nacional en el departamento del Tolima, a trav\u00e9s de uniformados de la Estaci\u00f3n de Polic\u00eda del municipio de Melgar, logr\u00f3 en las \u00faltimas horas un importante resultado en materia de seguridad y convivencia ciudadana.Continuar Leyendo\" \/>\n<meta property=\"og:url\" content=\"https:\/\/ciudadyregion.com.co\/index.php\/capturado-sujeto-con-arma-de-fuego-ilegal-en-melgar\/judicial\/\" \/>\n<meta property=\"og:site_name\" content=\"Ciudad y Region\" \/>\n<meta property=\"article:published_time\" content=\"2026-03-17T12:55:03+00:00\" \/>\n<meta property=\"og:image\" content=\"https:\/\/ciudadyregion.com.co\/wp-content\/uploads\/2026\/03\/Pag-2026-03-17T075449.518.jpg\" \/>\n\t<meta property=\"og:image:width\" content=\"800\" \/>\n\t<meta property=\"og:image:height\" content=\"445\" \/>\n\t<meta property=\"og:image:type\" content=\"image\/jpeg\" \/>\n<meta name=\"author\" content=\"David Andr\u00e9s Aguirre\" \/>\n<meta name=\"twitter:card\" content=\"summary_large_image\" \/>\n<meta name=\"twitter:label1\" content=\"Escrito por\" \/>\n\t<meta name=\"twitter:data1\" content=\"David Andr\u00e9s Aguirre\" \/>\n\t<meta name=\"twitter:label2\" content=\"Tiempo de lectura\" \/>\n\t<meta name=\"twitter:data2\" content=\"2 minutos\" \/>\n<script type=\"application\/ld+json\" class=\"yoast-schema-graph\">{\"@context\":\"https:\/\/schema.org\",\"@graph\":[{\"@type\":\"WebPage\",\"@id\":\"https:\/\/ciudadyregion.com.co\/index.php\/capturado-sujeto-con-arma-de-fuego-ilegal-en-melgar\/judicial\/\",\"url\":\"https:\/\/ciudadyregion.com.co\/index.php\/capturado-sujeto-con-arma-de-fuego-ilegal-en-melgar\/judicial\/\",\"name\":\"Capturado sujeto con arma de fuego ilegal en Melgar - Ciudad y Region\",\"isPartOf\":{\"@id\":\"https:\/\/ciudadyregion.com.co\/#website\"},\"primaryImageOfPage\":{\"@id\":\"https:\/\/ciudadyregion.com.co\/index.php\/capturado-sujeto-con-arma-de-fuego-ilegal-en-melgar\/judicial\/#primaryimage\"},\"image\":{\"@id\":\"https:\/\/ciudadyregion.com.co\/index.php\/capturado-sujeto-con-arma-de-fuego-ilegal-en-melgar\/judicial\/#primaryimage\"},\"thumbnailUrl\":\"https:\/\/i0.wp.com\/ciudadyregion.com.co\/wp-content\/uploads\/2026\/03\/Pag-2026-03-17T075449.518.jpg?fit=800%2C445&ssl=1\",\"datePublished\":\"2026-03-17T12:55:03+00:00\",\"dateModified\":\"2026-03-17T12:55:03+00:00\",\"author\":{\"@id\":\"https:\/\/ciudadyregion.com.co\/#\/schema\/person\/04a4954373ebc4051f46e8c65ff78622\"},\"breadcrumb\":{\"@id\":\"https:\/\/ciudadyregion.com.co\/index.php\/capturado-sujeto-con-arma-de-fuego-ilegal-en-melgar\/judicial\/#breadcrumb\"},\"inLanguage\":\"es\",\"potentialAction\":[{\"@type\":\"ReadAction\",\"target\":[\"https:\/\/ciudadyregion.com.co\/index.php\/capturado-sujeto-con-arma-de-fuego-ilegal-en-melgar\/judicial\/\"]}]},{\"@type\":\"ImageObject\",\"inLanguage\":\"es\",\"@id\":\"https:\/\/ciudadyregion.com.co\/index.php\/capturado-sujeto-con-arma-de-fuego-ilegal-en-melgar\/judicial\/#primaryimage\",\"url\":\"https:\/\/i0.wp.com\/ciudadyregion.com.co\/wp-content\/uploads\/2026\/03\/Pag-2026-03-17T075449.518.jpg?fit=800%2C445&ssl=1\",\"contentUrl\":\"https:\/\/i0.wp.com\/ciudadyregion.com.co\/wp-content\/uploads\/2026\/03\/Pag-2026-03-17T075449.518.jpg?fit=800%2C445&ssl=1\",\"width\":800,\"height\":445},{\"@type\":\"BreadcrumbList\",\"@id\":\"https:\/\/ciudadyregion.com.co\/index.php\/capturado-sujeto-con-arma-de-fuego-ilegal-en-melgar\/judicial\/#breadcrumb\",\"itemListElement\":[{\"@type\":\"ListItem\",\"position\":1,\"name\":\"Portada\",\"item\":\"https:\/\/ciudadyregion.com.co\/\"},{\"@type\":\"ListItem\",\"position\":2,\"name\":\"Capturado sujeto con arma de fuego ilegal en Melgar\"}]},{\"@type\":\"WebSite\",\"@id\":\"https:\/\/ciudadyregion.com.co\/#website\",\"url\":\"https:\/\/ciudadyregion.com.co\/\",\"name\":\"Ciudad y Region\",\"description\":\"\",\"potentialAction\":[{\"@type\":\"SearchAction\",\"target\":{\"@type\":\"EntryPoint\",\"urlTemplate\":\"https:\/\/ciudadyregion.com.co\/?s={search_term_string}\"},\"query-input\":{\"@type\":\"PropertyValueSpecification\",\"valueRequired\":true,\"valueName\":\"search_term_string\"}}],\"inLanguage\":\"es\"},{\"@type\":\"Person\",\"@id\":\"https:\/\/ciudadyregion.com.co\/#\/schema\/person\/04a4954373ebc4051f46e8c65ff78622\",\"name\":\"David Andr\u00e9s Aguirre\",\"image\":{\"@type\":\"ImageObject\",\"inLanguage\":\"es\",\"@id\":\"https:\/\/ciudadyregion.com.co\/#\/schema\/person\/image\/\",\"url\":\"https:\/\/secure.gravatar.com\/avatar\/bc3c655860202182ee6d1b5edd042dbe?s=96&d=mm&r=g\",\"contentUrl\":\"https:\/\/secure.gravatar.com\/avatar\/bc3c655860202182ee6d1b5edd042dbe?s=96&d=mm&r=g\",\"caption\":\"David Andr\u00e9s Aguirre\"},\"url\":\"https:\/\/ciudadyregion.com.co\/index.php\/author\/diegoaguirre\/\"}]}<\/script>\n<!-- \/ Yoast SEO plugin. -->","yoast_head_json":{"title":"Capturado sujeto con arma de fuego ilegal en Melgar - Ciudad y Region","robots":{"index":"index","follow":"follow","max-snippet":"max-snippet:-1","max-image-preview":"max-image-preview:large","max-video-preview":"max-video-preview:-1"},"canonical":"https:\/\/ciudadyregion.com.co\/index.php\/capturado-sujeto-con-arma-de-fuego-ilegal-en-melgar\/judicial\/","og_locale":"es_ES","og_type":"article","og_title":"Capturado sujeto con arma de fuego ilegal en Melgar - Ciudad y Region","og_description":"En desarrollo de la ofensiva permanente contra el porte ilegal de armas de fuego, la Polic\u00eda Nacional en el departamento del Tolima, a trav\u00e9s de uniformados de la Estaci\u00f3n de Polic\u00eda del municipio de Melgar, logr\u00f3 en las \u00faltimas horas un importante resultado en materia de seguridad y convivencia ciudadana.Continuar Leyendo","og_url":"https:\/\/ciudadyregion.com.co\/index.php\/capturado-sujeto-con-arma-de-fuego-ilegal-en-melgar\/judicial\/","og_site_name":"Ciudad y Region","article_published_time":"2026-03-17T12:55:03+00:00","og_image":[{"width":800,"height":445,"url":"https:\/\/ciudadyregion.com.co\/wp-content\/uploads\/2026\/03\/Pag-2026-03-17T075449.518.jpg","type":"image\/jpeg"}],"author":"David Andr\u00e9s Aguirre","twitter_card":"summary_large_image","twitter_misc":{"Escrito por":"David Andr\u00e9s Aguirre","Tiempo de lectura":"2 minutos"},"schema":{"@context":"https:\/\/schema.org","@graph":[{"@type":"WebPage","@id":"https:\/\/ciudadyregion.com.co\/index.php\/capturado-sujeto-con-arma-de-fuego-ilegal-en-melgar\/judicial\/","url":"https:\/\/ciudadyregion.com.co\/index.php\/capturado-sujeto-con-arma-de-fuego-ilegal-en-melgar\/judicial\/","name":"Capturado sujeto con arma de fuego ilegal en Melgar - Ciudad y Region","isPartOf":{"@id":"https:\/\/ciudadyregion.com.co\/#website"},"primaryImageOfPage":{"@id":"https:\/\/ciudadyregion.com.co\/index.php\/capturado-sujeto-con-arma-de-fuego-ilegal-en-melgar\/judicial\/#primaryimage"},"image":{"@id":"https:\/\/ciudadyregion.com.co\/index.php\/capturado-sujeto-con-arma-de-fuego-ilegal-en-melgar\/judicial\/#primaryimage"},"thumbnailUrl":"https:\/\/i0.wp.com\/ciudadyregion.com.co\/wp-content\/uploads\/2026\/03\/Pag-2026-03-17T075449.518.jpg?fit=800%2C445&ssl=1","datePublished":"2026-03-17T12:55:03+00:00","dateModified":"2026-03-17T12:55:03+00:00","author":{"@id":"https:\/\/ciudadyregion.com.co\/#\/schema\/person\/04a4954373ebc4051f46e8c65ff78622"},"breadcrumb":{"@id":"https:\/\/ciudadyregion.com.co\/index.php\/capturado-sujeto-con-arma-de-fuego-ilegal-en-melgar\/judicial\/#breadcrumb"},"inLanguage":"es","potentialAction":[{"@type":"ReadAction","target":["https:\/\/ciudadyregion.com.co\/index.php\/capturado-sujeto-con-arma-de-fuego-ilegal-en-melgar\/judicial\/"]}]},{"@type":"ImageObject","inLanguage":"es","@id":"https:\/\/ciudadyregion.com.co\/index.php\/capturado-sujeto-con-arma-de-fuego-ilegal-en-melgar\/judicial\/#primaryimage","url":"https:\/\/i0.wp.com\/ciudadyregion.com.co\/wp-content\/uploads\/2026\/03\/Pag-2026-03-17T075449.518.jpg?fit=800%2C445&ssl=1","contentUrl":"https:\/\/i0.wp.com\/ciudadyregion.com.co\/wp-content\/uploads\/2026\/03\/Pag-2026-03-17T075449.518.jpg?fit=800%2C445&ssl=1","width":800,"height":445},{"@type":"BreadcrumbList","@id":"https:\/\/ciudadyregion.com.co\/index.php\/capturado-sujeto-con-arma-de-fuego-ilegal-en-melgar\/judicial\/#breadcrumb","itemListElement":[{"@type":"ListItem","position":1,"name":"Portada","item":"https:\/\/ciudadyregion.com.co\/"},{"@type":"ListItem","position":2,"name":"Capturado sujeto con arma de fuego ilegal en Melgar"}]},{"@type":"WebSite","@id":"https:\/\/ciudadyregion.com.co\/#website","url":"https:\/\/ciudadyregion.com.co\/","name":"Ciudad y Region","description":"","potentialAction":[{"@type":"SearchAction","target":{"@type":"EntryPoint","urlTemplate":"https:\/\/ciudadyregion.com.co\/?s={search_term_string}"},"query-input":{"@type":"PropertyValueSpecification","valueRequired":true,"valueName":"search_term_string"}}],"inLanguage":"es"},{"@type":"Person","@id":"https:\/\/ciudadyregion.com.co\/#\/schema\/person\/04a4954373ebc4051f46e8c65ff78622","name":"David Andr\u00e9s Aguirre","image":{"@type":"ImageObject","inLanguage":"es","@id":"https:\/\/ciudadyregion.com.co\/#\/schema\/person\/image\/","url":"https:\/\/secure.gravatar.com\/avatar\/bc3c655860202182ee6d1b5edd042dbe?s=96&d=mm&r=g","contentUrl":"https:\/\/secure.gravatar.com\/avatar\/bc3c655860202182ee6d1b5edd042dbe?s=96&d=mm&r=g","caption":"David Andr\u00e9s Aguirre"},"url":"https:\/\/ciudadyregion.com.co\/index.php\/author\/diegoaguirre\/"}]}},"jetpack_featured_media_url":"https:\/\/i0.wp.com\/ciudadyregion.com.co\/wp-content\/uploads\/2026\/03\/Pag-2026-03-17T075449.518.jpg?fit=800%2C445&ssl=1","jetpack_sharing_enabled":true,"jetpack_shortlink":"https:\/\/wp.me\/pbS7hh-eWz","jetpack-related-posts":[],"_links":{"self":[{"href":"https:\/\/ciudadyregion.com.co\/index.php\/wp-json\/wp\/v2\/posts\/57447"}],"collection":[{"href":"https:\/\/ciudadyregion.com.co\/index.php\/wp-json\/wp\/v2\/posts"}],"about":[{"href":"https:\/\/ciudadyregion.com.co\/index.php\/wp-json\/wp\/v2\/types\/post"}],"author":[{"embeddable":true,"href":"https:\/\/ciudadyregion.com.co\/index.php\/wp-json\/wp\/v2\/users\/2"}],"replies":[{"embeddable":true,"href":"https:\/\/ciudadyregion.com.co\/index.php\/wp-json\/wp\/v2\/comments?post=57447"}],"version-history":[{"count":1,"href":"https:\/\/ciudadyregion.com.co\/index.php\/wp-json\/wp\/v2\/posts\/57447\/revisions"}],"predecessor-version":[{"id":57449,"href":"https:\/\/ciudadyregion.com.co\/index.php\/wp-json\/wp\/v2\/posts\/57447\/revisions\/57449"}],"wp:featuredmedia":[{"embeddable":true,"href":"https:\/\/ciudadyregion.com.co\/index.php\/wp-json\/wp\/v2\/media\/57448"}],"wp:attachment":[{"href":"https:\/\/ciudadyregion.com.co\/index.php\/wp-json\/wp\/v2\/media?parent=57447"}],"wp:term":[{"taxonomy":"category","embeddable":true,"href":"https:\/\/ciudadyregion.com.co\/index.php\/wp-json\/wp\/v2\/categories?post=57447"},{"taxonomy":"post_tag","embeddable":true,"href":"https:\/\/ciudadyregion.com.co\/index.php\/wp-json\/wp\/v2\/tags?post=57447"}],"curies":[{"name":"wp","href":"https:\/\/api.w.org\/{rel}","templated":true}]}}