{"id":57443,"date":"2026-03-17T07:52:41","date_gmt":"2026-03-17T12:52:41","guid":{"rendered":"https:\/\/ciudadyregion.com.co\/?p=57443"},"modified":"2026-03-17T07:52:41","modified_gmt":"2026-03-17T12:52:41","slug":"capturado-sujeto-requerido-por-el-delito-de-reclutamiento-ilicito-de-menores-en-venadillo","status":"publish","type":"post","link":"https:\/\/ciudadyregion.com.co\/index.php\/capturado-sujeto-requerido-por-el-delito-de-reclutamiento-ilicito-de-menores-en-venadillo\/judicial\/","title":{"rendered":"Capturado sujeto requerido por el delito de reclutamiento il\u00edcito de menores, en Venadillo"},"content":{"rendered":"<p>La Polic\u00eda Nacional en el departamento del Tolima, en desarrollo de los operativos permanentes contra el delito en todas sus modalidades, a trav\u00e9s de uniformados de la Estaci\u00f3n de Polic\u00eda del municipio de Venadillo, logr\u00f3 en las \u00faltimas horas un importante resultado en materia de seguridad y convivencia ciudadana.<\/p>\n<p>El hecho se present\u00f3 momentos en que los uniformados adelantaban planes de registro, control e identificaci\u00f3n de personas en el barrio Elena Torres de esta localidad. Durante el procedimiento, los polic\u00edas realizaron se\u00f1al de pare a un veh\u00edculo de servicio p\u00fablico tipo buseta.<\/p>\n<p>Al verificar los antecedentes de las personas que se movilizaban en el automotor mediante el dispositivo PDA, se logr\u00f3 establecer que uno de los pasajeros, un ciudadano de 27 a\u00f1os de edad, presentaba orden de captura vigente.<\/p>\n<p>De acuerdo con las autoridades judiciales, el sujeto era requerido por el Juzgado Segundo Penal del Circuito de Villavicencio (Meta) por el delito de reclutamiento il\u00edcito de menores.<\/p>\n<p>El capturado fue dejado a disposici\u00f3n de la autoridad solicitante y a esta hora se encuentra siendo presentado en audiencia virtual para definir su situaci\u00f3n jur\u00eddica.<\/p>\n<p>Con este resultado, la Polic\u00eda Nacional en el Tolima reafirma su compromiso con la seguridad y convivencia ciudadana, e invita a la comunidad a denunciar oportunamente cualquier hecho que afecte la tranquilidad a trav\u00e9s de la l\u00ednea 123 o informando a la patrulla de Polic\u00eda m\u00e1s cercana. Se garantiza absoluta reserva.<\/p>\n","protected":false},"excerpt":{"rendered":"<p>La Polic\u00eda Nacional en el departamento del Tolima, en desarrollo de los operativos permanentes contra el delito en todas sus modalidades, a trav\u00e9s de uniformados de la Estaci\u00f3n de Polic\u00eda del municipio de Venadillo, logr\u00f3 en las \u00faltimas horas un importante resultado en materia de seguridad y convivencia ciudadana. El<span class=\"more-link\"><a href=\"https:\/\/ciudadyregion.com.co\/index.php\/capturado-sujeto-requerido-por-el-delito-de-reclutamiento-ilicito-de-menores-en-venadillo\/judicial\/\">Continuar Leyendo<\/a><\/span><\/p>\n","protected":false},"author":2,"featured_media":57445,"comment_status":"open","ping_status":"open","sticky":false,"template":"","format":"standard","meta":{"_uf_show_specific_survey":0,"_uf_disable_surveys":false,"_jetpack_memberships_contains_paid_content":false,"footnotes":"","jetpack_publicize_message":"","jetpack_publicize_feature_enabled":true,"jetpack_social_post_already_shared":true,"jetpack_social_options":{"image_generator_settings":{"template":"highway","enabled":false},"version":2}},"categories":[18],"tags":[],"class_list":["entry","author-diegoaguirre","post-57443","post","type-post","status-publish","format-standard","has-post-thumbnail","category-judicial"],"jetpack_publicize_connections":[],"yoast_head":"<!-- This site is optimized with the Yoast SEO plugin v24.3 - https:\/\/yoast.com\/wordpress\/plugins\/seo\/ -->\n<title>Capturado sujeto requerido por el delito de reclutamiento il\u00edcito de menores, en Venadillo - Ciudad y Region<\/title>\n<meta name=\"robots\" content=\"index, follow, max-snippet:-1, max-image-preview:large, max-video-preview:-1\" \/>\n<link rel=\"canonical\" href=\"https:\/\/ciudadyregion.com.co\/index.php\/capturado-sujeto-requerido-por-el-delito-de-reclutamiento-ilicito-de-menores-en-venadillo\/judicial\/\" \/>\n<meta property=\"og:locale\" content=\"es_ES\" \/>\n<meta property=\"og:type\" content=\"article\" \/>\n<meta property=\"og:title\" content=\"Capturado sujeto requerido por el delito de reclutamiento il\u00edcito de menores, en Venadillo - Ciudad y Region\" \/>\n<meta property=\"og:description\" content=\"La Polic\u00eda Nacional en el departamento del Tolima, en desarrollo de los operativos permanentes contra el delito en todas sus modalidades, a trav\u00e9s de uniformados de la Estaci\u00f3n de Polic\u00eda del municipio de Venadillo, logr\u00f3 en las \u00faltimas horas un importante resultado en materia de seguridad y convivencia ciudadana. ElContinuar Leyendo\" \/>\n<meta property=\"og:url\" content=\"https:\/\/ciudadyregion.com.co\/index.php\/capturado-sujeto-requerido-por-el-delito-de-reclutamiento-ilicito-de-menores-en-venadillo\/judicial\/\" \/>\n<meta property=\"og:site_name\" content=\"Ciudad y Region\" \/>\n<meta property=\"article:published_time\" content=\"2026-03-17T12:52:41+00:00\" \/>\n<meta property=\"og:image\" content=\"https:\/\/ciudadyregion.com.co\/wp-content\/uploads\/2026\/03\/Pag-1.webp\" \/>\n\t<meta property=\"og:image:width\" content=\"800\" \/>\n\t<meta property=\"og:image:height\" content=\"445\" \/>\n\t<meta property=\"og:image:type\" content=\"image\/webp\" \/>\n<meta name=\"author\" content=\"David Andr\u00e9s Aguirre\" \/>\n<meta name=\"twitter:card\" content=\"summary_large_image\" \/>\n<meta name=\"twitter:label1\" content=\"Escrito por\" \/>\n\t<meta name=\"twitter:data1\" content=\"David Andr\u00e9s Aguirre\" \/>\n\t<meta name=\"twitter:label2\" content=\"Tiempo de lectura\" \/>\n\t<meta name=\"twitter:data2\" content=\"2 minutos\" \/>\n<script type=\"application\/ld+json\" class=\"yoast-schema-graph\">{\"@context\":\"https:\/\/schema.org\",\"@graph\":[{\"@type\":\"WebPage\",\"@id\":\"https:\/\/ciudadyregion.com.co\/index.php\/capturado-sujeto-requerido-por-el-delito-de-reclutamiento-ilicito-de-menores-en-venadillo\/judicial\/\",\"url\":\"https:\/\/ciudadyregion.com.co\/index.php\/capturado-sujeto-requerido-por-el-delito-de-reclutamiento-ilicito-de-menores-en-venadillo\/judicial\/\",\"name\":\"Capturado sujeto requerido por el delito de reclutamiento il\u00edcito de menores, en Venadillo - Ciudad y Region\",\"isPartOf\":{\"@id\":\"https:\/\/ciudadyregion.com.co\/#website\"},\"primaryImageOfPage\":{\"@id\":\"https:\/\/ciudadyregion.com.co\/index.php\/capturado-sujeto-requerido-por-el-delito-de-reclutamiento-ilicito-de-menores-en-venadillo\/judicial\/#primaryimage\"},\"image\":{\"@id\":\"https:\/\/ciudadyregion.com.co\/index.php\/capturado-sujeto-requerido-por-el-delito-de-reclutamiento-ilicito-de-menores-en-venadillo\/judicial\/#primaryimage\"},\"thumbnailUrl\":\"https:\/\/i0.wp.com\/ciudadyregion.com.co\/wp-content\/uploads\/2026\/03\/Pag-1.webp?fit=800%2C445&ssl=1\",\"datePublished\":\"2026-03-17T12:52:41+00:00\",\"dateModified\":\"2026-03-17T12:52:41+00:00\",\"author\":{\"@id\":\"https:\/\/ciudadyregion.com.co\/#\/schema\/person\/04a4954373ebc4051f46e8c65ff78622\"},\"breadcrumb\":{\"@id\":\"https:\/\/ciudadyregion.com.co\/index.php\/capturado-sujeto-requerido-por-el-delito-de-reclutamiento-ilicito-de-menores-en-venadillo\/judicial\/#breadcrumb\"},\"inLanguage\":\"es\",\"potentialAction\":[{\"@type\":\"ReadAction\",\"target\":[\"https:\/\/ciudadyregion.com.co\/index.php\/capturado-sujeto-requerido-por-el-delito-de-reclutamiento-ilicito-de-menores-en-venadillo\/judicial\/\"]}]},{\"@type\":\"ImageObject\",\"inLanguage\":\"es\",\"@id\":\"https:\/\/ciudadyregion.com.co\/index.php\/capturado-sujeto-requerido-por-el-delito-de-reclutamiento-ilicito-de-menores-en-venadillo\/judicial\/#primaryimage\",\"url\":\"https:\/\/i0.wp.com\/ciudadyregion.com.co\/wp-content\/uploads\/2026\/03\/Pag-1.webp?fit=800%2C445&ssl=1\",\"contentUrl\":\"https:\/\/i0.wp.com\/ciudadyregion.com.co\/wp-content\/uploads\/2026\/03\/Pag-1.webp?fit=800%2C445&ssl=1\",\"width\":800,\"height\":445},{\"@type\":\"BreadcrumbList\",\"@id\":\"https:\/\/ciudadyregion.com.co\/index.php\/capturado-sujeto-requerido-por-el-delito-de-reclutamiento-ilicito-de-menores-en-venadillo\/judicial\/#breadcrumb\",\"itemListElement\":[{\"@type\":\"ListItem\",\"position\":1,\"name\":\"Portada\",\"item\":\"https:\/\/ciudadyregion.com.co\/\"},{\"@type\":\"ListItem\",\"position\":2,\"name\":\"Capturado sujeto requerido por el delito de reclutamiento il\u00edcito de menores, en Venadillo\"}]},{\"@type\":\"WebSite\",\"@id\":\"https:\/\/ciudadyregion.com.co\/#website\",\"url\":\"https:\/\/ciudadyregion.com.co\/\",\"name\":\"Ciudad y Region\",\"description\":\"\",\"potentialAction\":[{\"@type\":\"SearchAction\",\"target\":{\"@type\":\"EntryPoint\",\"urlTemplate\":\"https:\/\/ciudadyregion.com.co\/?s={search_term_string}\"},\"query-input\":{\"@type\":\"PropertyValueSpecification\",\"valueRequired\":true,\"valueName\":\"search_term_string\"}}],\"inLanguage\":\"es\"},{\"@type\":\"Person\",\"@id\":\"https:\/\/ciudadyregion.com.co\/#\/schema\/person\/04a4954373ebc4051f46e8c65ff78622\",\"name\":\"David Andr\u00e9s Aguirre\",\"image\":{\"@type\":\"ImageObject\",\"inLanguage\":\"es\",\"@id\":\"https:\/\/ciudadyregion.com.co\/#\/schema\/person\/image\/\",\"url\":\"https:\/\/secure.gravatar.com\/avatar\/bc3c655860202182ee6d1b5edd042dbe?s=96&d=mm&r=g\",\"contentUrl\":\"https:\/\/secure.gravatar.com\/avatar\/bc3c655860202182ee6d1b5edd042dbe?s=96&d=mm&r=g\",\"caption\":\"David Andr\u00e9s Aguirre\"},\"url\":\"https:\/\/ciudadyregion.com.co\/index.php\/author\/diegoaguirre\/\"}]}<\/script>\n<!-- \/ Yoast SEO plugin. -->","yoast_head_json":{"title":"Capturado sujeto requerido por el delito de reclutamiento il\u00edcito de menores, en Venadillo - Ciudad y Region","robots":{"index":"index","follow":"follow","max-snippet":"max-snippet:-1","max-image-preview":"max-image-preview:large","max-video-preview":"max-video-preview:-1"},"canonical":"https:\/\/ciudadyregion.com.co\/index.php\/capturado-sujeto-requerido-por-el-delito-de-reclutamiento-ilicito-de-menores-en-venadillo\/judicial\/","og_locale":"es_ES","og_type":"article","og_title":"Capturado sujeto requerido por el delito de reclutamiento il\u00edcito de menores, en Venadillo - Ciudad y Region","og_description":"La Polic\u00eda Nacional en el departamento del Tolima, en desarrollo de los operativos permanentes contra el delito en todas sus modalidades, a trav\u00e9s de uniformados de la Estaci\u00f3n de Polic\u00eda del municipio de Venadillo, logr\u00f3 en las \u00faltimas horas un importante resultado en materia de seguridad y convivencia ciudadana. ElContinuar Leyendo","og_url":"https:\/\/ciudadyregion.com.co\/index.php\/capturado-sujeto-requerido-por-el-delito-de-reclutamiento-ilicito-de-menores-en-venadillo\/judicial\/","og_site_name":"Ciudad y Region","article_published_time":"2026-03-17T12:52:41+00:00","og_image":[{"width":800,"height":445,"url":"https:\/\/ciudadyregion.com.co\/wp-content\/uploads\/2026\/03\/Pag-1.webp","type":"image\/webp"}],"author":"David Andr\u00e9s Aguirre","twitter_card":"summary_large_image","twitter_misc":{"Escrito por":"David Andr\u00e9s Aguirre","Tiempo de lectura":"2 minutos"},"schema":{"@context":"https:\/\/schema.org","@graph":[{"@type":"WebPage","@id":"https:\/\/ciudadyregion.com.co\/index.php\/capturado-sujeto-requerido-por-el-delito-de-reclutamiento-ilicito-de-menores-en-venadillo\/judicial\/","url":"https:\/\/ciudadyregion.com.co\/index.php\/capturado-sujeto-requerido-por-el-delito-de-reclutamiento-ilicito-de-menores-en-venadillo\/judicial\/","name":"Capturado sujeto requerido por el delito de reclutamiento il\u00edcito de menores, en Venadillo - Ciudad y Region","isPartOf":{"@id":"https:\/\/ciudadyregion.com.co\/#website"},"primaryImageOfPage":{"@id":"https:\/\/ciudadyregion.com.co\/index.php\/capturado-sujeto-requerido-por-el-delito-de-reclutamiento-ilicito-de-menores-en-venadillo\/judicial\/#primaryimage"},"image":{"@id":"https:\/\/ciudadyregion.com.co\/index.php\/capturado-sujeto-requerido-por-el-delito-de-reclutamiento-ilicito-de-menores-en-venadillo\/judicial\/#primaryimage"},"thumbnailUrl":"https:\/\/i0.wp.com\/ciudadyregion.com.co\/wp-content\/uploads\/2026\/03\/Pag-1.webp?fit=800%2C445&ssl=1","datePublished":"2026-03-17T12:52:41+00:00","dateModified":"2026-03-17T12:52:41+00:00","author":{"@id":"https:\/\/ciudadyregion.com.co\/#\/schema\/person\/04a4954373ebc4051f46e8c65ff78622"},"breadcrumb":{"@id":"https:\/\/ciudadyregion.com.co\/index.php\/capturado-sujeto-requerido-por-el-delito-de-reclutamiento-ilicito-de-menores-en-venadillo\/judicial\/#breadcrumb"},"inLanguage":"es","potentialAction":[{"@type":"ReadAction","target":["https:\/\/ciudadyregion.com.co\/index.php\/capturado-sujeto-requerido-por-el-delito-de-reclutamiento-ilicito-de-menores-en-venadillo\/judicial\/"]}]},{"@type":"ImageObject","inLanguage":"es","@id":"https:\/\/ciudadyregion.com.co\/index.php\/capturado-sujeto-requerido-por-el-delito-de-reclutamiento-ilicito-de-menores-en-venadillo\/judicial\/#primaryimage","url":"https:\/\/i0.wp.com\/ciudadyregion.com.co\/wp-content\/uploads\/2026\/03\/Pag-1.webp?fit=800%2C445&ssl=1","contentUrl":"https:\/\/i0.wp.com\/ciudadyregion.com.co\/wp-content\/uploads\/2026\/03\/Pag-1.webp?fit=800%2C445&ssl=1","width":800,"height":445},{"@type":"BreadcrumbList","@id":"https:\/\/ciudadyregion.com.co\/index.php\/capturado-sujeto-requerido-por-el-delito-de-reclutamiento-ilicito-de-menores-en-venadillo\/judicial\/#breadcrumb","itemListElement":[{"@type":"ListItem","position":1,"name":"Portada","item":"https:\/\/ciudadyregion.com.co\/"},{"@type":"ListItem","position":2,"name":"Capturado sujeto requerido por el delito de reclutamiento il\u00edcito de menores, en Venadillo"}]},{"@type":"WebSite","@id":"https:\/\/ciudadyregion.com.co\/#website","url":"https:\/\/ciudadyregion.com.co\/","name":"Ciudad y Region","description":"","potentialAction":[{"@type":"SearchAction","target":{"@type":"EntryPoint","urlTemplate":"https:\/\/ciudadyregion.com.co\/?s={search_term_string}"},"query-input":{"@type":"PropertyValueSpecification","valueRequired":true,"valueName":"search_term_string"}}],"inLanguage":"es"},{"@type":"Person","@id":"https:\/\/ciudadyregion.com.co\/#\/schema\/person\/04a4954373ebc4051f46e8c65ff78622","name":"David Andr\u00e9s Aguirre","image":{"@type":"ImageObject","inLanguage":"es","@id":"https:\/\/ciudadyregion.com.co\/#\/schema\/person\/image\/","url":"https:\/\/secure.gravatar.com\/avatar\/bc3c655860202182ee6d1b5edd042dbe?s=96&d=mm&r=g","contentUrl":"https:\/\/secure.gravatar.com\/avatar\/bc3c655860202182ee6d1b5edd042dbe?s=96&d=mm&r=g","caption":"David Andr\u00e9s Aguirre"},"url":"https:\/\/ciudadyregion.com.co\/index.php\/author\/diegoaguirre\/"}]}},"jetpack_featured_media_url":"https:\/\/i0.wp.com\/ciudadyregion.com.co\/wp-content\/uploads\/2026\/03\/Pag-1.webp?fit=800%2C445&ssl=1","jetpack_sharing_enabled":true,"jetpack_shortlink":"https:\/\/wp.me\/pbS7hh-eWv","jetpack-related-posts":[],"_links":{"self":[{"href":"https:\/\/ciudadyregion.com.co\/index.php\/wp-json\/wp\/v2\/posts\/57443"}],"collection":[{"href":"https:\/\/ciudadyregion.com.co\/index.php\/wp-json\/wp\/v2\/posts"}],"about":[{"href":"https:\/\/ciudadyregion.com.co\/index.php\/wp-json\/wp\/v2\/types\/post"}],"author":[{"embeddable":true,"href":"https:\/\/ciudadyregion.com.co\/index.php\/wp-json\/wp\/v2\/users\/2"}],"replies":[{"embeddable":true,"href":"https:\/\/ciudadyregion.com.co\/index.php\/wp-json\/wp\/v2\/comments?post=57443"}],"version-history":[{"count":1,"href":"https:\/\/ciudadyregion.com.co\/index.php\/wp-json\/wp\/v2\/posts\/57443\/revisions"}],"predecessor-version":[{"id":57446,"href":"https:\/\/ciudadyregion.com.co\/index.php\/wp-json\/wp\/v2\/posts\/57443\/revisions\/57446"}],"wp:featuredmedia":[{"embeddable":true,"href":"https:\/\/ciudadyregion.com.co\/index.php\/wp-json\/wp\/v2\/media\/57445"}],"wp:attachment":[{"href":"https:\/\/ciudadyregion.com.co\/index.php\/wp-json\/wp\/v2\/media?parent=57443"}],"wp:term":[{"taxonomy":"category","embeddable":true,"href":"https:\/\/ciudadyregion.com.co\/index.php\/wp-json\/wp\/v2\/categories?post=57443"},{"taxonomy":"post_tag","embeddable":true,"href":"https:\/\/ciudadyregion.com.co\/index.php\/wp-json\/wp\/v2\/tags?post=57443"}],"curies":[{"name":"wp","href":"https:\/\/api.w.org\/{rel}","templated":true}]}}