{"id":57411,"date":"2026-03-16T19:03:32","date_gmt":"2026-03-17T00:03:32","guid":{"rendered":"https:\/\/ciudadyregion.com.co\/?p=57411"},"modified":"2026-03-16T19:03:32","modified_gmt":"2026-03-17T00:03:32","slug":"entrega-de-ayudas-humanitarias-a-familias-de-melgar-afectadas-por-la-ola-invernal","status":"publish","type":"post","link":"https:\/\/ciudadyregion.com.co\/index.php\/entrega-de-ayudas-humanitarias-a-familias-de-melgar-afectadas-por-la-ola-invernal\/regional\/","title":{"rendered":"Entrega de ayudas humanitarias a familias de Melgar afectadas por la ola invernal"},"content":{"rendered":"<div class=\"xdj266r x14z9mp xat24cr x1lziwak x1vvkbs x126k92a\">\n<div dir=\"auto\">En un trabajo articulado entre la Alcald\u00eda Municipal y la Gobernaci\u00f3n del Tolima, se realiz\u00f3 la entrega de ayudas humanitarias a las familias que fueron previamente censadas y que resultaron afectadas por las fuertes lluvias.<\/div>\n<div dir=\"auto\"><\/div>\n<\/div>\n<div class=\"x14z9mp xat24cr x1lziwak x1vvkbs xtlvy1s x126k92a\">\n<div dir=\"auto\">Durante la jornada se entregaron colchonetas, s\u00e1banas, cobijas, toallas, kits de aseo y mercados, con el prop\u00f3sito de brindar un apoyo a quienes hoy enfrentan momentos dif\u00edciles.<\/div>\n<div dir=\"auto\"><\/div>\n<\/div>\n<div class=\"x14z9mp xat24cr x1lziwak x1vvkbs xtlvy1s x126k92a\">\n<div dir=\"auto\">Sabemos que estas ayudas no representan la soluci\u00f3n definitiva; sin embargo, son un paso para acompa\u00f1ar a la comunidad mientras se contin\u00faa trabajando de manera conjunta con Empumelgar y otras entidades en acciones como la limpieza de la quebrada La Melgara, buscando mitigar los riesgos y evitar que las lluvias vuelvan a generar afectaciones en el sector.<\/div>\n<div dir=\"auto\"><\/div>\n<\/div>\n<div class=\"x14z9mp xat24cr x1lziwak x1vvkbs xtlvy1s x126k92a\">\n<div dir=\"auto\">Seguimos comprometidos con el bienestar y la seguridad de nuestra comunidad. <span class=\"html-span xexx8yu xyri2b x18d9i69 x1c1uobl x1hl2dhg x16tdsg8 x1vvkbs x3nfvp2 x1j61x8r x1fcty0u xdj266r xat24cr xm2jcoa x1mpyi22 xxymvpz xlup9mm x1kky2od\"><img loading=\"lazy\" decoding=\"async\" class=\"xz74otr x15mokao x1ga7v0g x16uus16 xbiv7yw\" src=\"https:\/\/static.xx.fbcdn.net\/images\/emoji.php\/v9\/t1e\/1\/16\/1f33f.png\" alt=\"\ud83c\udf3f\" width=\"16\" height=\"16\" \/><\/span><\/div>\n<\/div>\n<div dir=\"auto\"><\/div>\n<div dir=\"auto\"><\/div>\n<div dir=\"auto\">\n<div style=\"width: 720px;\" class=\"wp-video\"><!--[if lt IE 9]><script>document.createElement('video');<\/script><![endif]-->\n<video class=\"wp-video-shortcode\" id=\"video-57411-1\" width=\"720\" height=\"1280\" preload=\"metadata\" controls=\"controls\"><source type=\"video\/mp4\" src=\"https:\/\/ciudadyregion.com.co\/wp-content\/uploads\/2026\/03\/getmyfb.com_1773705654287.mp4?_=1\" \/><a href=\"https:\/\/ciudadyregion.com.co\/wp-content\/uploads\/2026\/03\/getmyfb.com_1773705654287.mp4\">https:\/\/ciudadyregion.com.co\/wp-content\/uploads\/2026\/03\/getmyfb.com_1773705654287.mp4<\/a><\/video><\/div>\n<\/div>\n<div dir=\"auto\"><\/div>\n","protected":false},"excerpt":{"rendered":"<p>En un trabajo articulado entre la Alcald\u00eda Municipal y la Gobernaci\u00f3n del Tolima, se realiz\u00f3 la entrega de ayudas humanitarias a las familias que fueron previamente censadas y que resultaron afectadas por las fuertes lluvias. Durante la jornada se entregaron colchonetas, s\u00e1banas, cobijas, toallas, kits de aseo y mercados, con<span class=\"more-link\"><a href=\"https:\/\/ciudadyregion.com.co\/index.php\/entrega-de-ayudas-humanitarias-a-familias-de-melgar-afectadas-por-la-ola-invernal\/regional\/\">Continuar Leyendo<\/a><\/span><\/p>\n","protected":false},"author":2,"featured_media":43323,"comment_status":"open","ping_status":"open","sticky":false,"template":"","format":"standard","meta":{"_uf_show_specific_survey":0,"_uf_disable_surveys":false,"_jetpack_memberships_contains_paid_content":false,"footnotes":"","jetpack_publicize_message":"","jetpack_publicize_feature_enabled":true,"jetpack_social_post_already_shared":true,"jetpack_social_options":{"image_generator_settings":{"template":"highway","enabled":false},"version":2}},"categories":[13],"tags":[],"class_list":["entry","author-diegoaguirre","post-57411","post","type-post","status-publish","format-standard","has-post-thumbnail","category-regional"],"jetpack_publicize_connections":[],"yoast_head":"<!-- This site is optimized with the Yoast SEO plugin v24.3 - https:\/\/yoast.com\/wordpress\/plugins\/seo\/ -->\n<title>Entrega de ayudas humanitarias a familias de Melgar afectadas por la ola invernal - Ciudad y Region<\/title>\n<meta name=\"robots\" content=\"index, follow, max-snippet:-1, max-image-preview:large, max-video-preview:-1\" \/>\n<link rel=\"canonical\" href=\"https:\/\/ciudadyregion.com.co\/index.php\/entrega-de-ayudas-humanitarias-a-familias-de-melgar-afectadas-por-la-ola-invernal\/regional\/\" \/>\n<meta property=\"og:locale\" content=\"es_ES\" \/>\n<meta property=\"og:type\" content=\"article\" \/>\n<meta property=\"og:title\" content=\"Entrega de ayudas humanitarias a familias de Melgar afectadas por la ola invernal - Ciudad y Region\" \/>\n<meta property=\"og:description\" content=\"En un trabajo articulado entre la Alcald\u00eda Municipal y la Gobernaci\u00f3n del Tolima, se realiz\u00f3 la entrega de ayudas humanitarias a las familias que fueron previamente censadas y que resultaron afectadas por las fuertes lluvias. Durante la jornada se entregaron colchonetas, s\u00e1banas, cobijas, toallas, kits de aseo y mercados, conContinuar Leyendo\" \/>\n<meta property=\"og:url\" content=\"https:\/\/ciudadyregion.com.co\/index.php\/entrega-de-ayudas-humanitarias-a-familias-de-melgar-afectadas-por-la-ola-invernal\/regional\/\" \/>\n<meta property=\"og:site_name\" content=\"Ciudad y Region\" \/>\n<meta property=\"article:published_time\" content=\"2026-03-17T00:03:32+00:00\" \/>\n<meta property=\"og:image\" content=\"https:\/\/ciudadyregion.com.co\/wp-content\/uploads\/2025\/08\/melgar.jpg\" \/>\n\t<meta property=\"og:image:width\" content=\"800\" \/>\n\t<meta property=\"og:image:height\" content=\"445\" \/>\n\t<meta property=\"og:image:type\" content=\"image\/jpeg\" \/>\n<meta name=\"author\" content=\"David Andr\u00e9s Aguirre\" \/>\n<meta name=\"twitter:card\" content=\"summary_large_image\" \/>\n<meta name=\"twitter:label1\" content=\"Escrito por\" \/>\n\t<meta name=\"twitter:data1\" content=\"David Andr\u00e9s Aguirre\" \/>\n\t<meta name=\"twitter:label2\" content=\"Tiempo de lectura\" \/>\n\t<meta name=\"twitter:data2\" content=\"2 minutos\" \/>\n<script type=\"application\/ld+json\" class=\"yoast-schema-graph\">{\"@context\":\"https:\/\/schema.org\",\"@graph\":[{\"@type\":\"WebPage\",\"@id\":\"https:\/\/ciudadyregion.com.co\/index.php\/entrega-de-ayudas-humanitarias-a-familias-de-melgar-afectadas-por-la-ola-invernal\/regional\/\",\"url\":\"https:\/\/ciudadyregion.com.co\/index.php\/entrega-de-ayudas-humanitarias-a-familias-de-melgar-afectadas-por-la-ola-invernal\/regional\/\",\"name\":\"Entrega de ayudas humanitarias a familias de Melgar afectadas por la ola invernal - Ciudad y Region\",\"isPartOf\":{\"@id\":\"https:\/\/ciudadyregion.com.co\/#website\"},\"primaryImageOfPage\":{\"@id\":\"https:\/\/ciudadyregion.com.co\/index.php\/entrega-de-ayudas-humanitarias-a-familias-de-melgar-afectadas-por-la-ola-invernal\/regional\/#primaryimage\"},\"image\":{\"@id\":\"https:\/\/ciudadyregion.com.co\/index.php\/entrega-de-ayudas-humanitarias-a-familias-de-melgar-afectadas-por-la-ola-invernal\/regional\/#primaryimage\"},\"thumbnailUrl\":\"https:\/\/i0.wp.com\/ciudadyregion.com.co\/wp-content\/uploads\/2025\/08\/melgar.jpg?fit=800%2C445&ssl=1\",\"datePublished\":\"2026-03-17T00:03:32+00:00\",\"dateModified\":\"2026-03-17T00:03:32+00:00\",\"author\":{\"@id\":\"https:\/\/ciudadyregion.com.co\/#\/schema\/person\/04a4954373ebc4051f46e8c65ff78622\"},\"breadcrumb\":{\"@id\":\"https:\/\/ciudadyregion.com.co\/index.php\/entrega-de-ayudas-humanitarias-a-familias-de-melgar-afectadas-por-la-ola-invernal\/regional\/#breadcrumb\"},\"inLanguage\":\"es\",\"potentialAction\":[{\"@type\":\"ReadAction\",\"target\":[\"https:\/\/ciudadyregion.com.co\/index.php\/entrega-de-ayudas-humanitarias-a-familias-de-melgar-afectadas-por-la-ola-invernal\/regional\/\"]}]},{\"@type\":\"ImageObject\",\"inLanguage\":\"es\",\"@id\":\"https:\/\/ciudadyregion.com.co\/index.php\/entrega-de-ayudas-humanitarias-a-familias-de-melgar-afectadas-por-la-ola-invernal\/regional\/#primaryimage\",\"url\":\"https:\/\/i0.wp.com\/ciudadyregion.com.co\/wp-content\/uploads\/2025\/08\/melgar.jpg?fit=800%2C445&ssl=1\",\"contentUrl\":\"https:\/\/i0.wp.com\/ciudadyregion.com.co\/wp-content\/uploads\/2025\/08\/melgar.jpg?fit=800%2C445&ssl=1\",\"width\":800,\"height\":445},{\"@type\":\"BreadcrumbList\",\"@id\":\"https:\/\/ciudadyregion.com.co\/index.php\/entrega-de-ayudas-humanitarias-a-familias-de-melgar-afectadas-por-la-ola-invernal\/regional\/#breadcrumb\",\"itemListElement\":[{\"@type\":\"ListItem\",\"position\":1,\"name\":\"Portada\",\"item\":\"https:\/\/ciudadyregion.com.co\/\"},{\"@type\":\"ListItem\",\"position\":2,\"name\":\"Entrega de ayudas humanitarias a familias de Melgar afectadas por la ola invernal\"}]},{\"@type\":\"WebSite\",\"@id\":\"https:\/\/ciudadyregion.com.co\/#website\",\"url\":\"https:\/\/ciudadyregion.com.co\/\",\"name\":\"Ciudad y Region\",\"description\":\"\",\"potentialAction\":[{\"@type\":\"SearchAction\",\"target\":{\"@type\":\"EntryPoint\",\"urlTemplate\":\"https:\/\/ciudadyregion.com.co\/?s={search_term_string}\"},\"query-input\":{\"@type\":\"PropertyValueSpecification\",\"valueRequired\":true,\"valueName\":\"search_term_string\"}}],\"inLanguage\":\"es\"},{\"@type\":\"Person\",\"@id\":\"https:\/\/ciudadyregion.com.co\/#\/schema\/person\/04a4954373ebc4051f46e8c65ff78622\",\"name\":\"David Andr\u00e9s Aguirre\",\"image\":{\"@type\":\"ImageObject\",\"inLanguage\":\"es\",\"@id\":\"https:\/\/ciudadyregion.com.co\/#\/schema\/person\/image\/\",\"url\":\"https:\/\/secure.gravatar.com\/avatar\/bc3c655860202182ee6d1b5edd042dbe?s=96&d=mm&r=g\",\"contentUrl\":\"https:\/\/secure.gravatar.com\/avatar\/bc3c655860202182ee6d1b5edd042dbe?s=96&d=mm&r=g\",\"caption\":\"David Andr\u00e9s Aguirre\"},\"url\":\"https:\/\/ciudadyregion.com.co\/index.php\/author\/diegoaguirre\/\"}]}<\/script>\n<!-- \/ Yoast SEO plugin. -->","yoast_head_json":{"title":"Entrega de ayudas humanitarias a familias de Melgar afectadas por la ola invernal - Ciudad y Region","robots":{"index":"index","follow":"follow","max-snippet":"max-snippet:-1","max-image-preview":"max-image-preview:large","max-video-preview":"max-video-preview:-1"},"canonical":"https:\/\/ciudadyregion.com.co\/index.php\/entrega-de-ayudas-humanitarias-a-familias-de-melgar-afectadas-por-la-ola-invernal\/regional\/","og_locale":"es_ES","og_type":"article","og_title":"Entrega de ayudas humanitarias a familias de Melgar afectadas por la ola invernal - Ciudad y Region","og_description":"En un trabajo articulado entre la Alcald\u00eda Municipal y la Gobernaci\u00f3n del Tolima, se realiz\u00f3 la entrega de ayudas humanitarias a las familias que fueron previamente censadas y que resultaron afectadas por las fuertes lluvias. Durante la jornada se entregaron colchonetas, s\u00e1banas, cobijas, toallas, kits de aseo y mercados, conContinuar Leyendo","og_url":"https:\/\/ciudadyregion.com.co\/index.php\/entrega-de-ayudas-humanitarias-a-familias-de-melgar-afectadas-por-la-ola-invernal\/regional\/","og_site_name":"Ciudad y Region","article_published_time":"2026-03-17T00:03:32+00:00","og_image":[{"width":800,"height":445,"url":"https:\/\/ciudadyregion.com.co\/wp-content\/uploads\/2025\/08\/melgar.jpg","type":"image\/jpeg"}],"author":"David Andr\u00e9s Aguirre","twitter_card":"summary_large_image","twitter_misc":{"Escrito por":"David Andr\u00e9s Aguirre","Tiempo de lectura":"2 minutos"},"schema":{"@context":"https:\/\/schema.org","@graph":[{"@type":"WebPage","@id":"https:\/\/ciudadyregion.com.co\/index.php\/entrega-de-ayudas-humanitarias-a-familias-de-melgar-afectadas-por-la-ola-invernal\/regional\/","url":"https:\/\/ciudadyregion.com.co\/index.php\/entrega-de-ayudas-humanitarias-a-familias-de-melgar-afectadas-por-la-ola-invernal\/regional\/","name":"Entrega de ayudas humanitarias a familias de Melgar afectadas por la ola invernal - Ciudad y Region","isPartOf":{"@id":"https:\/\/ciudadyregion.com.co\/#website"},"primaryImageOfPage":{"@id":"https:\/\/ciudadyregion.com.co\/index.php\/entrega-de-ayudas-humanitarias-a-familias-de-melgar-afectadas-por-la-ola-invernal\/regional\/#primaryimage"},"image":{"@id":"https:\/\/ciudadyregion.com.co\/index.php\/entrega-de-ayudas-humanitarias-a-familias-de-melgar-afectadas-por-la-ola-invernal\/regional\/#primaryimage"},"thumbnailUrl":"https:\/\/i0.wp.com\/ciudadyregion.com.co\/wp-content\/uploads\/2025\/08\/melgar.jpg?fit=800%2C445&ssl=1","datePublished":"2026-03-17T00:03:32+00:00","dateModified":"2026-03-17T00:03:32+00:00","author":{"@id":"https:\/\/ciudadyregion.com.co\/#\/schema\/person\/04a4954373ebc4051f46e8c65ff78622"},"breadcrumb":{"@id":"https:\/\/ciudadyregion.com.co\/index.php\/entrega-de-ayudas-humanitarias-a-familias-de-melgar-afectadas-por-la-ola-invernal\/regional\/#breadcrumb"},"inLanguage":"es","potentialAction":[{"@type":"ReadAction","target":["https:\/\/ciudadyregion.com.co\/index.php\/entrega-de-ayudas-humanitarias-a-familias-de-melgar-afectadas-por-la-ola-invernal\/regional\/"]}]},{"@type":"ImageObject","inLanguage":"es","@id":"https:\/\/ciudadyregion.com.co\/index.php\/entrega-de-ayudas-humanitarias-a-familias-de-melgar-afectadas-por-la-ola-invernal\/regional\/#primaryimage","url":"https:\/\/i0.wp.com\/ciudadyregion.com.co\/wp-content\/uploads\/2025\/08\/melgar.jpg?fit=800%2C445&ssl=1","contentUrl":"https:\/\/i0.wp.com\/ciudadyregion.com.co\/wp-content\/uploads\/2025\/08\/melgar.jpg?fit=800%2C445&ssl=1","width":800,"height":445},{"@type":"BreadcrumbList","@id":"https:\/\/ciudadyregion.com.co\/index.php\/entrega-de-ayudas-humanitarias-a-familias-de-melgar-afectadas-por-la-ola-invernal\/regional\/#breadcrumb","itemListElement":[{"@type":"ListItem","position":1,"name":"Portada","item":"https:\/\/ciudadyregion.com.co\/"},{"@type":"ListItem","position":2,"name":"Entrega de ayudas humanitarias a familias de Melgar afectadas por la ola invernal"}]},{"@type":"WebSite","@id":"https:\/\/ciudadyregion.com.co\/#website","url":"https:\/\/ciudadyregion.com.co\/","name":"Ciudad y Region","description":"","potentialAction":[{"@type":"SearchAction","target":{"@type":"EntryPoint","urlTemplate":"https:\/\/ciudadyregion.com.co\/?s={search_term_string}"},"query-input":{"@type":"PropertyValueSpecification","valueRequired":true,"valueName":"search_term_string"}}],"inLanguage":"es"},{"@type":"Person","@id":"https:\/\/ciudadyregion.com.co\/#\/schema\/person\/04a4954373ebc4051f46e8c65ff78622","name":"David Andr\u00e9s Aguirre","image":{"@type":"ImageObject","inLanguage":"es","@id":"https:\/\/ciudadyregion.com.co\/#\/schema\/person\/image\/","url":"https:\/\/secure.gravatar.com\/avatar\/bc3c655860202182ee6d1b5edd042dbe?s=96&d=mm&r=g","contentUrl":"https:\/\/secure.gravatar.com\/avatar\/bc3c655860202182ee6d1b5edd042dbe?s=96&d=mm&r=g","caption":"David Andr\u00e9s Aguirre"},"url":"https:\/\/ciudadyregion.com.co\/index.php\/author\/diegoaguirre\/"}]}},"jetpack_featured_media_url":"https:\/\/i0.wp.com\/ciudadyregion.com.co\/wp-content\/uploads\/2025\/08\/melgar.jpg?fit=800%2C445&ssl=1","jetpack_sharing_enabled":true,"jetpack_shortlink":"https:\/\/wp.me\/pbS7hh-eVZ","jetpack-related-posts":[],"_links":{"self":[{"href":"https:\/\/ciudadyregion.com.co\/index.php\/wp-json\/wp\/v2\/posts\/57411"}],"collection":[{"href":"https:\/\/ciudadyregion.com.co\/index.php\/wp-json\/wp\/v2\/posts"}],"about":[{"href":"https:\/\/ciudadyregion.com.co\/index.php\/wp-json\/wp\/v2\/types\/post"}],"author":[{"embeddable":true,"href":"https:\/\/ciudadyregion.com.co\/index.php\/wp-json\/wp\/v2\/users\/2"}],"replies":[{"embeddable":true,"href":"https:\/\/ciudadyregion.com.co\/index.php\/wp-json\/wp\/v2\/comments?post=57411"}],"version-history":[{"count":1,"href":"https:\/\/ciudadyregion.com.co\/index.php\/wp-json\/wp\/v2\/posts\/57411\/revisions"}],"predecessor-version":[{"id":57415,"href":"https:\/\/ciudadyregion.com.co\/index.php\/wp-json\/wp\/v2\/posts\/57411\/revisions\/57415"}],"wp:featuredmedia":[{"embeddable":true,"href":"https:\/\/ciudadyregion.com.co\/index.php\/wp-json\/wp\/v2\/media\/43323"}],"wp:attachment":[{"href":"https:\/\/ciudadyregion.com.co\/index.php\/wp-json\/wp\/v2\/media?parent=57411"}],"wp:term":[{"taxonomy":"category","embeddable":true,"href":"https:\/\/ciudadyregion.com.co\/index.php\/wp-json\/wp\/v2\/categories?post=57411"},{"taxonomy":"post_tag","embeddable":true,"href":"https:\/\/ciudadyregion.com.co\/index.php\/wp-json\/wp\/v2\/tags?post=57411"}],"curies":[{"name":"wp","href":"https:\/\/api.w.org\/{rel}","templated":true}]}}