{"id":57338,"date":"2026-03-16T09:05:40","date_gmt":"2026-03-16T14:05:40","guid":{"rendered":"https:\/\/ciudadyregion.com.co\/?p=57338"},"modified":"2026-03-16T09:05:40","modified_gmt":"2026-03-16T14:05:40","slug":"vias-conectividad-aerea-y-cami-los-temas-tras-la-reunion-de-la-gobernadora-matiz-y-la-alcaldesa-aranda","status":"publish","type":"post","link":"https:\/\/ciudadyregion.com.co\/index.php\/vias-conectividad-aerea-y-cami-los-temas-tras-la-reunion-de-la-gobernadora-matiz-y-la-alcaldesa-aranda\/regional\/","title":{"rendered":"V\u00edas, conectividad a\u00e9rea y CAMI: los temas tras la reuni\u00f3n de la gobernadora Matiz y la alcaldesa Aranda"},"content":{"rendered":"<p>Equipos t\u00e9cnicos de la Alcald\u00eda y Gobernaci\u00f3n del Tolima se reunieron para revisar proyectos que permitan mejorar la malla vial de la capital tolimense.<\/p>\n<p>\u201dEstamos unidas, estas dos mujeres, pensando \u00fanicamente en los proyectos que reclaman los ciudadanos y donde vamos a invertir los recursos\u201d, afirmaron al un\u00edsono las mandatarias.<\/p>\n<p>En la ma\u00f1ana de este s\u00e1bado, la gobernadora Adriana Magali Matiz y la alcaldesa Johana Aranda sostuvieron una reuni\u00f3n junto con sus equipos t\u00e9cnicos y de infraestructura para avanzar en proyectos estrat\u00e9gicos para la capital tolimense y la regi\u00f3n.<\/p>\n<p>Durante el encuentro, se abordaron temas claves como la gesti\u00f3n ante la Aeron\u00e1utica Civil para la ampliaci\u00f3n de la pista del aeropuerto Perales y la posibilidad de consolidar una zona franca aeroportuaria que fortalezca la competitividad de la regi\u00f3n.<\/p>\n<p>Asimismo, se revis\u00f3 la propuesta para la construcci\u00f3n del Centro Integral de Gesti\u00f3n del Riesgo de Desastres; un espacio destinado a fortalecer la capacitaci\u00f3n y el trabajo de los organismos de socorro del municipio y el departamento.<\/p>\n<p>\u201cLa ampliaci\u00f3n de la pista del aeropuerto Perales y la consolidaci\u00f3n de una zona franca aeroportuaria son proyectos estrat\u00e9gicos para el desarrollo del Tolima\u201d, se\u00f1al\u00f3 la gobernadora Matiz.<\/p>\n<p>Por su parte, la alcaldesa de Ibagu\u00e9 destac\u00f3 el trabajo articulado entre ambas administraciones para avanzar en proyectos que permitan mejorar la movilidad en la ciudad, especialmente, en corredores viales de gran importancia para los ibaguere\u00f1os.<\/p>\n<p>\u201dLa malla vial de Ibagu\u00e9 es una prioridad para nosotras. Por eso, seguimos trabajando de manera articulada para sacar adelante proyectos que permitan intervenir v\u00edas estrat\u00e9gicas y mejorar la movilidad y la calidad de vida de los ciudadanos\u201d, afirm\u00f3 la mandataria de los ibaguere\u00f1os.<\/p>\n<p>Con este trabajo conjunto entre la Gobernaci\u00f3n del Tolima y la Alcald\u00eda de Ibagu\u00e9 se continuar\u00e1 avanzando en la gesti\u00f3n de proyectos que permitir\u00e1n fortalecer la infraestructura vial, mejorar la movilidad y consolidar iniciativas estrat\u00e9gicas.<\/p>\n<p>\u201dEstamos unidas, estas dos mujeres, pensando \u00fanicamente en los proyectos que reclaman los ciudadanos y donde vamos a invertir los recursos de las dos administraciones con celeridad\u201d, afirmaron al un\u00edsono las mandatarias.<\/p>\n","protected":false},"excerpt":{"rendered":"<p>Equipos t\u00e9cnicos de la Alcald\u00eda y Gobernaci\u00f3n del Tolima se reunieron para revisar proyectos que permitan mejorar la malla vial de la capital tolimense. \u201dEstamos unidas, estas dos mujeres, pensando \u00fanicamente en los proyectos que reclaman los ciudadanos y donde vamos a invertir los recursos\u201d, afirmaron al un\u00edsono las mandatarias.<span class=\"more-link\"><a href=\"https:\/\/ciudadyregion.com.co\/index.php\/vias-conectividad-aerea-y-cami-los-temas-tras-la-reunion-de-la-gobernadora-matiz-y-la-alcaldesa-aranda\/regional\/\">Continuar Leyendo<\/a><\/span><\/p>\n","protected":false},"author":2,"featured_media":57339,"comment_status":"open","ping_status":"open","sticky":false,"template":"","format":"standard","meta":{"_uf_show_specific_survey":0,"_uf_disable_surveys":false,"_jetpack_memberships_contains_paid_content":false,"footnotes":"","jetpack_publicize_message":"","jetpack_publicize_feature_enabled":true,"jetpack_social_post_already_shared":true,"jetpack_social_options":{"image_generator_settings":{"template":"highway","enabled":false},"version":2}},"categories":[13],"tags":[],"class_list":["entry","author-diegoaguirre","post-57338","post","type-post","status-publish","format-standard","has-post-thumbnail","category-regional"],"jetpack_publicize_connections":[],"yoast_head":"<!-- This site is optimized with the Yoast SEO plugin v24.3 - https:\/\/yoast.com\/wordpress\/plugins\/seo\/ -->\n<title>V\u00edas, conectividad a\u00e9rea y CAMI: los temas tras la reuni\u00f3n de la gobernadora Matiz y la alcaldesa Aranda - Ciudad y Region<\/title>\n<meta name=\"robots\" content=\"index, follow, max-snippet:-1, max-image-preview:large, max-video-preview:-1\" \/>\n<link rel=\"canonical\" href=\"https:\/\/ciudadyregion.com.co\/index.php\/vias-conectividad-aerea-y-cami-los-temas-tras-la-reunion-de-la-gobernadora-matiz-y-la-alcaldesa-aranda\/regional\/\" \/>\n<meta property=\"og:locale\" content=\"es_ES\" \/>\n<meta property=\"og:type\" content=\"article\" \/>\n<meta property=\"og:title\" content=\"V\u00edas, conectividad a\u00e9rea y CAMI: los temas tras la reuni\u00f3n de la gobernadora Matiz y la alcaldesa Aranda - Ciudad y Region\" \/>\n<meta property=\"og:description\" content=\"Equipos t\u00e9cnicos de la Alcald\u00eda y Gobernaci\u00f3n del Tolima se reunieron para revisar proyectos que permitan mejorar la malla vial de la capital tolimense. \u201dEstamos unidas, estas dos mujeres, pensando \u00fanicamente en los proyectos que reclaman los ciudadanos y donde vamos a invertir los recursos\u201d, afirmaron al un\u00edsono las mandatarias.Continuar Leyendo\" \/>\n<meta property=\"og:url\" content=\"https:\/\/ciudadyregion.com.co\/index.php\/vias-conectividad-aerea-y-cami-los-temas-tras-la-reunion-de-la-gobernadora-matiz-y-la-alcaldesa-aranda\/regional\/\" \/>\n<meta property=\"og:site_name\" content=\"Ciudad y Region\" \/>\n<meta property=\"article:published_time\" content=\"2026-03-16T14:05:40+00:00\" \/>\n<meta property=\"og:image\" content=\"https:\/\/ciudadyregion.com.co\/wp-content\/uploads\/2026\/03\/Pag-2026-03-16T090527.140.jpg\" \/>\n\t<meta property=\"og:image:width\" content=\"800\" \/>\n\t<meta property=\"og:image:height\" content=\"445\" \/>\n\t<meta property=\"og:image:type\" content=\"image\/jpeg\" \/>\n<meta name=\"author\" content=\"David Andr\u00e9s Aguirre\" \/>\n<meta name=\"twitter:card\" content=\"summary_large_image\" \/>\n<meta name=\"twitter:label1\" content=\"Escrito por\" \/>\n\t<meta name=\"twitter:data1\" content=\"David Andr\u00e9s Aguirre\" \/>\n\t<meta name=\"twitter:label2\" content=\"Tiempo de lectura\" \/>\n\t<meta name=\"twitter:data2\" content=\"2 minutos\" \/>\n<script type=\"application\/ld+json\" class=\"yoast-schema-graph\">{\"@context\":\"https:\/\/schema.org\",\"@graph\":[{\"@type\":\"WebPage\",\"@id\":\"https:\/\/ciudadyregion.com.co\/index.php\/vias-conectividad-aerea-y-cami-los-temas-tras-la-reunion-de-la-gobernadora-matiz-y-la-alcaldesa-aranda\/regional\/\",\"url\":\"https:\/\/ciudadyregion.com.co\/index.php\/vias-conectividad-aerea-y-cami-los-temas-tras-la-reunion-de-la-gobernadora-matiz-y-la-alcaldesa-aranda\/regional\/\",\"name\":\"V\u00edas, conectividad a\u00e9rea y CAMI: los temas tras la reuni\u00f3n de la gobernadora Matiz y la alcaldesa Aranda - Ciudad y Region\",\"isPartOf\":{\"@id\":\"https:\/\/ciudadyregion.com.co\/#website\"},\"primaryImageOfPage\":{\"@id\":\"https:\/\/ciudadyregion.com.co\/index.php\/vias-conectividad-aerea-y-cami-los-temas-tras-la-reunion-de-la-gobernadora-matiz-y-la-alcaldesa-aranda\/regional\/#primaryimage\"},\"image\":{\"@id\":\"https:\/\/ciudadyregion.com.co\/index.php\/vias-conectividad-aerea-y-cami-los-temas-tras-la-reunion-de-la-gobernadora-matiz-y-la-alcaldesa-aranda\/regional\/#primaryimage\"},\"thumbnailUrl\":\"https:\/\/i0.wp.com\/ciudadyregion.com.co\/wp-content\/uploads\/2026\/03\/Pag-2026-03-16T090527.140.jpg?fit=800%2C445&ssl=1\",\"datePublished\":\"2026-03-16T14:05:40+00:00\",\"dateModified\":\"2026-03-16T14:05:40+00:00\",\"author\":{\"@id\":\"https:\/\/ciudadyregion.com.co\/#\/schema\/person\/04a4954373ebc4051f46e8c65ff78622\"},\"breadcrumb\":{\"@id\":\"https:\/\/ciudadyregion.com.co\/index.php\/vias-conectividad-aerea-y-cami-los-temas-tras-la-reunion-de-la-gobernadora-matiz-y-la-alcaldesa-aranda\/regional\/#breadcrumb\"},\"inLanguage\":\"es\",\"potentialAction\":[{\"@type\":\"ReadAction\",\"target\":[\"https:\/\/ciudadyregion.com.co\/index.php\/vias-conectividad-aerea-y-cami-los-temas-tras-la-reunion-de-la-gobernadora-matiz-y-la-alcaldesa-aranda\/regional\/\"]}]},{\"@type\":\"ImageObject\",\"inLanguage\":\"es\",\"@id\":\"https:\/\/ciudadyregion.com.co\/index.php\/vias-conectividad-aerea-y-cami-los-temas-tras-la-reunion-de-la-gobernadora-matiz-y-la-alcaldesa-aranda\/regional\/#primaryimage\",\"url\":\"https:\/\/i0.wp.com\/ciudadyregion.com.co\/wp-content\/uploads\/2026\/03\/Pag-2026-03-16T090527.140.jpg?fit=800%2C445&ssl=1\",\"contentUrl\":\"https:\/\/i0.wp.com\/ciudadyregion.com.co\/wp-content\/uploads\/2026\/03\/Pag-2026-03-16T090527.140.jpg?fit=800%2C445&ssl=1\",\"width\":800,\"height\":445},{\"@type\":\"BreadcrumbList\",\"@id\":\"https:\/\/ciudadyregion.com.co\/index.php\/vias-conectividad-aerea-y-cami-los-temas-tras-la-reunion-de-la-gobernadora-matiz-y-la-alcaldesa-aranda\/regional\/#breadcrumb\",\"itemListElement\":[{\"@type\":\"ListItem\",\"position\":1,\"name\":\"Portada\",\"item\":\"https:\/\/ciudadyregion.com.co\/\"},{\"@type\":\"ListItem\",\"position\":2,\"name\":\"V\u00edas, conectividad a\u00e9rea y CAMI: los temas tras la reuni\u00f3n de la gobernadora Matiz y la alcaldesa Aranda\"}]},{\"@type\":\"WebSite\",\"@id\":\"https:\/\/ciudadyregion.com.co\/#website\",\"url\":\"https:\/\/ciudadyregion.com.co\/\",\"name\":\"Ciudad y Region\",\"description\":\"\",\"potentialAction\":[{\"@type\":\"SearchAction\",\"target\":{\"@type\":\"EntryPoint\",\"urlTemplate\":\"https:\/\/ciudadyregion.com.co\/?s={search_term_string}\"},\"query-input\":{\"@type\":\"PropertyValueSpecification\",\"valueRequired\":true,\"valueName\":\"search_term_string\"}}],\"inLanguage\":\"es\"},{\"@type\":\"Person\",\"@id\":\"https:\/\/ciudadyregion.com.co\/#\/schema\/person\/04a4954373ebc4051f46e8c65ff78622\",\"name\":\"David Andr\u00e9s Aguirre\",\"image\":{\"@type\":\"ImageObject\",\"inLanguage\":\"es\",\"@id\":\"https:\/\/ciudadyregion.com.co\/#\/schema\/person\/image\/\",\"url\":\"https:\/\/secure.gravatar.com\/avatar\/bc3c655860202182ee6d1b5edd042dbe?s=96&d=mm&r=g\",\"contentUrl\":\"https:\/\/secure.gravatar.com\/avatar\/bc3c655860202182ee6d1b5edd042dbe?s=96&d=mm&r=g\",\"caption\":\"David Andr\u00e9s Aguirre\"},\"url\":\"https:\/\/ciudadyregion.com.co\/index.php\/author\/diegoaguirre\/\"}]}<\/script>\n<!-- \/ Yoast SEO plugin. -->","yoast_head_json":{"title":"V\u00edas, conectividad a\u00e9rea y CAMI: los temas tras la reuni\u00f3n de la gobernadora Matiz y la alcaldesa Aranda - Ciudad y Region","robots":{"index":"index","follow":"follow","max-snippet":"max-snippet:-1","max-image-preview":"max-image-preview:large","max-video-preview":"max-video-preview:-1"},"canonical":"https:\/\/ciudadyregion.com.co\/index.php\/vias-conectividad-aerea-y-cami-los-temas-tras-la-reunion-de-la-gobernadora-matiz-y-la-alcaldesa-aranda\/regional\/","og_locale":"es_ES","og_type":"article","og_title":"V\u00edas, conectividad a\u00e9rea y CAMI: los temas tras la reuni\u00f3n de la gobernadora Matiz y la alcaldesa Aranda - Ciudad y Region","og_description":"Equipos t\u00e9cnicos de la Alcald\u00eda y Gobernaci\u00f3n del Tolima se reunieron para revisar proyectos que permitan mejorar la malla vial de la capital tolimense. \u201dEstamos unidas, estas dos mujeres, pensando \u00fanicamente en los proyectos que reclaman los ciudadanos y donde vamos a invertir los recursos\u201d, afirmaron al un\u00edsono las mandatarias.Continuar Leyendo","og_url":"https:\/\/ciudadyregion.com.co\/index.php\/vias-conectividad-aerea-y-cami-los-temas-tras-la-reunion-de-la-gobernadora-matiz-y-la-alcaldesa-aranda\/regional\/","og_site_name":"Ciudad y Region","article_published_time":"2026-03-16T14:05:40+00:00","og_image":[{"width":800,"height":445,"url":"https:\/\/ciudadyregion.com.co\/wp-content\/uploads\/2026\/03\/Pag-2026-03-16T090527.140.jpg","type":"image\/jpeg"}],"author":"David Andr\u00e9s Aguirre","twitter_card":"summary_large_image","twitter_misc":{"Escrito por":"David Andr\u00e9s Aguirre","Tiempo de lectura":"2 minutos"},"schema":{"@context":"https:\/\/schema.org","@graph":[{"@type":"WebPage","@id":"https:\/\/ciudadyregion.com.co\/index.php\/vias-conectividad-aerea-y-cami-los-temas-tras-la-reunion-de-la-gobernadora-matiz-y-la-alcaldesa-aranda\/regional\/","url":"https:\/\/ciudadyregion.com.co\/index.php\/vias-conectividad-aerea-y-cami-los-temas-tras-la-reunion-de-la-gobernadora-matiz-y-la-alcaldesa-aranda\/regional\/","name":"V\u00edas, conectividad a\u00e9rea y CAMI: los temas tras la reuni\u00f3n de la gobernadora Matiz y la alcaldesa Aranda - Ciudad y Region","isPartOf":{"@id":"https:\/\/ciudadyregion.com.co\/#website"},"primaryImageOfPage":{"@id":"https:\/\/ciudadyregion.com.co\/index.php\/vias-conectividad-aerea-y-cami-los-temas-tras-la-reunion-de-la-gobernadora-matiz-y-la-alcaldesa-aranda\/regional\/#primaryimage"},"image":{"@id":"https:\/\/ciudadyregion.com.co\/index.php\/vias-conectividad-aerea-y-cami-los-temas-tras-la-reunion-de-la-gobernadora-matiz-y-la-alcaldesa-aranda\/regional\/#primaryimage"},"thumbnailUrl":"https:\/\/i0.wp.com\/ciudadyregion.com.co\/wp-content\/uploads\/2026\/03\/Pag-2026-03-16T090527.140.jpg?fit=800%2C445&ssl=1","datePublished":"2026-03-16T14:05:40+00:00","dateModified":"2026-03-16T14:05:40+00:00","author":{"@id":"https:\/\/ciudadyregion.com.co\/#\/schema\/person\/04a4954373ebc4051f46e8c65ff78622"},"breadcrumb":{"@id":"https:\/\/ciudadyregion.com.co\/index.php\/vias-conectividad-aerea-y-cami-los-temas-tras-la-reunion-de-la-gobernadora-matiz-y-la-alcaldesa-aranda\/regional\/#breadcrumb"},"inLanguage":"es","potentialAction":[{"@type":"ReadAction","target":["https:\/\/ciudadyregion.com.co\/index.php\/vias-conectividad-aerea-y-cami-los-temas-tras-la-reunion-de-la-gobernadora-matiz-y-la-alcaldesa-aranda\/regional\/"]}]},{"@type":"ImageObject","inLanguage":"es","@id":"https:\/\/ciudadyregion.com.co\/index.php\/vias-conectividad-aerea-y-cami-los-temas-tras-la-reunion-de-la-gobernadora-matiz-y-la-alcaldesa-aranda\/regional\/#primaryimage","url":"https:\/\/i0.wp.com\/ciudadyregion.com.co\/wp-content\/uploads\/2026\/03\/Pag-2026-03-16T090527.140.jpg?fit=800%2C445&ssl=1","contentUrl":"https:\/\/i0.wp.com\/ciudadyregion.com.co\/wp-content\/uploads\/2026\/03\/Pag-2026-03-16T090527.140.jpg?fit=800%2C445&ssl=1","width":800,"height":445},{"@type":"BreadcrumbList","@id":"https:\/\/ciudadyregion.com.co\/index.php\/vias-conectividad-aerea-y-cami-los-temas-tras-la-reunion-de-la-gobernadora-matiz-y-la-alcaldesa-aranda\/regional\/#breadcrumb","itemListElement":[{"@type":"ListItem","position":1,"name":"Portada","item":"https:\/\/ciudadyregion.com.co\/"},{"@type":"ListItem","position":2,"name":"V\u00edas, conectividad a\u00e9rea y CAMI: los temas tras la reuni\u00f3n de la gobernadora Matiz y la alcaldesa Aranda"}]},{"@type":"WebSite","@id":"https:\/\/ciudadyregion.com.co\/#website","url":"https:\/\/ciudadyregion.com.co\/","name":"Ciudad y Region","description":"","potentialAction":[{"@type":"SearchAction","target":{"@type":"EntryPoint","urlTemplate":"https:\/\/ciudadyregion.com.co\/?s={search_term_string}"},"query-input":{"@type":"PropertyValueSpecification","valueRequired":true,"valueName":"search_term_string"}}],"inLanguage":"es"},{"@type":"Person","@id":"https:\/\/ciudadyregion.com.co\/#\/schema\/person\/04a4954373ebc4051f46e8c65ff78622","name":"David Andr\u00e9s Aguirre","image":{"@type":"ImageObject","inLanguage":"es","@id":"https:\/\/ciudadyregion.com.co\/#\/schema\/person\/image\/","url":"https:\/\/secure.gravatar.com\/avatar\/bc3c655860202182ee6d1b5edd042dbe?s=96&d=mm&r=g","contentUrl":"https:\/\/secure.gravatar.com\/avatar\/bc3c655860202182ee6d1b5edd042dbe?s=96&d=mm&r=g","caption":"David Andr\u00e9s Aguirre"},"url":"https:\/\/ciudadyregion.com.co\/index.php\/author\/diegoaguirre\/"}]}},"jetpack_featured_media_url":"https:\/\/i0.wp.com\/ciudadyregion.com.co\/wp-content\/uploads\/2026\/03\/Pag-2026-03-16T090527.140.jpg?fit=800%2C445&ssl=1","jetpack_sharing_enabled":true,"jetpack_shortlink":"https:\/\/wp.me\/pbS7hh-eUO","jetpack-related-posts":[],"_links":{"self":[{"href":"https:\/\/ciudadyregion.com.co\/index.php\/wp-json\/wp\/v2\/posts\/57338"}],"collection":[{"href":"https:\/\/ciudadyregion.com.co\/index.php\/wp-json\/wp\/v2\/posts"}],"about":[{"href":"https:\/\/ciudadyregion.com.co\/index.php\/wp-json\/wp\/v2\/types\/post"}],"author":[{"embeddable":true,"href":"https:\/\/ciudadyregion.com.co\/index.php\/wp-json\/wp\/v2\/users\/2"}],"replies":[{"embeddable":true,"href":"https:\/\/ciudadyregion.com.co\/index.php\/wp-json\/wp\/v2\/comments?post=57338"}],"version-history":[{"count":1,"href":"https:\/\/ciudadyregion.com.co\/index.php\/wp-json\/wp\/v2\/posts\/57338\/revisions"}],"predecessor-version":[{"id":57340,"href":"https:\/\/ciudadyregion.com.co\/index.php\/wp-json\/wp\/v2\/posts\/57338\/revisions\/57340"}],"wp:featuredmedia":[{"embeddable":true,"href":"https:\/\/ciudadyregion.com.co\/index.php\/wp-json\/wp\/v2\/media\/57339"}],"wp:attachment":[{"href":"https:\/\/ciudadyregion.com.co\/index.php\/wp-json\/wp\/v2\/media?parent=57338"}],"wp:term":[{"taxonomy":"category","embeddable":true,"href":"https:\/\/ciudadyregion.com.co\/index.php\/wp-json\/wp\/v2\/categories?post=57338"},{"taxonomy":"post_tag","embeddable":true,"href":"https:\/\/ciudadyregion.com.co\/index.php\/wp-json\/wp\/v2\/tags?post=57338"}],"curies":[{"name":"wp","href":"https:\/\/api.w.org\/{rel}","templated":true}]}}