{"id":57337,"date":"2026-03-16T09:48:09","date_gmt":"2026-03-16T14:48:09","guid":{"rendered":"https:\/\/ciudadyregion.com.co\/?p=57337"},"modified":"2026-03-16T09:48:09","modified_gmt":"2026-03-16T14:48:09","slug":"alcaldia-de-roncesvalles-se-pronuncia-sobre-la-respuesta-de-la-ministra-de-transporte-maria-fernanda-rojas-sobre-el-proyecto-de-pavimentacion-de-los-tramos-comprendidos-entre-rovira-y-roncesvalles","status":"publish","type":"post","link":"https:\/\/ciudadyregion.com.co\/index.php\/alcaldia-de-roncesvalles-se-pronuncia-sobre-la-respuesta-de-la-ministra-de-transporte-maria-fernanda-rojas-sobre-el-proyecto-de-pavimentacion-de-los-tramos-comprendidos-entre-rovira-y-roncesvalles\/regional\/","title":{"rendered":"Alcald\u00eda de Roncesvalles se pronuncia sobre la respuesta de la Ministra de Transporte Mar\u00eda Fernanda Rojas, sobre el proyecto de pavimentaci\u00f3n de los tramos comprendidos entre Rovira y Roncesvalles"},"content":{"rendered":"<p>Respecto a la respuesta de la Ministra de Transporte Mar\u00eda Fernanda Rojas, sobre el proyecto de pavimentaci\u00f3n de los tramos comprendidos entre Rovira y Roncesvalles, nos permitimos informar a la opini\u00f3n p\u00fablica que:<\/p>\n<p>1. El Ministerio de Transporte efectivamente estableci\u00f3 comunicaci\u00f3n con el alcalde de Roncesvalles, Eduardo Grajales, con el prop\u00f3sito de ofrecer acompa\u00f1amiento institucional a trav\u00e9s de la realizaci\u00f3n de una mesa t\u00e9cnica que permita avanzar en el tr\u00e1mite del aval sectorial requerido para este importante proyecto.<\/p>\n<p>2. Los estudios y dise\u00f1os de esta iniciativa fueron contratados por la Gobernaci\u00f3n del Tolima; por tal raz\u00f3n, la mesa t\u00e9cnica deber\u00e1 desarrollarse de manera articulada entre el Ministerio de Transporte, el Gobierno Departamental y el Municipio de Roncesvalles, con el fin de revisar y atender las observaciones formuladas.<\/p>\n<p>3. Este proyecto representa una inversi\u00f3n hist\u00f3rica para el municipio de Roncesvalles y para toda la regi\u00f3n del Cucuana. En ese sentido, desde la administraci\u00f3n municipal confiamos en que, mediante el trabajo conjunto entre las entidades involucradas, se puedan subsanar prontamente las observaciones realizadas por el Ministerio y avanzar hacia la materializaci\u00f3n de esta obra estrat\u00e9gica para la conectividad, el desarrollo rural y la competitividad del territorio.<\/p>\n","protected":false},"excerpt":{"rendered":"<p>Respecto a la respuesta de la Ministra de Transporte Mar\u00eda Fernanda Rojas, sobre el proyecto de pavimentaci\u00f3n de los tramos comprendidos entre Rovira y Roncesvalles, nos permitimos informar a la opini\u00f3n p\u00fablica que: 1. El Ministerio de Transporte efectivamente estableci\u00f3 comunicaci\u00f3n con el alcalde de Roncesvalles, Eduardo Grajales, con el<span class=\"more-link\"><a href=\"https:\/\/ciudadyregion.com.co\/index.php\/alcaldia-de-roncesvalles-se-pronuncia-sobre-la-respuesta-de-la-ministra-de-transporte-maria-fernanda-rojas-sobre-el-proyecto-de-pavimentacion-de-los-tramos-comprendidos-entre-rovira-y-roncesvalles\/regional\/\">Continuar Leyendo<\/a><\/span><\/p>\n","protected":false},"author":2,"featured_media":20461,"comment_status":"open","ping_status":"open","sticky":false,"template":"","format":"standard","meta":{"_uf_show_specific_survey":0,"_uf_disable_surveys":false,"_jetpack_memberships_contains_paid_content":false,"footnotes":"","jetpack_publicize_message":"","jetpack_publicize_feature_enabled":true,"jetpack_social_post_already_shared":true,"jetpack_social_options":{"image_generator_settings":{"template":"highway","enabled":false},"version":2}},"categories":[13],"tags":[],"class_list":["entry","author-diegoaguirre","post-57337","post","type-post","status-publish","format-standard","has-post-thumbnail","category-regional"],"jetpack_publicize_connections":[],"yoast_head":"<!-- This site is optimized with the Yoast SEO plugin v24.3 - https:\/\/yoast.com\/wordpress\/plugins\/seo\/ -->\n<title>Alcald\u00eda de Roncesvalles se pronuncia sobre la respuesta de la Ministra de Transporte Mar\u00eda Fernanda Rojas, sobre el proyecto de pavimentaci\u00f3n de los tramos comprendidos entre Rovira y Roncesvalles - Ciudad y Region<\/title>\n<meta name=\"robots\" content=\"index, follow, max-snippet:-1, max-image-preview:large, max-video-preview:-1\" \/>\n<link rel=\"canonical\" href=\"https:\/\/ciudadyregion.com.co\/index.php\/alcaldia-de-roncesvalles-se-pronuncia-sobre-la-respuesta-de-la-ministra-de-transporte-maria-fernanda-rojas-sobre-el-proyecto-de-pavimentacion-de-los-tramos-comprendidos-entre-rovira-y-roncesvalles\/regional\/\" \/>\n<meta property=\"og:locale\" content=\"es_ES\" \/>\n<meta property=\"og:type\" content=\"article\" \/>\n<meta property=\"og:title\" content=\"Alcald\u00eda de Roncesvalles se pronuncia sobre la respuesta de la Ministra de Transporte Mar\u00eda Fernanda Rojas, sobre el proyecto de pavimentaci\u00f3n de los tramos comprendidos entre Rovira y Roncesvalles - Ciudad y Region\" \/>\n<meta property=\"og:description\" content=\"Respecto a la respuesta de la Ministra de Transporte Mar\u00eda Fernanda Rojas, sobre el proyecto de pavimentaci\u00f3n de los tramos comprendidos entre Rovira y Roncesvalles, nos permitimos informar a la opini\u00f3n p\u00fablica que: 1. El Ministerio de Transporte efectivamente estableci\u00f3 comunicaci\u00f3n con el alcalde de Roncesvalles, Eduardo Grajales, con elContinuar Leyendo\" \/>\n<meta property=\"og:url\" content=\"https:\/\/ciudadyregion.com.co\/index.php\/alcaldia-de-roncesvalles-se-pronuncia-sobre-la-respuesta-de-la-ministra-de-transporte-maria-fernanda-rojas-sobre-el-proyecto-de-pavimentacion-de-los-tramos-comprendidos-entre-rovira-y-roncesvalles\/regional\/\" \/>\n<meta property=\"og:site_name\" content=\"Ciudad y Region\" \/>\n<meta property=\"article:published_time\" content=\"2026-03-16T14:48:09+00:00\" \/>\n<meta property=\"og:image\" content=\"https:\/\/ciudadyregion.com.co\/wp-content\/uploads\/2024\/08\/roncesvalles.jpg\" \/>\n\t<meta property=\"og:image:width\" content=\"800\" \/>\n\t<meta property=\"og:image:height\" content=\"445\" \/>\n\t<meta property=\"og:image:type\" content=\"image\/jpeg\" \/>\n<meta name=\"author\" content=\"David Andr\u00e9s Aguirre\" \/>\n<meta name=\"twitter:card\" content=\"summary_large_image\" \/>\n<meta name=\"twitter:label1\" content=\"Escrito por\" \/>\n\t<meta name=\"twitter:data1\" content=\"David Andr\u00e9s Aguirre\" \/>\n\t<meta name=\"twitter:label2\" content=\"Tiempo de lectura\" \/>\n\t<meta name=\"twitter:data2\" content=\"2 minutos\" \/>\n<script type=\"application\/ld+json\" class=\"yoast-schema-graph\">{\"@context\":\"https:\/\/schema.org\",\"@graph\":[{\"@type\":\"WebPage\",\"@id\":\"https:\/\/ciudadyregion.com.co\/index.php\/alcaldia-de-roncesvalles-se-pronuncia-sobre-la-respuesta-de-la-ministra-de-transporte-maria-fernanda-rojas-sobre-el-proyecto-de-pavimentacion-de-los-tramos-comprendidos-entre-rovira-y-roncesvalles\/regional\/\",\"url\":\"https:\/\/ciudadyregion.com.co\/index.php\/alcaldia-de-roncesvalles-se-pronuncia-sobre-la-respuesta-de-la-ministra-de-transporte-maria-fernanda-rojas-sobre-el-proyecto-de-pavimentacion-de-los-tramos-comprendidos-entre-rovira-y-roncesvalles\/regional\/\",\"name\":\"Alcald\u00eda de Roncesvalles se pronuncia sobre la respuesta de la Ministra de Transporte Mar\u00eda Fernanda Rojas, sobre el proyecto de pavimentaci\u00f3n de los tramos comprendidos entre Rovira y Roncesvalles - Ciudad y Region\",\"isPartOf\":{\"@id\":\"https:\/\/ciudadyregion.com.co\/#website\"},\"primaryImageOfPage\":{\"@id\":\"https:\/\/ciudadyregion.com.co\/index.php\/alcaldia-de-roncesvalles-se-pronuncia-sobre-la-respuesta-de-la-ministra-de-transporte-maria-fernanda-rojas-sobre-el-proyecto-de-pavimentacion-de-los-tramos-comprendidos-entre-rovira-y-roncesvalles\/regional\/#primaryimage\"},\"image\":{\"@id\":\"https:\/\/ciudadyregion.com.co\/index.php\/alcaldia-de-roncesvalles-se-pronuncia-sobre-la-respuesta-de-la-ministra-de-transporte-maria-fernanda-rojas-sobre-el-proyecto-de-pavimentacion-de-los-tramos-comprendidos-entre-rovira-y-roncesvalles\/regional\/#primaryimage\"},\"thumbnailUrl\":\"https:\/\/i0.wp.com\/ciudadyregion.com.co\/wp-content\/uploads\/2024\/08\/roncesvalles.jpg?fit=800%2C445&ssl=1\",\"datePublished\":\"2026-03-16T14:48:09+00:00\",\"dateModified\":\"2026-03-16T14:48:09+00:00\",\"author\":{\"@id\":\"https:\/\/ciudadyregion.com.co\/#\/schema\/person\/04a4954373ebc4051f46e8c65ff78622\"},\"breadcrumb\":{\"@id\":\"https:\/\/ciudadyregion.com.co\/index.php\/alcaldia-de-roncesvalles-se-pronuncia-sobre-la-respuesta-de-la-ministra-de-transporte-maria-fernanda-rojas-sobre-el-proyecto-de-pavimentacion-de-los-tramos-comprendidos-entre-rovira-y-roncesvalles\/regional\/#breadcrumb\"},\"inLanguage\":\"es\",\"potentialAction\":[{\"@type\":\"ReadAction\",\"target\":[\"https:\/\/ciudadyregion.com.co\/index.php\/alcaldia-de-roncesvalles-se-pronuncia-sobre-la-respuesta-de-la-ministra-de-transporte-maria-fernanda-rojas-sobre-el-proyecto-de-pavimentacion-de-los-tramos-comprendidos-entre-rovira-y-roncesvalles\/regional\/\"]}]},{\"@type\":\"ImageObject\",\"inLanguage\":\"es\",\"@id\":\"https:\/\/ciudadyregion.com.co\/index.php\/alcaldia-de-roncesvalles-se-pronuncia-sobre-la-respuesta-de-la-ministra-de-transporte-maria-fernanda-rojas-sobre-el-proyecto-de-pavimentacion-de-los-tramos-comprendidos-entre-rovira-y-roncesvalles\/regional\/#primaryimage\",\"url\":\"https:\/\/i0.wp.com\/ciudadyregion.com.co\/wp-content\/uploads\/2024\/08\/roncesvalles.jpg?fit=800%2C445&ssl=1\",\"contentUrl\":\"https:\/\/i0.wp.com\/ciudadyregion.com.co\/wp-content\/uploads\/2024\/08\/roncesvalles.jpg?fit=800%2C445&ssl=1\",\"width\":800,\"height\":445},{\"@type\":\"BreadcrumbList\",\"@id\":\"https:\/\/ciudadyregion.com.co\/index.php\/alcaldia-de-roncesvalles-se-pronuncia-sobre-la-respuesta-de-la-ministra-de-transporte-maria-fernanda-rojas-sobre-el-proyecto-de-pavimentacion-de-los-tramos-comprendidos-entre-rovira-y-roncesvalles\/regional\/#breadcrumb\",\"itemListElement\":[{\"@type\":\"ListItem\",\"position\":1,\"name\":\"Portada\",\"item\":\"https:\/\/ciudadyregion.com.co\/\"},{\"@type\":\"ListItem\",\"position\":2,\"name\":\"Alcald\u00eda de Roncesvalles se pronuncia sobre la respuesta de la Ministra de Transporte Mar\u00eda Fernanda Rojas, sobre el proyecto de pavimentaci\u00f3n de los tramos comprendidos entre Rovira y Roncesvalles\"}]},{\"@type\":\"WebSite\",\"@id\":\"https:\/\/ciudadyregion.com.co\/#website\",\"url\":\"https:\/\/ciudadyregion.com.co\/\",\"name\":\"Ciudad y Region\",\"description\":\"\",\"potentialAction\":[{\"@type\":\"SearchAction\",\"target\":{\"@type\":\"EntryPoint\",\"urlTemplate\":\"https:\/\/ciudadyregion.com.co\/?s={search_term_string}\"},\"query-input\":{\"@type\":\"PropertyValueSpecification\",\"valueRequired\":true,\"valueName\":\"search_term_string\"}}],\"inLanguage\":\"es\"},{\"@type\":\"Person\",\"@id\":\"https:\/\/ciudadyregion.com.co\/#\/schema\/person\/04a4954373ebc4051f46e8c65ff78622\",\"name\":\"David Andr\u00e9s Aguirre\",\"image\":{\"@type\":\"ImageObject\",\"inLanguage\":\"es\",\"@id\":\"https:\/\/ciudadyregion.com.co\/#\/schema\/person\/image\/\",\"url\":\"https:\/\/secure.gravatar.com\/avatar\/bc3c655860202182ee6d1b5edd042dbe?s=96&d=mm&r=g\",\"contentUrl\":\"https:\/\/secure.gravatar.com\/avatar\/bc3c655860202182ee6d1b5edd042dbe?s=96&d=mm&r=g\",\"caption\":\"David Andr\u00e9s Aguirre\"},\"url\":\"https:\/\/ciudadyregion.com.co\/index.php\/author\/diegoaguirre\/\"}]}<\/script>\n<!-- \/ Yoast SEO plugin. -->","yoast_head_json":{"title":"Alcald\u00eda de Roncesvalles se pronuncia sobre la respuesta de la Ministra de Transporte Mar\u00eda Fernanda Rojas, sobre el proyecto de pavimentaci\u00f3n de los tramos comprendidos entre Rovira y Roncesvalles - Ciudad y Region","robots":{"index":"index","follow":"follow","max-snippet":"max-snippet:-1","max-image-preview":"max-image-preview:large","max-video-preview":"max-video-preview:-1"},"canonical":"https:\/\/ciudadyregion.com.co\/index.php\/alcaldia-de-roncesvalles-se-pronuncia-sobre-la-respuesta-de-la-ministra-de-transporte-maria-fernanda-rojas-sobre-el-proyecto-de-pavimentacion-de-los-tramos-comprendidos-entre-rovira-y-roncesvalles\/regional\/","og_locale":"es_ES","og_type":"article","og_title":"Alcald\u00eda de Roncesvalles se pronuncia sobre la respuesta de la Ministra de Transporte Mar\u00eda Fernanda Rojas, sobre el proyecto de pavimentaci\u00f3n de los tramos comprendidos entre Rovira y Roncesvalles - Ciudad y Region","og_description":"Respecto a la respuesta de la Ministra de Transporte Mar\u00eda Fernanda Rojas, sobre el proyecto de pavimentaci\u00f3n de los tramos comprendidos entre Rovira y Roncesvalles, nos permitimos informar a la opini\u00f3n p\u00fablica que: 1. El Ministerio de Transporte efectivamente estableci\u00f3 comunicaci\u00f3n con el alcalde de Roncesvalles, Eduardo Grajales, con elContinuar Leyendo","og_url":"https:\/\/ciudadyregion.com.co\/index.php\/alcaldia-de-roncesvalles-se-pronuncia-sobre-la-respuesta-de-la-ministra-de-transporte-maria-fernanda-rojas-sobre-el-proyecto-de-pavimentacion-de-los-tramos-comprendidos-entre-rovira-y-roncesvalles\/regional\/","og_site_name":"Ciudad y Region","article_published_time":"2026-03-16T14:48:09+00:00","og_image":[{"width":800,"height":445,"url":"https:\/\/ciudadyregion.com.co\/wp-content\/uploads\/2024\/08\/roncesvalles.jpg","type":"image\/jpeg"}],"author":"David Andr\u00e9s Aguirre","twitter_card":"summary_large_image","twitter_misc":{"Escrito por":"David Andr\u00e9s Aguirre","Tiempo de lectura":"2 minutos"},"schema":{"@context":"https:\/\/schema.org","@graph":[{"@type":"WebPage","@id":"https:\/\/ciudadyregion.com.co\/index.php\/alcaldia-de-roncesvalles-se-pronuncia-sobre-la-respuesta-de-la-ministra-de-transporte-maria-fernanda-rojas-sobre-el-proyecto-de-pavimentacion-de-los-tramos-comprendidos-entre-rovira-y-roncesvalles\/regional\/","url":"https:\/\/ciudadyregion.com.co\/index.php\/alcaldia-de-roncesvalles-se-pronuncia-sobre-la-respuesta-de-la-ministra-de-transporte-maria-fernanda-rojas-sobre-el-proyecto-de-pavimentacion-de-los-tramos-comprendidos-entre-rovira-y-roncesvalles\/regional\/","name":"Alcald\u00eda de Roncesvalles se pronuncia sobre la respuesta de la Ministra de Transporte Mar\u00eda Fernanda Rojas, sobre el proyecto de pavimentaci\u00f3n de los tramos comprendidos entre Rovira y Roncesvalles - Ciudad y Region","isPartOf":{"@id":"https:\/\/ciudadyregion.com.co\/#website"},"primaryImageOfPage":{"@id":"https:\/\/ciudadyregion.com.co\/index.php\/alcaldia-de-roncesvalles-se-pronuncia-sobre-la-respuesta-de-la-ministra-de-transporte-maria-fernanda-rojas-sobre-el-proyecto-de-pavimentacion-de-los-tramos-comprendidos-entre-rovira-y-roncesvalles\/regional\/#primaryimage"},"image":{"@id":"https:\/\/ciudadyregion.com.co\/index.php\/alcaldia-de-roncesvalles-se-pronuncia-sobre-la-respuesta-de-la-ministra-de-transporte-maria-fernanda-rojas-sobre-el-proyecto-de-pavimentacion-de-los-tramos-comprendidos-entre-rovira-y-roncesvalles\/regional\/#primaryimage"},"thumbnailUrl":"https:\/\/i0.wp.com\/ciudadyregion.com.co\/wp-content\/uploads\/2024\/08\/roncesvalles.jpg?fit=800%2C445&ssl=1","datePublished":"2026-03-16T14:48:09+00:00","dateModified":"2026-03-16T14:48:09+00:00","author":{"@id":"https:\/\/ciudadyregion.com.co\/#\/schema\/person\/04a4954373ebc4051f46e8c65ff78622"},"breadcrumb":{"@id":"https:\/\/ciudadyregion.com.co\/index.php\/alcaldia-de-roncesvalles-se-pronuncia-sobre-la-respuesta-de-la-ministra-de-transporte-maria-fernanda-rojas-sobre-el-proyecto-de-pavimentacion-de-los-tramos-comprendidos-entre-rovira-y-roncesvalles\/regional\/#breadcrumb"},"inLanguage":"es","potentialAction":[{"@type":"ReadAction","target":["https:\/\/ciudadyregion.com.co\/index.php\/alcaldia-de-roncesvalles-se-pronuncia-sobre-la-respuesta-de-la-ministra-de-transporte-maria-fernanda-rojas-sobre-el-proyecto-de-pavimentacion-de-los-tramos-comprendidos-entre-rovira-y-roncesvalles\/regional\/"]}]},{"@type":"ImageObject","inLanguage":"es","@id":"https:\/\/ciudadyregion.com.co\/index.php\/alcaldia-de-roncesvalles-se-pronuncia-sobre-la-respuesta-de-la-ministra-de-transporte-maria-fernanda-rojas-sobre-el-proyecto-de-pavimentacion-de-los-tramos-comprendidos-entre-rovira-y-roncesvalles\/regional\/#primaryimage","url":"https:\/\/i0.wp.com\/ciudadyregion.com.co\/wp-content\/uploads\/2024\/08\/roncesvalles.jpg?fit=800%2C445&ssl=1","contentUrl":"https:\/\/i0.wp.com\/ciudadyregion.com.co\/wp-content\/uploads\/2024\/08\/roncesvalles.jpg?fit=800%2C445&ssl=1","width":800,"height":445},{"@type":"BreadcrumbList","@id":"https:\/\/ciudadyregion.com.co\/index.php\/alcaldia-de-roncesvalles-se-pronuncia-sobre-la-respuesta-de-la-ministra-de-transporte-maria-fernanda-rojas-sobre-el-proyecto-de-pavimentacion-de-los-tramos-comprendidos-entre-rovira-y-roncesvalles\/regional\/#breadcrumb","itemListElement":[{"@type":"ListItem","position":1,"name":"Portada","item":"https:\/\/ciudadyregion.com.co\/"},{"@type":"ListItem","position":2,"name":"Alcald\u00eda de Roncesvalles se pronuncia sobre la respuesta de la Ministra de Transporte Mar\u00eda Fernanda Rojas, sobre el proyecto de pavimentaci\u00f3n de los tramos comprendidos entre Rovira y Roncesvalles"}]},{"@type":"WebSite","@id":"https:\/\/ciudadyregion.com.co\/#website","url":"https:\/\/ciudadyregion.com.co\/","name":"Ciudad y Region","description":"","potentialAction":[{"@type":"SearchAction","target":{"@type":"EntryPoint","urlTemplate":"https:\/\/ciudadyregion.com.co\/?s={search_term_string}"},"query-input":{"@type":"PropertyValueSpecification","valueRequired":true,"valueName":"search_term_string"}}],"inLanguage":"es"},{"@type":"Person","@id":"https:\/\/ciudadyregion.com.co\/#\/schema\/person\/04a4954373ebc4051f46e8c65ff78622","name":"David Andr\u00e9s Aguirre","image":{"@type":"ImageObject","inLanguage":"es","@id":"https:\/\/ciudadyregion.com.co\/#\/schema\/person\/image\/","url":"https:\/\/secure.gravatar.com\/avatar\/bc3c655860202182ee6d1b5edd042dbe?s=96&d=mm&r=g","contentUrl":"https:\/\/secure.gravatar.com\/avatar\/bc3c655860202182ee6d1b5edd042dbe?s=96&d=mm&r=g","caption":"David Andr\u00e9s Aguirre"},"url":"https:\/\/ciudadyregion.com.co\/index.php\/author\/diegoaguirre\/"}]}},"jetpack_featured_media_url":"https:\/\/i0.wp.com\/ciudadyregion.com.co\/wp-content\/uploads\/2024\/08\/roncesvalles.jpg?fit=800%2C445&ssl=1","jetpack_sharing_enabled":true,"jetpack_shortlink":"https:\/\/wp.me\/pbS7hh-eUN","jetpack-related-posts":[],"_links":{"self":[{"href":"https:\/\/ciudadyregion.com.co\/index.php\/wp-json\/wp\/v2\/posts\/57337"}],"collection":[{"href":"https:\/\/ciudadyregion.com.co\/index.php\/wp-json\/wp\/v2\/posts"}],"about":[{"href":"https:\/\/ciudadyregion.com.co\/index.php\/wp-json\/wp\/v2\/types\/post"}],"author":[{"embeddable":true,"href":"https:\/\/ciudadyregion.com.co\/index.php\/wp-json\/wp\/v2\/users\/2"}],"replies":[{"embeddable":true,"href":"https:\/\/ciudadyregion.com.co\/index.php\/wp-json\/wp\/v2\/comments?post=57337"}],"version-history":[{"count":1,"href":"https:\/\/ciudadyregion.com.co\/index.php\/wp-json\/wp\/v2\/posts\/57337\/revisions"}],"predecessor-version":[{"id":57364,"href":"https:\/\/ciudadyregion.com.co\/index.php\/wp-json\/wp\/v2\/posts\/57337\/revisions\/57364"}],"wp:featuredmedia":[{"embeddable":true,"href":"https:\/\/ciudadyregion.com.co\/index.php\/wp-json\/wp\/v2\/media\/20461"}],"wp:attachment":[{"href":"https:\/\/ciudadyregion.com.co\/index.php\/wp-json\/wp\/v2\/media?parent=57337"}],"wp:term":[{"taxonomy":"category","embeddable":true,"href":"https:\/\/ciudadyregion.com.co\/index.php\/wp-json\/wp\/v2\/categories?post=57337"},{"taxonomy":"post_tag","embeddable":true,"href":"https:\/\/ciudadyregion.com.co\/index.php\/wp-json\/wp\/v2\/tags?post=57337"}],"curies":[{"name":"wp","href":"https:\/\/api.w.org\/{rel}","templated":true}]}}