{"id":57334,"date":"2026-03-16T08:57:59","date_gmt":"2026-03-16T13:57:59","guid":{"rendered":"https:\/\/ciudadyregion.com.co\/?p=57334"},"modified":"2026-03-16T08:57:59","modified_gmt":"2026-03-16T13:57:59","slug":"jovenes-cafeteros-del-tolima-podran-representar-al-departamento-en-la-feria-internacional-world-of-coffee-san-diego-2026","status":"publish","type":"post","link":"https:\/\/ciudadyregion.com.co\/index.php\/jovenes-cafeteros-del-tolima-podran-representar-al-departamento-en-la-feria-internacional-world-of-coffee-san-diego-2026\/regional\/","title":{"rendered":"J\u00f3venes cafeteros del Tolima podr\u00e1n representar al departamento en la Feria Internacional World of Coffee \u2013 San Diego 2026"},"content":{"rendered":"<p>La Escuela Regional del Caf\u00e9 abre convocatoria para estudiantes y caficultores que participar\u00e1n en una misi\u00f3n internacional de intercambio acad\u00e9mico y comercial.<\/p>\n<p>La Gobernaci\u00f3n del Tolima, a trav\u00e9s de la Secretar\u00eda de Desarrollo Agropecuario y Producci\u00f3n Alimentaria, y la Federaci\u00f3n Nacional de Cafeteros de Colombia, por medio del Comit\u00e9 Departamental de Cafeteros del Tolima, anunciaron la apertura de la convocatoria para conformar la delegaci\u00f3n que representar\u00e1 al departamento en la Feria Internacional de la Specialty Coffee Association \u2013 World of Coffee San Diego 2026, uno de los eventos m\u00e1s importantes del sector cafetero a nivel mundial.<\/p>\n<p>Esta iniciativa permitir\u00e1 que estudiantes de la Escuela Regional del Caf\u00e9 y caficultores del departamento del Tolima participen en una misi\u00f3n de intercambio acad\u00e9mico y comercial, con el prop\u00f3sito de fortalecer sus conocimientos, ampliar su visi\u00f3n del mercado internacional y promover el posicionamiento del caf\u00e9 tolimense en escenarios globales.<\/p>\n<p>La convocatoria se realiza en el marco del Convenio Interinstitucional de Cooperaci\u00f3n No. 2667 del 24 de julio de 2025, suscrito entre la Gobernaci\u00f3n del Tolima y la Federaci\u00f3n Nacional de Cafeteros de Colombia \u2013 Comit\u00e9 Departamental de Cafeteros del Tolima, cuyo objetivo es fortalecer la innovaci\u00f3n en los procesos t\u00e9cnicos, productivos y comerciales del sector cafetero mediante la Escuela Regional del Caf\u00e9.<\/p>\n<p>La participaci\u00f3n en este evento internacional permitir\u00e1 a los beneficiarios conocer nuevas tendencias del mercado, establecer contactos comerciales, intercambiar experiencias con actores de la industria del caf\u00e9 a nivel global y adquirir conocimientos que posteriormente podr\u00e1n replicar en el territorio.<\/p>\n<p>La convocatoria est\u00e1 dirigida a j\u00f3venes, caficultores y actores de la cadena productiva del caf\u00e9 de los 38 municipios cafeteros del departamento del Tolima, as\u00ed como a estudiantes y egresados de la Escuela Regional del Caf\u00e9.<\/p>\n<p>El proceso de postulaci\u00f3n estar\u00e1 abierto del 13 al 17 de marzo de 2026, la evaluaci\u00f3n de las postulaciones se realizar\u00e1 el 18 de marzo, y los resultados ser\u00e1n publicados el 19 de marzo de 2026.<\/p>\n<p>Los interesados deber\u00e1n cumplir requisitos como ser mayores de edad, contar con pasaporte vigente con una vigencia m\u00ednima de seis meses, tener visa vigente para ingresar a Estados Unidos y disponer de tiempo para participar en las actividades preparatorias y en la gira internacional.<\/p>\n<p>La informaci\u00f3n completa de la convocatoria, as\u00ed como los requisitos y documentos necesarios para la postulaci\u00f3n, estar\u00e1 disponible en las p\u00e1ginas oficiales de la Gobernaci\u00f3n del Tolima (www.tolima.gov.co) y del Comit\u00e9 Departamental de Cafeteros del Tolima (https:\/\/tolima.federaciondecafeteros.org\/).<\/p>\n<p>Con esta iniciativa, la Gobernaci\u00f3n del Tolima y el Comit\u00e9 Departamental de Cafeteros contin\u00faan fortaleciendo los procesos de formaci\u00f3n, innovaci\u00f3n y proyecci\u00f3n internacional del caf\u00e9 del departamento, impulsando el liderazgo de nuevas generaciones que representan el presente y el futuro del sector cafetero.<\/p>\n","protected":false},"excerpt":{"rendered":"<p>La Escuela Regional del Caf\u00e9 abre convocatoria para estudiantes y caficultores que participar\u00e1n en una misi\u00f3n internacional de intercambio acad\u00e9mico y comercial. La Gobernaci\u00f3n del Tolima, a trav\u00e9s de la Secretar\u00eda de Desarrollo Agropecuario y Producci\u00f3n Alimentaria, y la Federaci\u00f3n Nacional de Cafeteros de Colombia, por medio del Comit\u00e9 Departamental<span class=\"more-link\"><a href=\"https:\/\/ciudadyregion.com.co\/index.php\/jovenes-cafeteros-del-tolima-podran-representar-al-departamento-en-la-feria-internacional-world-of-coffee-san-diego-2026\/regional\/\">Continuar Leyendo<\/a><\/span><\/p>\n","protected":false},"author":2,"featured_media":57335,"comment_status":"open","ping_status":"open","sticky":false,"template":"","format":"standard","meta":{"_uf_show_specific_survey":0,"_uf_disable_surveys":false,"_jetpack_memberships_contains_paid_content":false,"footnotes":"","jetpack_publicize_message":"","jetpack_publicize_feature_enabled":true,"jetpack_social_post_already_shared":true,"jetpack_social_options":{"image_generator_settings":{"template":"highway","enabled":false},"version":2}},"categories":[13],"tags":[],"class_list":["entry","author-diegoaguirre","post-57334","post","type-post","status-publish","format-standard","has-post-thumbnail","category-regional"],"jetpack_publicize_connections":[],"yoast_head":"<!-- This site is optimized with the Yoast SEO plugin v24.3 - https:\/\/yoast.com\/wordpress\/plugins\/seo\/ -->\n<title>J\u00f3venes cafeteros del Tolima podr\u00e1n representar al departamento en la Feria Internacional World of Coffee \u2013 San Diego 2026 - Ciudad y Region<\/title>\n<meta name=\"robots\" content=\"index, follow, max-snippet:-1, max-image-preview:large, max-video-preview:-1\" \/>\n<link rel=\"canonical\" href=\"https:\/\/ciudadyregion.com.co\/index.php\/jovenes-cafeteros-del-tolima-podran-representar-al-departamento-en-la-feria-internacional-world-of-coffee-san-diego-2026\/regional\/\" \/>\n<meta property=\"og:locale\" content=\"es_ES\" \/>\n<meta property=\"og:type\" content=\"article\" \/>\n<meta property=\"og:title\" content=\"J\u00f3venes cafeteros del Tolima podr\u00e1n representar al departamento en la Feria Internacional World of Coffee \u2013 San Diego 2026 - Ciudad y Region\" \/>\n<meta property=\"og:description\" content=\"La Escuela Regional del Caf\u00e9 abre convocatoria para estudiantes y caficultores que participar\u00e1n en una misi\u00f3n internacional de intercambio acad\u00e9mico y comercial. La Gobernaci\u00f3n del Tolima, a trav\u00e9s de la Secretar\u00eda de Desarrollo Agropecuario y Producci\u00f3n Alimentaria, y la Federaci\u00f3n Nacional de Cafeteros de Colombia, por medio del Comit\u00e9 DepartamentalContinuar Leyendo\" \/>\n<meta property=\"og:url\" content=\"https:\/\/ciudadyregion.com.co\/index.php\/jovenes-cafeteros-del-tolima-podran-representar-al-departamento-en-la-feria-internacional-world-of-coffee-san-diego-2026\/regional\/\" \/>\n<meta property=\"og:site_name\" content=\"Ciudad y Region\" \/>\n<meta property=\"article:published_time\" content=\"2026-03-16T13:57:59+00:00\" \/>\n<meta property=\"og:image\" content=\"https:\/\/ciudadyregion.com.co\/wp-content\/uploads\/2026\/03\/Pag-2026-03-16T085728.446.jpg\" \/>\n\t<meta property=\"og:image:width\" content=\"800\" \/>\n\t<meta property=\"og:image:height\" content=\"445\" \/>\n\t<meta property=\"og:image:type\" content=\"image\/jpeg\" \/>\n<meta name=\"author\" content=\"David Andr\u00e9s Aguirre\" \/>\n<meta name=\"twitter:card\" content=\"summary_large_image\" \/>\n<meta name=\"twitter:label1\" content=\"Escrito por\" \/>\n\t<meta name=\"twitter:data1\" content=\"David Andr\u00e9s Aguirre\" \/>\n\t<meta name=\"twitter:label2\" content=\"Tiempo de lectura\" \/>\n\t<meta name=\"twitter:data2\" content=\"3 minutos\" \/>\n<script type=\"application\/ld+json\" class=\"yoast-schema-graph\">{\"@context\":\"https:\/\/schema.org\",\"@graph\":[{\"@type\":\"WebPage\",\"@id\":\"https:\/\/ciudadyregion.com.co\/index.php\/jovenes-cafeteros-del-tolima-podran-representar-al-departamento-en-la-feria-internacional-world-of-coffee-san-diego-2026\/regional\/\",\"url\":\"https:\/\/ciudadyregion.com.co\/index.php\/jovenes-cafeteros-del-tolima-podran-representar-al-departamento-en-la-feria-internacional-world-of-coffee-san-diego-2026\/regional\/\",\"name\":\"J\u00f3venes cafeteros del Tolima podr\u00e1n representar al departamento en la Feria Internacional World of Coffee \u2013 San Diego 2026 - Ciudad y Region\",\"isPartOf\":{\"@id\":\"https:\/\/ciudadyregion.com.co\/#website\"},\"primaryImageOfPage\":{\"@id\":\"https:\/\/ciudadyregion.com.co\/index.php\/jovenes-cafeteros-del-tolima-podran-representar-al-departamento-en-la-feria-internacional-world-of-coffee-san-diego-2026\/regional\/#primaryimage\"},\"image\":{\"@id\":\"https:\/\/ciudadyregion.com.co\/index.php\/jovenes-cafeteros-del-tolima-podran-representar-al-departamento-en-la-feria-internacional-world-of-coffee-san-diego-2026\/regional\/#primaryimage\"},\"thumbnailUrl\":\"https:\/\/i0.wp.com\/ciudadyregion.com.co\/wp-content\/uploads\/2026\/03\/Pag-2026-03-16T085728.446.jpg?fit=800%2C445&ssl=1\",\"datePublished\":\"2026-03-16T13:57:59+00:00\",\"dateModified\":\"2026-03-16T13:57:59+00:00\",\"author\":{\"@id\":\"https:\/\/ciudadyregion.com.co\/#\/schema\/person\/04a4954373ebc4051f46e8c65ff78622\"},\"breadcrumb\":{\"@id\":\"https:\/\/ciudadyregion.com.co\/index.php\/jovenes-cafeteros-del-tolima-podran-representar-al-departamento-en-la-feria-internacional-world-of-coffee-san-diego-2026\/regional\/#breadcrumb\"},\"inLanguage\":\"es\",\"potentialAction\":[{\"@type\":\"ReadAction\",\"target\":[\"https:\/\/ciudadyregion.com.co\/index.php\/jovenes-cafeteros-del-tolima-podran-representar-al-departamento-en-la-feria-internacional-world-of-coffee-san-diego-2026\/regional\/\"]}]},{\"@type\":\"ImageObject\",\"inLanguage\":\"es\",\"@id\":\"https:\/\/ciudadyregion.com.co\/index.php\/jovenes-cafeteros-del-tolima-podran-representar-al-departamento-en-la-feria-internacional-world-of-coffee-san-diego-2026\/regional\/#primaryimage\",\"url\":\"https:\/\/i0.wp.com\/ciudadyregion.com.co\/wp-content\/uploads\/2026\/03\/Pag-2026-03-16T085728.446.jpg?fit=800%2C445&ssl=1\",\"contentUrl\":\"https:\/\/i0.wp.com\/ciudadyregion.com.co\/wp-content\/uploads\/2026\/03\/Pag-2026-03-16T085728.446.jpg?fit=800%2C445&ssl=1\",\"width\":800,\"height\":445},{\"@type\":\"BreadcrumbList\",\"@id\":\"https:\/\/ciudadyregion.com.co\/index.php\/jovenes-cafeteros-del-tolima-podran-representar-al-departamento-en-la-feria-internacional-world-of-coffee-san-diego-2026\/regional\/#breadcrumb\",\"itemListElement\":[{\"@type\":\"ListItem\",\"position\":1,\"name\":\"Portada\",\"item\":\"https:\/\/ciudadyregion.com.co\/\"},{\"@type\":\"ListItem\",\"position\":2,\"name\":\"J\u00f3venes cafeteros del Tolima podr\u00e1n representar al departamento en la Feria Internacional World of Coffee \u2013 San Diego 2026\"}]},{\"@type\":\"WebSite\",\"@id\":\"https:\/\/ciudadyregion.com.co\/#website\",\"url\":\"https:\/\/ciudadyregion.com.co\/\",\"name\":\"Ciudad y Region\",\"description\":\"\",\"potentialAction\":[{\"@type\":\"SearchAction\",\"target\":{\"@type\":\"EntryPoint\",\"urlTemplate\":\"https:\/\/ciudadyregion.com.co\/?s={search_term_string}\"},\"query-input\":{\"@type\":\"PropertyValueSpecification\",\"valueRequired\":true,\"valueName\":\"search_term_string\"}}],\"inLanguage\":\"es\"},{\"@type\":\"Person\",\"@id\":\"https:\/\/ciudadyregion.com.co\/#\/schema\/person\/04a4954373ebc4051f46e8c65ff78622\",\"name\":\"David Andr\u00e9s Aguirre\",\"image\":{\"@type\":\"ImageObject\",\"inLanguage\":\"es\",\"@id\":\"https:\/\/ciudadyregion.com.co\/#\/schema\/person\/image\/\",\"url\":\"https:\/\/secure.gravatar.com\/avatar\/bc3c655860202182ee6d1b5edd042dbe?s=96&d=mm&r=g\",\"contentUrl\":\"https:\/\/secure.gravatar.com\/avatar\/bc3c655860202182ee6d1b5edd042dbe?s=96&d=mm&r=g\",\"caption\":\"David Andr\u00e9s Aguirre\"},\"url\":\"https:\/\/ciudadyregion.com.co\/index.php\/author\/diegoaguirre\/\"}]}<\/script>\n<!-- \/ Yoast SEO plugin. -->","yoast_head_json":{"title":"J\u00f3venes cafeteros del Tolima podr\u00e1n representar al departamento en la Feria Internacional World of Coffee \u2013 San Diego 2026 - Ciudad y Region","robots":{"index":"index","follow":"follow","max-snippet":"max-snippet:-1","max-image-preview":"max-image-preview:large","max-video-preview":"max-video-preview:-1"},"canonical":"https:\/\/ciudadyregion.com.co\/index.php\/jovenes-cafeteros-del-tolima-podran-representar-al-departamento-en-la-feria-internacional-world-of-coffee-san-diego-2026\/regional\/","og_locale":"es_ES","og_type":"article","og_title":"J\u00f3venes cafeteros del Tolima podr\u00e1n representar al departamento en la Feria Internacional World of Coffee \u2013 San Diego 2026 - Ciudad y Region","og_description":"La Escuela Regional del Caf\u00e9 abre convocatoria para estudiantes y caficultores que participar\u00e1n en una misi\u00f3n internacional de intercambio acad\u00e9mico y comercial. La Gobernaci\u00f3n del Tolima, a trav\u00e9s de la Secretar\u00eda de Desarrollo Agropecuario y Producci\u00f3n Alimentaria, y la Federaci\u00f3n Nacional de Cafeteros de Colombia, por medio del Comit\u00e9 DepartamentalContinuar Leyendo","og_url":"https:\/\/ciudadyregion.com.co\/index.php\/jovenes-cafeteros-del-tolima-podran-representar-al-departamento-en-la-feria-internacional-world-of-coffee-san-diego-2026\/regional\/","og_site_name":"Ciudad y Region","article_published_time":"2026-03-16T13:57:59+00:00","og_image":[{"width":800,"height":445,"url":"https:\/\/ciudadyregion.com.co\/wp-content\/uploads\/2026\/03\/Pag-2026-03-16T085728.446.jpg","type":"image\/jpeg"}],"author":"David Andr\u00e9s Aguirre","twitter_card":"summary_large_image","twitter_misc":{"Escrito por":"David Andr\u00e9s Aguirre","Tiempo de lectura":"3 minutos"},"schema":{"@context":"https:\/\/schema.org","@graph":[{"@type":"WebPage","@id":"https:\/\/ciudadyregion.com.co\/index.php\/jovenes-cafeteros-del-tolima-podran-representar-al-departamento-en-la-feria-internacional-world-of-coffee-san-diego-2026\/regional\/","url":"https:\/\/ciudadyregion.com.co\/index.php\/jovenes-cafeteros-del-tolima-podran-representar-al-departamento-en-la-feria-internacional-world-of-coffee-san-diego-2026\/regional\/","name":"J\u00f3venes cafeteros del Tolima podr\u00e1n representar al departamento en la Feria Internacional World of Coffee \u2013 San Diego 2026 - Ciudad y Region","isPartOf":{"@id":"https:\/\/ciudadyregion.com.co\/#website"},"primaryImageOfPage":{"@id":"https:\/\/ciudadyregion.com.co\/index.php\/jovenes-cafeteros-del-tolima-podran-representar-al-departamento-en-la-feria-internacional-world-of-coffee-san-diego-2026\/regional\/#primaryimage"},"image":{"@id":"https:\/\/ciudadyregion.com.co\/index.php\/jovenes-cafeteros-del-tolima-podran-representar-al-departamento-en-la-feria-internacional-world-of-coffee-san-diego-2026\/regional\/#primaryimage"},"thumbnailUrl":"https:\/\/i0.wp.com\/ciudadyregion.com.co\/wp-content\/uploads\/2026\/03\/Pag-2026-03-16T085728.446.jpg?fit=800%2C445&ssl=1","datePublished":"2026-03-16T13:57:59+00:00","dateModified":"2026-03-16T13:57:59+00:00","author":{"@id":"https:\/\/ciudadyregion.com.co\/#\/schema\/person\/04a4954373ebc4051f46e8c65ff78622"},"breadcrumb":{"@id":"https:\/\/ciudadyregion.com.co\/index.php\/jovenes-cafeteros-del-tolima-podran-representar-al-departamento-en-la-feria-internacional-world-of-coffee-san-diego-2026\/regional\/#breadcrumb"},"inLanguage":"es","potentialAction":[{"@type":"ReadAction","target":["https:\/\/ciudadyregion.com.co\/index.php\/jovenes-cafeteros-del-tolima-podran-representar-al-departamento-en-la-feria-internacional-world-of-coffee-san-diego-2026\/regional\/"]}]},{"@type":"ImageObject","inLanguage":"es","@id":"https:\/\/ciudadyregion.com.co\/index.php\/jovenes-cafeteros-del-tolima-podran-representar-al-departamento-en-la-feria-internacional-world-of-coffee-san-diego-2026\/regional\/#primaryimage","url":"https:\/\/i0.wp.com\/ciudadyregion.com.co\/wp-content\/uploads\/2026\/03\/Pag-2026-03-16T085728.446.jpg?fit=800%2C445&ssl=1","contentUrl":"https:\/\/i0.wp.com\/ciudadyregion.com.co\/wp-content\/uploads\/2026\/03\/Pag-2026-03-16T085728.446.jpg?fit=800%2C445&ssl=1","width":800,"height":445},{"@type":"BreadcrumbList","@id":"https:\/\/ciudadyregion.com.co\/index.php\/jovenes-cafeteros-del-tolima-podran-representar-al-departamento-en-la-feria-internacional-world-of-coffee-san-diego-2026\/regional\/#breadcrumb","itemListElement":[{"@type":"ListItem","position":1,"name":"Portada","item":"https:\/\/ciudadyregion.com.co\/"},{"@type":"ListItem","position":2,"name":"J\u00f3venes cafeteros del Tolima podr\u00e1n representar al departamento en la Feria Internacional World of Coffee \u2013 San Diego 2026"}]},{"@type":"WebSite","@id":"https:\/\/ciudadyregion.com.co\/#website","url":"https:\/\/ciudadyregion.com.co\/","name":"Ciudad y Region","description":"","potentialAction":[{"@type":"SearchAction","target":{"@type":"EntryPoint","urlTemplate":"https:\/\/ciudadyregion.com.co\/?s={search_term_string}"},"query-input":{"@type":"PropertyValueSpecification","valueRequired":true,"valueName":"search_term_string"}}],"inLanguage":"es"},{"@type":"Person","@id":"https:\/\/ciudadyregion.com.co\/#\/schema\/person\/04a4954373ebc4051f46e8c65ff78622","name":"David Andr\u00e9s Aguirre","image":{"@type":"ImageObject","inLanguage":"es","@id":"https:\/\/ciudadyregion.com.co\/#\/schema\/person\/image\/","url":"https:\/\/secure.gravatar.com\/avatar\/bc3c655860202182ee6d1b5edd042dbe?s=96&d=mm&r=g","contentUrl":"https:\/\/secure.gravatar.com\/avatar\/bc3c655860202182ee6d1b5edd042dbe?s=96&d=mm&r=g","caption":"David Andr\u00e9s Aguirre"},"url":"https:\/\/ciudadyregion.com.co\/index.php\/author\/diegoaguirre\/"}]}},"jetpack_featured_media_url":"https:\/\/i0.wp.com\/ciudadyregion.com.co\/wp-content\/uploads\/2026\/03\/Pag-2026-03-16T085728.446.jpg?fit=800%2C445&ssl=1","jetpack_sharing_enabled":true,"jetpack_shortlink":"https:\/\/wp.me\/pbS7hh-eUK","jetpack-related-posts":[],"_links":{"self":[{"href":"https:\/\/ciudadyregion.com.co\/index.php\/wp-json\/wp\/v2\/posts\/57334"}],"collection":[{"href":"https:\/\/ciudadyregion.com.co\/index.php\/wp-json\/wp\/v2\/posts"}],"about":[{"href":"https:\/\/ciudadyregion.com.co\/index.php\/wp-json\/wp\/v2\/types\/post"}],"author":[{"embeddable":true,"href":"https:\/\/ciudadyregion.com.co\/index.php\/wp-json\/wp\/v2\/users\/2"}],"replies":[{"embeddable":true,"href":"https:\/\/ciudadyregion.com.co\/index.php\/wp-json\/wp\/v2\/comments?post=57334"}],"version-history":[{"count":1,"href":"https:\/\/ciudadyregion.com.co\/index.php\/wp-json\/wp\/v2\/posts\/57334\/revisions"}],"predecessor-version":[{"id":57336,"href":"https:\/\/ciudadyregion.com.co\/index.php\/wp-json\/wp\/v2\/posts\/57334\/revisions\/57336"}],"wp:featuredmedia":[{"embeddable":true,"href":"https:\/\/ciudadyregion.com.co\/index.php\/wp-json\/wp\/v2\/media\/57335"}],"wp:attachment":[{"href":"https:\/\/ciudadyregion.com.co\/index.php\/wp-json\/wp\/v2\/media?parent=57334"}],"wp:term":[{"taxonomy":"category","embeddable":true,"href":"https:\/\/ciudadyregion.com.co\/index.php\/wp-json\/wp\/v2\/categories?post=57334"},{"taxonomy":"post_tag","embeddable":true,"href":"https:\/\/ciudadyregion.com.co\/index.php\/wp-json\/wp\/v2\/tags?post=57334"}],"curies":[{"name":"wp","href":"https:\/\/api.w.org\/{rel}","templated":true}]}}