{"id":57328,"date":"2026-03-16T08:31:58","date_gmt":"2026-03-16T13:31:58","guid":{"rendered":"https:\/\/ciudadyregion.com.co\/?p=57328"},"modified":"2026-03-16T08:31:58","modified_gmt":"2026-03-16T13:31:58","slug":"entrega-de-elementos-para-fortalecer-vacunacion-en-el-libano","status":"publish","type":"post","link":"https:\/\/ciudadyregion.com.co\/index.php\/entrega-de-elementos-para-fortalecer-vacunacion-en-el-libano\/regional\/","title":{"rendered":"Entrega de elementos para fortalecer vacunaci\u00f3n en el L\u00edbano"},"content":{"rendered":"<p>La Agente Especial Interventora del Hospital Regional Alfonso Jaramillo Salazar del L\u00edbano, Dra. Nelly Bel\u00e9n Arsuza, particip\u00f3 junto a la coordinadora del Programa Ampliado de Inmunizaci\u00f3n (PAI) en la entrega de cajas t\u00e9rmicas realizada por la Secretar\u00eda de Salud del Tolima, en el Laboratorio de Salud P\u00fablica en Ibagu\u00e9.<\/p>\n<p>Estos elementos fortalecer\u00e1n la cadena de fr\u00edo y permitir\u00e1n transportar y conservar adecuadamente las vacunas, garantizando su llegada a ni\u00f1os y ni\u00f1as, especialmente en las zonas rurales y de dif\u00edcil acceso del municipio. \ud83d\udc89<\/p>\n","protected":false},"excerpt":{"rendered":"<p>La Agente Especial Interventora del Hospital Regional Alfonso Jaramillo Salazar del L\u00edbano, Dra. Nelly Bel\u00e9n Arsuza, particip\u00f3 junto a la coordinadora del Programa Ampliado de Inmunizaci\u00f3n (PAI) en la entrega de cajas t\u00e9rmicas realizada por la Secretar\u00eda de Salud del Tolima, en el Laboratorio de Salud P\u00fablica en Ibagu\u00e9. Estos<span class=\"more-link\"><a href=\"https:\/\/ciudadyregion.com.co\/index.php\/entrega-de-elementos-para-fortalecer-vacunacion-en-el-libano\/regional\/\">Continuar Leyendo<\/a><\/span><\/p>\n","protected":false},"author":2,"featured_media":57329,"comment_status":"open","ping_status":"open","sticky":false,"template":"","format":"standard","meta":{"_uf_show_specific_survey":0,"_uf_disable_surveys":false,"_jetpack_memberships_contains_paid_content":false,"footnotes":"","jetpack_publicize_message":"","jetpack_publicize_feature_enabled":true,"jetpack_social_post_already_shared":true,"jetpack_social_options":{"image_generator_settings":{"template":"highway","enabled":false},"version":2}},"categories":[13],"tags":[],"class_list":["entry","author-diegoaguirre","post-57328","post","type-post","status-publish","format-standard","has-post-thumbnail","category-regional"],"jetpack_publicize_connections":[],"yoast_head":"<!-- This site is optimized with the Yoast SEO plugin v24.3 - https:\/\/yoast.com\/wordpress\/plugins\/seo\/ -->\n<title>Entrega de elementos para fortalecer vacunaci\u00f3n en el L\u00edbano - Ciudad y Region<\/title>\n<meta name=\"robots\" content=\"index, follow, max-snippet:-1, max-image-preview:large, max-video-preview:-1\" \/>\n<link rel=\"canonical\" href=\"https:\/\/ciudadyregion.com.co\/index.php\/entrega-de-elementos-para-fortalecer-vacunacion-en-el-libano\/regional\/\" \/>\n<meta property=\"og:locale\" content=\"es_ES\" \/>\n<meta property=\"og:type\" content=\"article\" \/>\n<meta property=\"og:title\" content=\"Entrega de elementos para fortalecer vacunaci\u00f3n en el L\u00edbano - Ciudad y Region\" \/>\n<meta property=\"og:description\" content=\"La Agente Especial Interventora del Hospital Regional Alfonso Jaramillo Salazar del L\u00edbano, Dra. Nelly Bel\u00e9n Arsuza, particip\u00f3 junto a la coordinadora del Programa Ampliado de Inmunizaci\u00f3n (PAI) en la entrega de cajas t\u00e9rmicas realizada por la Secretar\u00eda de Salud del Tolima, en el Laboratorio de Salud P\u00fablica en Ibagu\u00e9. EstosContinuar Leyendo\" \/>\n<meta property=\"og:url\" content=\"https:\/\/ciudadyregion.com.co\/index.php\/entrega-de-elementos-para-fortalecer-vacunacion-en-el-libano\/regional\/\" \/>\n<meta property=\"og:site_name\" content=\"Ciudad y Region\" \/>\n<meta property=\"article:published_time\" content=\"2026-03-16T13:31:58+00:00\" \/>\n<meta property=\"og:image\" content=\"https:\/\/ciudadyregion.com.co\/wp-content\/uploads\/2026\/03\/Pag-2026-03-16T082534.494.jpg\" \/>\n\t<meta property=\"og:image:width\" content=\"800\" \/>\n\t<meta property=\"og:image:height\" content=\"445\" \/>\n\t<meta property=\"og:image:type\" content=\"image\/jpeg\" \/>\n<meta name=\"author\" content=\"David Andr\u00e9s Aguirre\" \/>\n<meta name=\"twitter:card\" content=\"summary_large_image\" \/>\n<meta name=\"twitter:label1\" content=\"Escrito por\" \/>\n\t<meta name=\"twitter:data1\" content=\"David Andr\u00e9s Aguirre\" \/>\n\t<meta name=\"twitter:label2\" content=\"Tiempo de lectura\" \/>\n\t<meta name=\"twitter:data2\" content=\"1 minuto\" \/>\n<script type=\"application\/ld+json\" class=\"yoast-schema-graph\">{\"@context\":\"https:\/\/schema.org\",\"@graph\":[{\"@type\":\"WebPage\",\"@id\":\"https:\/\/ciudadyregion.com.co\/index.php\/entrega-de-elementos-para-fortalecer-vacunacion-en-el-libano\/regional\/\",\"url\":\"https:\/\/ciudadyregion.com.co\/index.php\/entrega-de-elementos-para-fortalecer-vacunacion-en-el-libano\/regional\/\",\"name\":\"Entrega de elementos para fortalecer vacunaci\u00f3n en el L\u00edbano - Ciudad y Region\",\"isPartOf\":{\"@id\":\"https:\/\/ciudadyregion.com.co\/#website\"},\"primaryImageOfPage\":{\"@id\":\"https:\/\/ciudadyregion.com.co\/index.php\/entrega-de-elementos-para-fortalecer-vacunacion-en-el-libano\/regional\/#primaryimage\"},\"image\":{\"@id\":\"https:\/\/ciudadyregion.com.co\/index.php\/entrega-de-elementos-para-fortalecer-vacunacion-en-el-libano\/regional\/#primaryimage\"},\"thumbnailUrl\":\"https:\/\/i0.wp.com\/ciudadyregion.com.co\/wp-content\/uploads\/2026\/03\/Pag-2026-03-16T082534.494.jpg?fit=800%2C445&ssl=1\",\"datePublished\":\"2026-03-16T13:31:58+00:00\",\"dateModified\":\"2026-03-16T13:31:58+00:00\",\"author\":{\"@id\":\"https:\/\/ciudadyregion.com.co\/#\/schema\/person\/04a4954373ebc4051f46e8c65ff78622\"},\"breadcrumb\":{\"@id\":\"https:\/\/ciudadyregion.com.co\/index.php\/entrega-de-elementos-para-fortalecer-vacunacion-en-el-libano\/regional\/#breadcrumb\"},\"inLanguage\":\"es\",\"potentialAction\":[{\"@type\":\"ReadAction\",\"target\":[\"https:\/\/ciudadyregion.com.co\/index.php\/entrega-de-elementos-para-fortalecer-vacunacion-en-el-libano\/regional\/\"]}]},{\"@type\":\"ImageObject\",\"inLanguage\":\"es\",\"@id\":\"https:\/\/ciudadyregion.com.co\/index.php\/entrega-de-elementos-para-fortalecer-vacunacion-en-el-libano\/regional\/#primaryimage\",\"url\":\"https:\/\/i0.wp.com\/ciudadyregion.com.co\/wp-content\/uploads\/2026\/03\/Pag-2026-03-16T082534.494.jpg?fit=800%2C445&ssl=1\",\"contentUrl\":\"https:\/\/i0.wp.com\/ciudadyregion.com.co\/wp-content\/uploads\/2026\/03\/Pag-2026-03-16T082534.494.jpg?fit=800%2C445&ssl=1\",\"width\":800,\"height\":445},{\"@type\":\"BreadcrumbList\",\"@id\":\"https:\/\/ciudadyregion.com.co\/index.php\/entrega-de-elementos-para-fortalecer-vacunacion-en-el-libano\/regional\/#breadcrumb\",\"itemListElement\":[{\"@type\":\"ListItem\",\"position\":1,\"name\":\"Portada\",\"item\":\"https:\/\/ciudadyregion.com.co\/\"},{\"@type\":\"ListItem\",\"position\":2,\"name\":\"Entrega de elementos para fortalecer vacunaci\u00f3n en el L\u00edbano\"}]},{\"@type\":\"WebSite\",\"@id\":\"https:\/\/ciudadyregion.com.co\/#website\",\"url\":\"https:\/\/ciudadyregion.com.co\/\",\"name\":\"Ciudad y Region\",\"description\":\"\",\"potentialAction\":[{\"@type\":\"SearchAction\",\"target\":{\"@type\":\"EntryPoint\",\"urlTemplate\":\"https:\/\/ciudadyregion.com.co\/?s={search_term_string}\"},\"query-input\":{\"@type\":\"PropertyValueSpecification\",\"valueRequired\":true,\"valueName\":\"search_term_string\"}}],\"inLanguage\":\"es\"},{\"@type\":\"Person\",\"@id\":\"https:\/\/ciudadyregion.com.co\/#\/schema\/person\/04a4954373ebc4051f46e8c65ff78622\",\"name\":\"David Andr\u00e9s Aguirre\",\"image\":{\"@type\":\"ImageObject\",\"inLanguage\":\"es\",\"@id\":\"https:\/\/ciudadyregion.com.co\/#\/schema\/person\/image\/\",\"url\":\"https:\/\/secure.gravatar.com\/avatar\/bc3c655860202182ee6d1b5edd042dbe?s=96&d=mm&r=g\",\"contentUrl\":\"https:\/\/secure.gravatar.com\/avatar\/bc3c655860202182ee6d1b5edd042dbe?s=96&d=mm&r=g\",\"caption\":\"David Andr\u00e9s Aguirre\"},\"url\":\"https:\/\/ciudadyregion.com.co\/index.php\/author\/diegoaguirre\/\"}]}<\/script>\n<!-- \/ Yoast SEO plugin. -->","yoast_head_json":{"title":"Entrega de elementos para fortalecer vacunaci\u00f3n en el L\u00edbano - Ciudad y Region","robots":{"index":"index","follow":"follow","max-snippet":"max-snippet:-1","max-image-preview":"max-image-preview:large","max-video-preview":"max-video-preview:-1"},"canonical":"https:\/\/ciudadyregion.com.co\/index.php\/entrega-de-elementos-para-fortalecer-vacunacion-en-el-libano\/regional\/","og_locale":"es_ES","og_type":"article","og_title":"Entrega de elementos para fortalecer vacunaci\u00f3n en el L\u00edbano - Ciudad y Region","og_description":"La Agente Especial Interventora del Hospital Regional Alfonso Jaramillo Salazar del L\u00edbano, Dra. Nelly Bel\u00e9n Arsuza, particip\u00f3 junto a la coordinadora del Programa Ampliado de Inmunizaci\u00f3n (PAI) en la entrega de cajas t\u00e9rmicas realizada por la Secretar\u00eda de Salud del Tolima, en el Laboratorio de Salud P\u00fablica en Ibagu\u00e9. EstosContinuar Leyendo","og_url":"https:\/\/ciudadyregion.com.co\/index.php\/entrega-de-elementos-para-fortalecer-vacunacion-en-el-libano\/regional\/","og_site_name":"Ciudad y Region","article_published_time":"2026-03-16T13:31:58+00:00","og_image":[{"width":800,"height":445,"url":"https:\/\/ciudadyregion.com.co\/wp-content\/uploads\/2026\/03\/Pag-2026-03-16T082534.494.jpg","type":"image\/jpeg"}],"author":"David Andr\u00e9s Aguirre","twitter_card":"summary_large_image","twitter_misc":{"Escrito por":"David Andr\u00e9s Aguirre","Tiempo de lectura":"1 minuto"},"schema":{"@context":"https:\/\/schema.org","@graph":[{"@type":"WebPage","@id":"https:\/\/ciudadyregion.com.co\/index.php\/entrega-de-elementos-para-fortalecer-vacunacion-en-el-libano\/regional\/","url":"https:\/\/ciudadyregion.com.co\/index.php\/entrega-de-elementos-para-fortalecer-vacunacion-en-el-libano\/regional\/","name":"Entrega de elementos para fortalecer vacunaci\u00f3n en el L\u00edbano - Ciudad y Region","isPartOf":{"@id":"https:\/\/ciudadyregion.com.co\/#website"},"primaryImageOfPage":{"@id":"https:\/\/ciudadyregion.com.co\/index.php\/entrega-de-elementos-para-fortalecer-vacunacion-en-el-libano\/regional\/#primaryimage"},"image":{"@id":"https:\/\/ciudadyregion.com.co\/index.php\/entrega-de-elementos-para-fortalecer-vacunacion-en-el-libano\/regional\/#primaryimage"},"thumbnailUrl":"https:\/\/i0.wp.com\/ciudadyregion.com.co\/wp-content\/uploads\/2026\/03\/Pag-2026-03-16T082534.494.jpg?fit=800%2C445&ssl=1","datePublished":"2026-03-16T13:31:58+00:00","dateModified":"2026-03-16T13:31:58+00:00","author":{"@id":"https:\/\/ciudadyregion.com.co\/#\/schema\/person\/04a4954373ebc4051f46e8c65ff78622"},"breadcrumb":{"@id":"https:\/\/ciudadyregion.com.co\/index.php\/entrega-de-elementos-para-fortalecer-vacunacion-en-el-libano\/regional\/#breadcrumb"},"inLanguage":"es","potentialAction":[{"@type":"ReadAction","target":["https:\/\/ciudadyregion.com.co\/index.php\/entrega-de-elementos-para-fortalecer-vacunacion-en-el-libano\/regional\/"]}]},{"@type":"ImageObject","inLanguage":"es","@id":"https:\/\/ciudadyregion.com.co\/index.php\/entrega-de-elementos-para-fortalecer-vacunacion-en-el-libano\/regional\/#primaryimage","url":"https:\/\/i0.wp.com\/ciudadyregion.com.co\/wp-content\/uploads\/2026\/03\/Pag-2026-03-16T082534.494.jpg?fit=800%2C445&ssl=1","contentUrl":"https:\/\/i0.wp.com\/ciudadyregion.com.co\/wp-content\/uploads\/2026\/03\/Pag-2026-03-16T082534.494.jpg?fit=800%2C445&ssl=1","width":800,"height":445},{"@type":"BreadcrumbList","@id":"https:\/\/ciudadyregion.com.co\/index.php\/entrega-de-elementos-para-fortalecer-vacunacion-en-el-libano\/regional\/#breadcrumb","itemListElement":[{"@type":"ListItem","position":1,"name":"Portada","item":"https:\/\/ciudadyregion.com.co\/"},{"@type":"ListItem","position":2,"name":"Entrega de elementos para fortalecer vacunaci\u00f3n en el L\u00edbano"}]},{"@type":"WebSite","@id":"https:\/\/ciudadyregion.com.co\/#website","url":"https:\/\/ciudadyregion.com.co\/","name":"Ciudad y Region","description":"","potentialAction":[{"@type":"SearchAction","target":{"@type":"EntryPoint","urlTemplate":"https:\/\/ciudadyregion.com.co\/?s={search_term_string}"},"query-input":{"@type":"PropertyValueSpecification","valueRequired":true,"valueName":"search_term_string"}}],"inLanguage":"es"},{"@type":"Person","@id":"https:\/\/ciudadyregion.com.co\/#\/schema\/person\/04a4954373ebc4051f46e8c65ff78622","name":"David Andr\u00e9s Aguirre","image":{"@type":"ImageObject","inLanguage":"es","@id":"https:\/\/ciudadyregion.com.co\/#\/schema\/person\/image\/","url":"https:\/\/secure.gravatar.com\/avatar\/bc3c655860202182ee6d1b5edd042dbe?s=96&d=mm&r=g","contentUrl":"https:\/\/secure.gravatar.com\/avatar\/bc3c655860202182ee6d1b5edd042dbe?s=96&d=mm&r=g","caption":"David Andr\u00e9s Aguirre"},"url":"https:\/\/ciudadyregion.com.co\/index.php\/author\/diegoaguirre\/"}]}},"jetpack_featured_media_url":"https:\/\/i0.wp.com\/ciudadyregion.com.co\/wp-content\/uploads\/2026\/03\/Pag-2026-03-16T082534.494.jpg?fit=800%2C445&ssl=1","jetpack_sharing_enabled":true,"jetpack_shortlink":"https:\/\/wp.me\/pbS7hh-eUE","jetpack-related-posts":[],"_links":{"self":[{"href":"https:\/\/ciudadyregion.com.co\/index.php\/wp-json\/wp\/v2\/posts\/57328"}],"collection":[{"href":"https:\/\/ciudadyregion.com.co\/index.php\/wp-json\/wp\/v2\/posts"}],"about":[{"href":"https:\/\/ciudadyregion.com.co\/index.php\/wp-json\/wp\/v2\/types\/post"}],"author":[{"embeddable":true,"href":"https:\/\/ciudadyregion.com.co\/index.php\/wp-json\/wp\/v2\/users\/2"}],"replies":[{"embeddable":true,"href":"https:\/\/ciudadyregion.com.co\/index.php\/wp-json\/wp\/v2\/comments?post=57328"}],"version-history":[{"count":1,"href":"https:\/\/ciudadyregion.com.co\/index.php\/wp-json\/wp\/v2\/posts\/57328\/revisions"}],"predecessor-version":[{"id":57330,"href":"https:\/\/ciudadyregion.com.co\/index.php\/wp-json\/wp\/v2\/posts\/57328\/revisions\/57330"}],"wp:featuredmedia":[{"embeddable":true,"href":"https:\/\/ciudadyregion.com.co\/index.php\/wp-json\/wp\/v2\/media\/57329"}],"wp:attachment":[{"href":"https:\/\/ciudadyregion.com.co\/index.php\/wp-json\/wp\/v2\/media?parent=57328"}],"wp:term":[{"taxonomy":"category","embeddable":true,"href":"https:\/\/ciudadyregion.com.co\/index.php\/wp-json\/wp\/v2\/categories?post=57328"},{"taxonomy":"post_tag","embeddable":true,"href":"https:\/\/ciudadyregion.com.co\/index.php\/wp-json\/wp\/v2\/tags?post=57328"}],"curies":[{"name":"wp","href":"https:\/\/api.w.org\/{rel}","templated":true}]}}