{"id":57322,"date":"2026-03-16T08:17:59","date_gmt":"2026-03-16T13:17:59","guid":{"rendered":"https:\/\/ciudadyregion.com.co\/?p=57322"},"modified":"2026-03-16T08:18:25","modified_gmt":"2026-03-16T13:18:25","slug":"inician-pagos-del-subsidio-de-transporte-escolar-para-estudiantes-de-herveo","status":"publish","type":"post","link":"https:\/\/ciudadyregion.com.co\/index.php\/inician-pagos-del-subsidio-de-transporte-escolar-para-estudiantes-de-herveo\/regional\/","title":{"rendered":"Inician pagos del subsidio de transporte escolar para estudiantes de Herveo"},"content":{"rendered":"<p>Los beneficiarios podr\u00e1n reclamar el incentivo econ\u00f3mico entre el 16 y el 30 de marzo en los puntos de pago autorizados, presentando fotocopia de la c\u00e9dula.<\/p>\n<p>La Alcald\u00eda de Herveo anunci\u00f3 el inicio de los pagos del subsidio de transporte escolar, un apoyo que beneficiar\u00e1 a 295 estudiantes del municipio y que busca facilitar su desplazamiento hacia las instituciones educativas.<\/p>\n<p>Los pagos se realizar\u00e1n a partir del lunes 16 y hasta el 30 de marzo y podr\u00e1n reclamarse en cualquiera de los puntos de la red Gana Gana, presentando fotocopia de la c\u00e9dula.<\/p>\n<p>Para la ejecuci\u00f3n de este programa, la Administraci\u00f3n Municipal cuenta con un Certificado de Disponibilidad Presupuestal por $58.277.880, recursos destinados a garantizar este apoyo a los estudiantes del municipio.<\/p>\n<p>El proceso de pago hab\u00eda sido postergado mientras se completaban las inscripciones de los padres de familia y la certificaci\u00f3n de asistencia por parte de los rectores de las instituciones educativas.<\/p>\n<p>Desde la Administraci\u00f3n Municipal se reiter\u00f3 el compromiso de continuar impulsando estrategias que contribuyan al bienestar de los estudiantes y al fortalecimiento de la educaci\u00f3n en el municipio.<\/p>\n<div style=\"width: 512px;\" class=\"wp-video\"><!--[if lt IE 9]><script>document.createElement('video');<\/script><![endif]-->\n<video class=\"wp-video-shortcode\" id=\"video-57322-1\" width=\"512\" height=\"464\" preload=\"metadata\" controls=\"controls\"><source type=\"video\/mp4\" src=\"https:\/\/ciudadyregion.com.co\/wp-content\/uploads\/2026\/03\/WhatsApp-Video-2026-03-14-at-2.03.08-PM.mp4?_=1\" \/><a href=\"https:\/\/ciudadyregion.com.co\/wp-content\/uploads\/2026\/03\/WhatsApp-Video-2026-03-14-at-2.03.08-PM.mp4\">https:\/\/ciudadyregion.com.co\/wp-content\/uploads\/2026\/03\/WhatsApp-Video-2026-03-14-at-2.03.08-PM.mp4<\/a><\/video><\/div>\n<p>&nbsp;<\/p>\n","protected":false},"excerpt":{"rendered":"<p>Los beneficiarios podr\u00e1n reclamar el incentivo econ\u00f3mico entre el 16 y el 30 de marzo en los puntos de pago autorizados, presentando fotocopia de la c\u00e9dula. La Alcald\u00eda de Herveo anunci\u00f3 el inicio de los pagos del subsidio de transporte escolar, un apoyo que beneficiar\u00e1 a 295 estudiantes del municipio<span class=\"more-link\"><a href=\"https:\/\/ciudadyregion.com.co\/index.php\/inician-pagos-del-subsidio-de-transporte-escolar-para-estudiantes-de-herveo\/regional\/\">Continuar Leyendo<\/a><\/span><\/p>\n","protected":false},"author":2,"featured_media":57324,"comment_status":"open","ping_status":"open","sticky":false,"template":"","format":"standard","meta":{"_uf_show_specific_survey":0,"_uf_disable_surveys":false,"_jetpack_memberships_contains_paid_content":false,"footnotes":"","jetpack_publicize_message":"","jetpack_publicize_feature_enabled":true,"jetpack_social_post_already_shared":true,"jetpack_social_options":{"image_generator_settings":{"template":"highway","enabled":false},"version":2}},"categories":[13],"tags":[],"class_list":["entry","author-diegoaguirre","post-57322","post","type-post","status-publish","format-standard","has-post-thumbnail","category-regional"],"jetpack_publicize_connections":[],"yoast_head":"<!-- This site is optimized with the Yoast SEO plugin v24.3 - https:\/\/yoast.com\/wordpress\/plugins\/seo\/ -->\n<title>Inician pagos del subsidio de transporte escolar para estudiantes de Herveo - Ciudad y Region<\/title>\n<meta name=\"robots\" content=\"index, follow, max-snippet:-1, max-image-preview:large, max-video-preview:-1\" \/>\n<link rel=\"canonical\" href=\"https:\/\/ciudadyregion.com.co\/index.php\/inician-pagos-del-subsidio-de-transporte-escolar-para-estudiantes-de-herveo\/regional\/\" \/>\n<meta property=\"og:locale\" content=\"es_ES\" \/>\n<meta property=\"og:type\" content=\"article\" \/>\n<meta property=\"og:title\" content=\"Inician pagos del subsidio de transporte escolar para estudiantes de Herveo - Ciudad y Region\" \/>\n<meta property=\"og:description\" content=\"Los beneficiarios podr\u00e1n reclamar el incentivo econ\u00f3mico entre el 16 y el 30 de marzo en los puntos de pago autorizados, presentando fotocopia de la c\u00e9dula. La Alcald\u00eda de Herveo anunci\u00f3 el inicio de los pagos del subsidio de transporte escolar, un apoyo que beneficiar\u00e1 a 295 estudiantes del municipioContinuar Leyendo\" \/>\n<meta property=\"og:url\" content=\"https:\/\/ciudadyregion.com.co\/index.php\/inician-pagos-del-subsidio-de-transporte-escolar-para-estudiantes-de-herveo\/regional\/\" \/>\n<meta property=\"og:site_name\" content=\"Ciudad y Region\" \/>\n<meta property=\"article:published_time\" content=\"2026-03-16T13:17:59+00:00\" \/>\n<meta property=\"article:modified_time\" content=\"2026-03-16T13:18:25+00:00\" \/>\n<meta property=\"og:image\" content=\"https:\/\/ciudadyregion.com.co\/wp-content\/uploads\/2026\/03\/Pag-2026-03-16T081647.486.jpg\" \/>\n\t<meta property=\"og:image:width\" content=\"800\" \/>\n\t<meta property=\"og:image:height\" content=\"445\" \/>\n\t<meta property=\"og:image:type\" content=\"image\/jpeg\" \/>\n<meta name=\"author\" content=\"David Andr\u00e9s Aguirre\" \/>\n<meta name=\"twitter:card\" content=\"summary_large_image\" \/>\n<meta name=\"twitter:label1\" content=\"Escrito por\" \/>\n\t<meta name=\"twitter:data1\" content=\"David Andr\u00e9s Aguirre\" \/>\n\t<meta name=\"twitter:label2\" content=\"Tiempo de lectura\" \/>\n\t<meta name=\"twitter:data2\" content=\"2 minutos\" \/>\n<script type=\"application\/ld+json\" class=\"yoast-schema-graph\">{\"@context\":\"https:\/\/schema.org\",\"@graph\":[{\"@type\":\"WebPage\",\"@id\":\"https:\/\/ciudadyregion.com.co\/index.php\/inician-pagos-del-subsidio-de-transporte-escolar-para-estudiantes-de-herveo\/regional\/\",\"url\":\"https:\/\/ciudadyregion.com.co\/index.php\/inician-pagos-del-subsidio-de-transporte-escolar-para-estudiantes-de-herveo\/regional\/\",\"name\":\"Inician pagos del subsidio de transporte escolar para estudiantes de Herveo - Ciudad y Region\",\"isPartOf\":{\"@id\":\"https:\/\/ciudadyregion.com.co\/#website\"},\"primaryImageOfPage\":{\"@id\":\"https:\/\/ciudadyregion.com.co\/index.php\/inician-pagos-del-subsidio-de-transporte-escolar-para-estudiantes-de-herveo\/regional\/#primaryimage\"},\"image\":{\"@id\":\"https:\/\/ciudadyregion.com.co\/index.php\/inician-pagos-del-subsidio-de-transporte-escolar-para-estudiantes-de-herveo\/regional\/#primaryimage\"},\"thumbnailUrl\":\"https:\/\/i0.wp.com\/ciudadyregion.com.co\/wp-content\/uploads\/2026\/03\/Pag-2026-03-16T081647.486.jpg?fit=800%2C445&ssl=1\",\"datePublished\":\"2026-03-16T13:17:59+00:00\",\"dateModified\":\"2026-03-16T13:18:25+00:00\",\"author\":{\"@id\":\"https:\/\/ciudadyregion.com.co\/#\/schema\/person\/04a4954373ebc4051f46e8c65ff78622\"},\"breadcrumb\":{\"@id\":\"https:\/\/ciudadyregion.com.co\/index.php\/inician-pagos-del-subsidio-de-transporte-escolar-para-estudiantes-de-herveo\/regional\/#breadcrumb\"},\"inLanguage\":\"es\",\"potentialAction\":[{\"@type\":\"ReadAction\",\"target\":[\"https:\/\/ciudadyregion.com.co\/index.php\/inician-pagos-del-subsidio-de-transporte-escolar-para-estudiantes-de-herveo\/regional\/\"]}]},{\"@type\":\"ImageObject\",\"inLanguage\":\"es\",\"@id\":\"https:\/\/ciudadyregion.com.co\/index.php\/inician-pagos-del-subsidio-de-transporte-escolar-para-estudiantes-de-herveo\/regional\/#primaryimage\",\"url\":\"https:\/\/i0.wp.com\/ciudadyregion.com.co\/wp-content\/uploads\/2026\/03\/Pag-2026-03-16T081647.486.jpg?fit=800%2C445&ssl=1\",\"contentUrl\":\"https:\/\/i0.wp.com\/ciudadyregion.com.co\/wp-content\/uploads\/2026\/03\/Pag-2026-03-16T081647.486.jpg?fit=800%2C445&ssl=1\",\"width\":800,\"height\":445},{\"@type\":\"BreadcrumbList\",\"@id\":\"https:\/\/ciudadyregion.com.co\/index.php\/inician-pagos-del-subsidio-de-transporte-escolar-para-estudiantes-de-herveo\/regional\/#breadcrumb\",\"itemListElement\":[{\"@type\":\"ListItem\",\"position\":1,\"name\":\"Portada\",\"item\":\"https:\/\/ciudadyregion.com.co\/\"},{\"@type\":\"ListItem\",\"position\":2,\"name\":\"Inician pagos del subsidio de transporte escolar para estudiantes de Herveo\"}]},{\"@type\":\"WebSite\",\"@id\":\"https:\/\/ciudadyregion.com.co\/#website\",\"url\":\"https:\/\/ciudadyregion.com.co\/\",\"name\":\"Ciudad y Region\",\"description\":\"\",\"potentialAction\":[{\"@type\":\"SearchAction\",\"target\":{\"@type\":\"EntryPoint\",\"urlTemplate\":\"https:\/\/ciudadyregion.com.co\/?s={search_term_string}\"},\"query-input\":{\"@type\":\"PropertyValueSpecification\",\"valueRequired\":true,\"valueName\":\"search_term_string\"}}],\"inLanguage\":\"es\"},{\"@type\":\"Person\",\"@id\":\"https:\/\/ciudadyregion.com.co\/#\/schema\/person\/04a4954373ebc4051f46e8c65ff78622\",\"name\":\"David Andr\u00e9s Aguirre\",\"image\":{\"@type\":\"ImageObject\",\"inLanguage\":\"es\",\"@id\":\"https:\/\/ciudadyregion.com.co\/#\/schema\/person\/image\/\",\"url\":\"https:\/\/secure.gravatar.com\/avatar\/bc3c655860202182ee6d1b5edd042dbe?s=96&d=mm&r=g\",\"contentUrl\":\"https:\/\/secure.gravatar.com\/avatar\/bc3c655860202182ee6d1b5edd042dbe?s=96&d=mm&r=g\",\"caption\":\"David Andr\u00e9s Aguirre\"},\"url\":\"https:\/\/ciudadyregion.com.co\/index.php\/author\/diegoaguirre\/\"}]}<\/script>\n<!-- \/ Yoast SEO plugin. -->","yoast_head_json":{"title":"Inician pagos del subsidio de transporte escolar para estudiantes de Herveo - Ciudad y Region","robots":{"index":"index","follow":"follow","max-snippet":"max-snippet:-1","max-image-preview":"max-image-preview:large","max-video-preview":"max-video-preview:-1"},"canonical":"https:\/\/ciudadyregion.com.co\/index.php\/inician-pagos-del-subsidio-de-transporte-escolar-para-estudiantes-de-herveo\/regional\/","og_locale":"es_ES","og_type":"article","og_title":"Inician pagos del subsidio de transporte escolar para estudiantes de Herveo - Ciudad y Region","og_description":"Los beneficiarios podr\u00e1n reclamar el incentivo econ\u00f3mico entre el 16 y el 30 de marzo en los puntos de pago autorizados, presentando fotocopia de la c\u00e9dula. La Alcald\u00eda de Herveo anunci\u00f3 el inicio de los pagos del subsidio de transporte escolar, un apoyo que beneficiar\u00e1 a 295 estudiantes del municipioContinuar Leyendo","og_url":"https:\/\/ciudadyregion.com.co\/index.php\/inician-pagos-del-subsidio-de-transporte-escolar-para-estudiantes-de-herveo\/regional\/","og_site_name":"Ciudad y Region","article_published_time":"2026-03-16T13:17:59+00:00","article_modified_time":"2026-03-16T13:18:25+00:00","og_image":[{"width":800,"height":445,"url":"https:\/\/ciudadyregion.com.co\/wp-content\/uploads\/2026\/03\/Pag-2026-03-16T081647.486.jpg","type":"image\/jpeg"}],"author":"David Andr\u00e9s Aguirre","twitter_card":"summary_large_image","twitter_misc":{"Escrito por":"David Andr\u00e9s Aguirre","Tiempo de lectura":"2 minutos"},"schema":{"@context":"https:\/\/schema.org","@graph":[{"@type":"WebPage","@id":"https:\/\/ciudadyregion.com.co\/index.php\/inician-pagos-del-subsidio-de-transporte-escolar-para-estudiantes-de-herveo\/regional\/","url":"https:\/\/ciudadyregion.com.co\/index.php\/inician-pagos-del-subsidio-de-transporte-escolar-para-estudiantes-de-herveo\/regional\/","name":"Inician pagos del subsidio de transporte escolar para estudiantes de Herveo - Ciudad y Region","isPartOf":{"@id":"https:\/\/ciudadyregion.com.co\/#website"},"primaryImageOfPage":{"@id":"https:\/\/ciudadyregion.com.co\/index.php\/inician-pagos-del-subsidio-de-transporte-escolar-para-estudiantes-de-herveo\/regional\/#primaryimage"},"image":{"@id":"https:\/\/ciudadyregion.com.co\/index.php\/inician-pagos-del-subsidio-de-transporte-escolar-para-estudiantes-de-herveo\/regional\/#primaryimage"},"thumbnailUrl":"https:\/\/i0.wp.com\/ciudadyregion.com.co\/wp-content\/uploads\/2026\/03\/Pag-2026-03-16T081647.486.jpg?fit=800%2C445&ssl=1","datePublished":"2026-03-16T13:17:59+00:00","dateModified":"2026-03-16T13:18:25+00:00","author":{"@id":"https:\/\/ciudadyregion.com.co\/#\/schema\/person\/04a4954373ebc4051f46e8c65ff78622"},"breadcrumb":{"@id":"https:\/\/ciudadyregion.com.co\/index.php\/inician-pagos-del-subsidio-de-transporte-escolar-para-estudiantes-de-herveo\/regional\/#breadcrumb"},"inLanguage":"es","potentialAction":[{"@type":"ReadAction","target":["https:\/\/ciudadyregion.com.co\/index.php\/inician-pagos-del-subsidio-de-transporte-escolar-para-estudiantes-de-herveo\/regional\/"]}]},{"@type":"ImageObject","inLanguage":"es","@id":"https:\/\/ciudadyregion.com.co\/index.php\/inician-pagos-del-subsidio-de-transporte-escolar-para-estudiantes-de-herveo\/regional\/#primaryimage","url":"https:\/\/i0.wp.com\/ciudadyregion.com.co\/wp-content\/uploads\/2026\/03\/Pag-2026-03-16T081647.486.jpg?fit=800%2C445&ssl=1","contentUrl":"https:\/\/i0.wp.com\/ciudadyregion.com.co\/wp-content\/uploads\/2026\/03\/Pag-2026-03-16T081647.486.jpg?fit=800%2C445&ssl=1","width":800,"height":445},{"@type":"BreadcrumbList","@id":"https:\/\/ciudadyregion.com.co\/index.php\/inician-pagos-del-subsidio-de-transporte-escolar-para-estudiantes-de-herveo\/regional\/#breadcrumb","itemListElement":[{"@type":"ListItem","position":1,"name":"Portada","item":"https:\/\/ciudadyregion.com.co\/"},{"@type":"ListItem","position":2,"name":"Inician pagos del subsidio de transporte escolar para estudiantes de Herveo"}]},{"@type":"WebSite","@id":"https:\/\/ciudadyregion.com.co\/#website","url":"https:\/\/ciudadyregion.com.co\/","name":"Ciudad y Region","description":"","potentialAction":[{"@type":"SearchAction","target":{"@type":"EntryPoint","urlTemplate":"https:\/\/ciudadyregion.com.co\/?s={search_term_string}"},"query-input":{"@type":"PropertyValueSpecification","valueRequired":true,"valueName":"search_term_string"}}],"inLanguage":"es"},{"@type":"Person","@id":"https:\/\/ciudadyregion.com.co\/#\/schema\/person\/04a4954373ebc4051f46e8c65ff78622","name":"David Andr\u00e9s Aguirre","image":{"@type":"ImageObject","inLanguage":"es","@id":"https:\/\/ciudadyregion.com.co\/#\/schema\/person\/image\/","url":"https:\/\/secure.gravatar.com\/avatar\/bc3c655860202182ee6d1b5edd042dbe?s=96&d=mm&r=g","contentUrl":"https:\/\/secure.gravatar.com\/avatar\/bc3c655860202182ee6d1b5edd042dbe?s=96&d=mm&r=g","caption":"David Andr\u00e9s Aguirre"},"url":"https:\/\/ciudadyregion.com.co\/index.php\/author\/diegoaguirre\/"}]}},"jetpack_featured_media_url":"https:\/\/i0.wp.com\/ciudadyregion.com.co\/wp-content\/uploads\/2026\/03\/Pag-2026-03-16T081647.486.jpg?fit=800%2C445&ssl=1","jetpack_sharing_enabled":true,"jetpack_shortlink":"https:\/\/wp.me\/pbS7hh-eUy","jetpack-related-posts":[],"_links":{"self":[{"href":"https:\/\/ciudadyregion.com.co\/index.php\/wp-json\/wp\/v2\/posts\/57322"}],"collection":[{"href":"https:\/\/ciudadyregion.com.co\/index.php\/wp-json\/wp\/v2\/posts"}],"about":[{"href":"https:\/\/ciudadyregion.com.co\/index.php\/wp-json\/wp\/v2\/types\/post"}],"author":[{"embeddable":true,"href":"https:\/\/ciudadyregion.com.co\/index.php\/wp-json\/wp\/v2\/users\/2"}],"replies":[{"embeddable":true,"href":"https:\/\/ciudadyregion.com.co\/index.php\/wp-json\/wp\/v2\/comments?post=57322"}],"version-history":[{"count":2,"href":"https:\/\/ciudadyregion.com.co\/index.php\/wp-json\/wp\/v2\/posts\/57322\/revisions"}],"predecessor-version":[{"id":57326,"href":"https:\/\/ciudadyregion.com.co\/index.php\/wp-json\/wp\/v2\/posts\/57322\/revisions\/57326"}],"wp:featuredmedia":[{"embeddable":true,"href":"https:\/\/ciudadyregion.com.co\/index.php\/wp-json\/wp\/v2\/media\/57324"}],"wp:attachment":[{"href":"https:\/\/ciudadyregion.com.co\/index.php\/wp-json\/wp\/v2\/media?parent=57322"}],"wp:term":[{"taxonomy":"category","embeddable":true,"href":"https:\/\/ciudadyregion.com.co\/index.php\/wp-json\/wp\/v2\/categories?post=57322"},{"taxonomy":"post_tag","embeddable":true,"href":"https:\/\/ciudadyregion.com.co\/index.php\/wp-json\/wp\/v2\/tags?post=57322"}],"curies":[{"name":"wp","href":"https:\/\/api.w.org\/{rel}","templated":true}]}}