{"id":57311,"date":"2026-03-16T07:56:14","date_gmt":"2026-03-16T12:56:14","guid":{"rendered":"https:\/\/ciudadyregion.com.co\/?p=57311"},"modified":"2026-03-16T07:56:14","modified_gmt":"2026-03-16T12:56:14","slug":"ibague-vibro-al-ritmo-de-la-legalidad-en-homenaje-a-la-mujer-tolimense","status":"publish","type":"post","link":"https:\/\/ciudadyregion.com.co\/index.php\/ibague-vibro-al-ritmo-de-la-legalidad-en-homenaje-a-la-mujer-tolimense\/regional\/","title":{"rendered":"Ibagu\u00e9 vibr\u00f3 \u201cAl Ritmo de la Legalidad\u201d en homenaje a la mujer tolimense"},"content":{"rendered":"<p>En el marco del Mes de la Mujer, la Gobernaci\u00f3n del Tolima realiz\u00f3 en Ibagu\u00e9 la jornada \u201c\u00a1Al Ritmo de la Legalidad!: Mujer, el Tolima eres t\u00fa\u201d, un evento que reuni\u00f3 a decenas de mujeres en torno al bienestar, la integraci\u00f3n y el fortalecimiento de la cultura de la legalidad en el departamento.<\/p>\n<p>La actividad se llev\u00f3 a cabo el domingo 15 de marzo en la Plaza Manuel Murillo Toro, donde m\u00fasica, baile y actividad f\u00edsica se convirtieron en el escenario perfecto para reconocer el liderazgo, la fortaleza y el papel fundamental de las mujeres en la construcci\u00f3n de una sociedad m\u00e1s justa, saludable y responsable.<\/p>\n<p>Durante el evento, la secretaria de la Mujer del Tolima, Sandra Janneth Mahecha Ospina, destac\u00f3 la importancia de generar espacios institucionales que promuevan el bienestar y la participaci\u00f3n de las mujeres en el departamento.<\/p>\n<p>\u201cAs\u00ed es, darle gracias a nuestra gobernadora por esos espacios de salud y vida para nuestras mujeres del departamento. Decirles que aqu\u00ed estamos, desde la Secretar\u00eda de la Mujer, en conjunto con la Secretar\u00eda de Hacienda, para ayudarlas, para escucharlas y para capacitarlas\u201d, manifest\u00f3 la funcionaria.<\/p>\n<p>La jornada tambi\u00e9n sirvi\u00f3 para reforzar el mensaje ciudadano contra el contrabando y las pr\u00e1cticas ilegales que afectan la salud p\u00fablica y la econom\u00eda regional. En ese sentido, la secretaria de Hacienda del Tolima, Carol Andrea P\u00e1ramo Garc\u00eda, resalt\u00f3 el prop\u00f3sito pedag\u00f3gico de la actividad y el compromiso institucional en la defensa del comercio legal.<\/p>\n<p>\u201cHoy le dijimos NO a la ilegalidad de cigarrillos, licores y cervezas. Al ritmo de la legalidad, con la Secretar\u00eda de la Mujer y con apoyo de Indeportes, estuvimos en un rato de esparcimiento dici\u00e9ndoles no al contrabando. Pr\u00f3ximamente estaremos en otros municipios del departamento para llevar a\u00fan m\u00e1s el mensaje a todos los tolimenses\u201d, afirm\u00f3.<\/p>\n<p>La iniciativa fue liderada por el Grupo Operativo Anticontrabando del Tolima (GOAT) con el apoyo de la Secretar\u00eda de Hacienda del Tolima, la Secretar\u00eda de la Mujer del Tolima e Indeportes Tolima, entidades que unieron esfuerzos para promover estilos de vida saludables, la cultura ciudadana y el respaldo al comercio legal.<\/p>\n<p>Durante la jornada, las asistentes disfrutaron de diferentes actividades recreativas y espacios de bienestar que promovieron h\u00e1bitos de vida saludable. Adem\u00e1s, se entregaron detalles y reconocimientos que resaltaron el trabajo, la dedicaci\u00f3n y el aporte de las mujeres a la sociedad tolimense.<\/p>\n<p>El evento se desarroll\u00f3 en un ambiente de alegr\u00eda, integraci\u00f3n y participaci\u00f3n ciudadana, consolid\u00e1ndose como un espacio para reconocer el valor de la mujer tolimense y su papel en la defensa de la salud p\u00fablica, la econom\u00eda regional y el desarrollo social del departamento.<\/p>\n","protected":false},"excerpt":{"rendered":"<p>En el marco del Mes de la Mujer, la Gobernaci\u00f3n del Tolima realiz\u00f3 en Ibagu\u00e9 la jornada \u201c\u00a1Al Ritmo de la Legalidad!: Mujer, el Tolima eres t\u00fa\u201d, un evento que reuni\u00f3 a decenas de mujeres en torno al bienestar, la integraci\u00f3n y el fortalecimiento de la cultura de la legalidad<span class=\"more-link\"><a href=\"https:\/\/ciudadyregion.com.co\/index.php\/ibague-vibro-al-ritmo-de-la-legalidad-en-homenaje-a-la-mujer-tolimense\/regional\/\">Continuar Leyendo<\/a><\/span><\/p>\n","protected":false},"author":2,"featured_media":57313,"comment_status":"open","ping_status":"open","sticky":false,"template":"","format":"standard","meta":{"_uf_show_specific_survey":0,"_uf_disable_surveys":false,"_jetpack_memberships_contains_paid_content":false,"footnotes":"","jetpack_publicize_message":"","jetpack_publicize_feature_enabled":true,"jetpack_social_post_already_shared":true,"jetpack_social_options":{"image_generator_settings":{"template":"highway","enabled":false},"version":2}},"categories":[13],"tags":[],"class_list":["entry","author-diegoaguirre","post-57311","post","type-post","status-publish","format-standard","has-post-thumbnail","category-regional"],"jetpack_publicize_connections":[],"yoast_head":"<!-- This site is optimized with the Yoast SEO plugin v24.3 - https:\/\/yoast.com\/wordpress\/plugins\/seo\/ -->\n<title>Ibagu\u00e9 vibr\u00f3 \u201cAl Ritmo de la Legalidad\u201d en homenaje a la mujer tolimense - Ciudad y Region<\/title>\n<meta name=\"robots\" content=\"index, follow, max-snippet:-1, max-image-preview:large, max-video-preview:-1\" \/>\n<link rel=\"canonical\" href=\"https:\/\/ciudadyregion.com.co\/index.php\/ibague-vibro-al-ritmo-de-la-legalidad-en-homenaje-a-la-mujer-tolimense\/regional\/\" \/>\n<meta property=\"og:locale\" content=\"es_ES\" \/>\n<meta property=\"og:type\" content=\"article\" \/>\n<meta property=\"og:title\" content=\"Ibagu\u00e9 vibr\u00f3 \u201cAl Ritmo de la Legalidad\u201d en homenaje a la mujer tolimense - Ciudad y Region\" \/>\n<meta property=\"og:description\" content=\"En el marco del Mes de la Mujer, la Gobernaci\u00f3n del Tolima realiz\u00f3 en Ibagu\u00e9 la jornada \u201c\u00a1Al Ritmo de la Legalidad!: Mujer, el Tolima eres t\u00fa\u201d, un evento que reuni\u00f3 a decenas de mujeres en torno al bienestar, la integraci\u00f3n y el fortalecimiento de la cultura de la legalidadContinuar Leyendo\" \/>\n<meta property=\"og:url\" content=\"https:\/\/ciudadyregion.com.co\/index.php\/ibague-vibro-al-ritmo-de-la-legalidad-en-homenaje-a-la-mujer-tolimense\/regional\/\" \/>\n<meta property=\"og:site_name\" content=\"Ciudad y Region\" \/>\n<meta property=\"article:published_time\" content=\"2026-03-16T12:56:14+00:00\" \/>\n<meta property=\"og:image\" content=\"https:\/\/ciudadyregion.com.co\/wp-content\/uploads\/2026\/03\/Pag-2026-03-16T075550.962.jpg\" \/>\n\t<meta property=\"og:image:width\" content=\"800\" \/>\n\t<meta property=\"og:image:height\" content=\"445\" \/>\n\t<meta property=\"og:image:type\" content=\"image\/jpeg\" \/>\n<meta name=\"author\" content=\"David Andr\u00e9s Aguirre\" \/>\n<meta name=\"twitter:card\" content=\"summary_large_image\" \/>\n<meta name=\"twitter:label1\" content=\"Escrito por\" \/>\n\t<meta name=\"twitter:data1\" content=\"David Andr\u00e9s Aguirre\" \/>\n\t<meta name=\"twitter:label2\" content=\"Tiempo de lectura\" \/>\n\t<meta name=\"twitter:data2\" content=\"3 minutos\" \/>\n<script type=\"application\/ld+json\" class=\"yoast-schema-graph\">{\"@context\":\"https:\/\/schema.org\",\"@graph\":[{\"@type\":\"WebPage\",\"@id\":\"https:\/\/ciudadyregion.com.co\/index.php\/ibague-vibro-al-ritmo-de-la-legalidad-en-homenaje-a-la-mujer-tolimense\/regional\/\",\"url\":\"https:\/\/ciudadyregion.com.co\/index.php\/ibague-vibro-al-ritmo-de-la-legalidad-en-homenaje-a-la-mujer-tolimense\/regional\/\",\"name\":\"Ibagu\u00e9 vibr\u00f3 \u201cAl Ritmo de la Legalidad\u201d en homenaje a la mujer tolimense - Ciudad y Region\",\"isPartOf\":{\"@id\":\"https:\/\/ciudadyregion.com.co\/#website\"},\"primaryImageOfPage\":{\"@id\":\"https:\/\/ciudadyregion.com.co\/index.php\/ibague-vibro-al-ritmo-de-la-legalidad-en-homenaje-a-la-mujer-tolimense\/regional\/#primaryimage\"},\"image\":{\"@id\":\"https:\/\/ciudadyregion.com.co\/index.php\/ibague-vibro-al-ritmo-de-la-legalidad-en-homenaje-a-la-mujer-tolimense\/regional\/#primaryimage\"},\"thumbnailUrl\":\"https:\/\/i0.wp.com\/ciudadyregion.com.co\/wp-content\/uploads\/2026\/03\/Pag-2026-03-16T075550.962.jpg?fit=800%2C445&ssl=1\",\"datePublished\":\"2026-03-16T12:56:14+00:00\",\"dateModified\":\"2026-03-16T12:56:14+00:00\",\"author\":{\"@id\":\"https:\/\/ciudadyregion.com.co\/#\/schema\/person\/04a4954373ebc4051f46e8c65ff78622\"},\"breadcrumb\":{\"@id\":\"https:\/\/ciudadyregion.com.co\/index.php\/ibague-vibro-al-ritmo-de-la-legalidad-en-homenaje-a-la-mujer-tolimense\/regional\/#breadcrumb\"},\"inLanguage\":\"es\",\"potentialAction\":[{\"@type\":\"ReadAction\",\"target\":[\"https:\/\/ciudadyregion.com.co\/index.php\/ibague-vibro-al-ritmo-de-la-legalidad-en-homenaje-a-la-mujer-tolimense\/regional\/\"]}]},{\"@type\":\"ImageObject\",\"inLanguage\":\"es\",\"@id\":\"https:\/\/ciudadyregion.com.co\/index.php\/ibague-vibro-al-ritmo-de-la-legalidad-en-homenaje-a-la-mujer-tolimense\/regional\/#primaryimage\",\"url\":\"https:\/\/i0.wp.com\/ciudadyregion.com.co\/wp-content\/uploads\/2026\/03\/Pag-2026-03-16T075550.962.jpg?fit=800%2C445&ssl=1\",\"contentUrl\":\"https:\/\/i0.wp.com\/ciudadyregion.com.co\/wp-content\/uploads\/2026\/03\/Pag-2026-03-16T075550.962.jpg?fit=800%2C445&ssl=1\",\"width\":800,\"height\":445},{\"@type\":\"BreadcrumbList\",\"@id\":\"https:\/\/ciudadyregion.com.co\/index.php\/ibague-vibro-al-ritmo-de-la-legalidad-en-homenaje-a-la-mujer-tolimense\/regional\/#breadcrumb\",\"itemListElement\":[{\"@type\":\"ListItem\",\"position\":1,\"name\":\"Portada\",\"item\":\"https:\/\/ciudadyregion.com.co\/\"},{\"@type\":\"ListItem\",\"position\":2,\"name\":\"Ibagu\u00e9 vibr\u00f3 \u201cAl Ritmo de la Legalidad\u201d en homenaje a la mujer tolimense\"}]},{\"@type\":\"WebSite\",\"@id\":\"https:\/\/ciudadyregion.com.co\/#website\",\"url\":\"https:\/\/ciudadyregion.com.co\/\",\"name\":\"Ciudad y Region\",\"description\":\"\",\"potentialAction\":[{\"@type\":\"SearchAction\",\"target\":{\"@type\":\"EntryPoint\",\"urlTemplate\":\"https:\/\/ciudadyregion.com.co\/?s={search_term_string}\"},\"query-input\":{\"@type\":\"PropertyValueSpecification\",\"valueRequired\":true,\"valueName\":\"search_term_string\"}}],\"inLanguage\":\"es\"},{\"@type\":\"Person\",\"@id\":\"https:\/\/ciudadyregion.com.co\/#\/schema\/person\/04a4954373ebc4051f46e8c65ff78622\",\"name\":\"David Andr\u00e9s Aguirre\",\"image\":{\"@type\":\"ImageObject\",\"inLanguage\":\"es\",\"@id\":\"https:\/\/ciudadyregion.com.co\/#\/schema\/person\/image\/\",\"url\":\"https:\/\/secure.gravatar.com\/avatar\/bc3c655860202182ee6d1b5edd042dbe?s=96&d=mm&r=g\",\"contentUrl\":\"https:\/\/secure.gravatar.com\/avatar\/bc3c655860202182ee6d1b5edd042dbe?s=96&d=mm&r=g\",\"caption\":\"David Andr\u00e9s Aguirre\"},\"url\":\"https:\/\/ciudadyregion.com.co\/index.php\/author\/diegoaguirre\/\"}]}<\/script>\n<!-- \/ Yoast SEO plugin. -->","yoast_head_json":{"title":"Ibagu\u00e9 vibr\u00f3 \u201cAl Ritmo de la Legalidad\u201d en homenaje a la mujer tolimense - Ciudad y Region","robots":{"index":"index","follow":"follow","max-snippet":"max-snippet:-1","max-image-preview":"max-image-preview:large","max-video-preview":"max-video-preview:-1"},"canonical":"https:\/\/ciudadyregion.com.co\/index.php\/ibague-vibro-al-ritmo-de-la-legalidad-en-homenaje-a-la-mujer-tolimense\/regional\/","og_locale":"es_ES","og_type":"article","og_title":"Ibagu\u00e9 vibr\u00f3 \u201cAl Ritmo de la Legalidad\u201d en homenaje a la mujer tolimense - Ciudad y Region","og_description":"En el marco del Mes de la Mujer, la Gobernaci\u00f3n del Tolima realiz\u00f3 en Ibagu\u00e9 la jornada \u201c\u00a1Al Ritmo de la Legalidad!: Mujer, el Tolima eres t\u00fa\u201d, un evento que reuni\u00f3 a decenas de mujeres en torno al bienestar, la integraci\u00f3n y el fortalecimiento de la cultura de la legalidadContinuar Leyendo","og_url":"https:\/\/ciudadyregion.com.co\/index.php\/ibague-vibro-al-ritmo-de-la-legalidad-en-homenaje-a-la-mujer-tolimense\/regional\/","og_site_name":"Ciudad y Region","article_published_time":"2026-03-16T12:56:14+00:00","og_image":[{"width":800,"height":445,"url":"https:\/\/ciudadyregion.com.co\/wp-content\/uploads\/2026\/03\/Pag-2026-03-16T075550.962.jpg","type":"image\/jpeg"}],"author":"David Andr\u00e9s Aguirre","twitter_card":"summary_large_image","twitter_misc":{"Escrito por":"David Andr\u00e9s Aguirre","Tiempo de lectura":"3 minutos"},"schema":{"@context":"https:\/\/schema.org","@graph":[{"@type":"WebPage","@id":"https:\/\/ciudadyregion.com.co\/index.php\/ibague-vibro-al-ritmo-de-la-legalidad-en-homenaje-a-la-mujer-tolimense\/regional\/","url":"https:\/\/ciudadyregion.com.co\/index.php\/ibague-vibro-al-ritmo-de-la-legalidad-en-homenaje-a-la-mujer-tolimense\/regional\/","name":"Ibagu\u00e9 vibr\u00f3 \u201cAl Ritmo de la Legalidad\u201d en homenaje a la mujer tolimense - Ciudad y Region","isPartOf":{"@id":"https:\/\/ciudadyregion.com.co\/#website"},"primaryImageOfPage":{"@id":"https:\/\/ciudadyregion.com.co\/index.php\/ibague-vibro-al-ritmo-de-la-legalidad-en-homenaje-a-la-mujer-tolimense\/regional\/#primaryimage"},"image":{"@id":"https:\/\/ciudadyregion.com.co\/index.php\/ibague-vibro-al-ritmo-de-la-legalidad-en-homenaje-a-la-mujer-tolimense\/regional\/#primaryimage"},"thumbnailUrl":"https:\/\/i0.wp.com\/ciudadyregion.com.co\/wp-content\/uploads\/2026\/03\/Pag-2026-03-16T075550.962.jpg?fit=800%2C445&ssl=1","datePublished":"2026-03-16T12:56:14+00:00","dateModified":"2026-03-16T12:56:14+00:00","author":{"@id":"https:\/\/ciudadyregion.com.co\/#\/schema\/person\/04a4954373ebc4051f46e8c65ff78622"},"breadcrumb":{"@id":"https:\/\/ciudadyregion.com.co\/index.php\/ibague-vibro-al-ritmo-de-la-legalidad-en-homenaje-a-la-mujer-tolimense\/regional\/#breadcrumb"},"inLanguage":"es","potentialAction":[{"@type":"ReadAction","target":["https:\/\/ciudadyregion.com.co\/index.php\/ibague-vibro-al-ritmo-de-la-legalidad-en-homenaje-a-la-mujer-tolimense\/regional\/"]}]},{"@type":"ImageObject","inLanguage":"es","@id":"https:\/\/ciudadyregion.com.co\/index.php\/ibague-vibro-al-ritmo-de-la-legalidad-en-homenaje-a-la-mujer-tolimense\/regional\/#primaryimage","url":"https:\/\/i0.wp.com\/ciudadyregion.com.co\/wp-content\/uploads\/2026\/03\/Pag-2026-03-16T075550.962.jpg?fit=800%2C445&ssl=1","contentUrl":"https:\/\/i0.wp.com\/ciudadyregion.com.co\/wp-content\/uploads\/2026\/03\/Pag-2026-03-16T075550.962.jpg?fit=800%2C445&ssl=1","width":800,"height":445},{"@type":"BreadcrumbList","@id":"https:\/\/ciudadyregion.com.co\/index.php\/ibague-vibro-al-ritmo-de-la-legalidad-en-homenaje-a-la-mujer-tolimense\/regional\/#breadcrumb","itemListElement":[{"@type":"ListItem","position":1,"name":"Portada","item":"https:\/\/ciudadyregion.com.co\/"},{"@type":"ListItem","position":2,"name":"Ibagu\u00e9 vibr\u00f3 \u201cAl Ritmo de la Legalidad\u201d en homenaje a la mujer tolimense"}]},{"@type":"WebSite","@id":"https:\/\/ciudadyregion.com.co\/#website","url":"https:\/\/ciudadyregion.com.co\/","name":"Ciudad y Region","description":"","potentialAction":[{"@type":"SearchAction","target":{"@type":"EntryPoint","urlTemplate":"https:\/\/ciudadyregion.com.co\/?s={search_term_string}"},"query-input":{"@type":"PropertyValueSpecification","valueRequired":true,"valueName":"search_term_string"}}],"inLanguage":"es"},{"@type":"Person","@id":"https:\/\/ciudadyregion.com.co\/#\/schema\/person\/04a4954373ebc4051f46e8c65ff78622","name":"David Andr\u00e9s Aguirre","image":{"@type":"ImageObject","inLanguage":"es","@id":"https:\/\/ciudadyregion.com.co\/#\/schema\/person\/image\/","url":"https:\/\/secure.gravatar.com\/avatar\/bc3c655860202182ee6d1b5edd042dbe?s=96&d=mm&r=g","contentUrl":"https:\/\/secure.gravatar.com\/avatar\/bc3c655860202182ee6d1b5edd042dbe?s=96&d=mm&r=g","caption":"David Andr\u00e9s Aguirre"},"url":"https:\/\/ciudadyregion.com.co\/index.php\/author\/diegoaguirre\/"}]}},"jetpack_featured_media_url":"https:\/\/i0.wp.com\/ciudadyregion.com.co\/wp-content\/uploads\/2026\/03\/Pag-2026-03-16T075550.962.jpg?fit=800%2C445&ssl=1","jetpack_sharing_enabled":true,"jetpack_shortlink":"https:\/\/wp.me\/pbS7hh-eUn","jetpack-related-posts":[],"_links":{"self":[{"href":"https:\/\/ciudadyregion.com.co\/index.php\/wp-json\/wp\/v2\/posts\/57311"}],"collection":[{"href":"https:\/\/ciudadyregion.com.co\/index.php\/wp-json\/wp\/v2\/posts"}],"about":[{"href":"https:\/\/ciudadyregion.com.co\/index.php\/wp-json\/wp\/v2\/types\/post"}],"author":[{"embeddable":true,"href":"https:\/\/ciudadyregion.com.co\/index.php\/wp-json\/wp\/v2\/users\/2"}],"replies":[{"embeddable":true,"href":"https:\/\/ciudadyregion.com.co\/index.php\/wp-json\/wp\/v2\/comments?post=57311"}],"version-history":[{"count":2,"href":"https:\/\/ciudadyregion.com.co\/index.php\/wp-json\/wp\/v2\/posts\/57311\/revisions"}],"predecessor-version":[{"id":57321,"href":"https:\/\/ciudadyregion.com.co\/index.php\/wp-json\/wp\/v2\/posts\/57311\/revisions\/57321"}],"wp:featuredmedia":[{"embeddable":true,"href":"https:\/\/ciudadyregion.com.co\/index.php\/wp-json\/wp\/v2\/media\/57313"}],"wp:attachment":[{"href":"https:\/\/ciudadyregion.com.co\/index.php\/wp-json\/wp\/v2\/media?parent=57311"}],"wp:term":[{"taxonomy":"category","embeddable":true,"href":"https:\/\/ciudadyregion.com.co\/index.php\/wp-json\/wp\/v2\/categories?post=57311"},{"taxonomy":"post_tag","embeddable":true,"href":"https:\/\/ciudadyregion.com.co\/index.php\/wp-json\/wp\/v2\/tags?post=57311"}],"curies":[{"name":"wp","href":"https:\/\/api.w.org\/{rel}","templated":true}]}}