{"id":57305,"date":"2026-03-14T03:54:17","date_gmt":"2026-03-14T08:54:17","guid":{"rendered":"https:\/\/ciudadyregion.com.co\/?p=57305"},"modified":"2026-03-16T07:54:34","modified_gmt":"2026-03-16T12:54:34","slug":"al-ritmo-de-la-legalidad-jornada-para-celebrar-a-las-mujeres-tolimenses","status":"publish","type":"post","link":"https:\/\/ciudadyregion.com.co\/index.php\/al-ritmo-de-la-legalidad-jornada-para-celebrar-a-las-mujeres-tolimenses\/regional\/","title":{"rendered":"\u201cAl Ritmo de la Legalidad\u201d: jornada para celebrar a las mujeres tolimenses"},"content":{"rendered":"<p>Con una jornada llena de m\u00fasica, baile y actividad f\u00edsica, la Gobernaci\u00f3n del Tolima invita a la comunidad a participar en \u201cAl Ritmo de la Legalidad\u201d, una iniciativa liderada por la Secretar\u00eda de Hacienda, a trav\u00e9s del Grupo Operativo Anticontrabando del Tolima (GOAT), en articulaci\u00f3n con la Secretar\u00eda de la Mujer.<\/p>\n<p>La actividad se realizar\u00e1 este domingo 15 de marzo, a partir de las 8:30 de la ma\u00f1ana en el Parque Manuel Murillo Toro, y est\u00e1 dirigida especialmente a las mujeres tolimenses, aunque tambi\u00e9n podr\u00e1n participar familias y ciudadan\u00eda en general.<\/p>\n<p>Esta jornada busca promover h\u00e1bitos de vida saludable, espacios de integraci\u00f3n y resaltar el papel de las mujeres en la construcci\u00f3n de un Tolima con m\u00e1s bienestar y legalidad.<\/p>\n","protected":false},"excerpt":{"rendered":"<p>Con una jornada llena de m\u00fasica, baile y actividad f\u00edsica, la Gobernaci\u00f3n del Tolima invita a la comunidad a participar en \u201cAl Ritmo de la Legalidad\u201d, una iniciativa liderada por la Secretar\u00eda de Hacienda, a trav\u00e9s del Grupo Operativo Anticontrabando del Tolima (GOAT), en articulaci\u00f3n con la Secretar\u00eda de la<span class=\"more-link\"><a href=\"https:\/\/ciudadyregion.com.co\/index.php\/al-ritmo-de-la-legalidad-jornada-para-celebrar-a-las-mujeres-tolimenses\/regional\/\">Continuar Leyendo<\/a><\/span><\/p>\n","protected":false},"author":2,"featured_media":57306,"comment_status":"open","ping_status":"open","sticky":false,"template":"","format":"standard","meta":{"_uf_show_specific_survey":0,"_uf_disable_surveys":false,"_jetpack_memberships_contains_paid_content":false,"footnotes":"","jetpack_publicize_message":"","jetpack_publicize_feature_enabled":true,"jetpack_social_post_already_shared":true,"jetpack_social_options":{"image_generator_settings":{"template":"highway","enabled":false},"version":2}},"categories":[13],"tags":[],"class_list":["entry","author-diegoaguirre","post-57305","post","type-post","status-publish","format-standard","has-post-thumbnail","category-regional"],"jetpack_publicize_connections":[],"yoast_head":"<!-- This site is optimized with the Yoast SEO plugin v24.3 - https:\/\/yoast.com\/wordpress\/plugins\/seo\/ -->\n<title>\u201cAl Ritmo de la Legalidad\u201d: jornada para celebrar a las mujeres tolimenses - Ciudad y Region<\/title>\n<meta name=\"robots\" content=\"index, follow, max-snippet:-1, max-image-preview:large, max-video-preview:-1\" \/>\n<link rel=\"canonical\" href=\"https:\/\/ciudadyregion.com.co\/index.php\/al-ritmo-de-la-legalidad-jornada-para-celebrar-a-las-mujeres-tolimenses\/regional\/\" \/>\n<meta property=\"og:locale\" content=\"es_ES\" \/>\n<meta property=\"og:type\" content=\"article\" \/>\n<meta property=\"og:title\" content=\"\u201cAl Ritmo de la Legalidad\u201d: jornada para celebrar a las mujeres tolimenses - Ciudad y Region\" \/>\n<meta property=\"og:description\" content=\"Con una jornada llena de m\u00fasica, baile y actividad f\u00edsica, la Gobernaci\u00f3n del Tolima invita a la comunidad a participar en \u201cAl Ritmo de la Legalidad\u201d, una iniciativa liderada por la Secretar\u00eda de Hacienda, a trav\u00e9s del Grupo Operativo Anticontrabando del Tolima (GOAT), en articulaci\u00f3n con la Secretar\u00eda de laContinuar Leyendo\" \/>\n<meta property=\"og:url\" content=\"https:\/\/ciudadyregion.com.co\/index.php\/al-ritmo-de-la-legalidad-jornada-para-celebrar-a-las-mujeres-tolimenses\/regional\/\" \/>\n<meta property=\"og:site_name\" content=\"Ciudad y Region\" \/>\n<meta property=\"article:published_time\" content=\"2026-03-14T08:54:17+00:00\" \/>\n<meta property=\"article:modified_time\" content=\"2026-03-16T12:54:34+00:00\" \/>\n<meta property=\"og:image\" content=\"https:\/\/ciudadyregion.com.co\/wp-content\/uploads\/2026\/03\/Pag-2026-03-16T075327.645.jpg\" \/>\n\t<meta property=\"og:image:width\" content=\"800\" \/>\n\t<meta property=\"og:image:height\" content=\"445\" \/>\n\t<meta property=\"og:image:type\" content=\"image\/jpeg\" \/>\n<meta name=\"author\" content=\"David Andr\u00e9s Aguirre\" \/>\n<meta name=\"twitter:card\" content=\"summary_large_image\" \/>\n<meta name=\"twitter:label1\" content=\"Escrito por\" \/>\n\t<meta name=\"twitter:data1\" content=\"David Andr\u00e9s Aguirre\" \/>\n\t<meta name=\"twitter:label2\" content=\"Tiempo de lectura\" \/>\n\t<meta name=\"twitter:data2\" content=\"1 minuto\" \/>\n<script type=\"application\/ld+json\" class=\"yoast-schema-graph\">{\"@context\":\"https:\/\/schema.org\",\"@graph\":[{\"@type\":\"WebPage\",\"@id\":\"https:\/\/ciudadyregion.com.co\/index.php\/al-ritmo-de-la-legalidad-jornada-para-celebrar-a-las-mujeres-tolimenses\/regional\/\",\"url\":\"https:\/\/ciudadyregion.com.co\/index.php\/al-ritmo-de-la-legalidad-jornada-para-celebrar-a-las-mujeres-tolimenses\/regional\/\",\"name\":\"\u201cAl Ritmo de la Legalidad\u201d: jornada para celebrar a las mujeres tolimenses - Ciudad y Region\",\"isPartOf\":{\"@id\":\"https:\/\/ciudadyregion.com.co\/#website\"},\"primaryImageOfPage\":{\"@id\":\"https:\/\/ciudadyregion.com.co\/index.php\/al-ritmo-de-la-legalidad-jornada-para-celebrar-a-las-mujeres-tolimenses\/regional\/#primaryimage\"},\"image\":{\"@id\":\"https:\/\/ciudadyregion.com.co\/index.php\/al-ritmo-de-la-legalidad-jornada-para-celebrar-a-las-mujeres-tolimenses\/regional\/#primaryimage\"},\"thumbnailUrl\":\"https:\/\/i0.wp.com\/ciudadyregion.com.co\/wp-content\/uploads\/2026\/03\/Pag-2026-03-16T075327.645.jpg?fit=800%2C445&ssl=1\",\"datePublished\":\"2026-03-14T08:54:17+00:00\",\"dateModified\":\"2026-03-16T12:54:34+00:00\",\"author\":{\"@id\":\"https:\/\/ciudadyregion.com.co\/#\/schema\/person\/04a4954373ebc4051f46e8c65ff78622\"},\"breadcrumb\":{\"@id\":\"https:\/\/ciudadyregion.com.co\/index.php\/al-ritmo-de-la-legalidad-jornada-para-celebrar-a-las-mujeres-tolimenses\/regional\/#breadcrumb\"},\"inLanguage\":\"es\",\"potentialAction\":[{\"@type\":\"ReadAction\",\"target\":[\"https:\/\/ciudadyregion.com.co\/index.php\/al-ritmo-de-la-legalidad-jornada-para-celebrar-a-las-mujeres-tolimenses\/regional\/\"]}]},{\"@type\":\"ImageObject\",\"inLanguage\":\"es\",\"@id\":\"https:\/\/ciudadyregion.com.co\/index.php\/al-ritmo-de-la-legalidad-jornada-para-celebrar-a-las-mujeres-tolimenses\/regional\/#primaryimage\",\"url\":\"https:\/\/i0.wp.com\/ciudadyregion.com.co\/wp-content\/uploads\/2026\/03\/Pag-2026-03-16T075327.645.jpg?fit=800%2C445&ssl=1\",\"contentUrl\":\"https:\/\/i0.wp.com\/ciudadyregion.com.co\/wp-content\/uploads\/2026\/03\/Pag-2026-03-16T075327.645.jpg?fit=800%2C445&ssl=1\",\"width\":800,\"height\":445},{\"@type\":\"BreadcrumbList\",\"@id\":\"https:\/\/ciudadyregion.com.co\/index.php\/al-ritmo-de-la-legalidad-jornada-para-celebrar-a-las-mujeres-tolimenses\/regional\/#breadcrumb\",\"itemListElement\":[{\"@type\":\"ListItem\",\"position\":1,\"name\":\"Portada\",\"item\":\"https:\/\/ciudadyregion.com.co\/\"},{\"@type\":\"ListItem\",\"position\":2,\"name\":\"\u201cAl Ritmo de la Legalidad\u201d: jornada para celebrar a las mujeres tolimenses\"}]},{\"@type\":\"WebSite\",\"@id\":\"https:\/\/ciudadyregion.com.co\/#website\",\"url\":\"https:\/\/ciudadyregion.com.co\/\",\"name\":\"Ciudad y Region\",\"description\":\"\",\"potentialAction\":[{\"@type\":\"SearchAction\",\"target\":{\"@type\":\"EntryPoint\",\"urlTemplate\":\"https:\/\/ciudadyregion.com.co\/?s={search_term_string}\"},\"query-input\":{\"@type\":\"PropertyValueSpecification\",\"valueRequired\":true,\"valueName\":\"search_term_string\"}}],\"inLanguage\":\"es\"},{\"@type\":\"Person\",\"@id\":\"https:\/\/ciudadyregion.com.co\/#\/schema\/person\/04a4954373ebc4051f46e8c65ff78622\",\"name\":\"David Andr\u00e9s Aguirre\",\"image\":{\"@type\":\"ImageObject\",\"inLanguage\":\"es\",\"@id\":\"https:\/\/ciudadyregion.com.co\/#\/schema\/person\/image\/\",\"url\":\"https:\/\/secure.gravatar.com\/avatar\/bc3c655860202182ee6d1b5edd042dbe?s=96&d=mm&r=g\",\"contentUrl\":\"https:\/\/secure.gravatar.com\/avatar\/bc3c655860202182ee6d1b5edd042dbe?s=96&d=mm&r=g\",\"caption\":\"David Andr\u00e9s Aguirre\"},\"url\":\"https:\/\/ciudadyregion.com.co\/index.php\/author\/diegoaguirre\/\"}]}<\/script>\n<!-- \/ Yoast SEO plugin. -->","yoast_head_json":{"title":"\u201cAl Ritmo de la Legalidad\u201d: jornada para celebrar a las mujeres tolimenses - Ciudad y Region","robots":{"index":"index","follow":"follow","max-snippet":"max-snippet:-1","max-image-preview":"max-image-preview:large","max-video-preview":"max-video-preview:-1"},"canonical":"https:\/\/ciudadyregion.com.co\/index.php\/al-ritmo-de-la-legalidad-jornada-para-celebrar-a-las-mujeres-tolimenses\/regional\/","og_locale":"es_ES","og_type":"article","og_title":"\u201cAl Ritmo de la Legalidad\u201d: jornada para celebrar a las mujeres tolimenses - Ciudad y Region","og_description":"Con una jornada llena de m\u00fasica, baile y actividad f\u00edsica, la Gobernaci\u00f3n del Tolima invita a la comunidad a participar en \u201cAl Ritmo de la Legalidad\u201d, una iniciativa liderada por la Secretar\u00eda de Hacienda, a trav\u00e9s del Grupo Operativo Anticontrabando del Tolima (GOAT), en articulaci\u00f3n con la Secretar\u00eda de laContinuar Leyendo","og_url":"https:\/\/ciudadyregion.com.co\/index.php\/al-ritmo-de-la-legalidad-jornada-para-celebrar-a-las-mujeres-tolimenses\/regional\/","og_site_name":"Ciudad y Region","article_published_time":"2026-03-14T08:54:17+00:00","article_modified_time":"2026-03-16T12:54:34+00:00","og_image":[{"width":800,"height":445,"url":"https:\/\/ciudadyregion.com.co\/wp-content\/uploads\/2026\/03\/Pag-2026-03-16T075327.645.jpg","type":"image\/jpeg"}],"author":"David Andr\u00e9s Aguirre","twitter_card":"summary_large_image","twitter_misc":{"Escrito por":"David Andr\u00e9s Aguirre","Tiempo de lectura":"1 minuto"},"schema":{"@context":"https:\/\/schema.org","@graph":[{"@type":"WebPage","@id":"https:\/\/ciudadyregion.com.co\/index.php\/al-ritmo-de-la-legalidad-jornada-para-celebrar-a-las-mujeres-tolimenses\/regional\/","url":"https:\/\/ciudadyregion.com.co\/index.php\/al-ritmo-de-la-legalidad-jornada-para-celebrar-a-las-mujeres-tolimenses\/regional\/","name":"\u201cAl Ritmo de la Legalidad\u201d: jornada para celebrar a las mujeres tolimenses - Ciudad y Region","isPartOf":{"@id":"https:\/\/ciudadyregion.com.co\/#website"},"primaryImageOfPage":{"@id":"https:\/\/ciudadyregion.com.co\/index.php\/al-ritmo-de-la-legalidad-jornada-para-celebrar-a-las-mujeres-tolimenses\/regional\/#primaryimage"},"image":{"@id":"https:\/\/ciudadyregion.com.co\/index.php\/al-ritmo-de-la-legalidad-jornada-para-celebrar-a-las-mujeres-tolimenses\/regional\/#primaryimage"},"thumbnailUrl":"https:\/\/i0.wp.com\/ciudadyregion.com.co\/wp-content\/uploads\/2026\/03\/Pag-2026-03-16T075327.645.jpg?fit=800%2C445&ssl=1","datePublished":"2026-03-14T08:54:17+00:00","dateModified":"2026-03-16T12:54:34+00:00","author":{"@id":"https:\/\/ciudadyregion.com.co\/#\/schema\/person\/04a4954373ebc4051f46e8c65ff78622"},"breadcrumb":{"@id":"https:\/\/ciudadyregion.com.co\/index.php\/al-ritmo-de-la-legalidad-jornada-para-celebrar-a-las-mujeres-tolimenses\/regional\/#breadcrumb"},"inLanguage":"es","potentialAction":[{"@type":"ReadAction","target":["https:\/\/ciudadyregion.com.co\/index.php\/al-ritmo-de-la-legalidad-jornada-para-celebrar-a-las-mujeres-tolimenses\/regional\/"]}]},{"@type":"ImageObject","inLanguage":"es","@id":"https:\/\/ciudadyregion.com.co\/index.php\/al-ritmo-de-la-legalidad-jornada-para-celebrar-a-las-mujeres-tolimenses\/regional\/#primaryimage","url":"https:\/\/i0.wp.com\/ciudadyregion.com.co\/wp-content\/uploads\/2026\/03\/Pag-2026-03-16T075327.645.jpg?fit=800%2C445&ssl=1","contentUrl":"https:\/\/i0.wp.com\/ciudadyregion.com.co\/wp-content\/uploads\/2026\/03\/Pag-2026-03-16T075327.645.jpg?fit=800%2C445&ssl=1","width":800,"height":445},{"@type":"BreadcrumbList","@id":"https:\/\/ciudadyregion.com.co\/index.php\/al-ritmo-de-la-legalidad-jornada-para-celebrar-a-las-mujeres-tolimenses\/regional\/#breadcrumb","itemListElement":[{"@type":"ListItem","position":1,"name":"Portada","item":"https:\/\/ciudadyregion.com.co\/"},{"@type":"ListItem","position":2,"name":"\u201cAl Ritmo de la Legalidad\u201d: jornada para celebrar a las mujeres tolimenses"}]},{"@type":"WebSite","@id":"https:\/\/ciudadyregion.com.co\/#website","url":"https:\/\/ciudadyregion.com.co\/","name":"Ciudad y Region","description":"","potentialAction":[{"@type":"SearchAction","target":{"@type":"EntryPoint","urlTemplate":"https:\/\/ciudadyregion.com.co\/?s={search_term_string}"},"query-input":{"@type":"PropertyValueSpecification","valueRequired":true,"valueName":"search_term_string"}}],"inLanguage":"es"},{"@type":"Person","@id":"https:\/\/ciudadyregion.com.co\/#\/schema\/person\/04a4954373ebc4051f46e8c65ff78622","name":"David Andr\u00e9s Aguirre","image":{"@type":"ImageObject","inLanguage":"es","@id":"https:\/\/ciudadyregion.com.co\/#\/schema\/person\/image\/","url":"https:\/\/secure.gravatar.com\/avatar\/bc3c655860202182ee6d1b5edd042dbe?s=96&d=mm&r=g","contentUrl":"https:\/\/secure.gravatar.com\/avatar\/bc3c655860202182ee6d1b5edd042dbe?s=96&d=mm&r=g","caption":"David Andr\u00e9s Aguirre"},"url":"https:\/\/ciudadyregion.com.co\/index.php\/author\/diegoaguirre\/"}]}},"jetpack_featured_media_url":"https:\/\/i0.wp.com\/ciudadyregion.com.co\/wp-content\/uploads\/2026\/03\/Pag-2026-03-16T075327.645.jpg?fit=800%2C445&ssl=1","jetpack_sharing_enabled":true,"jetpack_shortlink":"https:\/\/wp.me\/pbS7hh-eUh","jetpack-related-posts":[],"_links":{"self":[{"href":"https:\/\/ciudadyregion.com.co\/index.php\/wp-json\/wp\/v2\/posts\/57305"}],"collection":[{"href":"https:\/\/ciudadyregion.com.co\/index.php\/wp-json\/wp\/v2\/posts"}],"about":[{"href":"https:\/\/ciudadyregion.com.co\/index.php\/wp-json\/wp\/v2\/types\/post"}],"author":[{"embeddable":true,"href":"https:\/\/ciudadyregion.com.co\/index.php\/wp-json\/wp\/v2\/users\/2"}],"replies":[{"embeddable":true,"href":"https:\/\/ciudadyregion.com.co\/index.php\/wp-json\/wp\/v2\/comments?post=57305"}],"version-history":[{"count":2,"href":"https:\/\/ciudadyregion.com.co\/index.php\/wp-json\/wp\/v2\/posts\/57305\/revisions"}],"predecessor-version":[{"id":57309,"href":"https:\/\/ciudadyregion.com.co\/index.php\/wp-json\/wp\/v2\/posts\/57305\/revisions\/57309"}],"wp:featuredmedia":[{"embeddable":true,"href":"https:\/\/ciudadyregion.com.co\/index.php\/wp-json\/wp\/v2\/media\/57306"}],"wp:attachment":[{"href":"https:\/\/ciudadyregion.com.co\/index.php\/wp-json\/wp\/v2\/media?parent=57305"}],"wp:term":[{"taxonomy":"category","embeddable":true,"href":"https:\/\/ciudadyregion.com.co\/index.php\/wp-json\/wp\/v2\/categories?post=57305"},{"taxonomy":"post_tag","embeddable":true,"href":"https:\/\/ciudadyregion.com.co\/index.php\/wp-json\/wp\/v2\/tags?post=57305"}],"curies":[{"name":"wp","href":"https:\/\/api.w.org\/{rel}","templated":true}]}}