{"id":57302,"date":"2026-03-14T03:52:38","date_gmt":"2026-03-14T08:52:38","guid":{"rendered":"https:\/\/ciudadyregion.com.co\/?p=57302"},"modified":"2026-03-16T07:53:04","modified_gmt":"2026-03-16T12:53:04","slug":"al-ritmo-de-la-legalidad-jornada-para-exaltar-a-la-mujer-tolimense-en-su-mes","status":"publish","type":"post","link":"https:\/\/ciudadyregion.com.co\/index.php\/al-ritmo-de-la-legalidad-jornada-para-exaltar-a-la-mujer-tolimense-en-su-mes\/regional\/","title":{"rendered":"\u201c\u00a1Al Ritmo de la Legalidad!\u201d: jornada para exaltar a la mujer tolimense en su mes"},"content":{"rendered":"<p>En el marco de la conmemoraci\u00f3n del Mes de la Mujer, la Gobernaci\u00f3n del Tolima present\u00f3 oficialmente ante los medios de comunicaci\u00f3n de la regi\u00f3n la jornada \u201cAl Ritmo de la Legalidad\u201d, una iniciativa que busca exaltar el liderazgo, la fortaleza y el papel fundamental de las mujeres en la construcci\u00f3n de una sociedad m\u00e1s justa, saludable y responsable.<\/p>\n<p>Ibagu\u00e9, 14 de marzo de 2026 &#8211; La actividad fue socializada por Carol Andrea P\u00e1ramo Garc\u00eda, secretaria de Hacienda del departamento, y Martha Cecilia S\u00e1nchez Le\u00f3n, directora de Emprendimiento y Empoderamiento de la Secretar\u00eda de la Mujer del Tolima, quienes destacaron la importancia de generar espacios de reconocimiento y participaci\u00f3n para las mujeres tolimenses.<\/p>\n<p>El evento se realizar\u00e1 este domingo 15 de marzo, a partir de las 8:30 de la ma\u00f1ana, en la Plaza Manuel Murillo Toro de Ibagu\u00e9, donde se desarrollar\u00e1 una jornada llena de m\u00fasica, baile, actividad f\u00edsica y mensajes de conciencia ciudadana. Adem\u00e1s, se contar\u00e1n con espacios especiales, detalles, regalos y reconocimientos que resaltar\u00e1n la valent\u00eda, el trabajo y la dedicaci\u00f3n de las mujeres del departamento.<\/p>\n<p>La iniciativa es liderada por el Grupo Operativo Anticontrabando del Tolima (GOAT), con el apoyo de la Secretar\u00eda de Hacienda del Tolima, la Secretar\u00eda de la Mujer del Tolima y Indeportes Tolima, entidades que buscan promover estilos de vida saludables y fortalecer la cultura de la legalidad en el departamento.<\/p>\n<p>Durante la jornada tambi\u00e9n se destacar\u00e1 el papel de la mujer tolimense como protagonista en la defensa de la salud p\u00fablica y la econom\u00eda regional, especialmente en la lucha contra el contrabando de cigarrillos, licores y cervezas.<\/p>\n<p>En este sentido, Laura Lugo, profesional financiera del Grupo Operativo Anticontrabando del Tolima, extendi\u00f3 una invitaci\u00f3n especial a todas las mujeres del departamento:<\/p>\n<p>\u201cLa Secretar\u00eda de Hacienda, a trav\u00e9s de su Grupo Operativo Anticontrabando del Tolima, se une con la Secretar\u00eda de la Mujer por la legalidad y las mujeres del Tolima. Est\u00e1n todas cordialmente invitadas este 15 de marzo, a partir de las 8 de la ma\u00f1ana, aqu\u00ed en la Plaza Manuel Murillo Toro, para que bailemos juntas al ritmo de la legalidad\u201d.<\/p>\n<p>Esta jornada busca convertirse en un homenaje a las mujeres del Tolima, reconociendo su aporte al desarrollo social, econ\u00f3mico y cultural del departamento.<\/p>\n<p>Ser\u00e1 un espacio para celebrar la vida, la fuerza femenina y el amor por el territorio, recordando que cuando las mujeres avanzan, todo el departamento avanza con ellas.<\/p>\n<p>* Lugar: Plaza Manuel Murillo Toro \u2013 Ibagu\u00e9<br \/>\n* Fecha: Domingo 15 de marzo<br \/>\n* Hora: 8:30 a. m.<\/p>\n<p>La invitaci\u00f3n est\u00e1 abierta para que las mujeres, sus familias y toda la comunidad se integren a esta celebraci\u00f3n que combina bienestar, cultura ciudadana y legalidad.<\/p>\n","protected":false},"excerpt":{"rendered":"<p>En el marco de la conmemoraci\u00f3n del Mes de la Mujer, la Gobernaci\u00f3n del Tolima present\u00f3 oficialmente ante los medios de comunicaci\u00f3n de la regi\u00f3n la jornada \u201cAl Ritmo de la Legalidad\u201d, una iniciativa que busca exaltar el liderazgo, la fortaleza y el papel fundamental de las mujeres en la<span class=\"more-link\"><a href=\"https:\/\/ciudadyregion.com.co\/index.php\/al-ritmo-de-la-legalidad-jornada-para-exaltar-a-la-mujer-tolimense-en-su-mes\/regional\/\">Continuar Leyendo<\/a><\/span><\/p>\n","protected":false},"author":2,"featured_media":57303,"comment_status":"open","ping_status":"open","sticky":false,"template":"","format":"standard","meta":{"_uf_show_specific_survey":0,"_uf_disable_surveys":false,"_jetpack_memberships_contains_paid_content":false,"footnotes":"","jetpack_publicize_message":"","jetpack_publicize_feature_enabled":true,"jetpack_social_post_already_shared":true,"jetpack_social_options":{"image_generator_settings":{"template":"highway","enabled":false},"version":2}},"categories":[13],"tags":[],"class_list":["entry","author-diegoaguirre","post-57302","post","type-post","status-publish","format-standard","has-post-thumbnail","category-regional"],"jetpack_publicize_connections":[],"yoast_head":"<!-- This site is optimized with the Yoast SEO plugin v24.3 - https:\/\/yoast.com\/wordpress\/plugins\/seo\/ -->\n<title>\u201c\u00a1Al Ritmo de la Legalidad!\u201d: jornada para exaltar a la mujer tolimense en su mes - Ciudad y Region<\/title>\n<meta name=\"robots\" content=\"index, follow, max-snippet:-1, max-image-preview:large, max-video-preview:-1\" \/>\n<link rel=\"canonical\" href=\"https:\/\/ciudadyregion.com.co\/index.php\/al-ritmo-de-la-legalidad-jornada-para-exaltar-a-la-mujer-tolimense-en-su-mes\/regional\/\" \/>\n<meta property=\"og:locale\" content=\"es_ES\" \/>\n<meta property=\"og:type\" content=\"article\" \/>\n<meta property=\"og:title\" content=\"\u201c\u00a1Al Ritmo de la Legalidad!\u201d: jornada para exaltar a la mujer tolimense en su mes - Ciudad y Region\" \/>\n<meta property=\"og:description\" content=\"En el marco de la conmemoraci\u00f3n del Mes de la Mujer, la Gobernaci\u00f3n del Tolima present\u00f3 oficialmente ante los medios de comunicaci\u00f3n de la regi\u00f3n la jornada \u201cAl Ritmo de la Legalidad\u201d, una iniciativa que busca exaltar el liderazgo, la fortaleza y el papel fundamental de las mujeres en laContinuar Leyendo\" \/>\n<meta property=\"og:url\" content=\"https:\/\/ciudadyregion.com.co\/index.php\/al-ritmo-de-la-legalidad-jornada-para-exaltar-a-la-mujer-tolimense-en-su-mes\/regional\/\" \/>\n<meta property=\"og:site_name\" content=\"Ciudad y Region\" \/>\n<meta property=\"article:published_time\" content=\"2026-03-14T08:52:38+00:00\" \/>\n<meta property=\"article:modified_time\" content=\"2026-03-16T12:53:04+00:00\" \/>\n<meta property=\"og:image\" content=\"https:\/\/ciudadyregion.com.co\/wp-content\/uploads\/2026\/03\/Pag-2026-03-16T075213.632.jpg\" \/>\n\t<meta property=\"og:image:width\" content=\"800\" \/>\n\t<meta property=\"og:image:height\" content=\"445\" \/>\n\t<meta property=\"og:image:type\" content=\"image\/jpeg\" \/>\n<meta name=\"author\" content=\"David Andr\u00e9s Aguirre\" \/>\n<meta name=\"twitter:card\" content=\"summary_large_image\" \/>\n<meta name=\"twitter:label1\" content=\"Escrito por\" \/>\n\t<meta name=\"twitter:data1\" content=\"David Andr\u00e9s Aguirre\" \/>\n\t<meta name=\"twitter:label2\" content=\"Tiempo de lectura\" \/>\n\t<meta name=\"twitter:data2\" content=\"3 minutos\" \/>\n<script type=\"application\/ld+json\" class=\"yoast-schema-graph\">{\"@context\":\"https:\/\/schema.org\",\"@graph\":[{\"@type\":\"WebPage\",\"@id\":\"https:\/\/ciudadyregion.com.co\/index.php\/al-ritmo-de-la-legalidad-jornada-para-exaltar-a-la-mujer-tolimense-en-su-mes\/regional\/\",\"url\":\"https:\/\/ciudadyregion.com.co\/index.php\/al-ritmo-de-la-legalidad-jornada-para-exaltar-a-la-mujer-tolimense-en-su-mes\/regional\/\",\"name\":\"\u201c\u00a1Al Ritmo de la Legalidad!\u201d: jornada para exaltar a la mujer tolimense en su mes - Ciudad y Region\",\"isPartOf\":{\"@id\":\"https:\/\/ciudadyregion.com.co\/#website\"},\"primaryImageOfPage\":{\"@id\":\"https:\/\/ciudadyregion.com.co\/index.php\/al-ritmo-de-la-legalidad-jornada-para-exaltar-a-la-mujer-tolimense-en-su-mes\/regional\/#primaryimage\"},\"image\":{\"@id\":\"https:\/\/ciudadyregion.com.co\/index.php\/al-ritmo-de-la-legalidad-jornada-para-exaltar-a-la-mujer-tolimense-en-su-mes\/regional\/#primaryimage\"},\"thumbnailUrl\":\"https:\/\/i0.wp.com\/ciudadyregion.com.co\/wp-content\/uploads\/2026\/03\/Pag-2026-03-16T075213.632.jpg?fit=800%2C445&ssl=1\",\"datePublished\":\"2026-03-14T08:52:38+00:00\",\"dateModified\":\"2026-03-16T12:53:04+00:00\",\"author\":{\"@id\":\"https:\/\/ciudadyregion.com.co\/#\/schema\/person\/04a4954373ebc4051f46e8c65ff78622\"},\"breadcrumb\":{\"@id\":\"https:\/\/ciudadyregion.com.co\/index.php\/al-ritmo-de-la-legalidad-jornada-para-exaltar-a-la-mujer-tolimense-en-su-mes\/regional\/#breadcrumb\"},\"inLanguage\":\"es\",\"potentialAction\":[{\"@type\":\"ReadAction\",\"target\":[\"https:\/\/ciudadyregion.com.co\/index.php\/al-ritmo-de-la-legalidad-jornada-para-exaltar-a-la-mujer-tolimense-en-su-mes\/regional\/\"]}]},{\"@type\":\"ImageObject\",\"inLanguage\":\"es\",\"@id\":\"https:\/\/ciudadyregion.com.co\/index.php\/al-ritmo-de-la-legalidad-jornada-para-exaltar-a-la-mujer-tolimense-en-su-mes\/regional\/#primaryimage\",\"url\":\"https:\/\/i0.wp.com\/ciudadyregion.com.co\/wp-content\/uploads\/2026\/03\/Pag-2026-03-16T075213.632.jpg?fit=800%2C445&ssl=1\",\"contentUrl\":\"https:\/\/i0.wp.com\/ciudadyregion.com.co\/wp-content\/uploads\/2026\/03\/Pag-2026-03-16T075213.632.jpg?fit=800%2C445&ssl=1\",\"width\":800,\"height\":445},{\"@type\":\"BreadcrumbList\",\"@id\":\"https:\/\/ciudadyregion.com.co\/index.php\/al-ritmo-de-la-legalidad-jornada-para-exaltar-a-la-mujer-tolimense-en-su-mes\/regional\/#breadcrumb\",\"itemListElement\":[{\"@type\":\"ListItem\",\"position\":1,\"name\":\"Portada\",\"item\":\"https:\/\/ciudadyregion.com.co\/\"},{\"@type\":\"ListItem\",\"position\":2,\"name\":\"\u201c\u00a1Al Ritmo de la Legalidad!\u201d: jornada para exaltar a la mujer tolimense en su mes\"}]},{\"@type\":\"WebSite\",\"@id\":\"https:\/\/ciudadyregion.com.co\/#website\",\"url\":\"https:\/\/ciudadyregion.com.co\/\",\"name\":\"Ciudad y Region\",\"description\":\"\",\"potentialAction\":[{\"@type\":\"SearchAction\",\"target\":{\"@type\":\"EntryPoint\",\"urlTemplate\":\"https:\/\/ciudadyregion.com.co\/?s={search_term_string}\"},\"query-input\":{\"@type\":\"PropertyValueSpecification\",\"valueRequired\":true,\"valueName\":\"search_term_string\"}}],\"inLanguage\":\"es\"},{\"@type\":\"Person\",\"@id\":\"https:\/\/ciudadyregion.com.co\/#\/schema\/person\/04a4954373ebc4051f46e8c65ff78622\",\"name\":\"David Andr\u00e9s Aguirre\",\"image\":{\"@type\":\"ImageObject\",\"inLanguage\":\"es\",\"@id\":\"https:\/\/ciudadyregion.com.co\/#\/schema\/person\/image\/\",\"url\":\"https:\/\/secure.gravatar.com\/avatar\/bc3c655860202182ee6d1b5edd042dbe?s=96&d=mm&r=g\",\"contentUrl\":\"https:\/\/secure.gravatar.com\/avatar\/bc3c655860202182ee6d1b5edd042dbe?s=96&d=mm&r=g\",\"caption\":\"David Andr\u00e9s Aguirre\"},\"url\":\"https:\/\/ciudadyregion.com.co\/index.php\/author\/diegoaguirre\/\"}]}<\/script>\n<!-- \/ Yoast SEO plugin. -->","yoast_head_json":{"title":"\u201c\u00a1Al Ritmo de la Legalidad!\u201d: jornada para exaltar a la mujer tolimense en su mes - Ciudad y Region","robots":{"index":"index","follow":"follow","max-snippet":"max-snippet:-1","max-image-preview":"max-image-preview:large","max-video-preview":"max-video-preview:-1"},"canonical":"https:\/\/ciudadyregion.com.co\/index.php\/al-ritmo-de-la-legalidad-jornada-para-exaltar-a-la-mujer-tolimense-en-su-mes\/regional\/","og_locale":"es_ES","og_type":"article","og_title":"\u201c\u00a1Al Ritmo de la Legalidad!\u201d: jornada para exaltar a la mujer tolimense en su mes - Ciudad y Region","og_description":"En el marco de la conmemoraci\u00f3n del Mes de la Mujer, la Gobernaci\u00f3n del Tolima present\u00f3 oficialmente ante los medios de comunicaci\u00f3n de la regi\u00f3n la jornada \u201cAl Ritmo de la Legalidad\u201d, una iniciativa que busca exaltar el liderazgo, la fortaleza y el papel fundamental de las mujeres en laContinuar Leyendo","og_url":"https:\/\/ciudadyregion.com.co\/index.php\/al-ritmo-de-la-legalidad-jornada-para-exaltar-a-la-mujer-tolimense-en-su-mes\/regional\/","og_site_name":"Ciudad y Region","article_published_time":"2026-03-14T08:52:38+00:00","article_modified_time":"2026-03-16T12:53:04+00:00","og_image":[{"width":800,"height":445,"url":"https:\/\/ciudadyregion.com.co\/wp-content\/uploads\/2026\/03\/Pag-2026-03-16T075213.632.jpg","type":"image\/jpeg"}],"author":"David Andr\u00e9s Aguirre","twitter_card":"summary_large_image","twitter_misc":{"Escrito por":"David Andr\u00e9s Aguirre","Tiempo de lectura":"3 minutos"},"schema":{"@context":"https:\/\/schema.org","@graph":[{"@type":"WebPage","@id":"https:\/\/ciudadyregion.com.co\/index.php\/al-ritmo-de-la-legalidad-jornada-para-exaltar-a-la-mujer-tolimense-en-su-mes\/regional\/","url":"https:\/\/ciudadyregion.com.co\/index.php\/al-ritmo-de-la-legalidad-jornada-para-exaltar-a-la-mujer-tolimense-en-su-mes\/regional\/","name":"\u201c\u00a1Al Ritmo de la Legalidad!\u201d: jornada para exaltar a la mujer tolimense en su mes - Ciudad y Region","isPartOf":{"@id":"https:\/\/ciudadyregion.com.co\/#website"},"primaryImageOfPage":{"@id":"https:\/\/ciudadyregion.com.co\/index.php\/al-ritmo-de-la-legalidad-jornada-para-exaltar-a-la-mujer-tolimense-en-su-mes\/regional\/#primaryimage"},"image":{"@id":"https:\/\/ciudadyregion.com.co\/index.php\/al-ritmo-de-la-legalidad-jornada-para-exaltar-a-la-mujer-tolimense-en-su-mes\/regional\/#primaryimage"},"thumbnailUrl":"https:\/\/i0.wp.com\/ciudadyregion.com.co\/wp-content\/uploads\/2026\/03\/Pag-2026-03-16T075213.632.jpg?fit=800%2C445&ssl=1","datePublished":"2026-03-14T08:52:38+00:00","dateModified":"2026-03-16T12:53:04+00:00","author":{"@id":"https:\/\/ciudadyregion.com.co\/#\/schema\/person\/04a4954373ebc4051f46e8c65ff78622"},"breadcrumb":{"@id":"https:\/\/ciudadyregion.com.co\/index.php\/al-ritmo-de-la-legalidad-jornada-para-exaltar-a-la-mujer-tolimense-en-su-mes\/regional\/#breadcrumb"},"inLanguage":"es","potentialAction":[{"@type":"ReadAction","target":["https:\/\/ciudadyregion.com.co\/index.php\/al-ritmo-de-la-legalidad-jornada-para-exaltar-a-la-mujer-tolimense-en-su-mes\/regional\/"]}]},{"@type":"ImageObject","inLanguage":"es","@id":"https:\/\/ciudadyregion.com.co\/index.php\/al-ritmo-de-la-legalidad-jornada-para-exaltar-a-la-mujer-tolimense-en-su-mes\/regional\/#primaryimage","url":"https:\/\/i0.wp.com\/ciudadyregion.com.co\/wp-content\/uploads\/2026\/03\/Pag-2026-03-16T075213.632.jpg?fit=800%2C445&ssl=1","contentUrl":"https:\/\/i0.wp.com\/ciudadyregion.com.co\/wp-content\/uploads\/2026\/03\/Pag-2026-03-16T075213.632.jpg?fit=800%2C445&ssl=1","width":800,"height":445},{"@type":"BreadcrumbList","@id":"https:\/\/ciudadyregion.com.co\/index.php\/al-ritmo-de-la-legalidad-jornada-para-exaltar-a-la-mujer-tolimense-en-su-mes\/regional\/#breadcrumb","itemListElement":[{"@type":"ListItem","position":1,"name":"Portada","item":"https:\/\/ciudadyregion.com.co\/"},{"@type":"ListItem","position":2,"name":"\u201c\u00a1Al Ritmo de la Legalidad!\u201d: jornada para exaltar a la mujer tolimense en su mes"}]},{"@type":"WebSite","@id":"https:\/\/ciudadyregion.com.co\/#website","url":"https:\/\/ciudadyregion.com.co\/","name":"Ciudad y Region","description":"","potentialAction":[{"@type":"SearchAction","target":{"@type":"EntryPoint","urlTemplate":"https:\/\/ciudadyregion.com.co\/?s={search_term_string}"},"query-input":{"@type":"PropertyValueSpecification","valueRequired":true,"valueName":"search_term_string"}}],"inLanguage":"es"},{"@type":"Person","@id":"https:\/\/ciudadyregion.com.co\/#\/schema\/person\/04a4954373ebc4051f46e8c65ff78622","name":"David Andr\u00e9s Aguirre","image":{"@type":"ImageObject","inLanguage":"es","@id":"https:\/\/ciudadyregion.com.co\/#\/schema\/person\/image\/","url":"https:\/\/secure.gravatar.com\/avatar\/bc3c655860202182ee6d1b5edd042dbe?s=96&d=mm&r=g","contentUrl":"https:\/\/secure.gravatar.com\/avatar\/bc3c655860202182ee6d1b5edd042dbe?s=96&d=mm&r=g","caption":"David Andr\u00e9s Aguirre"},"url":"https:\/\/ciudadyregion.com.co\/index.php\/author\/diegoaguirre\/"}]}},"jetpack_featured_media_url":"https:\/\/i0.wp.com\/ciudadyregion.com.co\/wp-content\/uploads\/2026\/03\/Pag-2026-03-16T075213.632.jpg?fit=800%2C445&ssl=1","jetpack_sharing_enabled":true,"jetpack_shortlink":"https:\/\/wp.me\/pbS7hh-eUe","jetpack-related-posts":[],"_links":{"self":[{"href":"https:\/\/ciudadyregion.com.co\/index.php\/wp-json\/wp\/v2\/posts\/57302"}],"collection":[{"href":"https:\/\/ciudadyregion.com.co\/index.php\/wp-json\/wp\/v2\/posts"}],"about":[{"href":"https:\/\/ciudadyregion.com.co\/index.php\/wp-json\/wp\/v2\/types\/post"}],"author":[{"embeddable":true,"href":"https:\/\/ciudadyregion.com.co\/index.php\/wp-json\/wp\/v2\/users\/2"}],"replies":[{"embeddable":true,"href":"https:\/\/ciudadyregion.com.co\/index.php\/wp-json\/wp\/v2\/comments?post=57302"}],"version-history":[{"count":1,"href":"https:\/\/ciudadyregion.com.co\/index.php\/wp-json\/wp\/v2\/posts\/57302\/revisions"}],"predecessor-version":[{"id":57304,"href":"https:\/\/ciudadyregion.com.co\/index.php\/wp-json\/wp\/v2\/posts\/57302\/revisions\/57304"}],"wp:featuredmedia":[{"embeddable":true,"href":"https:\/\/ciudadyregion.com.co\/index.php\/wp-json\/wp\/v2\/media\/57303"}],"wp:attachment":[{"href":"https:\/\/ciudadyregion.com.co\/index.php\/wp-json\/wp\/v2\/media?parent=57302"}],"wp:term":[{"taxonomy":"category","embeddable":true,"href":"https:\/\/ciudadyregion.com.co\/index.php\/wp-json\/wp\/v2\/categories?post=57302"},{"taxonomy":"post_tag","embeddable":true,"href":"https:\/\/ciudadyregion.com.co\/index.php\/wp-json\/wp\/v2\/tags?post=57302"}],"curies":[{"name":"wp","href":"https:\/\/api.w.org\/{rel}","templated":true}]}}