{"id":57195,"date":"2026-03-12T10:57:08","date_gmt":"2026-03-12T15:57:08","guid":{"rendered":"https:\/\/ciudadyregion.com.co\/?p=57195"},"modified":"2026-03-12T10:57:08","modified_gmt":"2026-03-12T15:57:08","slug":"victimas-del-conflicto-armado-recibieron-ayudas-por-parte-de-la-alcaldia-de-herveo","status":"publish","type":"post","link":"https:\/\/ciudadyregion.com.co\/index.php\/victimas-del-conflicto-armado-recibieron-ayudas-por-parte-de-la-alcaldia-de-herveo\/regional\/","title":{"rendered":"V\u00edctimas del conflicto armado recibieron ayudas por parte de la Alcald\u00eda de Herveo"},"content":{"rendered":"<p>La administraci\u00f3n realiz\u00f3 la entrega de diferentes implementos a v\u00edctimas del conflicto armado del municipio, con el prop\u00f3sito de apoyar sus unidades productivas y fortalecer sus emprendimientos.<\/p>\n<p>Esta iniciativa se llev\u00f3 a cabo tras la solicitud presentada por la Mesa de Participaci\u00f3n de V\u00edctimas. Posteriormente, la administraci\u00f3n municipal estudi\u00f3 la viabilidad de la petici\u00f3n y adelant\u00f3 el proceso que permiti\u00f3 hacer posible la entrega de las ayudas.<\/p>\n<p>Entre los elementos entregados se encuentran estufas, vitrinas caliente para alimentos, una cafetera, una silla para sal\u00f3n de belleza, entre otros implementos, que beneficiar\u00e1n a varios emprendedores del municipio que actualmente desarrollan sus actividades productivas.<\/p>\n<p>\u201cEstamos comprometidos con apoyar a las v\u00edctimas del conflicto armado\u201d, manifest\u00f3 Ivon Daniela Osorio, secretaria de Gobierno. La funcionaria tambi\u00e9n explic\u00f3 que \u201cestamos haci\u00e9ndole la entrega de varias herramientas que acordamos en la Mesa de V\u00edctimas en reuniones anteriores, para fortalecer y apoyar el emprendimiento de las v\u00edctimas\u201d.<\/p>\n<p>Por su parte, Yaneth Aguirre, coordinadora de la Mesa de Participaci\u00f3n de V\u00edctimas, se\u00f1al\u00f3 que \u201cv\u00edctimas del conflicto armado tienen unidades productivas que han empezado ellos mismos y que han sacado a flote; esto es para que ellos contin\u00faen con la generaci\u00f3n de ingresos\u201d.<\/p>\n<p>Con estas acciones se busca respaldar los procesos de emprendimiento de las v\u00edctimas del conflicto armado en el municipio y contribuir al fortalecimiento de sus iniciativas productivas.<\/p>\n","protected":false},"excerpt":{"rendered":"<p>La administraci\u00f3n realiz\u00f3 la entrega de diferentes implementos a v\u00edctimas del conflicto armado del municipio, con el prop\u00f3sito de apoyar sus unidades productivas y fortalecer sus emprendimientos. Esta iniciativa se llev\u00f3 a cabo tras la solicitud presentada por la Mesa de Participaci\u00f3n de V\u00edctimas. Posteriormente, la administraci\u00f3n municipal estudi\u00f3 la<span class=\"more-link\"><a href=\"https:\/\/ciudadyregion.com.co\/index.php\/victimas-del-conflicto-armado-recibieron-ayudas-por-parte-de-la-alcaldia-de-herveo\/regional\/\">Continuar Leyendo<\/a><\/span><\/p>\n","protected":false},"author":2,"featured_media":57196,"comment_status":"open","ping_status":"open","sticky":false,"template":"","format":"standard","meta":{"_uf_show_specific_survey":0,"_uf_disable_surveys":false,"_jetpack_memberships_contains_paid_content":false,"footnotes":"","jetpack_publicize_message":"","jetpack_publicize_feature_enabled":true,"jetpack_social_post_already_shared":true,"jetpack_social_options":{"image_generator_settings":{"template":"highway","enabled":false},"version":2}},"categories":[13],"tags":[],"class_list":["entry","author-diegoaguirre","post-57195","post","type-post","status-publish","format-standard","has-post-thumbnail","category-regional"],"jetpack_publicize_connections":[],"yoast_head":"<!-- This site is optimized with the Yoast SEO plugin v24.3 - https:\/\/yoast.com\/wordpress\/plugins\/seo\/ -->\n<title>V\u00edctimas del conflicto armado recibieron ayudas por parte de la Alcald\u00eda de Herveo - Ciudad y Region<\/title>\n<meta name=\"robots\" content=\"index, follow, max-snippet:-1, max-image-preview:large, max-video-preview:-1\" \/>\n<link rel=\"canonical\" href=\"https:\/\/ciudadyregion.com.co\/index.php\/victimas-del-conflicto-armado-recibieron-ayudas-por-parte-de-la-alcaldia-de-herveo\/regional\/\" \/>\n<meta property=\"og:locale\" content=\"es_ES\" \/>\n<meta property=\"og:type\" content=\"article\" \/>\n<meta property=\"og:title\" content=\"V\u00edctimas del conflicto armado recibieron ayudas por parte de la Alcald\u00eda de Herveo - Ciudad y Region\" \/>\n<meta property=\"og:description\" content=\"La administraci\u00f3n realiz\u00f3 la entrega de diferentes implementos a v\u00edctimas del conflicto armado del municipio, con el prop\u00f3sito de apoyar sus unidades productivas y fortalecer sus emprendimientos. Esta iniciativa se llev\u00f3 a cabo tras la solicitud presentada por la Mesa de Participaci\u00f3n de V\u00edctimas. Posteriormente, la administraci\u00f3n municipal estudi\u00f3 laContinuar Leyendo\" \/>\n<meta property=\"og:url\" content=\"https:\/\/ciudadyregion.com.co\/index.php\/victimas-del-conflicto-armado-recibieron-ayudas-por-parte-de-la-alcaldia-de-herveo\/regional\/\" \/>\n<meta property=\"og:site_name\" content=\"Ciudad y Region\" \/>\n<meta property=\"article:published_time\" content=\"2026-03-12T15:57:08+00:00\" \/>\n<meta property=\"og:image\" content=\"https:\/\/ciudadyregion.com.co\/wp-content\/uploads\/2026\/03\/a-41.jpg\" \/>\n\t<meta property=\"og:image:width\" content=\"800\" \/>\n\t<meta property=\"og:image:height\" content=\"445\" \/>\n\t<meta property=\"og:image:type\" content=\"image\/jpeg\" \/>\n<meta name=\"author\" content=\"David Andr\u00e9s Aguirre\" \/>\n<meta name=\"twitter:card\" content=\"summary_large_image\" \/>\n<meta name=\"twitter:label1\" content=\"Escrito por\" \/>\n\t<meta name=\"twitter:data1\" content=\"David Andr\u00e9s Aguirre\" \/>\n\t<meta name=\"twitter:label2\" content=\"Tiempo de lectura\" \/>\n\t<meta name=\"twitter:data2\" content=\"2 minutos\" \/>\n<script type=\"application\/ld+json\" class=\"yoast-schema-graph\">{\"@context\":\"https:\/\/schema.org\",\"@graph\":[{\"@type\":\"WebPage\",\"@id\":\"https:\/\/ciudadyregion.com.co\/index.php\/victimas-del-conflicto-armado-recibieron-ayudas-por-parte-de-la-alcaldia-de-herveo\/regional\/\",\"url\":\"https:\/\/ciudadyregion.com.co\/index.php\/victimas-del-conflicto-armado-recibieron-ayudas-por-parte-de-la-alcaldia-de-herveo\/regional\/\",\"name\":\"V\u00edctimas del conflicto armado recibieron ayudas por parte de la Alcald\u00eda de Herveo - Ciudad y Region\",\"isPartOf\":{\"@id\":\"https:\/\/ciudadyregion.com.co\/#website\"},\"primaryImageOfPage\":{\"@id\":\"https:\/\/ciudadyregion.com.co\/index.php\/victimas-del-conflicto-armado-recibieron-ayudas-por-parte-de-la-alcaldia-de-herveo\/regional\/#primaryimage\"},\"image\":{\"@id\":\"https:\/\/ciudadyregion.com.co\/index.php\/victimas-del-conflicto-armado-recibieron-ayudas-por-parte-de-la-alcaldia-de-herveo\/regional\/#primaryimage\"},\"thumbnailUrl\":\"https:\/\/i0.wp.com\/ciudadyregion.com.co\/wp-content\/uploads\/2026\/03\/a-41.jpg?fit=800%2C445&ssl=1\",\"datePublished\":\"2026-03-12T15:57:08+00:00\",\"dateModified\":\"2026-03-12T15:57:08+00:00\",\"author\":{\"@id\":\"https:\/\/ciudadyregion.com.co\/#\/schema\/person\/04a4954373ebc4051f46e8c65ff78622\"},\"breadcrumb\":{\"@id\":\"https:\/\/ciudadyregion.com.co\/index.php\/victimas-del-conflicto-armado-recibieron-ayudas-por-parte-de-la-alcaldia-de-herveo\/regional\/#breadcrumb\"},\"inLanguage\":\"es\",\"potentialAction\":[{\"@type\":\"ReadAction\",\"target\":[\"https:\/\/ciudadyregion.com.co\/index.php\/victimas-del-conflicto-armado-recibieron-ayudas-por-parte-de-la-alcaldia-de-herveo\/regional\/\"]}]},{\"@type\":\"ImageObject\",\"inLanguage\":\"es\",\"@id\":\"https:\/\/ciudadyregion.com.co\/index.php\/victimas-del-conflicto-armado-recibieron-ayudas-por-parte-de-la-alcaldia-de-herveo\/regional\/#primaryimage\",\"url\":\"https:\/\/i0.wp.com\/ciudadyregion.com.co\/wp-content\/uploads\/2026\/03\/a-41.jpg?fit=800%2C445&ssl=1\",\"contentUrl\":\"https:\/\/i0.wp.com\/ciudadyregion.com.co\/wp-content\/uploads\/2026\/03\/a-41.jpg?fit=800%2C445&ssl=1\",\"width\":800,\"height\":445},{\"@type\":\"BreadcrumbList\",\"@id\":\"https:\/\/ciudadyregion.com.co\/index.php\/victimas-del-conflicto-armado-recibieron-ayudas-por-parte-de-la-alcaldia-de-herveo\/regional\/#breadcrumb\",\"itemListElement\":[{\"@type\":\"ListItem\",\"position\":1,\"name\":\"Portada\",\"item\":\"https:\/\/ciudadyregion.com.co\/\"},{\"@type\":\"ListItem\",\"position\":2,\"name\":\"V\u00edctimas del conflicto armado recibieron ayudas por parte de la Alcald\u00eda de Herveo\"}]},{\"@type\":\"WebSite\",\"@id\":\"https:\/\/ciudadyregion.com.co\/#website\",\"url\":\"https:\/\/ciudadyregion.com.co\/\",\"name\":\"Ciudad y Region\",\"description\":\"\",\"potentialAction\":[{\"@type\":\"SearchAction\",\"target\":{\"@type\":\"EntryPoint\",\"urlTemplate\":\"https:\/\/ciudadyregion.com.co\/?s={search_term_string}\"},\"query-input\":{\"@type\":\"PropertyValueSpecification\",\"valueRequired\":true,\"valueName\":\"search_term_string\"}}],\"inLanguage\":\"es\"},{\"@type\":\"Person\",\"@id\":\"https:\/\/ciudadyregion.com.co\/#\/schema\/person\/04a4954373ebc4051f46e8c65ff78622\",\"name\":\"David Andr\u00e9s Aguirre\",\"image\":{\"@type\":\"ImageObject\",\"inLanguage\":\"es\",\"@id\":\"https:\/\/ciudadyregion.com.co\/#\/schema\/person\/image\/\",\"url\":\"https:\/\/secure.gravatar.com\/avatar\/bc3c655860202182ee6d1b5edd042dbe?s=96&d=mm&r=g\",\"contentUrl\":\"https:\/\/secure.gravatar.com\/avatar\/bc3c655860202182ee6d1b5edd042dbe?s=96&d=mm&r=g\",\"caption\":\"David Andr\u00e9s Aguirre\"},\"url\":\"https:\/\/ciudadyregion.com.co\/index.php\/author\/diegoaguirre\/\"}]}<\/script>\n<!-- \/ Yoast SEO plugin. -->","yoast_head_json":{"title":"V\u00edctimas del conflicto armado recibieron ayudas por parte de la Alcald\u00eda de Herveo - Ciudad y Region","robots":{"index":"index","follow":"follow","max-snippet":"max-snippet:-1","max-image-preview":"max-image-preview:large","max-video-preview":"max-video-preview:-1"},"canonical":"https:\/\/ciudadyregion.com.co\/index.php\/victimas-del-conflicto-armado-recibieron-ayudas-por-parte-de-la-alcaldia-de-herveo\/regional\/","og_locale":"es_ES","og_type":"article","og_title":"V\u00edctimas del conflicto armado recibieron ayudas por parte de la Alcald\u00eda de Herveo - Ciudad y Region","og_description":"La administraci\u00f3n realiz\u00f3 la entrega de diferentes implementos a v\u00edctimas del conflicto armado del municipio, con el prop\u00f3sito de apoyar sus unidades productivas y fortalecer sus emprendimientos. Esta iniciativa se llev\u00f3 a cabo tras la solicitud presentada por la Mesa de Participaci\u00f3n de V\u00edctimas. Posteriormente, la administraci\u00f3n municipal estudi\u00f3 laContinuar Leyendo","og_url":"https:\/\/ciudadyregion.com.co\/index.php\/victimas-del-conflicto-armado-recibieron-ayudas-por-parte-de-la-alcaldia-de-herveo\/regional\/","og_site_name":"Ciudad y Region","article_published_time":"2026-03-12T15:57:08+00:00","og_image":[{"width":800,"height":445,"url":"https:\/\/ciudadyregion.com.co\/wp-content\/uploads\/2026\/03\/a-41.jpg","type":"image\/jpeg"}],"author":"David Andr\u00e9s Aguirre","twitter_card":"summary_large_image","twitter_misc":{"Escrito por":"David Andr\u00e9s Aguirre","Tiempo de lectura":"2 minutos"},"schema":{"@context":"https:\/\/schema.org","@graph":[{"@type":"WebPage","@id":"https:\/\/ciudadyregion.com.co\/index.php\/victimas-del-conflicto-armado-recibieron-ayudas-por-parte-de-la-alcaldia-de-herveo\/regional\/","url":"https:\/\/ciudadyregion.com.co\/index.php\/victimas-del-conflicto-armado-recibieron-ayudas-por-parte-de-la-alcaldia-de-herveo\/regional\/","name":"V\u00edctimas del conflicto armado recibieron ayudas por parte de la Alcald\u00eda de Herveo - Ciudad y Region","isPartOf":{"@id":"https:\/\/ciudadyregion.com.co\/#website"},"primaryImageOfPage":{"@id":"https:\/\/ciudadyregion.com.co\/index.php\/victimas-del-conflicto-armado-recibieron-ayudas-por-parte-de-la-alcaldia-de-herveo\/regional\/#primaryimage"},"image":{"@id":"https:\/\/ciudadyregion.com.co\/index.php\/victimas-del-conflicto-armado-recibieron-ayudas-por-parte-de-la-alcaldia-de-herveo\/regional\/#primaryimage"},"thumbnailUrl":"https:\/\/i0.wp.com\/ciudadyregion.com.co\/wp-content\/uploads\/2026\/03\/a-41.jpg?fit=800%2C445&ssl=1","datePublished":"2026-03-12T15:57:08+00:00","dateModified":"2026-03-12T15:57:08+00:00","author":{"@id":"https:\/\/ciudadyregion.com.co\/#\/schema\/person\/04a4954373ebc4051f46e8c65ff78622"},"breadcrumb":{"@id":"https:\/\/ciudadyregion.com.co\/index.php\/victimas-del-conflicto-armado-recibieron-ayudas-por-parte-de-la-alcaldia-de-herveo\/regional\/#breadcrumb"},"inLanguage":"es","potentialAction":[{"@type":"ReadAction","target":["https:\/\/ciudadyregion.com.co\/index.php\/victimas-del-conflicto-armado-recibieron-ayudas-por-parte-de-la-alcaldia-de-herveo\/regional\/"]}]},{"@type":"ImageObject","inLanguage":"es","@id":"https:\/\/ciudadyregion.com.co\/index.php\/victimas-del-conflicto-armado-recibieron-ayudas-por-parte-de-la-alcaldia-de-herveo\/regional\/#primaryimage","url":"https:\/\/i0.wp.com\/ciudadyregion.com.co\/wp-content\/uploads\/2026\/03\/a-41.jpg?fit=800%2C445&ssl=1","contentUrl":"https:\/\/i0.wp.com\/ciudadyregion.com.co\/wp-content\/uploads\/2026\/03\/a-41.jpg?fit=800%2C445&ssl=1","width":800,"height":445},{"@type":"BreadcrumbList","@id":"https:\/\/ciudadyregion.com.co\/index.php\/victimas-del-conflicto-armado-recibieron-ayudas-por-parte-de-la-alcaldia-de-herveo\/regional\/#breadcrumb","itemListElement":[{"@type":"ListItem","position":1,"name":"Portada","item":"https:\/\/ciudadyregion.com.co\/"},{"@type":"ListItem","position":2,"name":"V\u00edctimas del conflicto armado recibieron ayudas por parte de la Alcald\u00eda de Herveo"}]},{"@type":"WebSite","@id":"https:\/\/ciudadyregion.com.co\/#website","url":"https:\/\/ciudadyregion.com.co\/","name":"Ciudad y Region","description":"","potentialAction":[{"@type":"SearchAction","target":{"@type":"EntryPoint","urlTemplate":"https:\/\/ciudadyregion.com.co\/?s={search_term_string}"},"query-input":{"@type":"PropertyValueSpecification","valueRequired":true,"valueName":"search_term_string"}}],"inLanguage":"es"},{"@type":"Person","@id":"https:\/\/ciudadyregion.com.co\/#\/schema\/person\/04a4954373ebc4051f46e8c65ff78622","name":"David Andr\u00e9s Aguirre","image":{"@type":"ImageObject","inLanguage":"es","@id":"https:\/\/ciudadyregion.com.co\/#\/schema\/person\/image\/","url":"https:\/\/secure.gravatar.com\/avatar\/bc3c655860202182ee6d1b5edd042dbe?s=96&d=mm&r=g","contentUrl":"https:\/\/secure.gravatar.com\/avatar\/bc3c655860202182ee6d1b5edd042dbe?s=96&d=mm&r=g","caption":"David Andr\u00e9s Aguirre"},"url":"https:\/\/ciudadyregion.com.co\/index.php\/author\/diegoaguirre\/"}]}},"jetpack_featured_media_url":"https:\/\/i0.wp.com\/ciudadyregion.com.co\/wp-content\/uploads\/2026\/03\/a-41.jpg?fit=800%2C445&ssl=1","jetpack_sharing_enabled":true,"jetpack_shortlink":"https:\/\/wp.me\/pbS7hh-eSv","jetpack-related-posts":[],"_links":{"self":[{"href":"https:\/\/ciudadyregion.com.co\/index.php\/wp-json\/wp\/v2\/posts\/57195"}],"collection":[{"href":"https:\/\/ciudadyregion.com.co\/index.php\/wp-json\/wp\/v2\/posts"}],"about":[{"href":"https:\/\/ciudadyregion.com.co\/index.php\/wp-json\/wp\/v2\/types\/post"}],"author":[{"embeddable":true,"href":"https:\/\/ciudadyregion.com.co\/index.php\/wp-json\/wp\/v2\/users\/2"}],"replies":[{"embeddable":true,"href":"https:\/\/ciudadyregion.com.co\/index.php\/wp-json\/wp\/v2\/comments?post=57195"}],"version-history":[{"count":1,"href":"https:\/\/ciudadyregion.com.co\/index.php\/wp-json\/wp\/v2\/posts\/57195\/revisions"}],"predecessor-version":[{"id":57197,"href":"https:\/\/ciudadyregion.com.co\/index.php\/wp-json\/wp\/v2\/posts\/57195\/revisions\/57197"}],"wp:featuredmedia":[{"embeddable":true,"href":"https:\/\/ciudadyregion.com.co\/index.php\/wp-json\/wp\/v2\/media\/57196"}],"wp:attachment":[{"href":"https:\/\/ciudadyregion.com.co\/index.php\/wp-json\/wp\/v2\/media?parent=57195"}],"wp:term":[{"taxonomy":"category","embeddable":true,"href":"https:\/\/ciudadyregion.com.co\/index.php\/wp-json\/wp\/v2\/categories?post=57195"},{"taxonomy":"post_tag","embeddable":true,"href":"https:\/\/ciudadyregion.com.co\/index.php\/wp-json\/wp\/v2\/tags?post=57195"}],"curies":[{"name":"wp","href":"https:\/\/api.w.org\/{rel}","templated":true}]}}