{"id":57192,"date":"2026-03-12T10:54:44","date_gmt":"2026-03-12T15:54:44","guid":{"rendered":"https:\/\/ciudadyregion.com.co\/?p=57192"},"modified":"2026-03-12T10:54:51","modified_gmt":"2026-03-12T15:54:51","slug":"suspenden-parqueadero-clandestino-en-mirolindo-por-irregularidades-en-su-funcionamiento","status":"publish","type":"post","link":"https:\/\/ciudadyregion.com.co\/index.php\/suspenden-parqueadero-clandestino-en-mirolindo-por-irregularidades-en-su-funcionamiento\/ibague\/","title":{"rendered":"Suspenden parqueadero clandestino en Mirolindo por irregularidades en su funcionamiento"},"content":{"rendered":"<p>No contaba con la documentaci\u00f3n requerida para operar y estaba cobrando tarifas por encima de las establecidas por la autoridad municipal.<\/p>\n<p>En atenci\u00f3n a una queja presentada por un ciudadano, la Oficina de Atenci\u00f3n al Consumidor de la Alcald\u00eda de Ibagu\u00e9 realiz\u00f3 una visita de verificaci\u00f3n a un establecimiento ubicado en la comuna 9, en el sector de Mirolindo, que operaba como parqueadero de manera irregular.<\/p>\n<p>Durante la inspecci\u00f3n, las autoridades evidenciaron que el establecimiento no contaba con la documentaci\u00f3n necesaria para el desarrollo de su actividad econ\u00f3mica, entre ellas el registro de C\u00e1mara de Comercio, la p\u00f3liza de responsabilidad civil extracontractual, el certificado de sanidad expedido por la Secretar\u00eda de Salud, el certificado de seguridad y la compatibilidad de uso del suelo.<\/p>\n<p>Asimismo, se constat\u00f3 que el lugar estaba cobrando una tarifa por el servicio de parqueo superior a la establecida por la autoridad municipal, situaci\u00f3n que representa una vulneraci\u00f3n a los derechos de los consumidores.<\/p>\n<p>Ante estas irregularidades y en el marco de un trabajo articulado con la Polic\u00eda, se procedi\u00f3 a la suspensi\u00f3n temporal de la actividad econ\u00f3mica del establecimiento mientras se adelantan los procesos correspondientes.<\/p>\n<p>\u201cDesde la Oficina de Atenci\u00f3n al Consumidor atendemos las denuncias de la ciudadan\u00eda y realizamos verificaciones para garantizar que los establecimientos comerciales cumplan con la normatividad vigente y que los usuarios reciban servicios en condiciones justas y transparentes\u201d, se\u00f1al\u00f3 Lina Rinc\u00f3n, asesora de la Oficina de Atenci\u00f3n al Consumidor.<\/p>\n<p>La funcionaria tambi\u00e9n reiter\u00f3 la importancia de que los ciudadanos reporten cualquier irregularidad. \u201cInvitamos a los ibaguere\u00f1os a denunciar cuando identifiquen cobros indebidos o servicios que no cumplan con las condiciones legales. Nuestro compromiso es proteger los derechos de los consumidores y garantizar que las actividades comerciales se desarrollen de manera segura y conforme a la ley\u201d, concluy\u00f3.<\/p>\n","protected":false},"excerpt":{"rendered":"<p>No contaba con la documentaci\u00f3n requerida para operar y estaba cobrando tarifas por encima de las establecidas por la autoridad municipal. En atenci\u00f3n a una queja presentada por un ciudadano, la Oficina de Atenci\u00f3n al Consumidor de la Alcald\u00eda de Ibagu\u00e9 realiz\u00f3 una visita de verificaci\u00f3n a un establecimiento ubicado<span class=\"more-link\"><a href=\"https:\/\/ciudadyregion.com.co\/index.php\/suspenden-parqueadero-clandestino-en-mirolindo-por-irregularidades-en-su-funcionamiento\/ibague\/\">Continuar Leyendo<\/a><\/span><\/p>\n","protected":false},"author":2,"featured_media":57193,"comment_status":"open","ping_status":"open","sticky":false,"template":"","format":"standard","meta":{"_uf_show_specific_survey":0,"_uf_disable_surveys":false,"_jetpack_memberships_contains_paid_content":false,"footnotes":"","jetpack_publicize_message":"","jetpack_publicize_feature_enabled":true,"jetpack_social_post_already_shared":true,"jetpack_social_options":{"image_generator_settings":{"template":"highway","enabled":false},"version":2}},"categories":[14],"tags":[],"class_list":["entry","author-diegoaguirre","post-57192","post","type-post","status-publish","format-standard","has-post-thumbnail","category-ibague"],"jetpack_publicize_connections":[],"yoast_head":"<!-- This site is optimized with the Yoast SEO plugin v24.3 - https:\/\/yoast.com\/wordpress\/plugins\/seo\/ -->\n<title>Suspenden parqueadero clandestino en Mirolindo por irregularidades en su funcionamiento - Ciudad y Region<\/title>\n<meta name=\"robots\" content=\"index, follow, max-snippet:-1, max-image-preview:large, max-video-preview:-1\" \/>\n<link rel=\"canonical\" href=\"https:\/\/ciudadyregion.com.co\/index.php\/suspenden-parqueadero-clandestino-en-mirolindo-por-irregularidades-en-su-funcionamiento\/ibague\/\" \/>\n<meta property=\"og:locale\" content=\"es_ES\" \/>\n<meta property=\"og:type\" content=\"article\" \/>\n<meta property=\"og:title\" content=\"Suspenden parqueadero clandestino en Mirolindo por irregularidades en su funcionamiento - Ciudad y Region\" \/>\n<meta property=\"og:description\" content=\"No contaba con la documentaci\u00f3n requerida para operar y estaba cobrando tarifas por encima de las establecidas por la autoridad municipal. En atenci\u00f3n a una queja presentada por un ciudadano, la Oficina de Atenci\u00f3n al Consumidor de la Alcald\u00eda de Ibagu\u00e9 realiz\u00f3 una visita de verificaci\u00f3n a un establecimiento ubicadoContinuar Leyendo\" \/>\n<meta property=\"og:url\" content=\"https:\/\/ciudadyregion.com.co\/index.php\/suspenden-parqueadero-clandestino-en-mirolindo-por-irregularidades-en-su-funcionamiento\/ibague\/\" \/>\n<meta property=\"og:site_name\" content=\"Ciudad y Region\" \/>\n<meta property=\"article:published_time\" content=\"2026-03-12T15:54:44+00:00\" \/>\n<meta property=\"article:modified_time\" content=\"2026-03-12T15:54:51+00:00\" \/>\n<meta property=\"og:image\" content=\"https:\/\/ciudadyregion.com.co\/wp-content\/uploads\/2026\/03\/a-40.jpg\" \/>\n\t<meta property=\"og:image:width\" content=\"800\" \/>\n\t<meta property=\"og:image:height\" content=\"445\" \/>\n\t<meta property=\"og:image:type\" content=\"image\/jpeg\" \/>\n<meta name=\"author\" content=\"David Andr\u00e9s Aguirre\" \/>\n<meta name=\"twitter:card\" content=\"summary_large_image\" \/>\n<meta name=\"twitter:label1\" content=\"Escrito por\" \/>\n\t<meta name=\"twitter:data1\" content=\"David Andr\u00e9s Aguirre\" \/>\n\t<meta name=\"twitter:label2\" content=\"Tiempo de lectura\" \/>\n\t<meta name=\"twitter:data2\" content=\"2 minutos\" \/>\n<script type=\"application\/ld+json\" class=\"yoast-schema-graph\">{\"@context\":\"https:\/\/schema.org\",\"@graph\":[{\"@type\":\"WebPage\",\"@id\":\"https:\/\/ciudadyregion.com.co\/index.php\/suspenden-parqueadero-clandestino-en-mirolindo-por-irregularidades-en-su-funcionamiento\/ibague\/\",\"url\":\"https:\/\/ciudadyregion.com.co\/index.php\/suspenden-parqueadero-clandestino-en-mirolindo-por-irregularidades-en-su-funcionamiento\/ibague\/\",\"name\":\"Suspenden parqueadero clandestino en Mirolindo por irregularidades en su funcionamiento - Ciudad y Region\",\"isPartOf\":{\"@id\":\"https:\/\/ciudadyregion.com.co\/#website\"},\"primaryImageOfPage\":{\"@id\":\"https:\/\/ciudadyregion.com.co\/index.php\/suspenden-parqueadero-clandestino-en-mirolindo-por-irregularidades-en-su-funcionamiento\/ibague\/#primaryimage\"},\"image\":{\"@id\":\"https:\/\/ciudadyregion.com.co\/index.php\/suspenden-parqueadero-clandestino-en-mirolindo-por-irregularidades-en-su-funcionamiento\/ibague\/#primaryimage\"},\"thumbnailUrl\":\"https:\/\/i0.wp.com\/ciudadyregion.com.co\/wp-content\/uploads\/2026\/03\/a-40.jpg?fit=800%2C445&ssl=1\",\"datePublished\":\"2026-03-12T15:54:44+00:00\",\"dateModified\":\"2026-03-12T15:54:51+00:00\",\"author\":{\"@id\":\"https:\/\/ciudadyregion.com.co\/#\/schema\/person\/04a4954373ebc4051f46e8c65ff78622\"},\"breadcrumb\":{\"@id\":\"https:\/\/ciudadyregion.com.co\/index.php\/suspenden-parqueadero-clandestino-en-mirolindo-por-irregularidades-en-su-funcionamiento\/ibague\/#breadcrumb\"},\"inLanguage\":\"es\",\"potentialAction\":[{\"@type\":\"ReadAction\",\"target\":[\"https:\/\/ciudadyregion.com.co\/index.php\/suspenden-parqueadero-clandestino-en-mirolindo-por-irregularidades-en-su-funcionamiento\/ibague\/\"]}]},{\"@type\":\"ImageObject\",\"inLanguage\":\"es\",\"@id\":\"https:\/\/ciudadyregion.com.co\/index.php\/suspenden-parqueadero-clandestino-en-mirolindo-por-irregularidades-en-su-funcionamiento\/ibague\/#primaryimage\",\"url\":\"https:\/\/i0.wp.com\/ciudadyregion.com.co\/wp-content\/uploads\/2026\/03\/a-40.jpg?fit=800%2C445&ssl=1\",\"contentUrl\":\"https:\/\/i0.wp.com\/ciudadyregion.com.co\/wp-content\/uploads\/2026\/03\/a-40.jpg?fit=800%2C445&ssl=1\",\"width\":800,\"height\":445},{\"@type\":\"BreadcrumbList\",\"@id\":\"https:\/\/ciudadyregion.com.co\/index.php\/suspenden-parqueadero-clandestino-en-mirolindo-por-irregularidades-en-su-funcionamiento\/ibague\/#breadcrumb\",\"itemListElement\":[{\"@type\":\"ListItem\",\"position\":1,\"name\":\"Portada\",\"item\":\"https:\/\/ciudadyregion.com.co\/\"},{\"@type\":\"ListItem\",\"position\":2,\"name\":\"Suspenden parqueadero clandestino en Mirolindo por irregularidades en su funcionamiento\"}]},{\"@type\":\"WebSite\",\"@id\":\"https:\/\/ciudadyregion.com.co\/#website\",\"url\":\"https:\/\/ciudadyregion.com.co\/\",\"name\":\"Ciudad y Region\",\"description\":\"\",\"potentialAction\":[{\"@type\":\"SearchAction\",\"target\":{\"@type\":\"EntryPoint\",\"urlTemplate\":\"https:\/\/ciudadyregion.com.co\/?s={search_term_string}\"},\"query-input\":{\"@type\":\"PropertyValueSpecification\",\"valueRequired\":true,\"valueName\":\"search_term_string\"}}],\"inLanguage\":\"es\"},{\"@type\":\"Person\",\"@id\":\"https:\/\/ciudadyregion.com.co\/#\/schema\/person\/04a4954373ebc4051f46e8c65ff78622\",\"name\":\"David Andr\u00e9s Aguirre\",\"image\":{\"@type\":\"ImageObject\",\"inLanguage\":\"es\",\"@id\":\"https:\/\/ciudadyregion.com.co\/#\/schema\/person\/image\/\",\"url\":\"https:\/\/secure.gravatar.com\/avatar\/bc3c655860202182ee6d1b5edd042dbe?s=96&d=mm&r=g\",\"contentUrl\":\"https:\/\/secure.gravatar.com\/avatar\/bc3c655860202182ee6d1b5edd042dbe?s=96&d=mm&r=g\",\"caption\":\"David Andr\u00e9s Aguirre\"},\"url\":\"https:\/\/ciudadyregion.com.co\/index.php\/author\/diegoaguirre\/\"}]}<\/script>\n<!-- \/ Yoast SEO plugin. -->","yoast_head_json":{"title":"Suspenden parqueadero clandestino en Mirolindo por irregularidades en su funcionamiento - Ciudad y Region","robots":{"index":"index","follow":"follow","max-snippet":"max-snippet:-1","max-image-preview":"max-image-preview:large","max-video-preview":"max-video-preview:-1"},"canonical":"https:\/\/ciudadyregion.com.co\/index.php\/suspenden-parqueadero-clandestino-en-mirolindo-por-irregularidades-en-su-funcionamiento\/ibague\/","og_locale":"es_ES","og_type":"article","og_title":"Suspenden parqueadero clandestino en Mirolindo por irregularidades en su funcionamiento - Ciudad y Region","og_description":"No contaba con la documentaci\u00f3n requerida para operar y estaba cobrando tarifas por encima de las establecidas por la autoridad municipal. En atenci\u00f3n a una queja presentada por un ciudadano, la Oficina de Atenci\u00f3n al Consumidor de la Alcald\u00eda de Ibagu\u00e9 realiz\u00f3 una visita de verificaci\u00f3n a un establecimiento ubicadoContinuar Leyendo","og_url":"https:\/\/ciudadyregion.com.co\/index.php\/suspenden-parqueadero-clandestino-en-mirolindo-por-irregularidades-en-su-funcionamiento\/ibague\/","og_site_name":"Ciudad y Region","article_published_time":"2026-03-12T15:54:44+00:00","article_modified_time":"2026-03-12T15:54:51+00:00","og_image":[{"width":800,"height":445,"url":"https:\/\/ciudadyregion.com.co\/wp-content\/uploads\/2026\/03\/a-40.jpg","type":"image\/jpeg"}],"author":"David Andr\u00e9s Aguirre","twitter_card":"summary_large_image","twitter_misc":{"Escrito por":"David Andr\u00e9s Aguirre","Tiempo de lectura":"2 minutos"},"schema":{"@context":"https:\/\/schema.org","@graph":[{"@type":"WebPage","@id":"https:\/\/ciudadyregion.com.co\/index.php\/suspenden-parqueadero-clandestino-en-mirolindo-por-irregularidades-en-su-funcionamiento\/ibague\/","url":"https:\/\/ciudadyregion.com.co\/index.php\/suspenden-parqueadero-clandestino-en-mirolindo-por-irregularidades-en-su-funcionamiento\/ibague\/","name":"Suspenden parqueadero clandestino en Mirolindo por irregularidades en su funcionamiento - Ciudad y Region","isPartOf":{"@id":"https:\/\/ciudadyregion.com.co\/#website"},"primaryImageOfPage":{"@id":"https:\/\/ciudadyregion.com.co\/index.php\/suspenden-parqueadero-clandestino-en-mirolindo-por-irregularidades-en-su-funcionamiento\/ibague\/#primaryimage"},"image":{"@id":"https:\/\/ciudadyregion.com.co\/index.php\/suspenden-parqueadero-clandestino-en-mirolindo-por-irregularidades-en-su-funcionamiento\/ibague\/#primaryimage"},"thumbnailUrl":"https:\/\/i0.wp.com\/ciudadyregion.com.co\/wp-content\/uploads\/2026\/03\/a-40.jpg?fit=800%2C445&ssl=1","datePublished":"2026-03-12T15:54:44+00:00","dateModified":"2026-03-12T15:54:51+00:00","author":{"@id":"https:\/\/ciudadyregion.com.co\/#\/schema\/person\/04a4954373ebc4051f46e8c65ff78622"},"breadcrumb":{"@id":"https:\/\/ciudadyregion.com.co\/index.php\/suspenden-parqueadero-clandestino-en-mirolindo-por-irregularidades-en-su-funcionamiento\/ibague\/#breadcrumb"},"inLanguage":"es","potentialAction":[{"@type":"ReadAction","target":["https:\/\/ciudadyregion.com.co\/index.php\/suspenden-parqueadero-clandestino-en-mirolindo-por-irregularidades-en-su-funcionamiento\/ibague\/"]}]},{"@type":"ImageObject","inLanguage":"es","@id":"https:\/\/ciudadyregion.com.co\/index.php\/suspenden-parqueadero-clandestino-en-mirolindo-por-irregularidades-en-su-funcionamiento\/ibague\/#primaryimage","url":"https:\/\/i0.wp.com\/ciudadyregion.com.co\/wp-content\/uploads\/2026\/03\/a-40.jpg?fit=800%2C445&ssl=1","contentUrl":"https:\/\/i0.wp.com\/ciudadyregion.com.co\/wp-content\/uploads\/2026\/03\/a-40.jpg?fit=800%2C445&ssl=1","width":800,"height":445},{"@type":"BreadcrumbList","@id":"https:\/\/ciudadyregion.com.co\/index.php\/suspenden-parqueadero-clandestino-en-mirolindo-por-irregularidades-en-su-funcionamiento\/ibague\/#breadcrumb","itemListElement":[{"@type":"ListItem","position":1,"name":"Portada","item":"https:\/\/ciudadyregion.com.co\/"},{"@type":"ListItem","position":2,"name":"Suspenden parqueadero clandestino en Mirolindo por irregularidades en su funcionamiento"}]},{"@type":"WebSite","@id":"https:\/\/ciudadyregion.com.co\/#website","url":"https:\/\/ciudadyregion.com.co\/","name":"Ciudad y Region","description":"","potentialAction":[{"@type":"SearchAction","target":{"@type":"EntryPoint","urlTemplate":"https:\/\/ciudadyregion.com.co\/?s={search_term_string}"},"query-input":{"@type":"PropertyValueSpecification","valueRequired":true,"valueName":"search_term_string"}}],"inLanguage":"es"},{"@type":"Person","@id":"https:\/\/ciudadyregion.com.co\/#\/schema\/person\/04a4954373ebc4051f46e8c65ff78622","name":"David Andr\u00e9s Aguirre","image":{"@type":"ImageObject","inLanguage":"es","@id":"https:\/\/ciudadyregion.com.co\/#\/schema\/person\/image\/","url":"https:\/\/secure.gravatar.com\/avatar\/bc3c655860202182ee6d1b5edd042dbe?s=96&d=mm&r=g","contentUrl":"https:\/\/secure.gravatar.com\/avatar\/bc3c655860202182ee6d1b5edd042dbe?s=96&d=mm&r=g","caption":"David Andr\u00e9s Aguirre"},"url":"https:\/\/ciudadyregion.com.co\/index.php\/author\/diegoaguirre\/"}]}},"jetpack_featured_media_url":"https:\/\/i0.wp.com\/ciudadyregion.com.co\/wp-content\/uploads\/2026\/03\/a-40.jpg?fit=800%2C445&ssl=1","jetpack_sharing_enabled":true,"jetpack_shortlink":"https:\/\/wp.me\/pbS7hh-eSs","jetpack-related-posts":[],"_links":{"self":[{"href":"https:\/\/ciudadyregion.com.co\/index.php\/wp-json\/wp\/v2\/posts\/57192"}],"collection":[{"href":"https:\/\/ciudadyregion.com.co\/index.php\/wp-json\/wp\/v2\/posts"}],"about":[{"href":"https:\/\/ciudadyregion.com.co\/index.php\/wp-json\/wp\/v2\/types\/post"}],"author":[{"embeddable":true,"href":"https:\/\/ciudadyregion.com.co\/index.php\/wp-json\/wp\/v2\/users\/2"}],"replies":[{"embeddable":true,"href":"https:\/\/ciudadyregion.com.co\/index.php\/wp-json\/wp\/v2\/comments?post=57192"}],"version-history":[{"count":1,"href":"https:\/\/ciudadyregion.com.co\/index.php\/wp-json\/wp\/v2\/posts\/57192\/revisions"}],"predecessor-version":[{"id":57194,"href":"https:\/\/ciudadyregion.com.co\/index.php\/wp-json\/wp\/v2\/posts\/57192\/revisions\/57194"}],"wp:featuredmedia":[{"embeddable":true,"href":"https:\/\/ciudadyregion.com.co\/index.php\/wp-json\/wp\/v2\/media\/57193"}],"wp:attachment":[{"href":"https:\/\/ciudadyregion.com.co\/index.php\/wp-json\/wp\/v2\/media?parent=57192"}],"wp:term":[{"taxonomy":"category","embeddable":true,"href":"https:\/\/ciudadyregion.com.co\/index.php\/wp-json\/wp\/v2\/categories?post=57192"},{"taxonomy":"post_tag","embeddable":true,"href":"https:\/\/ciudadyregion.com.co\/index.php\/wp-json\/wp\/v2\/tags?post=57192"}],"curies":[{"name":"wp","href":"https:\/\/api.w.org\/{rel}","templated":true}]}}