{"id":57189,"date":"2026-03-12T10:38:26","date_gmt":"2026-03-12T15:38:26","guid":{"rendered":"https:\/\/ciudadyregion.com.co\/?p=57189"},"modified":"2026-03-12T10:38:26","modified_gmt":"2026-03-12T15:38:26","slug":"mas-de-600-nuevos-usuarios-se-han-sumado-este-ano-al-sistema-publico-de-bicicletas","status":"publish","type":"post","link":"https:\/\/ciudadyregion.com.co\/index.php\/mas-de-600-nuevos-usuarios-se-han-sumado-este-ano-al-sistema-publico-de-bicicletas\/ibague\/","title":{"rendered":"M\u00e1s de 600 nuevos usuarios se han sumado este a\u00f1o al Sistema P\u00fablico de Bicicletas"},"content":{"rendered":"<p>\u2018Rueda por Ibagu\u00e9\u2019 es servicio gratuito de la Administraci\u00f3n Municipal que opera de lunes a domingo en ocho puntos de la ciudad.<\/p>\n<p>El Sistema P\u00fablico de Bicicletas \u2018Rueda por Ibagu\u00e9\u2019, contin\u00faa ganando usuarios en la ciudad. En lo corrido de 2026, m\u00e1s de 600 nuevos ciudadanos se han sumado a esta alternativa de movilidad sostenible, alcanzando un total de 2.426 personas registradas.<\/p>\n<p>\u201cLa bici hace parte de mi proceso de cambio, me muevo en ella como alternativa de transporte y porque aporta a mi proceso de bajar de peso. La uso para moverme entre mi casa y el lugar donde entreno. Adem\u00e1s, es muy sencillo y puedes hacer el mismo trayecto que en una moto y en el mismo tiempo\u201d, dijo Solbey Viviana Morales, biciusuaria de \u2018Rueda por Ibagu\u00e9\u2019.<\/p>\n<p>Este sistema de quinta generaci\u00f3n sigue consolid\u00e1ndose como una opci\u00f3n pr\u00e1ctica, saludable y amigable con el ambiente, demostrando que cada vez m\u00e1s ibaguere\u00f1os eligen la bicicleta para movilizarse por la ciudad.<\/p>\n<p>\u201cContamos con 85 bicicletas distribuidas en ocho puntos estrat\u00e9gicos de la ciudad, que funcionan de lunes a domingo en horario de 6:30 de la ma\u00f1ana a 6:30 de la tarde. Adem\u00e1s, su uso es completamente gratuito para los ciudadanos\u201d, explic\u00f3 Carlos Javier Cer\u00f3n, director de Proyectos y Servicios Financieros de Infibagu\u00e9.<\/p>\n<p>Tenga en cuenta que, para utilizar el sistema, los ciudadanos solo deben descargar la aplicaci\u00f3n \u2018Rueda por Ibagu\u00e9\u2019, registrarse en la plataforma, esperar la autorizaci\u00f3n y acercarse a la biciestaci\u00f3n m\u00e1s cercana para comenzar a rodar por la ciudad.<\/p>\n","protected":false},"excerpt":{"rendered":"<p>\u2018Rueda por Ibagu\u00e9\u2019 es servicio gratuito de la Administraci\u00f3n Municipal que opera de lunes a domingo en ocho puntos de la ciudad. El Sistema P\u00fablico de Bicicletas \u2018Rueda por Ibagu\u00e9\u2019, contin\u00faa ganando usuarios en la ciudad. En lo corrido de 2026, m\u00e1s de 600 nuevos ciudadanos se han sumado a<span class=\"more-link\"><a href=\"https:\/\/ciudadyregion.com.co\/index.php\/mas-de-600-nuevos-usuarios-se-han-sumado-este-ano-al-sistema-publico-de-bicicletas\/ibague\/\">Continuar Leyendo<\/a><\/span><\/p>\n","protected":false},"author":2,"featured_media":57190,"comment_status":"open","ping_status":"open","sticky":false,"template":"","format":"standard","meta":{"_uf_show_specific_survey":0,"_uf_disable_surveys":false,"_jetpack_memberships_contains_paid_content":false,"footnotes":"","jetpack_publicize_message":"","jetpack_publicize_feature_enabled":true,"jetpack_social_post_already_shared":true,"jetpack_social_options":{"image_generator_settings":{"template":"highway","enabled":false},"version":2}},"categories":[14],"tags":[],"class_list":["entry","author-diegoaguirre","post-57189","post","type-post","status-publish","format-standard","has-post-thumbnail","category-ibague"],"jetpack_publicize_connections":[],"yoast_head":"<!-- This site is optimized with the Yoast SEO plugin v24.3 - https:\/\/yoast.com\/wordpress\/plugins\/seo\/ -->\n<title>M\u00e1s de 600 nuevos usuarios se han sumado este a\u00f1o al Sistema P\u00fablico de Bicicletas - Ciudad y Region<\/title>\n<meta name=\"robots\" content=\"index, follow, max-snippet:-1, max-image-preview:large, max-video-preview:-1\" \/>\n<link rel=\"canonical\" href=\"https:\/\/ciudadyregion.com.co\/index.php\/mas-de-600-nuevos-usuarios-se-han-sumado-este-ano-al-sistema-publico-de-bicicletas\/ibague\/\" \/>\n<meta property=\"og:locale\" content=\"es_ES\" \/>\n<meta property=\"og:type\" content=\"article\" \/>\n<meta property=\"og:title\" content=\"M\u00e1s de 600 nuevos usuarios se han sumado este a\u00f1o al Sistema P\u00fablico de Bicicletas - Ciudad y Region\" \/>\n<meta property=\"og:description\" content=\"\u2018Rueda por Ibagu\u00e9\u2019 es servicio gratuito de la Administraci\u00f3n Municipal que opera de lunes a domingo en ocho puntos de la ciudad. El Sistema P\u00fablico de Bicicletas \u2018Rueda por Ibagu\u00e9\u2019, contin\u00faa ganando usuarios en la ciudad. En lo corrido de 2026, m\u00e1s de 600 nuevos ciudadanos se han sumado aContinuar Leyendo\" \/>\n<meta property=\"og:url\" content=\"https:\/\/ciudadyregion.com.co\/index.php\/mas-de-600-nuevos-usuarios-se-han-sumado-este-ano-al-sistema-publico-de-bicicletas\/ibague\/\" \/>\n<meta property=\"og:site_name\" content=\"Ciudad y Region\" \/>\n<meta property=\"article:published_time\" content=\"2026-03-12T15:38:26+00:00\" \/>\n<meta property=\"og:image\" content=\"https:\/\/ciudadyregion.com.co\/wp-content\/uploads\/2026\/03\/a-39.jpg\" \/>\n\t<meta property=\"og:image:width\" content=\"800\" \/>\n\t<meta property=\"og:image:height\" content=\"445\" \/>\n\t<meta property=\"og:image:type\" content=\"image\/jpeg\" \/>\n<meta name=\"author\" content=\"David Andr\u00e9s Aguirre\" \/>\n<meta name=\"twitter:card\" content=\"summary_large_image\" \/>\n<meta name=\"twitter:label1\" content=\"Escrito por\" \/>\n\t<meta name=\"twitter:data1\" content=\"David Andr\u00e9s Aguirre\" \/>\n\t<meta name=\"twitter:label2\" content=\"Tiempo de lectura\" \/>\n\t<meta name=\"twitter:data2\" content=\"2 minutos\" \/>\n<script type=\"application\/ld+json\" class=\"yoast-schema-graph\">{\"@context\":\"https:\/\/schema.org\",\"@graph\":[{\"@type\":\"WebPage\",\"@id\":\"https:\/\/ciudadyregion.com.co\/index.php\/mas-de-600-nuevos-usuarios-se-han-sumado-este-ano-al-sistema-publico-de-bicicletas\/ibague\/\",\"url\":\"https:\/\/ciudadyregion.com.co\/index.php\/mas-de-600-nuevos-usuarios-se-han-sumado-este-ano-al-sistema-publico-de-bicicletas\/ibague\/\",\"name\":\"M\u00e1s de 600 nuevos usuarios se han sumado este a\u00f1o al Sistema P\u00fablico de Bicicletas - Ciudad y Region\",\"isPartOf\":{\"@id\":\"https:\/\/ciudadyregion.com.co\/#website\"},\"primaryImageOfPage\":{\"@id\":\"https:\/\/ciudadyregion.com.co\/index.php\/mas-de-600-nuevos-usuarios-se-han-sumado-este-ano-al-sistema-publico-de-bicicletas\/ibague\/#primaryimage\"},\"image\":{\"@id\":\"https:\/\/ciudadyregion.com.co\/index.php\/mas-de-600-nuevos-usuarios-se-han-sumado-este-ano-al-sistema-publico-de-bicicletas\/ibague\/#primaryimage\"},\"thumbnailUrl\":\"https:\/\/i0.wp.com\/ciudadyregion.com.co\/wp-content\/uploads\/2026\/03\/a-39.jpg?fit=800%2C445&ssl=1\",\"datePublished\":\"2026-03-12T15:38:26+00:00\",\"dateModified\":\"2026-03-12T15:38:26+00:00\",\"author\":{\"@id\":\"https:\/\/ciudadyregion.com.co\/#\/schema\/person\/04a4954373ebc4051f46e8c65ff78622\"},\"breadcrumb\":{\"@id\":\"https:\/\/ciudadyregion.com.co\/index.php\/mas-de-600-nuevos-usuarios-se-han-sumado-este-ano-al-sistema-publico-de-bicicletas\/ibague\/#breadcrumb\"},\"inLanguage\":\"es\",\"potentialAction\":[{\"@type\":\"ReadAction\",\"target\":[\"https:\/\/ciudadyregion.com.co\/index.php\/mas-de-600-nuevos-usuarios-se-han-sumado-este-ano-al-sistema-publico-de-bicicletas\/ibague\/\"]}]},{\"@type\":\"ImageObject\",\"inLanguage\":\"es\",\"@id\":\"https:\/\/ciudadyregion.com.co\/index.php\/mas-de-600-nuevos-usuarios-se-han-sumado-este-ano-al-sistema-publico-de-bicicletas\/ibague\/#primaryimage\",\"url\":\"https:\/\/i0.wp.com\/ciudadyregion.com.co\/wp-content\/uploads\/2026\/03\/a-39.jpg?fit=800%2C445&ssl=1\",\"contentUrl\":\"https:\/\/i0.wp.com\/ciudadyregion.com.co\/wp-content\/uploads\/2026\/03\/a-39.jpg?fit=800%2C445&ssl=1\",\"width\":800,\"height\":445},{\"@type\":\"BreadcrumbList\",\"@id\":\"https:\/\/ciudadyregion.com.co\/index.php\/mas-de-600-nuevos-usuarios-se-han-sumado-este-ano-al-sistema-publico-de-bicicletas\/ibague\/#breadcrumb\",\"itemListElement\":[{\"@type\":\"ListItem\",\"position\":1,\"name\":\"Portada\",\"item\":\"https:\/\/ciudadyregion.com.co\/\"},{\"@type\":\"ListItem\",\"position\":2,\"name\":\"M\u00e1s de 600 nuevos usuarios se han sumado este a\u00f1o al Sistema P\u00fablico de Bicicletas\"}]},{\"@type\":\"WebSite\",\"@id\":\"https:\/\/ciudadyregion.com.co\/#website\",\"url\":\"https:\/\/ciudadyregion.com.co\/\",\"name\":\"Ciudad y Region\",\"description\":\"\",\"potentialAction\":[{\"@type\":\"SearchAction\",\"target\":{\"@type\":\"EntryPoint\",\"urlTemplate\":\"https:\/\/ciudadyregion.com.co\/?s={search_term_string}\"},\"query-input\":{\"@type\":\"PropertyValueSpecification\",\"valueRequired\":true,\"valueName\":\"search_term_string\"}}],\"inLanguage\":\"es\"},{\"@type\":\"Person\",\"@id\":\"https:\/\/ciudadyregion.com.co\/#\/schema\/person\/04a4954373ebc4051f46e8c65ff78622\",\"name\":\"David Andr\u00e9s Aguirre\",\"image\":{\"@type\":\"ImageObject\",\"inLanguage\":\"es\",\"@id\":\"https:\/\/ciudadyregion.com.co\/#\/schema\/person\/image\/\",\"url\":\"https:\/\/secure.gravatar.com\/avatar\/bc3c655860202182ee6d1b5edd042dbe?s=96&d=mm&r=g\",\"contentUrl\":\"https:\/\/secure.gravatar.com\/avatar\/bc3c655860202182ee6d1b5edd042dbe?s=96&d=mm&r=g\",\"caption\":\"David Andr\u00e9s Aguirre\"},\"url\":\"https:\/\/ciudadyregion.com.co\/index.php\/author\/diegoaguirre\/\"}]}<\/script>\n<!-- \/ Yoast SEO plugin. -->","yoast_head_json":{"title":"M\u00e1s de 600 nuevos usuarios se han sumado este a\u00f1o al Sistema P\u00fablico de Bicicletas - Ciudad y Region","robots":{"index":"index","follow":"follow","max-snippet":"max-snippet:-1","max-image-preview":"max-image-preview:large","max-video-preview":"max-video-preview:-1"},"canonical":"https:\/\/ciudadyregion.com.co\/index.php\/mas-de-600-nuevos-usuarios-se-han-sumado-este-ano-al-sistema-publico-de-bicicletas\/ibague\/","og_locale":"es_ES","og_type":"article","og_title":"M\u00e1s de 600 nuevos usuarios se han sumado este a\u00f1o al Sistema P\u00fablico de Bicicletas - Ciudad y Region","og_description":"\u2018Rueda por Ibagu\u00e9\u2019 es servicio gratuito de la Administraci\u00f3n Municipal que opera de lunes a domingo en ocho puntos de la ciudad. El Sistema P\u00fablico de Bicicletas \u2018Rueda por Ibagu\u00e9\u2019, contin\u00faa ganando usuarios en la ciudad. En lo corrido de 2026, m\u00e1s de 600 nuevos ciudadanos se han sumado aContinuar Leyendo","og_url":"https:\/\/ciudadyregion.com.co\/index.php\/mas-de-600-nuevos-usuarios-se-han-sumado-este-ano-al-sistema-publico-de-bicicletas\/ibague\/","og_site_name":"Ciudad y Region","article_published_time":"2026-03-12T15:38:26+00:00","og_image":[{"width":800,"height":445,"url":"https:\/\/ciudadyregion.com.co\/wp-content\/uploads\/2026\/03\/a-39.jpg","type":"image\/jpeg"}],"author":"David Andr\u00e9s Aguirre","twitter_card":"summary_large_image","twitter_misc":{"Escrito por":"David Andr\u00e9s Aguirre","Tiempo de lectura":"2 minutos"},"schema":{"@context":"https:\/\/schema.org","@graph":[{"@type":"WebPage","@id":"https:\/\/ciudadyregion.com.co\/index.php\/mas-de-600-nuevos-usuarios-se-han-sumado-este-ano-al-sistema-publico-de-bicicletas\/ibague\/","url":"https:\/\/ciudadyregion.com.co\/index.php\/mas-de-600-nuevos-usuarios-se-han-sumado-este-ano-al-sistema-publico-de-bicicletas\/ibague\/","name":"M\u00e1s de 600 nuevos usuarios se han sumado este a\u00f1o al Sistema P\u00fablico de Bicicletas - Ciudad y Region","isPartOf":{"@id":"https:\/\/ciudadyregion.com.co\/#website"},"primaryImageOfPage":{"@id":"https:\/\/ciudadyregion.com.co\/index.php\/mas-de-600-nuevos-usuarios-se-han-sumado-este-ano-al-sistema-publico-de-bicicletas\/ibague\/#primaryimage"},"image":{"@id":"https:\/\/ciudadyregion.com.co\/index.php\/mas-de-600-nuevos-usuarios-se-han-sumado-este-ano-al-sistema-publico-de-bicicletas\/ibague\/#primaryimage"},"thumbnailUrl":"https:\/\/i0.wp.com\/ciudadyregion.com.co\/wp-content\/uploads\/2026\/03\/a-39.jpg?fit=800%2C445&ssl=1","datePublished":"2026-03-12T15:38:26+00:00","dateModified":"2026-03-12T15:38:26+00:00","author":{"@id":"https:\/\/ciudadyregion.com.co\/#\/schema\/person\/04a4954373ebc4051f46e8c65ff78622"},"breadcrumb":{"@id":"https:\/\/ciudadyregion.com.co\/index.php\/mas-de-600-nuevos-usuarios-se-han-sumado-este-ano-al-sistema-publico-de-bicicletas\/ibague\/#breadcrumb"},"inLanguage":"es","potentialAction":[{"@type":"ReadAction","target":["https:\/\/ciudadyregion.com.co\/index.php\/mas-de-600-nuevos-usuarios-se-han-sumado-este-ano-al-sistema-publico-de-bicicletas\/ibague\/"]}]},{"@type":"ImageObject","inLanguage":"es","@id":"https:\/\/ciudadyregion.com.co\/index.php\/mas-de-600-nuevos-usuarios-se-han-sumado-este-ano-al-sistema-publico-de-bicicletas\/ibague\/#primaryimage","url":"https:\/\/i0.wp.com\/ciudadyregion.com.co\/wp-content\/uploads\/2026\/03\/a-39.jpg?fit=800%2C445&ssl=1","contentUrl":"https:\/\/i0.wp.com\/ciudadyregion.com.co\/wp-content\/uploads\/2026\/03\/a-39.jpg?fit=800%2C445&ssl=1","width":800,"height":445},{"@type":"BreadcrumbList","@id":"https:\/\/ciudadyregion.com.co\/index.php\/mas-de-600-nuevos-usuarios-se-han-sumado-este-ano-al-sistema-publico-de-bicicletas\/ibague\/#breadcrumb","itemListElement":[{"@type":"ListItem","position":1,"name":"Portada","item":"https:\/\/ciudadyregion.com.co\/"},{"@type":"ListItem","position":2,"name":"M\u00e1s de 600 nuevos usuarios se han sumado este a\u00f1o al Sistema P\u00fablico de Bicicletas"}]},{"@type":"WebSite","@id":"https:\/\/ciudadyregion.com.co\/#website","url":"https:\/\/ciudadyregion.com.co\/","name":"Ciudad y Region","description":"","potentialAction":[{"@type":"SearchAction","target":{"@type":"EntryPoint","urlTemplate":"https:\/\/ciudadyregion.com.co\/?s={search_term_string}"},"query-input":{"@type":"PropertyValueSpecification","valueRequired":true,"valueName":"search_term_string"}}],"inLanguage":"es"},{"@type":"Person","@id":"https:\/\/ciudadyregion.com.co\/#\/schema\/person\/04a4954373ebc4051f46e8c65ff78622","name":"David Andr\u00e9s Aguirre","image":{"@type":"ImageObject","inLanguage":"es","@id":"https:\/\/ciudadyregion.com.co\/#\/schema\/person\/image\/","url":"https:\/\/secure.gravatar.com\/avatar\/bc3c655860202182ee6d1b5edd042dbe?s=96&d=mm&r=g","contentUrl":"https:\/\/secure.gravatar.com\/avatar\/bc3c655860202182ee6d1b5edd042dbe?s=96&d=mm&r=g","caption":"David Andr\u00e9s Aguirre"},"url":"https:\/\/ciudadyregion.com.co\/index.php\/author\/diegoaguirre\/"}]}},"jetpack_featured_media_url":"https:\/\/i0.wp.com\/ciudadyregion.com.co\/wp-content\/uploads\/2026\/03\/a-39.jpg?fit=800%2C445&ssl=1","jetpack_sharing_enabled":true,"jetpack_shortlink":"https:\/\/wp.me\/pbS7hh-eSp","jetpack-related-posts":[],"_links":{"self":[{"href":"https:\/\/ciudadyregion.com.co\/index.php\/wp-json\/wp\/v2\/posts\/57189"}],"collection":[{"href":"https:\/\/ciudadyregion.com.co\/index.php\/wp-json\/wp\/v2\/posts"}],"about":[{"href":"https:\/\/ciudadyregion.com.co\/index.php\/wp-json\/wp\/v2\/types\/post"}],"author":[{"embeddable":true,"href":"https:\/\/ciudadyregion.com.co\/index.php\/wp-json\/wp\/v2\/users\/2"}],"replies":[{"embeddable":true,"href":"https:\/\/ciudadyregion.com.co\/index.php\/wp-json\/wp\/v2\/comments?post=57189"}],"version-history":[{"count":1,"href":"https:\/\/ciudadyregion.com.co\/index.php\/wp-json\/wp\/v2\/posts\/57189\/revisions"}],"predecessor-version":[{"id":57191,"href":"https:\/\/ciudadyregion.com.co\/index.php\/wp-json\/wp\/v2\/posts\/57189\/revisions\/57191"}],"wp:featuredmedia":[{"embeddable":true,"href":"https:\/\/ciudadyregion.com.co\/index.php\/wp-json\/wp\/v2\/media\/57190"}],"wp:attachment":[{"href":"https:\/\/ciudadyregion.com.co\/index.php\/wp-json\/wp\/v2\/media?parent=57189"}],"wp:term":[{"taxonomy":"category","embeddable":true,"href":"https:\/\/ciudadyregion.com.co\/index.php\/wp-json\/wp\/v2\/categories?post=57189"},{"taxonomy":"post_tag","embeddable":true,"href":"https:\/\/ciudadyregion.com.co\/index.php\/wp-json\/wp\/v2\/tags?post=57189"}],"curies":[{"name":"wp","href":"https:\/\/api.w.org\/{rel}","templated":true}]}}