{"id":57186,"date":"2026-03-12T10:36:11","date_gmt":"2026-03-12T15:36:11","guid":{"rendered":"https:\/\/ciudadyregion.com.co\/?p=57186"},"modified":"2026-03-12T10:36:11","modified_gmt":"2026-03-12T15:36:11","slug":"asi-respondio-la-institucionalidad-ante-la-emergencia-en-melgar","status":"publish","type":"post","link":"https:\/\/ciudadyregion.com.co\/index.php\/asi-respondio-la-institucionalidad-ante-la-emergencia-en-melgar\/regional\/","title":{"rendered":"Asi respondi\u00f3 la institucionalidad ante la emergencia en Melgar"},"content":{"rendered":"<p>Luego de conocerse la emergencia en Melgar asi se dio una respuesta interinstitucional inmediata liderada por la Secretar\u00eda de Ambiente y Gesti\u00f3n del Riesgo y la Alcald\u00eda Municipal<\/p>\n<p>Tras el desbordamiento registrado, la Administraci\u00f3n Municipal activ\u00f3 de manera urgente un Puesto de Mando Unificado (PMU) en la estaci\u00f3n de Bomberos.<\/p>\n<p>Desde all\u00ed se coordinan las acciones de recuperaci\u00f3n en los barrios El Ed\u00e9n, La Alameda, La Colina, Carrera 29, Carrera Quinta y las instalaciones del Colegio Gabriela Mistral.<\/p>\n<p>Liuwer Alberto Ballesteros Santos, director administrativo de la Direcci\u00f3n de Ambiente y Gesti\u00f3n del Riesgo de Melgar, inform\u00f3 que se han desplegado tres frentes de trabajo estrat\u00e9gicos. Estas cuadrillas, integradas por la Fuerza A\u00e9rea, Ej\u00e9rcito Nacional, Defensa Civil, Cruz Roja, Secretar\u00eda de Infraestructura y operarios de Pumelgar, ejecutan labores cr\u00edticas de remoci\u00f3n de lodo, limpieza de sedimentos y recuperaci\u00f3n de la movilidad en las zonas impactadas.<\/p>\n<p>\u00abDesde el primer momento en que se report\u00f3 la emergencia por el desbordamiento de la quebrada La Melgara, hemos mantenido una articulaci\u00f3n constante con el municipio. Nuestra prioridad es brindar el apoyo t\u00e9cnico y acompa\u00f1amiento necesario a toda la poblacion afectada. Estamos trabajando de la mano con los organismos de socorro y el Consejo Municipal de Gestion del Riesgo para activar el Sistema Departamental y Nacional en caso de ser necesario una vez se surtan los protocolos normativos exigidos\u00bb indic\u00f3 Ericka Lozano, Secretaria de ambiente y gesti\u00f3n del riesgo.<\/p>\n<p>\u00abEstamos consolidando el informe oficial para el Gobierno Departamental. Si bien muchas de estas familias ya se encuentran caracterizadas en zonas de riesgo, nuestra prioridad es la recuperaci\u00f3n del entorno y la mitigaci\u00f3n de nuevos da\u00f1os\u00bb , puntualiz\u00f3 Ballesteros Santos.<\/p>\n<p>Debido a la inestabilidad clim\u00e1tica y la persistencia de las lluvias, las autoridades mantienen una vigilancia 24\/7 sobre las fuentes h\u00eddricas del municipio. A trav\u00e9s del grupo departamental de gesti\u00f3n del riesgo y en contacto directo con el IDEAM, se monitorean los niveles de la quebrada La Melgara para emitir alertas tempranas en caso de nuevas crecientes.<\/p>\n","protected":false},"excerpt":{"rendered":"<p>Luego de conocerse la emergencia en Melgar asi se dio una respuesta interinstitucional inmediata liderada por la Secretar\u00eda de Ambiente y Gesti\u00f3n del Riesgo y la Alcald\u00eda Municipal Tras el desbordamiento registrado, la Administraci\u00f3n Municipal activ\u00f3 de manera urgente un Puesto de Mando Unificado (PMU) en la estaci\u00f3n de Bomberos.<span class=\"more-link\"><a href=\"https:\/\/ciudadyregion.com.co\/index.php\/asi-respondio-la-institucionalidad-ante-la-emergencia-en-melgar\/regional\/\">Continuar Leyendo<\/a><\/span><\/p>\n","protected":false},"author":2,"featured_media":57187,"comment_status":"open","ping_status":"open","sticky":false,"template":"","format":"standard","meta":{"_uf_show_specific_survey":0,"_uf_disable_surveys":false,"_jetpack_memberships_contains_paid_content":false,"footnotes":"","jetpack_publicize_message":"","jetpack_publicize_feature_enabled":true,"jetpack_social_post_already_shared":true,"jetpack_social_options":{"image_generator_settings":{"template":"highway","enabled":false},"version":2}},"categories":[13],"tags":[],"class_list":["entry","author-diegoaguirre","post-57186","post","type-post","status-publish","format-standard","has-post-thumbnail","category-regional"],"jetpack_publicize_connections":[],"yoast_head":"<!-- This site is optimized with the Yoast SEO plugin v24.3 - https:\/\/yoast.com\/wordpress\/plugins\/seo\/ -->\n<title>Asi respondi\u00f3 la institucionalidad ante la emergencia en Melgar - Ciudad y Region<\/title>\n<meta name=\"robots\" content=\"index, follow, max-snippet:-1, max-image-preview:large, max-video-preview:-1\" \/>\n<link rel=\"canonical\" href=\"https:\/\/ciudadyregion.com.co\/index.php\/asi-respondio-la-institucionalidad-ante-la-emergencia-en-melgar\/regional\/\" \/>\n<meta property=\"og:locale\" content=\"es_ES\" \/>\n<meta property=\"og:type\" content=\"article\" \/>\n<meta property=\"og:title\" content=\"Asi respondi\u00f3 la institucionalidad ante la emergencia en Melgar - Ciudad y Region\" \/>\n<meta property=\"og:description\" content=\"Luego de conocerse la emergencia en Melgar asi se dio una respuesta interinstitucional inmediata liderada por la Secretar\u00eda de Ambiente y Gesti\u00f3n del Riesgo y la Alcald\u00eda Municipal Tras el desbordamiento registrado, la Administraci\u00f3n Municipal activ\u00f3 de manera urgente un Puesto de Mando Unificado (PMU) en la estaci\u00f3n de Bomberos.Continuar Leyendo\" \/>\n<meta property=\"og:url\" content=\"https:\/\/ciudadyregion.com.co\/index.php\/asi-respondio-la-institucionalidad-ante-la-emergencia-en-melgar\/regional\/\" \/>\n<meta property=\"og:site_name\" content=\"Ciudad y Region\" \/>\n<meta property=\"article:published_time\" content=\"2026-03-12T15:36:11+00:00\" \/>\n<meta property=\"og:image\" content=\"https:\/\/ciudadyregion.com.co\/wp-content\/uploads\/2026\/03\/a-38.jpg\" \/>\n\t<meta property=\"og:image:width\" content=\"800\" \/>\n\t<meta property=\"og:image:height\" content=\"445\" \/>\n\t<meta property=\"og:image:type\" content=\"image\/jpeg\" \/>\n<meta name=\"author\" content=\"David Andr\u00e9s Aguirre\" \/>\n<meta name=\"twitter:card\" content=\"summary_large_image\" \/>\n<meta name=\"twitter:label1\" content=\"Escrito por\" \/>\n\t<meta name=\"twitter:data1\" content=\"David Andr\u00e9s Aguirre\" \/>\n\t<meta name=\"twitter:label2\" content=\"Tiempo de lectura\" \/>\n\t<meta name=\"twitter:data2\" content=\"2 minutos\" \/>\n<script type=\"application\/ld+json\" class=\"yoast-schema-graph\">{\"@context\":\"https:\/\/schema.org\",\"@graph\":[{\"@type\":\"WebPage\",\"@id\":\"https:\/\/ciudadyregion.com.co\/index.php\/asi-respondio-la-institucionalidad-ante-la-emergencia-en-melgar\/regional\/\",\"url\":\"https:\/\/ciudadyregion.com.co\/index.php\/asi-respondio-la-institucionalidad-ante-la-emergencia-en-melgar\/regional\/\",\"name\":\"Asi respondi\u00f3 la institucionalidad ante la emergencia en Melgar - Ciudad y Region\",\"isPartOf\":{\"@id\":\"https:\/\/ciudadyregion.com.co\/#website\"},\"primaryImageOfPage\":{\"@id\":\"https:\/\/ciudadyregion.com.co\/index.php\/asi-respondio-la-institucionalidad-ante-la-emergencia-en-melgar\/regional\/#primaryimage\"},\"image\":{\"@id\":\"https:\/\/ciudadyregion.com.co\/index.php\/asi-respondio-la-institucionalidad-ante-la-emergencia-en-melgar\/regional\/#primaryimage\"},\"thumbnailUrl\":\"https:\/\/i0.wp.com\/ciudadyregion.com.co\/wp-content\/uploads\/2026\/03\/a-38.jpg?fit=800%2C445&ssl=1\",\"datePublished\":\"2026-03-12T15:36:11+00:00\",\"dateModified\":\"2026-03-12T15:36:11+00:00\",\"author\":{\"@id\":\"https:\/\/ciudadyregion.com.co\/#\/schema\/person\/04a4954373ebc4051f46e8c65ff78622\"},\"breadcrumb\":{\"@id\":\"https:\/\/ciudadyregion.com.co\/index.php\/asi-respondio-la-institucionalidad-ante-la-emergencia-en-melgar\/regional\/#breadcrumb\"},\"inLanguage\":\"es\",\"potentialAction\":[{\"@type\":\"ReadAction\",\"target\":[\"https:\/\/ciudadyregion.com.co\/index.php\/asi-respondio-la-institucionalidad-ante-la-emergencia-en-melgar\/regional\/\"]}]},{\"@type\":\"ImageObject\",\"inLanguage\":\"es\",\"@id\":\"https:\/\/ciudadyregion.com.co\/index.php\/asi-respondio-la-institucionalidad-ante-la-emergencia-en-melgar\/regional\/#primaryimage\",\"url\":\"https:\/\/i0.wp.com\/ciudadyregion.com.co\/wp-content\/uploads\/2026\/03\/a-38.jpg?fit=800%2C445&ssl=1\",\"contentUrl\":\"https:\/\/i0.wp.com\/ciudadyregion.com.co\/wp-content\/uploads\/2026\/03\/a-38.jpg?fit=800%2C445&ssl=1\",\"width\":800,\"height\":445},{\"@type\":\"BreadcrumbList\",\"@id\":\"https:\/\/ciudadyregion.com.co\/index.php\/asi-respondio-la-institucionalidad-ante-la-emergencia-en-melgar\/regional\/#breadcrumb\",\"itemListElement\":[{\"@type\":\"ListItem\",\"position\":1,\"name\":\"Portada\",\"item\":\"https:\/\/ciudadyregion.com.co\/\"},{\"@type\":\"ListItem\",\"position\":2,\"name\":\"Asi respondi\u00f3 la institucionalidad ante la emergencia en Melgar\"}]},{\"@type\":\"WebSite\",\"@id\":\"https:\/\/ciudadyregion.com.co\/#website\",\"url\":\"https:\/\/ciudadyregion.com.co\/\",\"name\":\"Ciudad y Region\",\"description\":\"\",\"potentialAction\":[{\"@type\":\"SearchAction\",\"target\":{\"@type\":\"EntryPoint\",\"urlTemplate\":\"https:\/\/ciudadyregion.com.co\/?s={search_term_string}\"},\"query-input\":{\"@type\":\"PropertyValueSpecification\",\"valueRequired\":true,\"valueName\":\"search_term_string\"}}],\"inLanguage\":\"es\"},{\"@type\":\"Person\",\"@id\":\"https:\/\/ciudadyregion.com.co\/#\/schema\/person\/04a4954373ebc4051f46e8c65ff78622\",\"name\":\"David Andr\u00e9s Aguirre\",\"image\":{\"@type\":\"ImageObject\",\"inLanguage\":\"es\",\"@id\":\"https:\/\/ciudadyregion.com.co\/#\/schema\/person\/image\/\",\"url\":\"https:\/\/secure.gravatar.com\/avatar\/bc3c655860202182ee6d1b5edd042dbe?s=96&d=mm&r=g\",\"contentUrl\":\"https:\/\/secure.gravatar.com\/avatar\/bc3c655860202182ee6d1b5edd042dbe?s=96&d=mm&r=g\",\"caption\":\"David Andr\u00e9s Aguirre\"},\"url\":\"https:\/\/ciudadyregion.com.co\/index.php\/author\/diegoaguirre\/\"}]}<\/script>\n<!-- \/ Yoast SEO plugin. -->","yoast_head_json":{"title":"Asi respondi\u00f3 la institucionalidad ante la emergencia en Melgar - Ciudad y Region","robots":{"index":"index","follow":"follow","max-snippet":"max-snippet:-1","max-image-preview":"max-image-preview:large","max-video-preview":"max-video-preview:-1"},"canonical":"https:\/\/ciudadyregion.com.co\/index.php\/asi-respondio-la-institucionalidad-ante-la-emergencia-en-melgar\/regional\/","og_locale":"es_ES","og_type":"article","og_title":"Asi respondi\u00f3 la institucionalidad ante la emergencia en Melgar - Ciudad y Region","og_description":"Luego de conocerse la emergencia en Melgar asi se dio una respuesta interinstitucional inmediata liderada por la Secretar\u00eda de Ambiente y Gesti\u00f3n del Riesgo y la Alcald\u00eda Municipal Tras el desbordamiento registrado, la Administraci\u00f3n Municipal activ\u00f3 de manera urgente un Puesto de Mando Unificado (PMU) en la estaci\u00f3n de Bomberos.Continuar Leyendo","og_url":"https:\/\/ciudadyregion.com.co\/index.php\/asi-respondio-la-institucionalidad-ante-la-emergencia-en-melgar\/regional\/","og_site_name":"Ciudad y Region","article_published_time":"2026-03-12T15:36:11+00:00","og_image":[{"width":800,"height":445,"url":"https:\/\/ciudadyregion.com.co\/wp-content\/uploads\/2026\/03\/a-38.jpg","type":"image\/jpeg"}],"author":"David Andr\u00e9s Aguirre","twitter_card":"summary_large_image","twitter_misc":{"Escrito por":"David Andr\u00e9s Aguirre","Tiempo de lectura":"2 minutos"},"schema":{"@context":"https:\/\/schema.org","@graph":[{"@type":"WebPage","@id":"https:\/\/ciudadyregion.com.co\/index.php\/asi-respondio-la-institucionalidad-ante-la-emergencia-en-melgar\/regional\/","url":"https:\/\/ciudadyregion.com.co\/index.php\/asi-respondio-la-institucionalidad-ante-la-emergencia-en-melgar\/regional\/","name":"Asi respondi\u00f3 la institucionalidad ante la emergencia en Melgar - Ciudad y Region","isPartOf":{"@id":"https:\/\/ciudadyregion.com.co\/#website"},"primaryImageOfPage":{"@id":"https:\/\/ciudadyregion.com.co\/index.php\/asi-respondio-la-institucionalidad-ante-la-emergencia-en-melgar\/regional\/#primaryimage"},"image":{"@id":"https:\/\/ciudadyregion.com.co\/index.php\/asi-respondio-la-institucionalidad-ante-la-emergencia-en-melgar\/regional\/#primaryimage"},"thumbnailUrl":"https:\/\/i0.wp.com\/ciudadyregion.com.co\/wp-content\/uploads\/2026\/03\/a-38.jpg?fit=800%2C445&ssl=1","datePublished":"2026-03-12T15:36:11+00:00","dateModified":"2026-03-12T15:36:11+00:00","author":{"@id":"https:\/\/ciudadyregion.com.co\/#\/schema\/person\/04a4954373ebc4051f46e8c65ff78622"},"breadcrumb":{"@id":"https:\/\/ciudadyregion.com.co\/index.php\/asi-respondio-la-institucionalidad-ante-la-emergencia-en-melgar\/regional\/#breadcrumb"},"inLanguage":"es","potentialAction":[{"@type":"ReadAction","target":["https:\/\/ciudadyregion.com.co\/index.php\/asi-respondio-la-institucionalidad-ante-la-emergencia-en-melgar\/regional\/"]}]},{"@type":"ImageObject","inLanguage":"es","@id":"https:\/\/ciudadyregion.com.co\/index.php\/asi-respondio-la-institucionalidad-ante-la-emergencia-en-melgar\/regional\/#primaryimage","url":"https:\/\/i0.wp.com\/ciudadyregion.com.co\/wp-content\/uploads\/2026\/03\/a-38.jpg?fit=800%2C445&ssl=1","contentUrl":"https:\/\/i0.wp.com\/ciudadyregion.com.co\/wp-content\/uploads\/2026\/03\/a-38.jpg?fit=800%2C445&ssl=1","width":800,"height":445},{"@type":"BreadcrumbList","@id":"https:\/\/ciudadyregion.com.co\/index.php\/asi-respondio-la-institucionalidad-ante-la-emergencia-en-melgar\/regional\/#breadcrumb","itemListElement":[{"@type":"ListItem","position":1,"name":"Portada","item":"https:\/\/ciudadyregion.com.co\/"},{"@type":"ListItem","position":2,"name":"Asi respondi\u00f3 la institucionalidad ante la emergencia en Melgar"}]},{"@type":"WebSite","@id":"https:\/\/ciudadyregion.com.co\/#website","url":"https:\/\/ciudadyregion.com.co\/","name":"Ciudad y Region","description":"","potentialAction":[{"@type":"SearchAction","target":{"@type":"EntryPoint","urlTemplate":"https:\/\/ciudadyregion.com.co\/?s={search_term_string}"},"query-input":{"@type":"PropertyValueSpecification","valueRequired":true,"valueName":"search_term_string"}}],"inLanguage":"es"},{"@type":"Person","@id":"https:\/\/ciudadyregion.com.co\/#\/schema\/person\/04a4954373ebc4051f46e8c65ff78622","name":"David Andr\u00e9s Aguirre","image":{"@type":"ImageObject","inLanguage":"es","@id":"https:\/\/ciudadyregion.com.co\/#\/schema\/person\/image\/","url":"https:\/\/secure.gravatar.com\/avatar\/bc3c655860202182ee6d1b5edd042dbe?s=96&d=mm&r=g","contentUrl":"https:\/\/secure.gravatar.com\/avatar\/bc3c655860202182ee6d1b5edd042dbe?s=96&d=mm&r=g","caption":"David Andr\u00e9s Aguirre"},"url":"https:\/\/ciudadyregion.com.co\/index.php\/author\/diegoaguirre\/"}]}},"jetpack_featured_media_url":"https:\/\/i0.wp.com\/ciudadyregion.com.co\/wp-content\/uploads\/2026\/03\/a-38.jpg?fit=800%2C445&ssl=1","jetpack_sharing_enabled":true,"jetpack_shortlink":"https:\/\/wp.me\/pbS7hh-eSm","jetpack-related-posts":[],"_links":{"self":[{"href":"https:\/\/ciudadyregion.com.co\/index.php\/wp-json\/wp\/v2\/posts\/57186"}],"collection":[{"href":"https:\/\/ciudadyregion.com.co\/index.php\/wp-json\/wp\/v2\/posts"}],"about":[{"href":"https:\/\/ciudadyregion.com.co\/index.php\/wp-json\/wp\/v2\/types\/post"}],"author":[{"embeddable":true,"href":"https:\/\/ciudadyregion.com.co\/index.php\/wp-json\/wp\/v2\/users\/2"}],"replies":[{"embeddable":true,"href":"https:\/\/ciudadyregion.com.co\/index.php\/wp-json\/wp\/v2\/comments?post=57186"}],"version-history":[{"count":1,"href":"https:\/\/ciudadyregion.com.co\/index.php\/wp-json\/wp\/v2\/posts\/57186\/revisions"}],"predecessor-version":[{"id":57188,"href":"https:\/\/ciudadyregion.com.co\/index.php\/wp-json\/wp\/v2\/posts\/57186\/revisions\/57188"}],"wp:featuredmedia":[{"embeddable":true,"href":"https:\/\/ciudadyregion.com.co\/index.php\/wp-json\/wp\/v2\/media\/57187"}],"wp:attachment":[{"href":"https:\/\/ciudadyregion.com.co\/index.php\/wp-json\/wp\/v2\/media?parent=57186"}],"wp:term":[{"taxonomy":"category","embeddable":true,"href":"https:\/\/ciudadyregion.com.co\/index.php\/wp-json\/wp\/v2\/categories?post=57186"},{"taxonomy":"post_tag","embeddable":true,"href":"https:\/\/ciudadyregion.com.co\/index.php\/wp-json\/wp\/v2\/tags?post=57186"}],"curies":[{"name":"wp","href":"https:\/\/api.w.org\/{rel}","templated":true}]}}