{"id":57156,"date":"2026-03-12T08:06:07","date_gmt":"2026-03-12T13:06:07","guid":{"rendered":"https:\/\/ciudadyregion.com.co\/?p=57156"},"modified":"2026-03-12T08:06:07","modified_gmt":"2026-03-12T13:06:07","slug":"universidad-del-tolima-y-gobernacion-trabajan-de-manera-conjunta-por-el-fortalecimiento-de-la-educacion-superior","status":"publish","type":"post","link":"https:\/\/ciudadyregion.com.co\/index.php\/universidad-del-tolima-y-gobernacion-trabajan-de-manera-conjunta-por-el-fortalecimiento-de-la-educacion-superior\/educacion\/","title":{"rendered":"Universidad del Tolima y Gobernaci\u00f3n trabajan de manera conjunta por el fortalecimiento de la educaci\u00f3n superior"},"content":{"rendered":"<p data-wahfont=\"14\">En el marco de una visita institucional al campus de la Universidad del Tolima, la gobernadora del To\u00adlima, Adriana Magali Matiz, y el rector Omar Mej\u00eda Pati\u00f1o lideraron un espacio de di\u00e1logo orientado a fortalecer la articulaci\u00f3n interinstitucional y conso\u00adlidar iniciativas estrat\u00e9gicas para el desarrollo de la educaci\u00f3n superior, entre ellas el proyecto del \u00c1gora Estudiantil y el diplomado en Inteligencia Artificial aplicada al desempe\u00f1o laboral y profesional.<\/p>\n<p data-wahfont=\"14\">Durante el encuentro, que cont\u00f3 con la participaci\u00f3n de directivos y profesores del alma mater, se sociali\u00adzaron los avances y proyecciones de estas dos apues\u00adtas institucionales: por un lado, el \u00c1gora Estudiantil como espacio de encuentro, bienestar y construcci\u00f3n colectiva para la comunidad estudiantil; y por otro, el diplomado en Inteligencia Artificial como estrategia acad\u00e9mica orientada a fortalecer competencias para el desempe\u00f1o laboral y profesional. En este contex\u00adto, se ratific\u00f3 el papel de la Gobernaci\u00f3n del Tolima como aliado fundamental de la universidad p\u00fablica, promoviendo proyectos que impactan directamente la formaci\u00f3n integral y el desarrollo regional.<\/p>\n<p data-wahfont=\"14\"><strong>\u00c1gora Universitaria: un espacio\u00a0<\/strong><strong>para la vida universitaria<\/strong><\/p>\n<p data-wahfont=\"14\">Uno de los proyectos centrales presentados fue el \u00c1gora Estudiantil, una iniciativa concertada con los estudiantes que busca poner a disposici\u00f3n de la co\u00admunidad universitaria un espacio al servicio de la participaci\u00f3n, el encuentro, el bienestar y la cons\u00adtrucci\u00f3n colectiva.<\/p>\n<p data-wahfont=\"14\">\u201cEs un proyecto muy importante para la Universidad, donde retomamos este espacio para convertirlo en zonas de estudio, cineforo, escenarios culturales, es\u00adpacios de esparcimiento y encuentro. Esperamos con\u00adtar con el apoyo de la Gobernaci\u00f3n para ponerlo muy pronto al servicio de la comunidad\u201d, se\u00f1al\u00f3 Gustavo Rinc\u00f3n, director de la Oficina de Planeaci\u00f3n y Desa\u00adrrollo Institucional de la Universidad del Tolima.<\/p>\n<p data-wahfont=\"14\">Este proyecto representa una apuesta por el forta\u00adlecimiento de la vida universitaria, la participaci\u00f3n estudiantil y la construcci\u00f3n colectiva de espacios de bienestar.<\/p>\n<p data-wahfont=\"14\"><strong>Diplomado en Inteligencia Artificial:\u00a0<\/strong><strong>innovaci\u00f3n y virtualidad<\/strong><\/p>\n<p data-wahfont=\"14\">Otro de los proyectos socializados fue el diplomado en Inteligencia Artificial aplicada al desempe\u00f1o labo\u00adral y profesional, concebido como una estrategia de lanzamiento de la Unidad de Virtualidad de la Uni\u00adversidad del Tolima.<\/p>\n<p data-wahfont=\"14\">\u201cEl objetivo es alfabetizar en inteligencia artificial a profesionales de todas las \u00e1reas, promoviendo su uso \u00e9tico, estrat\u00e9gico y productivo. Buscamos que los participantes comprendan c\u00f3mo funcionan estos sistemas, sus l\u00edmites y sus aplicaciones en contextos reales\u201d, explic\u00f3 Iv\u00e1n Felipe Reyes, profesor de la UT.<\/p>\n<p data-wahfont=\"14\">La jornada permiti\u00f3 avanzar en la construcci\u00f3n de una agenda conjunta entre la Universidad del Tolima y la Gobernaci\u00f3n del Tolima, centrada en el fortale\u00adcimiento de la educaci\u00f3n superior, la innovaci\u00f3n aca\u00add\u00e9mica y el bienestar de la comunidad universitaria.<\/p>\n<p data-wahfont=\"14\">En este contexto, el rector Omar Mej\u00eda Pati\u00f1o se\u00f1al\u00f3: \u201cSostuvimos un importante encuentro con la Gober\u00adnadora para dialogar sobre iniciativas estrat\u00e9gicas que fortalezcan el presente y el futuro de nuestra Univer\u00adsidad del Tolima. Conversamos sobre el \u00c1gora Estu\u00addiantil y el diplomado en Inteligencia Artificial como apuestas por la innovaci\u00f3n, la participaci\u00f3n y la for\u00admaci\u00f3n pertinente. Seguimos trabajando de manera articulada por una universidad p\u00fablica, de calidad, que responda a los retos del territorio y del mundo actual\u201d.<\/p>\n<p data-wahfont=\"14\">El encuentro dej\u00f3 planteadas l\u00edneas de trabajo con\u00adjunto orientadas a ampliar oportunidades de forma\u00adci\u00f3n, fortalecer la infraestructura acad\u00e9mica y pro\u00adyectar a la Universidad del Tolima como un actor clave en el desarrollo regional.<\/p>\n","protected":false},"excerpt":{"rendered":"<p>En el marco de una visita institucional al campus de la Universidad del Tolima, la gobernadora del To\u00adlima, Adriana Magali Matiz, y el rector Omar Mej\u00eda Pati\u00f1o lideraron un espacio de di\u00e1logo orientado a fortalecer la articulaci\u00f3n interinstitucional y conso\u00adlidar iniciativas estrat\u00e9gicas para el desarrollo de la educaci\u00f3n superior, entre<span class=\"more-link\"><a href=\"https:\/\/ciudadyregion.com.co\/index.php\/universidad-del-tolima-y-gobernacion-trabajan-de-manera-conjunta-por-el-fortalecimiento-de-la-educacion-superior\/educacion\/\">Continuar Leyendo<\/a><\/span><\/p>\n","protected":false},"author":2,"featured_media":40704,"comment_status":"open","ping_status":"open","sticky":false,"template":"","format":"standard","meta":{"_uf_show_specific_survey":0,"_uf_disable_surveys":false,"_jetpack_memberships_contains_paid_content":false,"footnotes":"","jetpack_publicize_message":"","jetpack_publicize_feature_enabled":true,"jetpack_social_post_already_shared":true,"jetpack_social_options":{"image_generator_settings":{"template":"highway","enabled":false},"version":2}},"categories":[22],"tags":[],"class_list":["entry","author-diegoaguirre","post-57156","post","type-post","status-publish","format-standard","has-post-thumbnail","category-educacion"],"jetpack_publicize_connections":[],"yoast_head":"<!-- This site is optimized with the Yoast SEO plugin v24.3 - https:\/\/yoast.com\/wordpress\/plugins\/seo\/ -->\n<title>Universidad del Tolima y Gobernaci\u00f3n trabajan de manera conjunta por el fortalecimiento de la educaci\u00f3n superior - Ciudad y Region<\/title>\n<meta name=\"robots\" content=\"index, follow, max-snippet:-1, max-image-preview:large, max-video-preview:-1\" \/>\n<link rel=\"canonical\" href=\"https:\/\/ciudadyregion.com.co\/index.php\/universidad-del-tolima-y-gobernacion-trabajan-de-manera-conjunta-por-el-fortalecimiento-de-la-educacion-superior\/educacion\/\" \/>\n<meta property=\"og:locale\" content=\"es_ES\" \/>\n<meta property=\"og:type\" content=\"article\" \/>\n<meta property=\"og:title\" content=\"Universidad del Tolima y Gobernaci\u00f3n trabajan de manera conjunta por el fortalecimiento de la educaci\u00f3n superior - Ciudad y Region\" \/>\n<meta property=\"og:description\" content=\"En el marco de una visita institucional al campus de la Universidad del Tolima, la gobernadora del To\u00adlima, Adriana Magali Matiz, y el rector Omar Mej\u00eda Pati\u00f1o lideraron un espacio de di\u00e1logo orientado a fortalecer la articulaci\u00f3n interinstitucional y conso\u00adlidar iniciativas estrat\u00e9gicas para el desarrollo de la educaci\u00f3n superior, entreContinuar Leyendo\" \/>\n<meta property=\"og:url\" content=\"https:\/\/ciudadyregion.com.co\/index.php\/universidad-del-tolima-y-gobernacion-trabajan-de-manera-conjunta-por-el-fortalecimiento-de-la-educacion-superior\/educacion\/\" \/>\n<meta property=\"og:site_name\" content=\"Ciudad y Region\" \/>\n<meta property=\"article:published_time\" content=\"2026-03-12T13:06:07+00:00\" \/>\n<meta property=\"og:image\" content=\"https:\/\/ciudadyregion.com.co\/wp-content\/uploads\/2025\/07\/ut.jpg\" \/>\n\t<meta property=\"og:image:width\" content=\"800\" \/>\n\t<meta property=\"og:image:height\" content=\"445\" \/>\n\t<meta property=\"og:image:type\" content=\"image\/jpeg\" \/>\n<meta name=\"author\" content=\"David Andr\u00e9s Aguirre\" \/>\n<meta name=\"twitter:card\" content=\"summary_large_image\" \/>\n<meta name=\"twitter:label1\" content=\"Escrito por\" \/>\n\t<meta name=\"twitter:data1\" content=\"David Andr\u00e9s Aguirre\" \/>\n\t<meta name=\"twitter:label2\" content=\"Tiempo de lectura\" \/>\n\t<meta name=\"twitter:data2\" content=\"3 minutos\" \/>\n<script type=\"application\/ld+json\" class=\"yoast-schema-graph\">{\"@context\":\"https:\/\/schema.org\",\"@graph\":[{\"@type\":\"WebPage\",\"@id\":\"https:\/\/ciudadyregion.com.co\/index.php\/universidad-del-tolima-y-gobernacion-trabajan-de-manera-conjunta-por-el-fortalecimiento-de-la-educacion-superior\/educacion\/\",\"url\":\"https:\/\/ciudadyregion.com.co\/index.php\/universidad-del-tolima-y-gobernacion-trabajan-de-manera-conjunta-por-el-fortalecimiento-de-la-educacion-superior\/educacion\/\",\"name\":\"Universidad del Tolima y Gobernaci\u00f3n trabajan de manera conjunta por el fortalecimiento de la educaci\u00f3n superior - Ciudad y Region\",\"isPartOf\":{\"@id\":\"https:\/\/ciudadyregion.com.co\/#website\"},\"primaryImageOfPage\":{\"@id\":\"https:\/\/ciudadyregion.com.co\/index.php\/universidad-del-tolima-y-gobernacion-trabajan-de-manera-conjunta-por-el-fortalecimiento-de-la-educacion-superior\/educacion\/#primaryimage\"},\"image\":{\"@id\":\"https:\/\/ciudadyregion.com.co\/index.php\/universidad-del-tolima-y-gobernacion-trabajan-de-manera-conjunta-por-el-fortalecimiento-de-la-educacion-superior\/educacion\/#primaryimage\"},\"thumbnailUrl\":\"https:\/\/i0.wp.com\/ciudadyregion.com.co\/wp-content\/uploads\/2025\/07\/ut.jpg?fit=800%2C445&ssl=1\",\"datePublished\":\"2026-03-12T13:06:07+00:00\",\"dateModified\":\"2026-03-12T13:06:07+00:00\",\"author\":{\"@id\":\"https:\/\/ciudadyregion.com.co\/#\/schema\/person\/04a4954373ebc4051f46e8c65ff78622\"},\"breadcrumb\":{\"@id\":\"https:\/\/ciudadyregion.com.co\/index.php\/universidad-del-tolima-y-gobernacion-trabajan-de-manera-conjunta-por-el-fortalecimiento-de-la-educacion-superior\/educacion\/#breadcrumb\"},\"inLanguage\":\"es\",\"potentialAction\":[{\"@type\":\"ReadAction\",\"target\":[\"https:\/\/ciudadyregion.com.co\/index.php\/universidad-del-tolima-y-gobernacion-trabajan-de-manera-conjunta-por-el-fortalecimiento-de-la-educacion-superior\/educacion\/\"]}]},{\"@type\":\"ImageObject\",\"inLanguage\":\"es\",\"@id\":\"https:\/\/ciudadyregion.com.co\/index.php\/universidad-del-tolima-y-gobernacion-trabajan-de-manera-conjunta-por-el-fortalecimiento-de-la-educacion-superior\/educacion\/#primaryimage\",\"url\":\"https:\/\/i0.wp.com\/ciudadyregion.com.co\/wp-content\/uploads\/2025\/07\/ut.jpg?fit=800%2C445&ssl=1\",\"contentUrl\":\"https:\/\/i0.wp.com\/ciudadyregion.com.co\/wp-content\/uploads\/2025\/07\/ut.jpg?fit=800%2C445&ssl=1\",\"width\":800,\"height\":445},{\"@type\":\"BreadcrumbList\",\"@id\":\"https:\/\/ciudadyregion.com.co\/index.php\/universidad-del-tolima-y-gobernacion-trabajan-de-manera-conjunta-por-el-fortalecimiento-de-la-educacion-superior\/educacion\/#breadcrumb\",\"itemListElement\":[{\"@type\":\"ListItem\",\"position\":1,\"name\":\"Portada\",\"item\":\"https:\/\/ciudadyregion.com.co\/\"},{\"@type\":\"ListItem\",\"position\":2,\"name\":\"Universidad del Tolima y Gobernaci\u00f3n trabajan de manera conjunta por el fortalecimiento de la educaci\u00f3n superior\"}]},{\"@type\":\"WebSite\",\"@id\":\"https:\/\/ciudadyregion.com.co\/#website\",\"url\":\"https:\/\/ciudadyregion.com.co\/\",\"name\":\"Ciudad y Region\",\"description\":\"\",\"potentialAction\":[{\"@type\":\"SearchAction\",\"target\":{\"@type\":\"EntryPoint\",\"urlTemplate\":\"https:\/\/ciudadyregion.com.co\/?s={search_term_string}\"},\"query-input\":{\"@type\":\"PropertyValueSpecification\",\"valueRequired\":true,\"valueName\":\"search_term_string\"}}],\"inLanguage\":\"es\"},{\"@type\":\"Person\",\"@id\":\"https:\/\/ciudadyregion.com.co\/#\/schema\/person\/04a4954373ebc4051f46e8c65ff78622\",\"name\":\"David Andr\u00e9s Aguirre\",\"image\":{\"@type\":\"ImageObject\",\"inLanguage\":\"es\",\"@id\":\"https:\/\/ciudadyregion.com.co\/#\/schema\/person\/image\/\",\"url\":\"https:\/\/secure.gravatar.com\/avatar\/bc3c655860202182ee6d1b5edd042dbe?s=96&d=mm&r=g\",\"contentUrl\":\"https:\/\/secure.gravatar.com\/avatar\/bc3c655860202182ee6d1b5edd042dbe?s=96&d=mm&r=g\",\"caption\":\"David Andr\u00e9s Aguirre\"},\"url\":\"https:\/\/ciudadyregion.com.co\/index.php\/author\/diegoaguirre\/\"}]}<\/script>\n<!-- \/ Yoast SEO plugin. -->","yoast_head_json":{"title":"Universidad del Tolima y Gobernaci\u00f3n trabajan de manera conjunta por el fortalecimiento de la educaci\u00f3n superior - Ciudad y Region","robots":{"index":"index","follow":"follow","max-snippet":"max-snippet:-1","max-image-preview":"max-image-preview:large","max-video-preview":"max-video-preview:-1"},"canonical":"https:\/\/ciudadyregion.com.co\/index.php\/universidad-del-tolima-y-gobernacion-trabajan-de-manera-conjunta-por-el-fortalecimiento-de-la-educacion-superior\/educacion\/","og_locale":"es_ES","og_type":"article","og_title":"Universidad del Tolima y Gobernaci\u00f3n trabajan de manera conjunta por el fortalecimiento de la educaci\u00f3n superior - Ciudad y Region","og_description":"En el marco de una visita institucional al campus de la Universidad del Tolima, la gobernadora del To\u00adlima, Adriana Magali Matiz, y el rector Omar Mej\u00eda Pati\u00f1o lideraron un espacio de di\u00e1logo orientado a fortalecer la articulaci\u00f3n interinstitucional y conso\u00adlidar iniciativas estrat\u00e9gicas para el desarrollo de la educaci\u00f3n superior, entreContinuar Leyendo","og_url":"https:\/\/ciudadyregion.com.co\/index.php\/universidad-del-tolima-y-gobernacion-trabajan-de-manera-conjunta-por-el-fortalecimiento-de-la-educacion-superior\/educacion\/","og_site_name":"Ciudad y Region","article_published_time":"2026-03-12T13:06:07+00:00","og_image":[{"width":800,"height":445,"url":"https:\/\/ciudadyregion.com.co\/wp-content\/uploads\/2025\/07\/ut.jpg","type":"image\/jpeg"}],"author":"David Andr\u00e9s Aguirre","twitter_card":"summary_large_image","twitter_misc":{"Escrito por":"David Andr\u00e9s Aguirre","Tiempo de lectura":"3 minutos"},"schema":{"@context":"https:\/\/schema.org","@graph":[{"@type":"WebPage","@id":"https:\/\/ciudadyregion.com.co\/index.php\/universidad-del-tolima-y-gobernacion-trabajan-de-manera-conjunta-por-el-fortalecimiento-de-la-educacion-superior\/educacion\/","url":"https:\/\/ciudadyregion.com.co\/index.php\/universidad-del-tolima-y-gobernacion-trabajan-de-manera-conjunta-por-el-fortalecimiento-de-la-educacion-superior\/educacion\/","name":"Universidad del Tolima y Gobernaci\u00f3n trabajan de manera conjunta por el fortalecimiento de la educaci\u00f3n superior - Ciudad y Region","isPartOf":{"@id":"https:\/\/ciudadyregion.com.co\/#website"},"primaryImageOfPage":{"@id":"https:\/\/ciudadyregion.com.co\/index.php\/universidad-del-tolima-y-gobernacion-trabajan-de-manera-conjunta-por-el-fortalecimiento-de-la-educacion-superior\/educacion\/#primaryimage"},"image":{"@id":"https:\/\/ciudadyregion.com.co\/index.php\/universidad-del-tolima-y-gobernacion-trabajan-de-manera-conjunta-por-el-fortalecimiento-de-la-educacion-superior\/educacion\/#primaryimage"},"thumbnailUrl":"https:\/\/i0.wp.com\/ciudadyregion.com.co\/wp-content\/uploads\/2025\/07\/ut.jpg?fit=800%2C445&ssl=1","datePublished":"2026-03-12T13:06:07+00:00","dateModified":"2026-03-12T13:06:07+00:00","author":{"@id":"https:\/\/ciudadyregion.com.co\/#\/schema\/person\/04a4954373ebc4051f46e8c65ff78622"},"breadcrumb":{"@id":"https:\/\/ciudadyregion.com.co\/index.php\/universidad-del-tolima-y-gobernacion-trabajan-de-manera-conjunta-por-el-fortalecimiento-de-la-educacion-superior\/educacion\/#breadcrumb"},"inLanguage":"es","potentialAction":[{"@type":"ReadAction","target":["https:\/\/ciudadyregion.com.co\/index.php\/universidad-del-tolima-y-gobernacion-trabajan-de-manera-conjunta-por-el-fortalecimiento-de-la-educacion-superior\/educacion\/"]}]},{"@type":"ImageObject","inLanguage":"es","@id":"https:\/\/ciudadyregion.com.co\/index.php\/universidad-del-tolima-y-gobernacion-trabajan-de-manera-conjunta-por-el-fortalecimiento-de-la-educacion-superior\/educacion\/#primaryimage","url":"https:\/\/i0.wp.com\/ciudadyregion.com.co\/wp-content\/uploads\/2025\/07\/ut.jpg?fit=800%2C445&ssl=1","contentUrl":"https:\/\/i0.wp.com\/ciudadyregion.com.co\/wp-content\/uploads\/2025\/07\/ut.jpg?fit=800%2C445&ssl=1","width":800,"height":445},{"@type":"BreadcrumbList","@id":"https:\/\/ciudadyregion.com.co\/index.php\/universidad-del-tolima-y-gobernacion-trabajan-de-manera-conjunta-por-el-fortalecimiento-de-la-educacion-superior\/educacion\/#breadcrumb","itemListElement":[{"@type":"ListItem","position":1,"name":"Portada","item":"https:\/\/ciudadyregion.com.co\/"},{"@type":"ListItem","position":2,"name":"Universidad del Tolima y Gobernaci\u00f3n trabajan de manera conjunta por el fortalecimiento de la educaci\u00f3n superior"}]},{"@type":"WebSite","@id":"https:\/\/ciudadyregion.com.co\/#website","url":"https:\/\/ciudadyregion.com.co\/","name":"Ciudad y Region","description":"","potentialAction":[{"@type":"SearchAction","target":{"@type":"EntryPoint","urlTemplate":"https:\/\/ciudadyregion.com.co\/?s={search_term_string}"},"query-input":{"@type":"PropertyValueSpecification","valueRequired":true,"valueName":"search_term_string"}}],"inLanguage":"es"},{"@type":"Person","@id":"https:\/\/ciudadyregion.com.co\/#\/schema\/person\/04a4954373ebc4051f46e8c65ff78622","name":"David Andr\u00e9s Aguirre","image":{"@type":"ImageObject","inLanguage":"es","@id":"https:\/\/ciudadyregion.com.co\/#\/schema\/person\/image\/","url":"https:\/\/secure.gravatar.com\/avatar\/bc3c655860202182ee6d1b5edd042dbe?s=96&d=mm&r=g","contentUrl":"https:\/\/secure.gravatar.com\/avatar\/bc3c655860202182ee6d1b5edd042dbe?s=96&d=mm&r=g","caption":"David Andr\u00e9s Aguirre"},"url":"https:\/\/ciudadyregion.com.co\/index.php\/author\/diegoaguirre\/"}]}},"jetpack_featured_media_url":"https:\/\/i0.wp.com\/ciudadyregion.com.co\/wp-content\/uploads\/2025\/07\/ut.jpg?fit=800%2C445&ssl=1","jetpack_sharing_enabled":true,"jetpack_shortlink":"https:\/\/wp.me\/pbS7hh-eRS","jetpack-related-posts":[],"_links":{"self":[{"href":"https:\/\/ciudadyregion.com.co\/index.php\/wp-json\/wp\/v2\/posts\/57156"}],"collection":[{"href":"https:\/\/ciudadyregion.com.co\/index.php\/wp-json\/wp\/v2\/posts"}],"about":[{"href":"https:\/\/ciudadyregion.com.co\/index.php\/wp-json\/wp\/v2\/types\/post"}],"author":[{"embeddable":true,"href":"https:\/\/ciudadyregion.com.co\/index.php\/wp-json\/wp\/v2\/users\/2"}],"replies":[{"embeddable":true,"href":"https:\/\/ciudadyregion.com.co\/index.php\/wp-json\/wp\/v2\/comments?post=57156"}],"version-history":[{"count":1,"href":"https:\/\/ciudadyregion.com.co\/index.php\/wp-json\/wp\/v2\/posts\/57156\/revisions"}],"predecessor-version":[{"id":57157,"href":"https:\/\/ciudadyregion.com.co\/index.php\/wp-json\/wp\/v2\/posts\/57156\/revisions\/57157"}],"wp:featuredmedia":[{"embeddable":true,"href":"https:\/\/ciudadyregion.com.co\/index.php\/wp-json\/wp\/v2\/media\/40704"}],"wp:attachment":[{"href":"https:\/\/ciudadyregion.com.co\/index.php\/wp-json\/wp\/v2\/media?parent=57156"}],"wp:term":[{"taxonomy":"category","embeddable":true,"href":"https:\/\/ciudadyregion.com.co\/index.php\/wp-json\/wp\/v2\/categories?post=57156"},{"taxonomy":"post_tag","embeddable":true,"href":"https:\/\/ciudadyregion.com.co\/index.php\/wp-json\/wp\/v2\/tags?post=57156"}],"curies":[{"name":"wp","href":"https:\/\/api.w.org\/{rel}","templated":true}]}}