{"id":57147,"date":"2026-03-12T07:40:56","date_gmt":"2026-03-12T12:40:56","guid":{"rendered":"https:\/\/ciudadyregion.com.co\/?p=57147"},"modified":"2026-03-12T07:40:56","modified_gmt":"2026-03-12T12:40:56","slug":"la-experiencia-en-granja-comienza-con-nuevos-alojamientos-para-estudiantes-de-la-ut","status":"publish","type":"post","link":"https:\/\/ciudadyregion.com.co\/index.php\/la-experiencia-en-granja-comienza-con-nuevos-alojamientos-para-estudiantes-de-la-ut\/educacion\/","title":{"rendered":"La experiencia en granja comienza con nuevos alojamientos para estudiantes de la UT"},"content":{"rendered":"<p data-wahfont=\"14\">Con el prop\u00f3sito de mejorar las condiciones de bienestar y formaci\u00f3n pr\u00e1ctica de sus estudiantes, la Universidad del Tolima entreg\u00f3 nuevos alojamientos en la granja La Reforma, ubicada en el municipio de Armero\u2013Guayabal, destinados a los estudiantes del programa de Medicina Veterinaria y Zootecnia que realizan all\u00ed su noveno semestre.<\/p>\n<p data-wahfont=\"14\">Durante la visita al lugar, el rector de la Universidad del Tolima, Omar Mej\u00eda Pati\u00f1o, expres\u00f3 que la jornada estuvo marcada por un ambiente de satisfacci\u00f3n institucional al recibir a los estudiantes que comienzan esta etapa de su formaci\u00f3n profesional.<\/p>\n<p data-wahfont=\"14\">\u201cHoy es un d\u00eda de mucha alegr\u00eda para nosotros como direcci\u00f3n universitaria, como facultad y como diferentes dependencias dentro de la instituci\u00f3n. Venimos no solamente a recibir a los estudiantes de Medicina Veterinaria y Zootecnia de nuestra Universidad, sino tambi\u00e9n a ubicarlos en los nuevos alojamientos de la granja La Reforma\u201d, se\u00f1al\u00f3 el rector.<\/p>\n<p data-wahfont=\"14\">Mej\u00eda Pati\u00f1o destac\u00f3 que este tipo de inversiones responden a los compromisos adquiridos por la administraci\u00f3n universitaria durante las visitas realizadas a la infraestructura con la que cuenta la Instituci\u00f3n en diferentes regiones del pa\u00eds.<\/p>\n<p data-wahfont=\"14\">\u201cPara nosotros es muy importante todo lo que venimos haciendo en las visitas que hemos realizado a la infraestructura que tenemos en los nueve departamentos de Colombia en los cuales hacemos presencia. Esas tareas que nos hemos llevado y a las que nos hemos comprometido finalmente las realizamos y las concretamos\u201d, agreg\u00f3.<\/p>\n<p data-wahfont=\"14\">El rector tambi\u00e9n subray\u00f3 que estas acciones hacen parte de la apuesta institucional por fortalecer la calidad educativa y el impacto social de la universidad. \u201cNuestra universidad, una universidad p\u00fablica, gratuita y de alta calidad, sigue apost\u00e1ndole al aseguramiento de la calidad. Todas estas transformaciones tienen impacto social y nos permiten avanzar hacia la universidad que so\u00f1amos y que nos merecemos\u201d, afirm\u00f3.<\/p>\n<p data-wahfont=\"14\">\n<p data-wahfont=\"14\"><strong>Un proyecto con sostenibilidad y eficiencia energ\u00e9tica<\/strong><\/p>\n<p data-wahfont=\"14\">Gustavo Rinc\u00f3n, director de la Oficina de Planeaci\u00f3n y Desarrollo Institucional, explic\u00f3 que la obra representa una inversi\u00f3n significativa destinada a mejorar las condiciones de estad\u00eda de los estudiantes durante su formaci\u00f3n pr\u00e1ctica.<\/p>\n<p data-wahfont=\"14\">\u201cEn la granja La Reforma se realiz\u00f3 una inversi\u00f3n de 589 millones de pesos en obra f\u00edsica y 64 millones de pesos en mobiliario, para un total que supera los 650 millones de pesos\u201d, indic\u00f3.<\/p>\n<p data-wahfont=\"14\">Seg\u00fan Rinc\u00f3n, estos nuevos espacios permitir\u00e1n fortalecer el proceso formativo experiencial que los estudiantes desarrollan en las granjas de la universidad, donde interact\u00faan con diferentes sistemas productivos.<\/p>\n<p data-wahfont=\"14\">\u201cEstos alojamientos brindan mejores condiciones para el aprendizaje que los estudiantes realizan aqu\u00ed en las granjas, en procesos con producciones de bovinos, equinos, porcinos y avicultura. Tambi\u00e9n mejoran su bienestar, su seguridad, sus espacios de descanso y las zonas de estudio que complementan su formaci\u00f3n\u201d, se\u00f1al\u00f3.<\/p>\n<p data-wahfont=\"14\">El directivo destac\u00f3 adem\u00e1s que el proyecto se enmarca dentro del proceso de mejoramiento de la infraestructura universitaria impulsado por la rector\u00eda. \u201cEste proceso cont\u00f3 con el liderazgo del rector Omar Mej\u00eda Pati\u00f1o, quien ha promovido el mejoramiento estructural de los espacios f\u00edsicos de la universidad, con el objetivo de ofrecer lugares dignos para los estudiantes\u201d, puntualiz\u00f3.<\/p>\n<p data-wahfont=\"14\">La construcci\u00f3n tambi\u00e9n incorpor\u00f3 criterios de sostenibilidad y eficiencia energ\u00e9tica. Para ello se utilizaron materiales t\u00e9rmicos y ac\u00fasticos que permiten reducir el consumo de energ\u00eda el\u00e9ctrica.<\/p>\n<p data-wahfont=\"14\">De acuerdo con la Oficina de Planeaci\u00f3n y Desarrollo Institucional, la mamposter\u00eda y la cubierta fueron dise\u00f1adas con materiales que a\u00edslan el calor, mientras que la disposici\u00f3n arquitect\u00f3nica facilita la circulaci\u00f3n natural del aire en la parte superior de la edificaci\u00f3n. Estas caracter\u00edsticas permiten mantener un ambiente interior m\u00e1s fresco y confortable, reduciendo la necesidad de sistemas el\u00e9ctricos de climatizaci\u00f3n.<\/p>\n<p data-wahfont=\"14\">Con esta obra, la Universidad del Tolima contin\u00faa fortaleciendo sus escenarios de pr\u00e1ctica y formaci\u00f3n, garantizando mejores condiciones de bienestar para los estudiantes que desarrollan su aprendizaje en los espacios rurales de la instituci\u00f3n.<\/p>\n","protected":false},"excerpt":{"rendered":"<p>Con el prop\u00f3sito de mejorar las condiciones de bienestar y formaci\u00f3n pr\u00e1ctica de sus estudiantes, la Universidad del Tolima entreg\u00f3 nuevos alojamientos en la granja La Reforma, ubicada en el municipio de Armero\u2013Guayabal, destinados a los estudiantes del programa de Medicina Veterinaria y Zootecnia que realizan all\u00ed su noveno semestre.<span class=\"more-link\"><a href=\"https:\/\/ciudadyregion.com.co\/index.php\/la-experiencia-en-granja-comienza-con-nuevos-alojamientos-para-estudiantes-de-la-ut\/educacion\/\">Continuar Leyendo<\/a><\/span><\/p>\n","protected":false},"author":2,"featured_media":57148,"comment_status":"open","ping_status":"open","sticky":false,"template":"","format":"standard","meta":{"_uf_show_specific_survey":0,"_uf_disable_surveys":false,"_jetpack_memberships_contains_paid_content":false,"footnotes":"","jetpack_publicize_message":"","jetpack_publicize_feature_enabled":true,"jetpack_social_post_already_shared":true,"jetpack_social_options":{"image_generator_settings":{"template":"highway","enabled":false},"version":2}},"categories":[22],"tags":[],"class_list":["entry","author-diegoaguirre","post-57147","post","type-post","status-publish","format-standard","has-post-thumbnail","category-educacion"],"jetpack_publicize_connections":[],"yoast_head":"<!-- This site is optimized with the Yoast SEO plugin v24.3 - https:\/\/yoast.com\/wordpress\/plugins\/seo\/ -->\n<title>La experiencia en granja comienza con nuevos alojamientos para estudiantes de la UT - Ciudad y Region<\/title>\n<meta name=\"robots\" content=\"index, follow, max-snippet:-1, max-image-preview:large, max-video-preview:-1\" \/>\n<link rel=\"canonical\" href=\"https:\/\/ciudadyregion.com.co\/index.php\/la-experiencia-en-granja-comienza-con-nuevos-alojamientos-para-estudiantes-de-la-ut\/educacion\/\" \/>\n<meta property=\"og:locale\" content=\"es_ES\" \/>\n<meta property=\"og:type\" content=\"article\" \/>\n<meta property=\"og:title\" content=\"La experiencia en granja comienza con nuevos alojamientos para estudiantes de la UT - Ciudad y Region\" \/>\n<meta property=\"og:description\" content=\"Con el prop\u00f3sito de mejorar las condiciones de bienestar y formaci\u00f3n pr\u00e1ctica de sus estudiantes, la Universidad del Tolima entreg\u00f3 nuevos alojamientos en la granja La Reforma, ubicada en el municipio de Armero\u2013Guayabal, destinados a los estudiantes del programa de Medicina Veterinaria y Zootecnia que realizan all\u00ed su noveno semestre.Continuar Leyendo\" \/>\n<meta property=\"og:url\" content=\"https:\/\/ciudadyregion.com.co\/index.php\/la-experiencia-en-granja-comienza-con-nuevos-alojamientos-para-estudiantes-de-la-ut\/educacion\/\" \/>\n<meta property=\"og:site_name\" content=\"Ciudad y Region\" \/>\n<meta property=\"article:published_time\" content=\"2026-03-12T12:40:56+00:00\" \/>\n<meta property=\"og:image\" content=\"https:\/\/ciudadyregion.com.co\/wp-content\/uploads\/2026\/03\/Pag-2026-03-12T073841.506.jpg\" \/>\n\t<meta property=\"og:image:width\" content=\"800\" \/>\n\t<meta property=\"og:image:height\" content=\"445\" \/>\n\t<meta property=\"og:image:type\" content=\"image\/jpeg\" \/>\n<meta name=\"author\" content=\"David Andr\u00e9s Aguirre\" \/>\n<meta name=\"twitter:card\" content=\"summary_large_image\" \/>\n<meta name=\"twitter:label1\" content=\"Escrito por\" \/>\n\t<meta name=\"twitter:data1\" content=\"David Andr\u00e9s Aguirre\" \/>\n\t<meta name=\"twitter:label2\" content=\"Tiempo de lectura\" \/>\n\t<meta name=\"twitter:data2\" content=\"4 minutos\" \/>\n<script type=\"application\/ld+json\" class=\"yoast-schema-graph\">{\"@context\":\"https:\/\/schema.org\",\"@graph\":[{\"@type\":\"WebPage\",\"@id\":\"https:\/\/ciudadyregion.com.co\/index.php\/la-experiencia-en-granja-comienza-con-nuevos-alojamientos-para-estudiantes-de-la-ut\/educacion\/\",\"url\":\"https:\/\/ciudadyregion.com.co\/index.php\/la-experiencia-en-granja-comienza-con-nuevos-alojamientos-para-estudiantes-de-la-ut\/educacion\/\",\"name\":\"La experiencia en granja comienza con nuevos alojamientos para estudiantes de la UT - Ciudad y Region\",\"isPartOf\":{\"@id\":\"https:\/\/ciudadyregion.com.co\/#website\"},\"primaryImageOfPage\":{\"@id\":\"https:\/\/ciudadyregion.com.co\/index.php\/la-experiencia-en-granja-comienza-con-nuevos-alojamientos-para-estudiantes-de-la-ut\/educacion\/#primaryimage\"},\"image\":{\"@id\":\"https:\/\/ciudadyregion.com.co\/index.php\/la-experiencia-en-granja-comienza-con-nuevos-alojamientos-para-estudiantes-de-la-ut\/educacion\/#primaryimage\"},\"thumbnailUrl\":\"https:\/\/i0.wp.com\/ciudadyregion.com.co\/wp-content\/uploads\/2026\/03\/Pag-2026-03-12T073841.506.jpg?fit=800%2C445&ssl=1\",\"datePublished\":\"2026-03-12T12:40:56+00:00\",\"dateModified\":\"2026-03-12T12:40:56+00:00\",\"author\":{\"@id\":\"https:\/\/ciudadyregion.com.co\/#\/schema\/person\/04a4954373ebc4051f46e8c65ff78622\"},\"breadcrumb\":{\"@id\":\"https:\/\/ciudadyregion.com.co\/index.php\/la-experiencia-en-granja-comienza-con-nuevos-alojamientos-para-estudiantes-de-la-ut\/educacion\/#breadcrumb\"},\"inLanguage\":\"es\",\"potentialAction\":[{\"@type\":\"ReadAction\",\"target\":[\"https:\/\/ciudadyregion.com.co\/index.php\/la-experiencia-en-granja-comienza-con-nuevos-alojamientos-para-estudiantes-de-la-ut\/educacion\/\"]}]},{\"@type\":\"ImageObject\",\"inLanguage\":\"es\",\"@id\":\"https:\/\/ciudadyregion.com.co\/index.php\/la-experiencia-en-granja-comienza-con-nuevos-alojamientos-para-estudiantes-de-la-ut\/educacion\/#primaryimage\",\"url\":\"https:\/\/i0.wp.com\/ciudadyregion.com.co\/wp-content\/uploads\/2026\/03\/Pag-2026-03-12T073841.506.jpg?fit=800%2C445&ssl=1\",\"contentUrl\":\"https:\/\/i0.wp.com\/ciudadyregion.com.co\/wp-content\/uploads\/2026\/03\/Pag-2026-03-12T073841.506.jpg?fit=800%2C445&ssl=1\",\"width\":800,\"height\":445},{\"@type\":\"BreadcrumbList\",\"@id\":\"https:\/\/ciudadyregion.com.co\/index.php\/la-experiencia-en-granja-comienza-con-nuevos-alojamientos-para-estudiantes-de-la-ut\/educacion\/#breadcrumb\",\"itemListElement\":[{\"@type\":\"ListItem\",\"position\":1,\"name\":\"Portada\",\"item\":\"https:\/\/ciudadyregion.com.co\/\"},{\"@type\":\"ListItem\",\"position\":2,\"name\":\"La experiencia en granja comienza con nuevos alojamientos para estudiantes de la UT\"}]},{\"@type\":\"WebSite\",\"@id\":\"https:\/\/ciudadyregion.com.co\/#website\",\"url\":\"https:\/\/ciudadyregion.com.co\/\",\"name\":\"Ciudad y Region\",\"description\":\"\",\"potentialAction\":[{\"@type\":\"SearchAction\",\"target\":{\"@type\":\"EntryPoint\",\"urlTemplate\":\"https:\/\/ciudadyregion.com.co\/?s={search_term_string}\"},\"query-input\":{\"@type\":\"PropertyValueSpecification\",\"valueRequired\":true,\"valueName\":\"search_term_string\"}}],\"inLanguage\":\"es\"},{\"@type\":\"Person\",\"@id\":\"https:\/\/ciudadyregion.com.co\/#\/schema\/person\/04a4954373ebc4051f46e8c65ff78622\",\"name\":\"David Andr\u00e9s Aguirre\",\"image\":{\"@type\":\"ImageObject\",\"inLanguage\":\"es\",\"@id\":\"https:\/\/ciudadyregion.com.co\/#\/schema\/person\/image\/\",\"url\":\"https:\/\/secure.gravatar.com\/avatar\/bc3c655860202182ee6d1b5edd042dbe?s=96&d=mm&r=g\",\"contentUrl\":\"https:\/\/secure.gravatar.com\/avatar\/bc3c655860202182ee6d1b5edd042dbe?s=96&d=mm&r=g\",\"caption\":\"David Andr\u00e9s Aguirre\"},\"url\":\"https:\/\/ciudadyregion.com.co\/index.php\/author\/diegoaguirre\/\"}]}<\/script>\n<!-- \/ Yoast SEO plugin. -->","yoast_head_json":{"title":"La experiencia en granja comienza con nuevos alojamientos para estudiantes de la UT - Ciudad y Region","robots":{"index":"index","follow":"follow","max-snippet":"max-snippet:-1","max-image-preview":"max-image-preview:large","max-video-preview":"max-video-preview:-1"},"canonical":"https:\/\/ciudadyregion.com.co\/index.php\/la-experiencia-en-granja-comienza-con-nuevos-alojamientos-para-estudiantes-de-la-ut\/educacion\/","og_locale":"es_ES","og_type":"article","og_title":"La experiencia en granja comienza con nuevos alojamientos para estudiantes de la UT - Ciudad y Region","og_description":"Con el prop\u00f3sito de mejorar las condiciones de bienestar y formaci\u00f3n pr\u00e1ctica de sus estudiantes, la Universidad del Tolima entreg\u00f3 nuevos alojamientos en la granja La Reforma, ubicada en el municipio de Armero\u2013Guayabal, destinados a los estudiantes del programa de Medicina Veterinaria y Zootecnia que realizan all\u00ed su noveno semestre.Continuar Leyendo","og_url":"https:\/\/ciudadyregion.com.co\/index.php\/la-experiencia-en-granja-comienza-con-nuevos-alojamientos-para-estudiantes-de-la-ut\/educacion\/","og_site_name":"Ciudad y Region","article_published_time":"2026-03-12T12:40:56+00:00","og_image":[{"width":800,"height":445,"url":"https:\/\/ciudadyregion.com.co\/wp-content\/uploads\/2026\/03\/Pag-2026-03-12T073841.506.jpg","type":"image\/jpeg"}],"author":"David Andr\u00e9s Aguirre","twitter_card":"summary_large_image","twitter_misc":{"Escrito por":"David Andr\u00e9s Aguirre","Tiempo de lectura":"4 minutos"},"schema":{"@context":"https:\/\/schema.org","@graph":[{"@type":"WebPage","@id":"https:\/\/ciudadyregion.com.co\/index.php\/la-experiencia-en-granja-comienza-con-nuevos-alojamientos-para-estudiantes-de-la-ut\/educacion\/","url":"https:\/\/ciudadyregion.com.co\/index.php\/la-experiencia-en-granja-comienza-con-nuevos-alojamientos-para-estudiantes-de-la-ut\/educacion\/","name":"La experiencia en granja comienza con nuevos alojamientos para estudiantes de la UT - Ciudad y Region","isPartOf":{"@id":"https:\/\/ciudadyregion.com.co\/#website"},"primaryImageOfPage":{"@id":"https:\/\/ciudadyregion.com.co\/index.php\/la-experiencia-en-granja-comienza-con-nuevos-alojamientos-para-estudiantes-de-la-ut\/educacion\/#primaryimage"},"image":{"@id":"https:\/\/ciudadyregion.com.co\/index.php\/la-experiencia-en-granja-comienza-con-nuevos-alojamientos-para-estudiantes-de-la-ut\/educacion\/#primaryimage"},"thumbnailUrl":"https:\/\/i0.wp.com\/ciudadyregion.com.co\/wp-content\/uploads\/2026\/03\/Pag-2026-03-12T073841.506.jpg?fit=800%2C445&ssl=1","datePublished":"2026-03-12T12:40:56+00:00","dateModified":"2026-03-12T12:40:56+00:00","author":{"@id":"https:\/\/ciudadyregion.com.co\/#\/schema\/person\/04a4954373ebc4051f46e8c65ff78622"},"breadcrumb":{"@id":"https:\/\/ciudadyregion.com.co\/index.php\/la-experiencia-en-granja-comienza-con-nuevos-alojamientos-para-estudiantes-de-la-ut\/educacion\/#breadcrumb"},"inLanguage":"es","potentialAction":[{"@type":"ReadAction","target":["https:\/\/ciudadyregion.com.co\/index.php\/la-experiencia-en-granja-comienza-con-nuevos-alojamientos-para-estudiantes-de-la-ut\/educacion\/"]}]},{"@type":"ImageObject","inLanguage":"es","@id":"https:\/\/ciudadyregion.com.co\/index.php\/la-experiencia-en-granja-comienza-con-nuevos-alojamientos-para-estudiantes-de-la-ut\/educacion\/#primaryimage","url":"https:\/\/i0.wp.com\/ciudadyregion.com.co\/wp-content\/uploads\/2026\/03\/Pag-2026-03-12T073841.506.jpg?fit=800%2C445&ssl=1","contentUrl":"https:\/\/i0.wp.com\/ciudadyregion.com.co\/wp-content\/uploads\/2026\/03\/Pag-2026-03-12T073841.506.jpg?fit=800%2C445&ssl=1","width":800,"height":445},{"@type":"BreadcrumbList","@id":"https:\/\/ciudadyregion.com.co\/index.php\/la-experiencia-en-granja-comienza-con-nuevos-alojamientos-para-estudiantes-de-la-ut\/educacion\/#breadcrumb","itemListElement":[{"@type":"ListItem","position":1,"name":"Portada","item":"https:\/\/ciudadyregion.com.co\/"},{"@type":"ListItem","position":2,"name":"La experiencia en granja comienza con nuevos alojamientos para estudiantes de la UT"}]},{"@type":"WebSite","@id":"https:\/\/ciudadyregion.com.co\/#website","url":"https:\/\/ciudadyregion.com.co\/","name":"Ciudad y Region","description":"","potentialAction":[{"@type":"SearchAction","target":{"@type":"EntryPoint","urlTemplate":"https:\/\/ciudadyregion.com.co\/?s={search_term_string}"},"query-input":{"@type":"PropertyValueSpecification","valueRequired":true,"valueName":"search_term_string"}}],"inLanguage":"es"},{"@type":"Person","@id":"https:\/\/ciudadyregion.com.co\/#\/schema\/person\/04a4954373ebc4051f46e8c65ff78622","name":"David Andr\u00e9s Aguirre","image":{"@type":"ImageObject","inLanguage":"es","@id":"https:\/\/ciudadyregion.com.co\/#\/schema\/person\/image\/","url":"https:\/\/secure.gravatar.com\/avatar\/bc3c655860202182ee6d1b5edd042dbe?s=96&d=mm&r=g","contentUrl":"https:\/\/secure.gravatar.com\/avatar\/bc3c655860202182ee6d1b5edd042dbe?s=96&d=mm&r=g","caption":"David Andr\u00e9s Aguirre"},"url":"https:\/\/ciudadyregion.com.co\/index.php\/author\/diegoaguirre\/"}]}},"jetpack_featured_media_url":"https:\/\/i0.wp.com\/ciudadyregion.com.co\/wp-content\/uploads\/2026\/03\/Pag-2026-03-12T073841.506.jpg?fit=800%2C445&ssl=1","jetpack_sharing_enabled":true,"jetpack_shortlink":"https:\/\/wp.me\/pbS7hh-eRJ","jetpack-related-posts":[],"_links":{"self":[{"href":"https:\/\/ciudadyregion.com.co\/index.php\/wp-json\/wp\/v2\/posts\/57147"}],"collection":[{"href":"https:\/\/ciudadyregion.com.co\/index.php\/wp-json\/wp\/v2\/posts"}],"about":[{"href":"https:\/\/ciudadyregion.com.co\/index.php\/wp-json\/wp\/v2\/types\/post"}],"author":[{"embeddable":true,"href":"https:\/\/ciudadyregion.com.co\/index.php\/wp-json\/wp\/v2\/users\/2"}],"replies":[{"embeddable":true,"href":"https:\/\/ciudadyregion.com.co\/index.php\/wp-json\/wp\/v2\/comments?post=57147"}],"version-history":[{"count":1,"href":"https:\/\/ciudadyregion.com.co\/index.php\/wp-json\/wp\/v2\/posts\/57147\/revisions"}],"predecessor-version":[{"id":57149,"href":"https:\/\/ciudadyregion.com.co\/index.php\/wp-json\/wp\/v2\/posts\/57147\/revisions\/57149"}],"wp:featuredmedia":[{"embeddable":true,"href":"https:\/\/ciudadyregion.com.co\/index.php\/wp-json\/wp\/v2\/media\/57148"}],"wp:attachment":[{"href":"https:\/\/ciudadyregion.com.co\/index.php\/wp-json\/wp\/v2\/media?parent=57147"}],"wp:term":[{"taxonomy":"category","embeddable":true,"href":"https:\/\/ciudadyregion.com.co\/index.php\/wp-json\/wp\/v2\/categories?post=57147"},{"taxonomy":"post_tag","embeddable":true,"href":"https:\/\/ciudadyregion.com.co\/index.php\/wp-json\/wp\/v2\/tags?post=57147"}],"curies":[{"name":"wp","href":"https:\/\/api.w.org\/{rel}","templated":true}]}}