{"id":57144,"date":"2026-03-12T07:38:12","date_gmt":"2026-03-12T12:38:12","guid":{"rendered":"https:\/\/ciudadyregion.com.co\/?p=57144"},"modified":"2026-03-12T07:38:12","modified_gmt":"2026-03-12T12:38:12","slug":"estudiante-de-la-universidad-de-antioquia-realiza-sus-practicas-en-avicultura-en-la-universidad-del-tolima","status":"publish","type":"post","link":"https:\/\/ciudadyregion.com.co\/index.php\/estudiante-de-la-universidad-de-antioquia-realiza-sus-practicas-en-avicultura-en-la-universidad-del-tolima\/educacion\/","title":{"rendered":"Estudiante de la Universidad de Antioquia realiza sus pr\u00e1cticas en avicultura en la Universidad del Tolima"},"content":{"rendered":"<p data-wahfont=\"14\"><span data-wahfont=\"14\">La Universidad del Tolima contin\u00faa posicion\u00e1ndose como un referente acad\u00e9mico en el campo de la avicultura, recibiendo estudiantes de diferentes regiones del pa\u00eds interesados en fortalecer su formaci\u00f3n profesional en esta \u00e1rea estrat\u00e9gica de la producci\u00f3n animal.<\/span><\/p>\n<p data-wahfont=\"14\"><span data-wahfont=\"14\">Ese es el caso de Yasm\u00edn Rodr\u00edguez Franco, estudiante de noveno semestre de Medicina Veterinaria de la Universidad de Antioquia, quien lleg\u00f3 desde Medell\u00edn para realizar sus pr\u00e1cticas profesionales en la granja La Reforma de la Universidad del Tolima, motivada por el reconocimiento que tiene la instituci\u00f3n en el \u00e1mbito acad\u00e9mico y productivo del sector av\u00edcola.<\/span><\/p>\n<p data-wahfont=\"14\"><span data-wahfont=\"14\">Seg\u00fan explic\u00f3 la estudiante, su inter\u00e9s por venir a la Universidad del Tolima surgi\u00f3 a partir de su gusto por las aves de producci\u00f3n, un campo que comenz\u00f3 a explorar durante su formaci\u00f3n universitaria.<\/span><\/p>\n<p data-wahfont=\"14\"><span data-wahfont=\"14\">\u201cCuando descubr\u00ed en mi carrera que me encantaban las aves de producci\u00f3n, empec\u00e9 a investigar y a hablar con diferentes personas del \u00e1rea. As\u00ed fue como conoc\u00ed que la Universidad del Tolima es un gran referente en la parte acad\u00e9mica y en avicultura\u201d, se\u00f1al\u00f3.<\/span><\/p>\n<p data-wahfont=\"14\"><span data-wahfont=\"14\">A partir de ese inter\u00e9s, Yasm\u00edn decidi\u00f3 buscar la posibilidad de realizar sus pr\u00e1cticas en la instituci\u00f3n. Tras acercarse a una de las docentes del \u00e1rea y manifestar su inter\u00e9s, inici\u00f3 el proceso que hoy le permite desarrollar esta experiencia acad\u00e9mica.<\/span><\/p>\n<p data-wahfont=\"14\"><span data-wahfont=\"14\">Durante su estancia en la universidad, la estudiante destaca el ambiente de trabajo, el acompa\u00f1amiento de los docentes y las oportunidades de aprendizaje que ha encontrado.<\/span><\/p>\n<p data-wahfont=\"14\"><span data-wahfont=\"14\">\u201cMe he sentido muy bien. Hay much\u00edsimo por hacer y las personas son muy amables. Se preocupan porque uno se sienta parte del equipo y pueda aportar, lo cual me ha parecido una experiencia muy valiosa\u201d, afirm\u00f3.<\/span><\/p>\n<p data-wahfont=\"14\"><span data-wahfont=\"14\">La presencia de estudiantes de otras universidades del pa\u00eds en escenarios de pr\u00e1ctica e investigaci\u00f3n reafirma el reconocimiento de la Universidad del Tolima como un espacio de formaci\u00f3n acad\u00e9mica, intercambio de conocimientos y desarrollo profesional en \u00e1reas como la medicina veterinaria y la producci\u00f3n av\u00edcola.<\/span><\/p>\n","protected":false},"excerpt":{"rendered":"<p>La Universidad del Tolima contin\u00faa posicion\u00e1ndose como un referente acad\u00e9mico en el campo de la avicultura, recibiendo estudiantes de diferentes regiones del pa\u00eds interesados en fortalecer su formaci\u00f3n profesional en esta \u00e1rea estrat\u00e9gica de la producci\u00f3n animal. Ese es el caso de Yasm\u00edn Rodr\u00edguez Franco, estudiante de noveno semestre de<span class=\"more-link\"><a href=\"https:\/\/ciudadyregion.com.co\/index.php\/estudiante-de-la-universidad-de-antioquia-realiza-sus-practicas-en-avicultura-en-la-universidad-del-tolima\/educacion\/\">Continuar Leyendo<\/a><\/span><\/p>\n","protected":false},"author":2,"featured_media":57145,"comment_status":"open","ping_status":"open","sticky":false,"template":"","format":"standard","meta":{"_uf_show_specific_survey":0,"_uf_disable_surveys":false,"_jetpack_memberships_contains_paid_content":false,"footnotes":"","jetpack_publicize_message":"","jetpack_publicize_feature_enabled":true,"jetpack_social_post_already_shared":true,"jetpack_social_options":{"image_generator_settings":{"template":"highway","enabled":false},"version":2}},"categories":[22],"tags":[],"class_list":["entry","author-diegoaguirre","post-57144","post","type-post","status-publish","format-standard","has-post-thumbnail","category-educacion"],"jetpack_publicize_connections":[],"yoast_head":"<!-- This site is optimized with the Yoast SEO plugin v24.3 - https:\/\/yoast.com\/wordpress\/plugins\/seo\/ -->\n<title>Estudiante de la Universidad de Antioquia realiza sus pr\u00e1cticas en avicultura en la Universidad del Tolima - Ciudad y Region<\/title>\n<meta name=\"robots\" content=\"index, follow, max-snippet:-1, max-image-preview:large, max-video-preview:-1\" \/>\n<link rel=\"canonical\" href=\"https:\/\/ciudadyregion.com.co\/index.php\/estudiante-de-la-universidad-de-antioquia-realiza-sus-practicas-en-avicultura-en-la-universidad-del-tolima\/educacion\/\" \/>\n<meta property=\"og:locale\" content=\"es_ES\" \/>\n<meta property=\"og:type\" content=\"article\" \/>\n<meta property=\"og:title\" content=\"Estudiante de la Universidad de Antioquia realiza sus pr\u00e1cticas en avicultura en la Universidad del Tolima - Ciudad y Region\" \/>\n<meta property=\"og:description\" content=\"La Universidad del Tolima contin\u00faa posicion\u00e1ndose como un referente acad\u00e9mico en el campo de la avicultura, recibiendo estudiantes de diferentes regiones del pa\u00eds interesados en fortalecer su formaci\u00f3n profesional en esta \u00e1rea estrat\u00e9gica de la producci\u00f3n animal. Ese es el caso de Yasm\u00edn Rodr\u00edguez Franco, estudiante de noveno semestre deContinuar Leyendo\" \/>\n<meta property=\"og:url\" content=\"https:\/\/ciudadyregion.com.co\/index.php\/estudiante-de-la-universidad-de-antioquia-realiza-sus-practicas-en-avicultura-en-la-universidad-del-tolima\/educacion\/\" \/>\n<meta property=\"og:site_name\" content=\"Ciudad y Region\" \/>\n<meta property=\"article:published_time\" content=\"2026-03-12T12:38:12+00:00\" \/>\n<meta property=\"og:image\" content=\"https:\/\/ciudadyregion.com.co\/wp-content\/uploads\/2026\/03\/Pag-2026-03-12T073602.986.jpg\" \/>\n\t<meta property=\"og:image:width\" content=\"800\" \/>\n\t<meta property=\"og:image:height\" content=\"445\" \/>\n\t<meta property=\"og:image:type\" content=\"image\/jpeg\" \/>\n<meta name=\"author\" content=\"David Andr\u00e9s Aguirre\" \/>\n<meta name=\"twitter:card\" content=\"summary_large_image\" \/>\n<meta name=\"twitter:label1\" content=\"Escrito por\" \/>\n\t<meta name=\"twitter:data1\" content=\"David Andr\u00e9s Aguirre\" \/>\n\t<meta name=\"twitter:label2\" content=\"Tiempo de lectura\" \/>\n\t<meta name=\"twitter:data2\" content=\"2 minutos\" \/>\n<script type=\"application\/ld+json\" class=\"yoast-schema-graph\">{\"@context\":\"https:\/\/schema.org\",\"@graph\":[{\"@type\":\"WebPage\",\"@id\":\"https:\/\/ciudadyregion.com.co\/index.php\/estudiante-de-la-universidad-de-antioquia-realiza-sus-practicas-en-avicultura-en-la-universidad-del-tolima\/educacion\/\",\"url\":\"https:\/\/ciudadyregion.com.co\/index.php\/estudiante-de-la-universidad-de-antioquia-realiza-sus-practicas-en-avicultura-en-la-universidad-del-tolima\/educacion\/\",\"name\":\"Estudiante de la Universidad de Antioquia realiza sus pr\u00e1cticas en avicultura en la Universidad del Tolima - Ciudad y Region\",\"isPartOf\":{\"@id\":\"https:\/\/ciudadyregion.com.co\/#website\"},\"primaryImageOfPage\":{\"@id\":\"https:\/\/ciudadyregion.com.co\/index.php\/estudiante-de-la-universidad-de-antioquia-realiza-sus-practicas-en-avicultura-en-la-universidad-del-tolima\/educacion\/#primaryimage\"},\"image\":{\"@id\":\"https:\/\/ciudadyregion.com.co\/index.php\/estudiante-de-la-universidad-de-antioquia-realiza-sus-practicas-en-avicultura-en-la-universidad-del-tolima\/educacion\/#primaryimage\"},\"thumbnailUrl\":\"https:\/\/i0.wp.com\/ciudadyregion.com.co\/wp-content\/uploads\/2026\/03\/Pag-2026-03-12T073602.986.jpg?fit=800%2C445&ssl=1\",\"datePublished\":\"2026-03-12T12:38:12+00:00\",\"dateModified\":\"2026-03-12T12:38:12+00:00\",\"author\":{\"@id\":\"https:\/\/ciudadyregion.com.co\/#\/schema\/person\/04a4954373ebc4051f46e8c65ff78622\"},\"breadcrumb\":{\"@id\":\"https:\/\/ciudadyregion.com.co\/index.php\/estudiante-de-la-universidad-de-antioquia-realiza-sus-practicas-en-avicultura-en-la-universidad-del-tolima\/educacion\/#breadcrumb\"},\"inLanguage\":\"es\",\"potentialAction\":[{\"@type\":\"ReadAction\",\"target\":[\"https:\/\/ciudadyregion.com.co\/index.php\/estudiante-de-la-universidad-de-antioquia-realiza-sus-practicas-en-avicultura-en-la-universidad-del-tolima\/educacion\/\"]}]},{\"@type\":\"ImageObject\",\"inLanguage\":\"es\",\"@id\":\"https:\/\/ciudadyregion.com.co\/index.php\/estudiante-de-la-universidad-de-antioquia-realiza-sus-practicas-en-avicultura-en-la-universidad-del-tolima\/educacion\/#primaryimage\",\"url\":\"https:\/\/i0.wp.com\/ciudadyregion.com.co\/wp-content\/uploads\/2026\/03\/Pag-2026-03-12T073602.986.jpg?fit=800%2C445&ssl=1\",\"contentUrl\":\"https:\/\/i0.wp.com\/ciudadyregion.com.co\/wp-content\/uploads\/2026\/03\/Pag-2026-03-12T073602.986.jpg?fit=800%2C445&ssl=1\",\"width\":800,\"height\":445},{\"@type\":\"BreadcrumbList\",\"@id\":\"https:\/\/ciudadyregion.com.co\/index.php\/estudiante-de-la-universidad-de-antioquia-realiza-sus-practicas-en-avicultura-en-la-universidad-del-tolima\/educacion\/#breadcrumb\",\"itemListElement\":[{\"@type\":\"ListItem\",\"position\":1,\"name\":\"Portada\",\"item\":\"https:\/\/ciudadyregion.com.co\/\"},{\"@type\":\"ListItem\",\"position\":2,\"name\":\"Estudiante de la Universidad de Antioquia realiza sus pr\u00e1cticas en avicultura en la Universidad del Tolima\"}]},{\"@type\":\"WebSite\",\"@id\":\"https:\/\/ciudadyregion.com.co\/#website\",\"url\":\"https:\/\/ciudadyregion.com.co\/\",\"name\":\"Ciudad y Region\",\"description\":\"\",\"potentialAction\":[{\"@type\":\"SearchAction\",\"target\":{\"@type\":\"EntryPoint\",\"urlTemplate\":\"https:\/\/ciudadyregion.com.co\/?s={search_term_string}\"},\"query-input\":{\"@type\":\"PropertyValueSpecification\",\"valueRequired\":true,\"valueName\":\"search_term_string\"}}],\"inLanguage\":\"es\"},{\"@type\":\"Person\",\"@id\":\"https:\/\/ciudadyregion.com.co\/#\/schema\/person\/04a4954373ebc4051f46e8c65ff78622\",\"name\":\"David Andr\u00e9s Aguirre\",\"image\":{\"@type\":\"ImageObject\",\"inLanguage\":\"es\",\"@id\":\"https:\/\/ciudadyregion.com.co\/#\/schema\/person\/image\/\",\"url\":\"https:\/\/secure.gravatar.com\/avatar\/bc3c655860202182ee6d1b5edd042dbe?s=96&d=mm&r=g\",\"contentUrl\":\"https:\/\/secure.gravatar.com\/avatar\/bc3c655860202182ee6d1b5edd042dbe?s=96&d=mm&r=g\",\"caption\":\"David Andr\u00e9s Aguirre\"},\"url\":\"https:\/\/ciudadyregion.com.co\/index.php\/author\/diegoaguirre\/\"}]}<\/script>\n<!-- \/ Yoast SEO plugin. -->","yoast_head_json":{"title":"Estudiante de la Universidad de Antioquia realiza sus pr\u00e1cticas en avicultura en la Universidad del Tolima - Ciudad y Region","robots":{"index":"index","follow":"follow","max-snippet":"max-snippet:-1","max-image-preview":"max-image-preview:large","max-video-preview":"max-video-preview:-1"},"canonical":"https:\/\/ciudadyregion.com.co\/index.php\/estudiante-de-la-universidad-de-antioquia-realiza-sus-practicas-en-avicultura-en-la-universidad-del-tolima\/educacion\/","og_locale":"es_ES","og_type":"article","og_title":"Estudiante de la Universidad de Antioquia realiza sus pr\u00e1cticas en avicultura en la Universidad del Tolima - Ciudad y Region","og_description":"La Universidad del Tolima contin\u00faa posicion\u00e1ndose como un referente acad\u00e9mico en el campo de la avicultura, recibiendo estudiantes de diferentes regiones del pa\u00eds interesados en fortalecer su formaci\u00f3n profesional en esta \u00e1rea estrat\u00e9gica de la producci\u00f3n animal. Ese es el caso de Yasm\u00edn Rodr\u00edguez Franco, estudiante de noveno semestre deContinuar Leyendo","og_url":"https:\/\/ciudadyregion.com.co\/index.php\/estudiante-de-la-universidad-de-antioquia-realiza-sus-practicas-en-avicultura-en-la-universidad-del-tolima\/educacion\/","og_site_name":"Ciudad y Region","article_published_time":"2026-03-12T12:38:12+00:00","og_image":[{"width":800,"height":445,"url":"https:\/\/ciudadyregion.com.co\/wp-content\/uploads\/2026\/03\/Pag-2026-03-12T073602.986.jpg","type":"image\/jpeg"}],"author":"David Andr\u00e9s Aguirre","twitter_card":"summary_large_image","twitter_misc":{"Escrito por":"David Andr\u00e9s Aguirre","Tiempo de lectura":"2 minutos"},"schema":{"@context":"https:\/\/schema.org","@graph":[{"@type":"WebPage","@id":"https:\/\/ciudadyregion.com.co\/index.php\/estudiante-de-la-universidad-de-antioquia-realiza-sus-practicas-en-avicultura-en-la-universidad-del-tolima\/educacion\/","url":"https:\/\/ciudadyregion.com.co\/index.php\/estudiante-de-la-universidad-de-antioquia-realiza-sus-practicas-en-avicultura-en-la-universidad-del-tolima\/educacion\/","name":"Estudiante de la Universidad de Antioquia realiza sus pr\u00e1cticas en avicultura en la Universidad del Tolima - Ciudad y Region","isPartOf":{"@id":"https:\/\/ciudadyregion.com.co\/#website"},"primaryImageOfPage":{"@id":"https:\/\/ciudadyregion.com.co\/index.php\/estudiante-de-la-universidad-de-antioquia-realiza-sus-practicas-en-avicultura-en-la-universidad-del-tolima\/educacion\/#primaryimage"},"image":{"@id":"https:\/\/ciudadyregion.com.co\/index.php\/estudiante-de-la-universidad-de-antioquia-realiza-sus-practicas-en-avicultura-en-la-universidad-del-tolima\/educacion\/#primaryimage"},"thumbnailUrl":"https:\/\/i0.wp.com\/ciudadyregion.com.co\/wp-content\/uploads\/2026\/03\/Pag-2026-03-12T073602.986.jpg?fit=800%2C445&ssl=1","datePublished":"2026-03-12T12:38:12+00:00","dateModified":"2026-03-12T12:38:12+00:00","author":{"@id":"https:\/\/ciudadyregion.com.co\/#\/schema\/person\/04a4954373ebc4051f46e8c65ff78622"},"breadcrumb":{"@id":"https:\/\/ciudadyregion.com.co\/index.php\/estudiante-de-la-universidad-de-antioquia-realiza-sus-practicas-en-avicultura-en-la-universidad-del-tolima\/educacion\/#breadcrumb"},"inLanguage":"es","potentialAction":[{"@type":"ReadAction","target":["https:\/\/ciudadyregion.com.co\/index.php\/estudiante-de-la-universidad-de-antioquia-realiza-sus-practicas-en-avicultura-en-la-universidad-del-tolima\/educacion\/"]}]},{"@type":"ImageObject","inLanguage":"es","@id":"https:\/\/ciudadyregion.com.co\/index.php\/estudiante-de-la-universidad-de-antioquia-realiza-sus-practicas-en-avicultura-en-la-universidad-del-tolima\/educacion\/#primaryimage","url":"https:\/\/i0.wp.com\/ciudadyregion.com.co\/wp-content\/uploads\/2026\/03\/Pag-2026-03-12T073602.986.jpg?fit=800%2C445&ssl=1","contentUrl":"https:\/\/i0.wp.com\/ciudadyregion.com.co\/wp-content\/uploads\/2026\/03\/Pag-2026-03-12T073602.986.jpg?fit=800%2C445&ssl=1","width":800,"height":445},{"@type":"BreadcrumbList","@id":"https:\/\/ciudadyregion.com.co\/index.php\/estudiante-de-la-universidad-de-antioquia-realiza-sus-practicas-en-avicultura-en-la-universidad-del-tolima\/educacion\/#breadcrumb","itemListElement":[{"@type":"ListItem","position":1,"name":"Portada","item":"https:\/\/ciudadyregion.com.co\/"},{"@type":"ListItem","position":2,"name":"Estudiante de la Universidad de Antioquia realiza sus pr\u00e1cticas en avicultura en la Universidad del Tolima"}]},{"@type":"WebSite","@id":"https:\/\/ciudadyregion.com.co\/#website","url":"https:\/\/ciudadyregion.com.co\/","name":"Ciudad y Region","description":"","potentialAction":[{"@type":"SearchAction","target":{"@type":"EntryPoint","urlTemplate":"https:\/\/ciudadyregion.com.co\/?s={search_term_string}"},"query-input":{"@type":"PropertyValueSpecification","valueRequired":true,"valueName":"search_term_string"}}],"inLanguage":"es"},{"@type":"Person","@id":"https:\/\/ciudadyregion.com.co\/#\/schema\/person\/04a4954373ebc4051f46e8c65ff78622","name":"David Andr\u00e9s Aguirre","image":{"@type":"ImageObject","inLanguage":"es","@id":"https:\/\/ciudadyregion.com.co\/#\/schema\/person\/image\/","url":"https:\/\/secure.gravatar.com\/avatar\/bc3c655860202182ee6d1b5edd042dbe?s=96&d=mm&r=g","contentUrl":"https:\/\/secure.gravatar.com\/avatar\/bc3c655860202182ee6d1b5edd042dbe?s=96&d=mm&r=g","caption":"David Andr\u00e9s Aguirre"},"url":"https:\/\/ciudadyregion.com.co\/index.php\/author\/diegoaguirre\/"}]}},"jetpack_featured_media_url":"https:\/\/i0.wp.com\/ciudadyregion.com.co\/wp-content\/uploads\/2026\/03\/Pag-2026-03-12T073602.986.jpg?fit=800%2C445&ssl=1","jetpack_sharing_enabled":true,"jetpack_shortlink":"https:\/\/wp.me\/pbS7hh-eRG","jetpack-related-posts":[],"_links":{"self":[{"href":"https:\/\/ciudadyregion.com.co\/index.php\/wp-json\/wp\/v2\/posts\/57144"}],"collection":[{"href":"https:\/\/ciudadyregion.com.co\/index.php\/wp-json\/wp\/v2\/posts"}],"about":[{"href":"https:\/\/ciudadyregion.com.co\/index.php\/wp-json\/wp\/v2\/types\/post"}],"author":[{"embeddable":true,"href":"https:\/\/ciudadyregion.com.co\/index.php\/wp-json\/wp\/v2\/users\/2"}],"replies":[{"embeddable":true,"href":"https:\/\/ciudadyregion.com.co\/index.php\/wp-json\/wp\/v2\/comments?post=57144"}],"version-history":[{"count":1,"href":"https:\/\/ciudadyregion.com.co\/index.php\/wp-json\/wp\/v2\/posts\/57144\/revisions"}],"predecessor-version":[{"id":57146,"href":"https:\/\/ciudadyregion.com.co\/index.php\/wp-json\/wp\/v2\/posts\/57144\/revisions\/57146"}],"wp:featuredmedia":[{"embeddable":true,"href":"https:\/\/ciudadyregion.com.co\/index.php\/wp-json\/wp\/v2\/media\/57145"}],"wp:attachment":[{"href":"https:\/\/ciudadyregion.com.co\/index.php\/wp-json\/wp\/v2\/media?parent=57144"}],"wp:term":[{"taxonomy":"category","embeddable":true,"href":"https:\/\/ciudadyregion.com.co\/index.php\/wp-json\/wp\/v2\/categories?post=57144"},{"taxonomy":"post_tag","embeddable":true,"href":"https:\/\/ciudadyregion.com.co\/index.php\/wp-json\/wp\/v2\/tags?post=57144"}],"curies":[{"name":"wp","href":"https:\/\/api.w.org\/{rel}","templated":true}]}}