{"id":57141,"date":"2026-03-12T10:32:24","date_gmt":"2026-03-12T15:32:24","guid":{"rendered":"https:\/\/ciudadyregion.com.co\/?p=57141"},"modified":"2026-03-12T10:32:24","modified_gmt":"2026-03-12T15:32:24","slug":"26-esgrimistas-tolimenses-rumbo-a-la-copa-nacional","status":"publish","type":"post","link":"https:\/\/ciudadyregion.com.co\/index.php\/26-esgrimistas-tolimenses-rumbo-a-la-copa-nacional\/deportes\/","title":{"rendered":"26 esgrimistas tolimenses rumbo a la Copa Nacional"},"content":{"rendered":"<p>La competencia se vivir\u00e1 en Bogot\u00e1 del 11 al 15 de marzo.<\/p>\n<p>La Liga de Esgrima del Tolima, con apoyo de Indeportes Tolima, participar\u00e1 del 11 al 15 de marzo en la Copa Nacional de Esgrima, que se realizar\u00e1 en la ciudad de Bogot\u00e1, un evento clave dentro del calendario competitivo del pa\u00eds y que reunir\u00e1 a deportistas desde la categor\u00eda infantil hasta mayores y los deportistas buscar\u00e1n sumar puntos en el ranking nacional para avanzar en los procesos de clasificaci\u00f3n a las selecciones Colombia.<\/p>\n<p>Para Carol Cruz, entrenadora de la Liga de Esgrima del Tolima, este evento es fundamental dentro del proceso formativo y competitivo de los atletas del departamento.<\/p>\n<p>\u201cA partir del 11 y hasta el 15 de marzo estaremos participando en la Copa Nacional con deportistas desde la categor\u00eda exinfantil hasta mayores, con el objetivo de seguir sumando puntaje en el ranking nacional y buscar la clasificaci\u00f3n a los seleccionados nacionales. Todo este proceso hace parte de la preparaci\u00f3n hacia los Juegos Nacionales 2027 y 2028\u201d, afirm\u00f3.<\/p>\n<p>La delegaci\u00f3n contar\u00e1 con el acompa\u00f1amiento del metod\u00f3logo de Indeportes Tolima, Carlos Var\u00f3n quien realizar\u00e1 seguimiento al desempe\u00f1o de los atletas durante el certamen. Asimismo, el instituto brinda respaldo log\u00edstico para el transporte, hospedaje y alimentaci\u00f3n de los deportistas, garantizando.<\/p>\n<p>\u00abIndeportes Tolima siempre busca brindar el mejor apoyo a nuestros deportistas con su transporte su alojamiento y alimentaci\u00f3n y el apoyo\u00bb afirm\u00f3 el metodologo del instituto, Carlos Var\u00f3n.<\/p>\n<p>La Gobernaci\u00f3n del Tolima, a trav\u00e9s de Indeportes Tolima, con este tipo de apoyos sigue apostando al desarrollo de jovenes a trav\u00e9s del deporte.<\/p>\n","protected":false},"excerpt":{"rendered":"<p>La competencia se vivir\u00e1 en Bogot\u00e1 del 11 al 15 de marzo. La Liga de Esgrima del Tolima, con apoyo de Indeportes Tolima, participar\u00e1 del 11 al 15 de marzo en la Copa Nacional de Esgrima, que se realizar\u00e1 en la ciudad de Bogot\u00e1, un evento clave dentro del calendario<span class=\"more-link\"><a href=\"https:\/\/ciudadyregion.com.co\/index.php\/26-esgrimistas-tolimenses-rumbo-a-la-copa-nacional\/deportes\/\">Continuar Leyendo<\/a><\/span><\/p>\n","protected":false},"author":2,"featured_media":57181,"comment_status":"open","ping_status":"open","sticky":false,"template":"","format":"standard","meta":{"_uf_show_specific_survey":0,"_uf_disable_surveys":false,"_jetpack_memberships_contains_paid_content":false,"footnotes":"","jetpack_publicize_message":"","jetpack_publicize_feature_enabled":true,"jetpack_social_post_already_shared":true,"jetpack_social_options":{"image_generator_settings":{"template":"highway","enabled":false},"version":2}},"categories":[15],"tags":[],"class_list":["entry","author-diegoaguirre","post-57141","post","type-post","status-publish","format-standard","has-post-thumbnail","category-deportes"],"jetpack_publicize_connections":[],"yoast_head":"<!-- This site is optimized with the Yoast SEO plugin v24.3 - https:\/\/yoast.com\/wordpress\/plugins\/seo\/ -->\n<title>26 esgrimistas tolimenses rumbo a la Copa Nacional - Ciudad y Region<\/title>\n<meta name=\"robots\" content=\"index, follow, max-snippet:-1, max-image-preview:large, max-video-preview:-1\" \/>\n<link rel=\"canonical\" href=\"https:\/\/ciudadyregion.com.co\/index.php\/26-esgrimistas-tolimenses-rumbo-a-la-copa-nacional\/deportes\/\" \/>\n<meta property=\"og:locale\" content=\"es_ES\" \/>\n<meta property=\"og:type\" content=\"article\" \/>\n<meta property=\"og:title\" content=\"26 esgrimistas tolimenses rumbo a la Copa Nacional - Ciudad y Region\" \/>\n<meta property=\"og:description\" content=\"La competencia se vivir\u00e1 en Bogot\u00e1 del 11 al 15 de marzo. La Liga de Esgrima del Tolima, con apoyo de Indeportes Tolima, participar\u00e1 del 11 al 15 de marzo en la Copa Nacional de Esgrima, que se realizar\u00e1 en la ciudad de Bogot\u00e1, un evento clave dentro del calendarioContinuar Leyendo\" \/>\n<meta property=\"og:url\" content=\"https:\/\/ciudadyregion.com.co\/index.php\/26-esgrimistas-tolimenses-rumbo-a-la-copa-nacional\/deportes\/\" \/>\n<meta property=\"og:site_name\" content=\"Ciudad y Region\" \/>\n<meta property=\"article:published_time\" content=\"2026-03-12T15:32:24+00:00\" \/>\n<meta property=\"og:image\" content=\"https:\/\/ciudadyregion.com.co\/wp-content\/uploads\/2026\/03\/a-36.jpg\" \/>\n\t<meta property=\"og:image:width\" content=\"800\" \/>\n\t<meta property=\"og:image:height\" content=\"445\" \/>\n\t<meta property=\"og:image:type\" content=\"image\/jpeg\" \/>\n<meta name=\"author\" content=\"David Andr\u00e9s Aguirre\" \/>\n<meta name=\"twitter:card\" content=\"summary_large_image\" \/>\n<meta name=\"twitter:label1\" content=\"Escrito por\" \/>\n\t<meta name=\"twitter:data1\" content=\"David Andr\u00e9s Aguirre\" \/>\n\t<meta name=\"twitter:label2\" content=\"Tiempo de lectura\" \/>\n\t<meta name=\"twitter:data2\" content=\"2 minutos\" \/>\n<script type=\"application\/ld+json\" class=\"yoast-schema-graph\">{\"@context\":\"https:\/\/schema.org\",\"@graph\":[{\"@type\":\"WebPage\",\"@id\":\"https:\/\/ciudadyregion.com.co\/index.php\/26-esgrimistas-tolimenses-rumbo-a-la-copa-nacional\/deportes\/\",\"url\":\"https:\/\/ciudadyregion.com.co\/index.php\/26-esgrimistas-tolimenses-rumbo-a-la-copa-nacional\/deportes\/\",\"name\":\"26 esgrimistas tolimenses rumbo a la Copa Nacional - Ciudad y Region\",\"isPartOf\":{\"@id\":\"https:\/\/ciudadyregion.com.co\/#website\"},\"primaryImageOfPage\":{\"@id\":\"https:\/\/ciudadyregion.com.co\/index.php\/26-esgrimistas-tolimenses-rumbo-a-la-copa-nacional\/deportes\/#primaryimage\"},\"image\":{\"@id\":\"https:\/\/ciudadyregion.com.co\/index.php\/26-esgrimistas-tolimenses-rumbo-a-la-copa-nacional\/deportes\/#primaryimage\"},\"thumbnailUrl\":\"https:\/\/i0.wp.com\/ciudadyregion.com.co\/wp-content\/uploads\/2026\/03\/a-36.jpg?fit=800%2C445&ssl=1\",\"datePublished\":\"2026-03-12T15:32:24+00:00\",\"dateModified\":\"2026-03-12T15:32:24+00:00\",\"author\":{\"@id\":\"https:\/\/ciudadyregion.com.co\/#\/schema\/person\/04a4954373ebc4051f46e8c65ff78622\"},\"breadcrumb\":{\"@id\":\"https:\/\/ciudadyregion.com.co\/index.php\/26-esgrimistas-tolimenses-rumbo-a-la-copa-nacional\/deportes\/#breadcrumb\"},\"inLanguage\":\"es\",\"potentialAction\":[{\"@type\":\"ReadAction\",\"target\":[\"https:\/\/ciudadyregion.com.co\/index.php\/26-esgrimistas-tolimenses-rumbo-a-la-copa-nacional\/deportes\/\"]}]},{\"@type\":\"ImageObject\",\"inLanguage\":\"es\",\"@id\":\"https:\/\/ciudadyregion.com.co\/index.php\/26-esgrimistas-tolimenses-rumbo-a-la-copa-nacional\/deportes\/#primaryimage\",\"url\":\"https:\/\/i0.wp.com\/ciudadyregion.com.co\/wp-content\/uploads\/2026\/03\/a-36.jpg?fit=800%2C445&ssl=1\",\"contentUrl\":\"https:\/\/i0.wp.com\/ciudadyregion.com.co\/wp-content\/uploads\/2026\/03\/a-36.jpg?fit=800%2C445&ssl=1\",\"width\":800,\"height\":445},{\"@type\":\"BreadcrumbList\",\"@id\":\"https:\/\/ciudadyregion.com.co\/index.php\/26-esgrimistas-tolimenses-rumbo-a-la-copa-nacional\/deportes\/#breadcrumb\",\"itemListElement\":[{\"@type\":\"ListItem\",\"position\":1,\"name\":\"Portada\",\"item\":\"https:\/\/ciudadyregion.com.co\/\"},{\"@type\":\"ListItem\",\"position\":2,\"name\":\"26 esgrimistas tolimenses rumbo a la Copa Nacional\"}]},{\"@type\":\"WebSite\",\"@id\":\"https:\/\/ciudadyregion.com.co\/#website\",\"url\":\"https:\/\/ciudadyregion.com.co\/\",\"name\":\"Ciudad y Region\",\"description\":\"\",\"potentialAction\":[{\"@type\":\"SearchAction\",\"target\":{\"@type\":\"EntryPoint\",\"urlTemplate\":\"https:\/\/ciudadyregion.com.co\/?s={search_term_string}\"},\"query-input\":{\"@type\":\"PropertyValueSpecification\",\"valueRequired\":true,\"valueName\":\"search_term_string\"}}],\"inLanguage\":\"es\"},{\"@type\":\"Person\",\"@id\":\"https:\/\/ciudadyregion.com.co\/#\/schema\/person\/04a4954373ebc4051f46e8c65ff78622\",\"name\":\"David Andr\u00e9s Aguirre\",\"image\":{\"@type\":\"ImageObject\",\"inLanguage\":\"es\",\"@id\":\"https:\/\/ciudadyregion.com.co\/#\/schema\/person\/image\/\",\"url\":\"https:\/\/secure.gravatar.com\/avatar\/bc3c655860202182ee6d1b5edd042dbe?s=96&d=mm&r=g\",\"contentUrl\":\"https:\/\/secure.gravatar.com\/avatar\/bc3c655860202182ee6d1b5edd042dbe?s=96&d=mm&r=g\",\"caption\":\"David Andr\u00e9s Aguirre\"},\"url\":\"https:\/\/ciudadyregion.com.co\/index.php\/author\/diegoaguirre\/\"}]}<\/script>\n<!-- \/ Yoast SEO plugin. -->","yoast_head_json":{"title":"26 esgrimistas tolimenses rumbo a la Copa Nacional - Ciudad y Region","robots":{"index":"index","follow":"follow","max-snippet":"max-snippet:-1","max-image-preview":"max-image-preview:large","max-video-preview":"max-video-preview:-1"},"canonical":"https:\/\/ciudadyregion.com.co\/index.php\/26-esgrimistas-tolimenses-rumbo-a-la-copa-nacional\/deportes\/","og_locale":"es_ES","og_type":"article","og_title":"26 esgrimistas tolimenses rumbo a la Copa Nacional - Ciudad y Region","og_description":"La competencia se vivir\u00e1 en Bogot\u00e1 del 11 al 15 de marzo. La Liga de Esgrima del Tolima, con apoyo de Indeportes Tolima, participar\u00e1 del 11 al 15 de marzo en la Copa Nacional de Esgrima, que se realizar\u00e1 en la ciudad de Bogot\u00e1, un evento clave dentro del calendarioContinuar Leyendo","og_url":"https:\/\/ciudadyregion.com.co\/index.php\/26-esgrimistas-tolimenses-rumbo-a-la-copa-nacional\/deportes\/","og_site_name":"Ciudad y Region","article_published_time":"2026-03-12T15:32:24+00:00","og_image":[{"width":800,"height":445,"url":"https:\/\/ciudadyregion.com.co\/wp-content\/uploads\/2026\/03\/a-36.jpg","type":"image\/jpeg"}],"author":"David Andr\u00e9s Aguirre","twitter_card":"summary_large_image","twitter_misc":{"Escrito por":"David Andr\u00e9s Aguirre","Tiempo de lectura":"2 minutos"},"schema":{"@context":"https:\/\/schema.org","@graph":[{"@type":"WebPage","@id":"https:\/\/ciudadyregion.com.co\/index.php\/26-esgrimistas-tolimenses-rumbo-a-la-copa-nacional\/deportes\/","url":"https:\/\/ciudadyregion.com.co\/index.php\/26-esgrimistas-tolimenses-rumbo-a-la-copa-nacional\/deportes\/","name":"26 esgrimistas tolimenses rumbo a la Copa Nacional - Ciudad y Region","isPartOf":{"@id":"https:\/\/ciudadyregion.com.co\/#website"},"primaryImageOfPage":{"@id":"https:\/\/ciudadyregion.com.co\/index.php\/26-esgrimistas-tolimenses-rumbo-a-la-copa-nacional\/deportes\/#primaryimage"},"image":{"@id":"https:\/\/ciudadyregion.com.co\/index.php\/26-esgrimistas-tolimenses-rumbo-a-la-copa-nacional\/deportes\/#primaryimage"},"thumbnailUrl":"https:\/\/i0.wp.com\/ciudadyregion.com.co\/wp-content\/uploads\/2026\/03\/a-36.jpg?fit=800%2C445&ssl=1","datePublished":"2026-03-12T15:32:24+00:00","dateModified":"2026-03-12T15:32:24+00:00","author":{"@id":"https:\/\/ciudadyregion.com.co\/#\/schema\/person\/04a4954373ebc4051f46e8c65ff78622"},"breadcrumb":{"@id":"https:\/\/ciudadyregion.com.co\/index.php\/26-esgrimistas-tolimenses-rumbo-a-la-copa-nacional\/deportes\/#breadcrumb"},"inLanguage":"es","potentialAction":[{"@type":"ReadAction","target":["https:\/\/ciudadyregion.com.co\/index.php\/26-esgrimistas-tolimenses-rumbo-a-la-copa-nacional\/deportes\/"]}]},{"@type":"ImageObject","inLanguage":"es","@id":"https:\/\/ciudadyregion.com.co\/index.php\/26-esgrimistas-tolimenses-rumbo-a-la-copa-nacional\/deportes\/#primaryimage","url":"https:\/\/i0.wp.com\/ciudadyregion.com.co\/wp-content\/uploads\/2026\/03\/a-36.jpg?fit=800%2C445&ssl=1","contentUrl":"https:\/\/i0.wp.com\/ciudadyregion.com.co\/wp-content\/uploads\/2026\/03\/a-36.jpg?fit=800%2C445&ssl=1","width":800,"height":445},{"@type":"BreadcrumbList","@id":"https:\/\/ciudadyregion.com.co\/index.php\/26-esgrimistas-tolimenses-rumbo-a-la-copa-nacional\/deportes\/#breadcrumb","itemListElement":[{"@type":"ListItem","position":1,"name":"Portada","item":"https:\/\/ciudadyregion.com.co\/"},{"@type":"ListItem","position":2,"name":"26 esgrimistas tolimenses rumbo a la Copa Nacional"}]},{"@type":"WebSite","@id":"https:\/\/ciudadyregion.com.co\/#website","url":"https:\/\/ciudadyregion.com.co\/","name":"Ciudad y Region","description":"","potentialAction":[{"@type":"SearchAction","target":{"@type":"EntryPoint","urlTemplate":"https:\/\/ciudadyregion.com.co\/?s={search_term_string}"},"query-input":{"@type":"PropertyValueSpecification","valueRequired":true,"valueName":"search_term_string"}}],"inLanguage":"es"},{"@type":"Person","@id":"https:\/\/ciudadyregion.com.co\/#\/schema\/person\/04a4954373ebc4051f46e8c65ff78622","name":"David Andr\u00e9s Aguirre","image":{"@type":"ImageObject","inLanguage":"es","@id":"https:\/\/ciudadyregion.com.co\/#\/schema\/person\/image\/","url":"https:\/\/secure.gravatar.com\/avatar\/bc3c655860202182ee6d1b5edd042dbe?s=96&d=mm&r=g","contentUrl":"https:\/\/secure.gravatar.com\/avatar\/bc3c655860202182ee6d1b5edd042dbe?s=96&d=mm&r=g","caption":"David Andr\u00e9s Aguirre"},"url":"https:\/\/ciudadyregion.com.co\/index.php\/author\/diegoaguirre\/"}]}},"jetpack_featured_media_url":"https:\/\/i0.wp.com\/ciudadyregion.com.co\/wp-content\/uploads\/2026\/03\/a-36.jpg?fit=800%2C445&ssl=1","jetpack_sharing_enabled":true,"jetpack_shortlink":"https:\/\/wp.me\/pbS7hh-eRD","jetpack-related-posts":[],"_links":{"self":[{"href":"https:\/\/ciudadyregion.com.co\/index.php\/wp-json\/wp\/v2\/posts\/57141"}],"collection":[{"href":"https:\/\/ciudadyregion.com.co\/index.php\/wp-json\/wp\/v2\/posts"}],"about":[{"href":"https:\/\/ciudadyregion.com.co\/index.php\/wp-json\/wp\/v2\/types\/post"}],"author":[{"embeddable":true,"href":"https:\/\/ciudadyregion.com.co\/index.php\/wp-json\/wp\/v2\/users\/2"}],"replies":[{"embeddable":true,"href":"https:\/\/ciudadyregion.com.co\/index.php\/wp-json\/wp\/v2\/comments?post=57141"}],"version-history":[{"count":1,"href":"https:\/\/ciudadyregion.com.co\/index.php\/wp-json\/wp\/v2\/posts\/57141\/revisions"}],"predecessor-version":[{"id":57182,"href":"https:\/\/ciudadyregion.com.co\/index.php\/wp-json\/wp\/v2\/posts\/57141\/revisions\/57182"}],"wp:featuredmedia":[{"embeddable":true,"href":"https:\/\/ciudadyregion.com.co\/index.php\/wp-json\/wp\/v2\/media\/57181"}],"wp:attachment":[{"href":"https:\/\/ciudadyregion.com.co\/index.php\/wp-json\/wp\/v2\/media?parent=57141"}],"wp:term":[{"taxonomy":"category","embeddable":true,"href":"https:\/\/ciudadyregion.com.co\/index.php\/wp-json\/wp\/v2\/categories?post=57141"},{"taxonomy":"post_tag","embeddable":true,"href":"https:\/\/ciudadyregion.com.co\/index.php\/wp-json\/wp\/v2\/tags?post=57141"}],"curies":[{"name":"wp","href":"https:\/\/api.w.org\/{rel}","templated":true}]}}