{"id":57135,"date":"2026-03-11T20:06:47","date_gmt":"2026-03-12T01:06:47","guid":{"rendered":"https:\/\/ciudadyregion.com.co\/?p=57135"},"modified":"2026-03-11T20:06:47","modified_gmt":"2026-03-12T01:06:47","slug":"en-guamo-tolima-fue-enviado-a-la-carcel-un-hombre-senalado-del-asesinato-de-su-hermano","status":"publish","type":"post","link":"https:\/\/ciudadyregion.com.co\/index.php\/en-guamo-tolima-fue-enviado-a-la-carcel-un-hombre-senalado-del-asesinato-de-su-hermano\/judicial\/","title":{"rendered":"En Guamo (Tolima) fue enviado a la c\u00e1rcel un hombre se\u00f1alado del asesinato de su hermano"},"content":{"rendered":"<p>Por solicitud de la Fiscal\u00eda, un juez de control de garant\u00edas impuso medida de aseguramiento en centro carcelario contra Jos\u00e9 Luis Ospina Guti\u00e9rrez, de 22 a\u00f1os, presunto responsable del homicidio de su hermano, de 27, en la vereda Caracol\u00ed, zona rural de Guamo (Tolima).<\/p>\n<p>Un fiscal de la Seccional Tolima le imput\u00f3 el delito de homicidio agravado. El procesado no acept\u00f3 el cargo.<\/p>\n<p>De acuerdo con la investigaci\u00f3n, los hechos ocurrieron el pasado 2 de enero, en una casa ubicada en el mencionado municipio, donde se present\u00f3 una discusi\u00f3n entre los dos hermanos. El presunto agresor sac\u00f3 un arma cortopunzante y, al parecer, hiri\u00f3 en el pecho a la v\u00edctima, quien lleg\u00f3 sin signos vitales a un centro asistencial.<\/p>\n<p>Servidores del Cuerpo T\u00e9cnico de Investigaci\u00f3n (CTI), con apoyo de la Polic\u00eda Nacional, hicieron efectiva la orden de captura contra Ospina Guti\u00e9rrez, luego de que se presentara ante la Sijin de Guamo (Tolima).<\/p>\n","protected":false},"excerpt":{"rendered":"<p>Por solicitud de la Fiscal\u00eda, un juez de control de garant\u00edas impuso medida de aseguramiento en centro carcelario contra Jos\u00e9 Luis Ospina Guti\u00e9rrez, de 22 a\u00f1os, presunto responsable del homicidio de su hermano, de 27, en la vereda Caracol\u00ed, zona rural de Guamo (Tolima). Un fiscal de la Seccional Tolima<span class=\"more-link\"><a href=\"https:\/\/ciudadyregion.com.co\/index.php\/en-guamo-tolima-fue-enviado-a-la-carcel-un-hombre-senalado-del-asesinato-de-su-hermano\/judicial\/\">Continuar Leyendo<\/a><\/span><\/p>\n","protected":false},"author":2,"featured_media":57136,"comment_status":"open","ping_status":"open","sticky":false,"template":"","format":"standard","meta":{"_uf_show_specific_survey":0,"_uf_disable_surveys":false,"_jetpack_memberships_contains_paid_content":false,"footnotes":"","jetpack_publicize_message":"","jetpack_publicize_feature_enabled":true,"jetpack_social_post_already_shared":true,"jetpack_social_options":{"image_generator_settings":{"template":"highway","enabled":false},"version":2}},"categories":[18],"tags":[],"class_list":["entry","author-diegoaguirre","post-57135","post","type-post","status-publish","format-standard","has-post-thumbnail","category-judicial"],"jetpack_publicize_connections":[],"yoast_head":"<!-- This site is optimized with the Yoast SEO plugin v24.3 - https:\/\/yoast.com\/wordpress\/plugins\/seo\/ -->\n<title>En Guamo (Tolima) fue enviado a la c\u00e1rcel un hombre se\u00f1alado del asesinato de su hermano - Ciudad y Region<\/title>\n<meta name=\"robots\" content=\"index, follow, max-snippet:-1, max-image-preview:large, max-video-preview:-1\" \/>\n<link rel=\"canonical\" href=\"https:\/\/ciudadyregion.com.co\/index.php\/en-guamo-tolima-fue-enviado-a-la-carcel-un-hombre-senalado-del-asesinato-de-su-hermano\/judicial\/\" \/>\n<meta property=\"og:locale\" content=\"es_ES\" \/>\n<meta property=\"og:type\" content=\"article\" \/>\n<meta property=\"og:title\" content=\"En Guamo (Tolima) fue enviado a la c\u00e1rcel un hombre se\u00f1alado del asesinato de su hermano - Ciudad y Region\" \/>\n<meta property=\"og:description\" content=\"Por solicitud de la Fiscal\u00eda, un juez de control de garant\u00edas impuso medida de aseguramiento en centro carcelario contra Jos\u00e9 Luis Ospina Guti\u00e9rrez, de 22 a\u00f1os, presunto responsable del homicidio de su hermano, de 27, en la vereda Caracol\u00ed, zona rural de Guamo (Tolima). Un fiscal de la Seccional TolimaContinuar Leyendo\" \/>\n<meta property=\"og:url\" content=\"https:\/\/ciudadyregion.com.co\/index.php\/en-guamo-tolima-fue-enviado-a-la-carcel-un-hombre-senalado-del-asesinato-de-su-hermano\/judicial\/\" \/>\n<meta property=\"og:site_name\" content=\"Ciudad y Region\" \/>\n<meta property=\"article:published_time\" content=\"2026-03-12T01:06:47+00:00\" \/>\n<meta property=\"og:image\" content=\"https:\/\/ciudadyregion.com.co\/wp-content\/uploads\/2026\/03\/a-34.jpg\" \/>\n\t<meta property=\"og:image:width\" content=\"800\" \/>\n\t<meta property=\"og:image:height\" content=\"445\" \/>\n\t<meta property=\"og:image:type\" content=\"image\/jpeg\" \/>\n<meta name=\"author\" content=\"David Andr\u00e9s Aguirre\" \/>\n<meta name=\"twitter:card\" content=\"summary_large_image\" \/>\n<meta name=\"twitter:label1\" content=\"Escrito por\" \/>\n\t<meta name=\"twitter:data1\" content=\"David Andr\u00e9s Aguirre\" \/>\n\t<meta name=\"twitter:label2\" content=\"Tiempo de lectura\" \/>\n\t<meta name=\"twitter:data2\" content=\"1 minuto\" \/>\n<script type=\"application\/ld+json\" class=\"yoast-schema-graph\">{\"@context\":\"https:\/\/schema.org\",\"@graph\":[{\"@type\":\"WebPage\",\"@id\":\"https:\/\/ciudadyregion.com.co\/index.php\/en-guamo-tolima-fue-enviado-a-la-carcel-un-hombre-senalado-del-asesinato-de-su-hermano\/judicial\/\",\"url\":\"https:\/\/ciudadyregion.com.co\/index.php\/en-guamo-tolima-fue-enviado-a-la-carcel-un-hombre-senalado-del-asesinato-de-su-hermano\/judicial\/\",\"name\":\"En Guamo (Tolima) fue enviado a la c\u00e1rcel un hombre se\u00f1alado del asesinato de su hermano - Ciudad y Region\",\"isPartOf\":{\"@id\":\"https:\/\/ciudadyregion.com.co\/#website\"},\"primaryImageOfPage\":{\"@id\":\"https:\/\/ciudadyregion.com.co\/index.php\/en-guamo-tolima-fue-enviado-a-la-carcel-un-hombre-senalado-del-asesinato-de-su-hermano\/judicial\/#primaryimage\"},\"image\":{\"@id\":\"https:\/\/ciudadyregion.com.co\/index.php\/en-guamo-tolima-fue-enviado-a-la-carcel-un-hombre-senalado-del-asesinato-de-su-hermano\/judicial\/#primaryimage\"},\"thumbnailUrl\":\"https:\/\/i0.wp.com\/ciudadyregion.com.co\/wp-content\/uploads\/2026\/03\/a-34.jpg?fit=800%2C445&ssl=1\",\"datePublished\":\"2026-03-12T01:06:47+00:00\",\"dateModified\":\"2026-03-12T01:06:47+00:00\",\"author\":{\"@id\":\"https:\/\/ciudadyregion.com.co\/#\/schema\/person\/04a4954373ebc4051f46e8c65ff78622\"},\"breadcrumb\":{\"@id\":\"https:\/\/ciudadyregion.com.co\/index.php\/en-guamo-tolima-fue-enviado-a-la-carcel-un-hombre-senalado-del-asesinato-de-su-hermano\/judicial\/#breadcrumb\"},\"inLanguage\":\"es\",\"potentialAction\":[{\"@type\":\"ReadAction\",\"target\":[\"https:\/\/ciudadyregion.com.co\/index.php\/en-guamo-tolima-fue-enviado-a-la-carcel-un-hombre-senalado-del-asesinato-de-su-hermano\/judicial\/\"]}]},{\"@type\":\"ImageObject\",\"inLanguage\":\"es\",\"@id\":\"https:\/\/ciudadyregion.com.co\/index.php\/en-guamo-tolima-fue-enviado-a-la-carcel-un-hombre-senalado-del-asesinato-de-su-hermano\/judicial\/#primaryimage\",\"url\":\"https:\/\/i0.wp.com\/ciudadyregion.com.co\/wp-content\/uploads\/2026\/03\/a-34.jpg?fit=800%2C445&ssl=1\",\"contentUrl\":\"https:\/\/i0.wp.com\/ciudadyregion.com.co\/wp-content\/uploads\/2026\/03\/a-34.jpg?fit=800%2C445&ssl=1\",\"width\":800,\"height\":445},{\"@type\":\"BreadcrumbList\",\"@id\":\"https:\/\/ciudadyregion.com.co\/index.php\/en-guamo-tolima-fue-enviado-a-la-carcel-un-hombre-senalado-del-asesinato-de-su-hermano\/judicial\/#breadcrumb\",\"itemListElement\":[{\"@type\":\"ListItem\",\"position\":1,\"name\":\"Portada\",\"item\":\"https:\/\/ciudadyregion.com.co\/\"},{\"@type\":\"ListItem\",\"position\":2,\"name\":\"En Guamo (Tolima) fue enviado a la c\u00e1rcel un hombre se\u00f1alado del asesinato de su hermano\"}]},{\"@type\":\"WebSite\",\"@id\":\"https:\/\/ciudadyregion.com.co\/#website\",\"url\":\"https:\/\/ciudadyregion.com.co\/\",\"name\":\"Ciudad y Region\",\"description\":\"\",\"potentialAction\":[{\"@type\":\"SearchAction\",\"target\":{\"@type\":\"EntryPoint\",\"urlTemplate\":\"https:\/\/ciudadyregion.com.co\/?s={search_term_string}\"},\"query-input\":{\"@type\":\"PropertyValueSpecification\",\"valueRequired\":true,\"valueName\":\"search_term_string\"}}],\"inLanguage\":\"es\"},{\"@type\":\"Person\",\"@id\":\"https:\/\/ciudadyregion.com.co\/#\/schema\/person\/04a4954373ebc4051f46e8c65ff78622\",\"name\":\"David Andr\u00e9s Aguirre\",\"image\":{\"@type\":\"ImageObject\",\"inLanguage\":\"es\",\"@id\":\"https:\/\/ciudadyregion.com.co\/#\/schema\/person\/image\/\",\"url\":\"https:\/\/secure.gravatar.com\/avatar\/bc3c655860202182ee6d1b5edd042dbe?s=96&d=mm&r=g\",\"contentUrl\":\"https:\/\/secure.gravatar.com\/avatar\/bc3c655860202182ee6d1b5edd042dbe?s=96&d=mm&r=g\",\"caption\":\"David Andr\u00e9s Aguirre\"},\"url\":\"https:\/\/ciudadyregion.com.co\/index.php\/author\/diegoaguirre\/\"}]}<\/script>\n<!-- \/ Yoast SEO plugin. -->","yoast_head_json":{"title":"En Guamo (Tolima) fue enviado a la c\u00e1rcel un hombre se\u00f1alado del asesinato de su hermano - Ciudad y Region","robots":{"index":"index","follow":"follow","max-snippet":"max-snippet:-1","max-image-preview":"max-image-preview:large","max-video-preview":"max-video-preview:-1"},"canonical":"https:\/\/ciudadyregion.com.co\/index.php\/en-guamo-tolima-fue-enviado-a-la-carcel-un-hombre-senalado-del-asesinato-de-su-hermano\/judicial\/","og_locale":"es_ES","og_type":"article","og_title":"En Guamo (Tolima) fue enviado a la c\u00e1rcel un hombre se\u00f1alado del asesinato de su hermano - Ciudad y Region","og_description":"Por solicitud de la Fiscal\u00eda, un juez de control de garant\u00edas impuso medida de aseguramiento en centro carcelario contra Jos\u00e9 Luis Ospina Guti\u00e9rrez, de 22 a\u00f1os, presunto responsable del homicidio de su hermano, de 27, en la vereda Caracol\u00ed, zona rural de Guamo (Tolima). Un fiscal de la Seccional TolimaContinuar Leyendo","og_url":"https:\/\/ciudadyregion.com.co\/index.php\/en-guamo-tolima-fue-enviado-a-la-carcel-un-hombre-senalado-del-asesinato-de-su-hermano\/judicial\/","og_site_name":"Ciudad y Region","article_published_time":"2026-03-12T01:06:47+00:00","og_image":[{"width":800,"height":445,"url":"https:\/\/ciudadyregion.com.co\/wp-content\/uploads\/2026\/03\/a-34.jpg","type":"image\/jpeg"}],"author":"David Andr\u00e9s Aguirre","twitter_card":"summary_large_image","twitter_misc":{"Escrito por":"David Andr\u00e9s Aguirre","Tiempo de lectura":"1 minuto"},"schema":{"@context":"https:\/\/schema.org","@graph":[{"@type":"WebPage","@id":"https:\/\/ciudadyregion.com.co\/index.php\/en-guamo-tolima-fue-enviado-a-la-carcel-un-hombre-senalado-del-asesinato-de-su-hermano\/judicial\/","url":"https:\/\/ciudadyregion.com.co\/index.php\/en-guamo-tolima-fue-enviado-a-la-carcel-un-hombre-senalado-del-asesinato-de-su-hermano\/judicial\/","name":"En Guamo (Tolima) fue enviado a la c\u00e1rcel un hombre se\u00f1alado del asesinato de su hermano - Ciudad y Region","isPartOf":{"@id":"https:\/\/ciudadyregion.com.co\/#website"},"primaryImageOfPage":{"@id":"https:\/\/ciudadyregion.com.co\/index.php\/en-guamo-tolima-fue-enviado-a-la-carcel-un-hombre-senalado-del-asesinato-de-su-hermano\/judicial\/#primaryimage"},"image":{"@id":"https:\/\/ciudadyregion.com.co\/index.php\/en-guamo-tolima-fue-enviado-a-la-carcel-un-hombre-senalado-del-asesinato-de-su-hermano\/judicial\/#primaryimage"},"thumbnailUrl":"https:\/\/i0.wp.com\/ciudadyregion.com.co\/wp-content\/uploads\/2026\/03\/a-34.jpg?fit=800%2C445&ssl=1","datePublished":"2026-03-12T01:06:47+00:00","dateModified":"2026-03-12T01:06:47+00:00","author":{"@id":"https:\/\/ciudadyregion.com.co\/#\/schema\/person\/04a4954373ebc4051f46e8c65ff78622"},"breadcrumb":{"@id":"https:\/\/ciudadyregion.com.co\/index.php\/en-guamo-tolima-fue-enviado-a-la-carcel-un-hombre-senalado-del-asesinato-de-su-hermano\/judicial\/#breadcrumb"},"inLanguage":"es","potentialAction":[{"@type":"ReadAction","target":["https:\/\/ciudadyregion.com.co\/index.php\/en-guamo-tolima-fue-enviado-a-la-carcel-un-hombre-senalado-del-asesinato-de-su-hermano\/judicial\/"]}]},{"@type":"ImageObject","inLanguage":"es","@id":"https:\/\/ciudadyregion.com.co\/index.php\/en-guamo-tolima-fue-enviado-a-la-carcel-un-hombre-senalado-del-asesinato-de-su-hermano\/judicial\/#primaryimage","url":"https:\/\/i0.wp.com\/ciudadyregion.com.co\/wp-content\/uploads\/2026\/03\/a-34.jpg?fit=800%2C445&ssl=1","contentUrl":"https:\/\/i0.wp.com\/ciudadyregion.com.co\/wp-content\/uploads\/2026\/03\/a-34.jpg?fit=800%2C445&ssl=1","width":800,"height":445},{"@type":"BreadcrumbList","@id":"https:\/\/ciudadyregion.com.co\/index.php\/en-guamo-tolima-fue-enviado-a-la-carcel-un-hombre-senalado-del-asesinato-de-su-hermano\/judicial\/#breadcrumb","itemListElement":[{"@type":"ListItem","position":1,"name":"Portada","item":"https:\/\/ciudadyregion.com.co\/"},{"@type":"ListItem","position":2,"name":"En Guamo (Tolima) fue enviado a la c\u00e1rcel un hombre se\u00f1alado del asesinato de su hermano"}]},{"@type":"WebSite","@id":"https:\/\/ciudadyregion.com.co\/#website","url":"https:\/\/ciudadyregion.com.co\/","name":"Ciudad y Region","description":"","potentialAction":[{"@type":"SearchAction","target":{"@type":"EntryPoint","urlTemplate":"https:\/\/ciudadyregion.com.co\/?s={search_term_string}"},"query-input":{"@type":"PropertyValueSpecification","valueRequired":true,"valueName":"search_term_string"}}],"inLanguage":"es"},{"@type":"Person","@id":"https:\/\/ciudadyregion.com.co\/#\/schema\/person\/04a4954373ebc4051f46e8c65ff78622","name":"David Andr\u00e9s Aguirre","image":{"@type":"ImageObject","inLanguage":"es","@id":"https:\/\/ciudadyregion.com.co\/#\/schema\/person\/image\/","url":"https:\/\/secure.gravatar.com\/avatar\/bc3c655860202182ee6d1b5edd042dbe?s=96&d=mm&r=g","contentUrl":"https:\/\/secure.gravatar.com\/avatar\/bc3c655860202182ee6d1b5edd042dbe?s=96&d=mm&r=g","caption":"David Andr\u00e9s Aguirre"},"url":"https:\/\/ciudadyregion.com.co\/index.php\/author\/diegoaguirre\/"}]}},"jetpack_featured_media_url":"https:\/\/i0.wp.com\/ciudadyregion.com.co\/wp-content\/uploads\/2026\/03\/a-34.jpg?fit=800%2C445&ssl=1","jetpack_sharing_enabled":true,"jetpack_shortlink":"https:\/\/wp.me\/pbS7hh-eRx","jetpack-related-posts":[],"_links":{"self":[{"href":"https:\/\/ciudadyregion.com.co\/index.php\/wp-json\/wp\/v2\/posts\/57135"}],"collection":[{"href":"https:\/\/ciudadyregion.com.co\/index.php\/wp-json\/wp\/v2\/posts"}],"about":[{"href":"https:\/\/ciudadyregion.com.co\/index.php\/wp-json\/wp\/v2\/types\/post"}],"author":[{"embeddable":true,"href":"https:\/\/ciudadyregion.com.co\/index.php\/wp-json\/wp\/v2\/users\/2"}],"replies":[{"embeddable":true,"href":"https:\/\/ciudadyregion.com.co\/index.php\/wp-json\/wp\/v2\/comments?post=57135"}],"version-history":[{"count":1,"href":"https:\/\/ciudadyregion.com.co\/index.php\/wp-json\/wp\/v2\/posts\/57135\/revisions"}],"predecessor-version":[{"id":57137,"href":"https:\/\/ciudadyregion.com.co\/index.php\/wp-json\/wp\/v2\/posts\/57135\/revisions\/57137"}],"wp:featuredmedia":[{"embeddable":true,"href":"https:\/\/ciudadyregion.com.co\/index.php\/wp-json\/wp\/v2\/media\/57136"}],"wp:attachment":[{"href":"https:\/\/ciudadyregion.com.co\/index.php\/wp-json\/wp\/v2\/media?parent=57135"}],"wp:term":[{"taxonomy":"category","embeddable":true,"href":"https:\/\/ciudadyregion.com.co\/index.php\/wp-json\/wp\/v2\/categories?post=57135"},{"taxonomy":"post_tag","embeddable":true,"href":"https:\/\/ciudadyregion.com.co\/index.php\/wp-json\/wp\/v2\/tags?post=57135"}],"curies":[{"name":"wp","href":"https:\/\/api.w.org\/{rel}","templated":true}]}}