{"id":57130,"date":"2026-03-11T19:27:30","date_gmt":"2026-03-12T00:27:30","guid":{"rendered":"https:\/\/ciudadyregion.com.co\/?p=57130"},"modified":"2026-03-11T19:27:30","modified_gmt":"2026-03-12T00:27:30","slug":"a-la-carcel-hombre-senalado-de-ocasionarle-la-muerte-a-una-mujer-y-abandonar-su-cadaver-en-una-via-publica-de-bogota","status":"publish","type":"post","link":"https:\/\/ciudadyregion.com.co\/index.php\/a-la-carcel-hombre-senalado-de-ocasionarle-la-muerte-a-una-mujer-y-abandonar-su-cadaver-en-una-via-publica-de-bogota\/judicial\/","title":{"rendered":"A la c\u00e1rcel hombre se\u00f1alado de ocasionarle la muerte a una mujer y abandonar su cad\u00e1ver en una v\u00eda p\u00fablica de Bogot\u00e1"},"content":{"rendered":"<p>La Fiscal\u00eda General de la Naci\u00f3n judicializ\u00f3 a Javier Rojas Jim\u00e9nez, como presunto responsable de agredir a una mujer hasta ocasionarle la muerte.<\/p>\n<p>En este sentido, un fiscal de la Unidad de Delitos contra la Vida de la Seccional Bogot\u00e1 imput\u00f3 al procesado el delito de feminicidio agravado. Cargo que no acept\u00f3.<\/p>\n<p>En el curso de la investigaci\u00f3n se estableci\u00f3 que el 5 de septiembre de 2023, Rojas Jim\u00e9nez habr\u00eda sostenido una discusi\u00f3n con la v\u00edctima luego de departir con ella en un establecimiento dedicado a la venta de licor ubicado en la localidad de Kennedy.<\/p>\n<p>Posteriormente, ambos abordaron un veh\u00edculo donde se presume que el se\u00f1alado agresor hiri\u00f3 a la mujer con un arma corto punzante en por lo menos 26 oportunidades y luego abandon\u00f3 su cuerpo sin vida en una v\u00eda p\u00fablica del barrio Las Palmitas en la misma localidad.<\/p>\n<p>El procesado fue capturado mediante una orden judicial por servidores de la Polic\u00eda Metropolitana de Bogot\u00e1. Por solicitud de la Fiscal\u00eda, un juez de control de garant\u00edas le impuso medida de aseguramiento en centro de reclusi\u00f3n.<\/p>\n<p>&nbsp;<\/p>\n","protected":false},"excerpt":{"rendered":"<p>La Fiscal\u00eda General de la Naci\u00f3n judicializ\u00f3 a Javier Rojas Jim\u00e9nez, como presunto responsable de agredir a una mujer hasta ocasionarle la muerte. En este sentido, un fiscal de la Unidad de Delitos contra la Vida de la Seccional Bogot\u00e1 imput\u00f3 al procesado el delito de feminicidio agravado. Cargo que<span class=\"more-link\"><a href=\"https:\/\/ciudadyregion.com.co\/index.php\/a-la-carcel-hombre-senalado-de-ocasionarle-la-muerte-a-una-mujer-y-abandonar-su-cadaver-en-una-via-publica-de-bogota\/judicial\/\">Continuar Leyendo<\/a><\/span><\/p>\n","protected":false},"author":2,"featured_media":57131,"comment_status":"open","ping_status":"open","sticky":false,"template":"","format":"standard","meta":{"_uf_show_specific_survey":0,"_uf_disable_surveys":false,"_jetpack_memberships_contains_paid_content":false,"footnotes":"","jetpack_publicize_message":"","jetpack_publicize_feature_enabled":true,"jetpack_social_post_already_shared":true,"jetpack_social_options":{"image_generator_settings":{"template":"highway","enabled":false},"version":2}},"categories":[18],"tags":[],"class_list":["entry","author-diegoaguirre","post-57130","post","type-post","status-publish","format-standard","has-post-thumbnail","category-judicial"],"jetpack_publicize_connections":[],"yoast_head":"<!-- This site is optimized with the Yoast SEO plugin v24.3 - https:\/\/yoast.com\/wordpress\/plugins\/seo\/ -->\n<title>A la c\u00e1rcel hombre se\u00f1alado de ocasionarle la muerte a una mujer y abandonar su cad\u00e1ver en una v\u00eda p\u00fablica de Bogot\u00e1 - Ciudad y Region<\/title>\n<meta name=\"robots\" content=\"index, follow, max-snippet:-1, max-image-preview:large, max-video-preview:-1\" \/>\n<link rel=\"canonical\" href=\"https:\/\/ciudadyregion.com.co\/index.php\/a-la-carcel-hombre-senalado-de-ocasionarle-la-muerte-a-una-mujer-y-abandonar-su-cadaver-en-una-via-publica-de-bogota\/judicial\/\" \/>\n<meta property=\"og:locale\" content=\"es_ES\" \/>\n<meta property=\"og:type\" content=\"article\" \/>\n<meta property=\"og:title\" content=\"A la c\u00e1rcel hombre se\u00f1alado de ocasionarle la muerte a una mujer y abandonar su cad\u00e1ver en una v\u00eda p\u00fablica de Bogot\u00e1 - Ciudad y Region\" \/>\n<meta property=\"og:description\" content=\"La Fiscal\u00eda General de la Naci\u00f3n judicializ\u00f3 a Javier Rojas Jim\u00e9nez, como presunto responsable de agredir a una mujer hasta ocasionarle la muerte. En este sentido, un fiscal de la Unidad de Delitos contra la Vida de la Seccional Bogot\u00e1 imput\u00f3 al procesado el delito de feminicidio agravado. Cargo queContinuar Leyendo\" \/>\n<meta property=\"og:url\" content=\"https:\/\/ciudadyregion.com.co\/index.php\/a-la-carcel-hombre-senalado-de-ocasionarle-la-muerte-a-una-mujer-y-abandonar-su-cadaver-en-una-via-publica-de-bogota\/judicial\/\" \/>\n<meta property=\"og:site_name\" content=\"Ciudad y Region\" \/>\n<meta property=\"article:published_time\" content=\"2026-03-12T00:27:30+00:00\" \/>\n<meta property=\"og:image\" content=\"https:\/\/ciudadyregion.com.co\/wp-content\/uploads\/2026\/03\/a-33.jpg\" \/>\n\t<meta property=\"og:image:width\" content=\"800\" \/>\n\t<meta property=\"og:image:height\" content=\"445\" \/>\n\t<meta property=\"og:image:type\" content=\"image\/jpeg\" \/>\n<meta name=\"author\" content=\"David Andr\u00e9s Aguirre\" \/>\n<meta name=\"twitter:card\" content=\"summary_large_image\" \/>\n<meta name=\"twitter:label1\" content=\"Escrito por\" \/>\n\t<meta name=\"twitter:data1\" content=\"David Andr\u00e9s Aguirre\" \/>\n\t<meta name=\"twitter:label2\" content=\"Tiempo de lectura\" \/>\n\t<meta name=\"twitter:data2\" content=\"2 minutos\" \/>\n<script type=\"application\/ld+json\" class=\"yoast-schema-graph\">{\"@context\":\"https:\/\/schema.org\",\"@graph\":[{\"@type\":\"WebPage\",\"@id\":\"https:\/\/ciudadyregion.com.co\/index.php\/a-la-carcel-hombre-senalado-de-ocasionarle-la-muerte-a-una-mujer-y-abandonar-su-cadaver-en-una-via-publica-de-bogota\/judicial\/\",\"url\":\"https:\/\/ciudadyregion.com.co\/index.php\/a-la-carcel-hombre-senalado-de-ocasionarle-la-muerte-a-una-mujer-y-abandonar-su-cadaver-en-una-via-publica-de-bogota\/judicial\/\",\"name\":\"A la c\u00e1rcel hombre se\u00f1alado de ocasionarle la muerte a una mujer y abandonar su cad\u00e1ver en una v\u00eda p\u00fablica de Bogot\u00e1 - Ciudad y Region\",\"isPartOf\":{\"@id\":\"https:\/\/ciudadyregion.com.co\/#website\"},\"primaryImageOfPage\":{\"@id\":\"https:\/\/ciudadyregion.com.co\/index.php\/a-la-carcel-hombre-senalado-de-ocasionarle-la-muerte-a-una-mujer-y-abandonar-su-cadaver-en-una-via-publica-de-bogota\/judicial\/#primaryimage\"},\"image\":{\"@id\":\"https:\/\/ciudadyregion.com.co\/index.php\/a-la-carcel-hombre-senalado-de-ocasionarle-la-muerte-a-una-mujer-y-abandonar-su-cadaver-en-una-via-publica-de-bogota\/judicial\/#primaryimage\"},\"thumbnailUrl\":\"https:\/\/i0.wp.com\/ciudadyregion.com.co\/wp-content\/uploads\/2026\/03\/a-33.jpg?fit=800%2C445&ssl=1\",\"datePublished\":\"2026-03-12T00:27:30+00:00\",\"dateModified\":\"2026-03-12T00:27:30+00:00\",\"author\":{\"@id\":\"https:\/\/ciudadyregion.com.co\/#\/schema\/person\/04a4954373ebc4051f46e8c65ff78622\"},\"breadcrumb\":{\"@id\":\"https:\/\/ciudadyregion.com.co\/index.php\/a-la-carcel-hombre-senalado-de-ocasionarle-la-muerte-a-una-mujer-y-abandonar-su-cadaver-en-una-via-publica-de-bogota\/judicial\/#breadcrumb\"},\"inLanguage\":\"es\",\"potentialAction\":[{\"@type\":\"ReadAction\",\"target\":[\"https:\/\/ciudadyregion.com.co\/index.php\/a-la-carcel-hombre-senalado-de-ocasionarle-la-muerte-a-una-mujer-y-abandonar-su-cadaver-en-una-via-publica-de-bogota\/judicial\/\"]}]},{\"@type\":\"ImageObject\",\"inLanguage\":\"es\",\"@id\":\"https:\/\/ciudadyregion.com.co\/index.php\/a-la-carcel-hombre-senalado-de-ocasionarle-la-muerte-a-una-mujer-y-abandonar-su-cadaver-en-una-via-publica-de-bogota\/judicial\/#primaryimage\",\"url\":\"https:\/\/i0.wp.com\/ciudadyregion.com.co\/wp-content\/uploads\/2026\/03\/a-33.jpg?fit=800%2C445&ssl=1\",\"contentUrl\":\"https:\/\/i0.wp.com\/ciudadyregion.com.co\/wp-content\/uploads\/2026\/03\/a-33.jpg?fit=800%2C445&ssl=1\",\"width\":800,\"height\":445},{\"@type\":\"BreadcrumbList\",\"@id\":\"https:\/\/ciudadyregion.com.co\/index.php\/a-la-carcel-hombre-senalado-de-ocasionarle-la-muerte-a-una-mujer-y-abandonar-su-cadaver-en-una-via-publica-de-bogota\/judicial\/#breadcrumb\",\"itemListElement\":[{\"@type\":\"ListItem\",\"position\":1,\"name\":\"Portada\",\"item\":\"https:\/\/ciudadyregion.com.co\/\"},{\"@type\":\"ListItem\",\"position\":2,\"name\":\"A la c\u00e1rcel hombre se\u00f1alado de ocasionarle la muerte a una mujer y abandonar su cad\u00e1ver en una v\u00eda p\u00fablica de Bogot\u00e1\"}]},{\"@type\":\"WebSite\",\"@id\":\"https:\/\/ciudadyregion.com.co\/#website\",\"url\":\"https:\/\/ciudadyregion.com.co\/\",\"name\":\"Ciudad y Region\",\"description\":\"\",\"potentialAction\":[{\"@type\":\"SearchAction\",\"target\":{\"@type\":\"EntryPoint\",\"urlTemplate\":\"https:\/\/ciudadyregion.com.co\/?s={search_term_string}\"},\"query-input\":{\"@type\":\"PropertyValueSpecification\",\"valueRequired\":true,\"valueName\":\"search_term_string\"}}],\"inLanguage\":\"es\"},{\"@type\":\"Person\",\"@id\":\"https:\/\/ciudadyregion.com.co\/#\/schema\/person\/04a4954373ebc4051f46e8c65ff78622\",\"name\":\"David Andr\u00e9s Aguirre\",\"image\":{\"@type\":\"ImageObject\",\"inLanguage\":\"es\",\"@id\":\"https:\/\/ciudadyregion.com.co\/#\/schema\/person\/image\/\",\"url\":\"https:\/\/secure.gravatar.com\/avatar\/bc3c655860202182ee6d1b5edd042dbe?s=96&d=mm&r=g\",\"contentUrl\":\"https:\/\/secure.gravatar.com\/avatar\/bc3c655860202182ee6d1b5edd042dbe?s=96&d=mm&r=g\",\"caption\":\"David Andr\u00e9s Aguirre\"},\"url\":\"https:\/\/ciudadyregion.com.co\/index.php\/author\/diegoaguirre\/\"}]}<\/script>\n<!-- \/ Yoast SEO plugin. -->","yoast_head_json":{"title":"A la c\u00e1rcel hombre se\u00f1alado de ocasionarle la muerte a una mujer y abandonar su cad\u00e1ver en una v\u00eda p\u00fablica de Bogot\u00e1 - Ciudad y Region","robots":{"index":"index","follow":"follow","max-snippet":"max-snippet:-1","max-image-preview":"max-image-preview:large","max-video-preview":"max-video-preview:-1"},"canonical":"https:\/\/ciudadyregion.com.co\/index.php\/a-la-carcel-hombre-senalado-de-ocasionarle-la-muerte-a-una-mujer-y-abandonar-su-cadaver-en-una-via-publica-de-bogota\/judicial\/","og_locale":"es_ES","og_type":"article","og_title":"A la c\u00e1rcel hombre se\u00f1alado de ocasionarle la muerte a una mujer y abandonar su cad\u00e1ver en una v\u00eda p\u00fablica de Bogot\u00e1 - Ciudad y Region","og_description":"La Fiscal\u00eda General de la Naci\u00f3n judicializ\u00f3 a Javier Rojas Jim\u00e9nez, como presunto responsable de agredir a una mujer hasta ocasionarle la muerte. En este sentido, un fiscal de la Unidad de Delitos contra la Vida de la Seccional Bogot\u00e1 imput\u00f3 al procesado el delito de feminicidio agravado. Cargo queContinuar Leyendo","og_url":"https:\/\/ciudadyregion.com.co\/index.php\/a-la-carcel-hombre-senalado-de-ocasionarle-la-muerte-a-una-mujer-y-abandonar-su-cadaver-en-una-via-publica-de-bogota\/judicial\/","og_site_name":"Ciudad y Region","article_published_time":"2026-03-12T00:27:30+00:00","og_image":[{"width":800,"height":445,"url":"https:\/\/ciudadyregion.com.co\/wp-content\/uploads\/2026\/03\/a-33.jpg","type":"image\/jpeg"}],"author":"David Andr\u00e9s Aguirre","twitter_card":"summary_large_image","twitter_misc":{"Escrito por":"David Andr\u00e9s Aguirre","Tiempo de lectura":"2 minutos"},"schema":{"@context":"https:\/\/schema.org","@graph":[{"@type":"WebPage","@id":"https:\/\/ciudadyregion.com.co\/index.php\/a-la-carcel-hombre-senalado-de-ocasionarle-la-muerte-a-una-mujer-y-abandonar-su-cadaver-en-una-via-publica-de-bogota\/judicial\/","url":"https:\/\/ciudadyregion.com.co\/index.php\/a-la-carcel-hombre-senalado-de-ocasionarle-la-muerte-a-una-mujer-y-abandonar-su-cadaver-en-una-via-publica-de-bogota\/judicial\/","name":"A la c\u00e1rcel hombre se\u00f1alado de ocasionarle la muerte a una mujer y abandonar su cad\u00e1ver en una v\u00eda p\u00fablica de Bogot\u00e1 - Ciudad y Region","isPartOf":{"@id":"https:\/\/ciudadyregion.com.co\/#website"},"primaryImageOfPage":{"@id":"https:\/\/ciudadyregion.com.co\/index.php\/a-la-carcel-hombre-senalado-de-ocasionarle-la-muerte-a-una-mujer-y-abandonar-su-cadaver-en-una-via-publica-de-bogota\/judicial\/#primaryimage"},"image":{"@id":"https:\/\/ciudadyregion.com.co\/index.php\/a-la-carcel-hombre-senalado-de-ocasionarle-la-muerte-a-una-mujer-y-abandonar-su-cadaver-en-una-via-publica-de-bogota\/judicial\/#primaryimage"},"thumbnailUrl":"https:\/\/i0.wp.com\/ciudadyregion.com.co\/wp-content\/uploads\/2026\/03\/a-33.jpg?fit=800%2C445&ssl=1","datePublished":"2026-03-12T00:27:30+00:00","dateModified":"2026-03-12T00:27:30+00:00","author":{"@id":"https:\/\/ciudadyregion.com.co\/#\/schema\/person\/04a4954373ebc4051f46e8c65ff78622"},"breadcrumb":{"@id":"https:\/\/ciudadyregion.com.co\/index.php\/a-la-carcel-hombre-senalado-de-ocasionarle-la-muerte-a-una-mujer-y-abandonar-su-cadaver-en-una-via-publica-de-bogota\/judicial\/#breadcrumb"},"inLanguage":"es","potentialAction":[{"@type":"ReadAction","target":["https:\/\/ciudadyregion.com.co\/index.php\/a-la-carcel-hombre-senalado-de-ocasionarle-la-muerte-a-una-mujer-y-abandonar-su-cadaver-en-una-via-publica-de-bogota\/judicial\/"]}]},{"@type":"ImageObject","inLanguage":"es","@id":"https:\/\/ciudadyregion.com.co\/index.php\/a-la-carcel-hombre-senalado-de-ocasionarle-la-muerte-a-una-mujer-y-abandonar-su-cadaver-en-una-via-publica-de-bogota\/judicial\/#primaryimage","url":"https:\/\/i0.wp.com\/ciudadyregion.com.co\/wp-content\/uploads\/2026\/03\/a-33.jpg?fit=800%2C445&ssl=1","contentUrl":"https:\/\/i0.wp.com\/ciudadyregion.com.co\/wp-content\/uploads\/2026\/03\/a-33.jpg?fit=800%2C445&ssl=1","width":800,"height":445},{"@type":"BreadcrumbList","@id":"https:\/\/ciudadyregion.com.co\/index.php\/a-la-carcel-hombre-senalado-de-ocasionarle-la-muerte-a-una-mujer-y-abandonar-su-cadaver-en-una-via-publica-de-bogota\/judicial\/#breadcrumb","itemListElement":[{"@type":"ListItem","position":1,"name":"Portada","item":"https:\/\/ciudadyregion.com.co\/"},{"@type":"ListItem","position":2,"name":"A la c\u00e1rcel hombre se\u00f1alado de ocasionarle la muerte a una mujer y abandonar su cad\u00e1ver en una v\u00eda p\u00fablica de Bogot\u00e1"}]},{"@type":"WebSite","@id":"https:\/\/ciudadyregion.com.co\/#website","url":"https:\/\/ciudadyregion.com.co\/","name":"Ciudad y Region","description":"","potentialAction":[{"@type":"SearchAction","target":{"@type":"EntryPoint","urlTemplate":"https:\/\/ciudadyregion.com.co\/?s={search_term_string}"},"query-input":{"@type":"PropertyValueSpecification","valueRequired":true,"valueName":"search_term_string"}}],"inLanguage":"es"},{"@type":"Person","@id":"https:\/\/ciudadyregion.com.co\/#\/schema\/person\/04a4954373ebc4051f46e8c65ff78622","name":"David Andr\u00e9s Aguirre","image":{"@type":"ImageObject","inLanguage":"es","@id":"https:\/\/ciudadyregion.com.co\/#\/schema\/person\/image\/","url":"https:\/\/secure.gravatar.com\/avatar\/bc3c655860202182ee6d1b5edd042dbe?s=96&d=mm&r=g","contentUrl":"https:\/\/secure.gravatar.com\/avatar\/bc3c655860202182ee6d1b5edd042dbe?s=96&d=mm&r=g","caption":"David Andr\u00e9s Aguirre"},"url":"https:\/\/ciudadyregion.com.co\/index.php\/author\/diegoaguirre\/"}]}},"jetpack_featured_media_url":"https:\/\/i0.wp.com\/ciudadyregion.com.co\/wp-content\/uploads\/2026\/03\/a-33.jpg?fit=800%2C445&ssl=1","jetpack_sharing_enabled":true,"jetpack_shortlink":"https:\/\/wp.me\/pbS7hh-eRs","jetpack-related-posts":[],"_links":{"self":[{"href":"https:\/\/ciudadyregion.com.co\/index.php\/wp-json\/wp\/v2\/posts\/57130"}],"collection":[{"href":"https:\/\/ciudadyregion.com.co\/index.php\/wp-json\/wp\/v2\/posts"}],"about":[{"href":"https:\/\/ciudadyregion.com.co\/index.php\/wp-json\/wp\/v2\/types\/post"}],"author":[{"embeddable":true,"href":"https:\/\/ciudadyregion.com.co\/index.php\/wp-json\/wp\/v2\/users\/2"}],"replies":[{"embeddable":true,"href":"https:\/\/ciudadyregion.com.co\/index.php\/wp-json\/wp\/v2\/comments?post=57130"}],"version-history":[{"count":1,"href":"https:\/\/ciudadyregion.com.co\/index.php\/wp-json\/wp\/v2\/posts\/57130\/revisions"}],"predecessor-version":[{"id":57132,"href":"https:\/\/ciudadyregion.com.co\/index.php\/wp-json\/wp\/v2\/posts\/57130\/revisions\/57132"}],"wp:featuredmedia":[{"embeddable":true,"href":"https:\/\/ciudadyregion.com.co\/index.php\/wp-json\/wp\/v2\/media\/57131"}],"wp:attachment":[{"href":"https:\/\/ciudadyregion.com.co\/index.php\/wp-json\/wp\/v2\/media?parent=57130"}],"wp:term":[{"taxonomy":"category","embeddable":true,"href":"https:\/\/ciudadyregion.com.co\/index.php\/wp-json\/wp\/v2\/categories?post=57130"},{"taxonomy":"post_tag","embeddable":true,"href":"https:\/\/ciudadyregion.com.co\/index.php\/wp-json\/wp\/v2\/tags?post=57130"}],"curies":[{"name":"wp","href":"https:\/\/api.w.org\/{rel}","templated":true}]}}