{"id":57127,"date":"2026-03-11T19:24:07","date_gmt":"2026-03-12T00:24:07","guid":{"rendered":"https:\/\/ciudadyregion.com.co\/?p=57127"},"modified":"2026-03-11T19:24:07","modified_gmt":"2026-03-12T00:24:07","slug":"dos-hombres-que-habrian-atentado-contra-una-familia-en-la-isla-de-san-andres-fueron-judicializados-por-la-fiscalia","status":"publish","type":"post","link":"https:\/\/ciudadyregion.com.co\/index.php\/dos-hombres-que-habrian-atentado-contra-una-familia-en-la-isla-de-san-andres-fueron-judicializados-por-la-fiscalia\/judicial\/","title":{"rendered":"Dos hombres que habr\u00edan atentado contra una familia en la isla de San Andr\u00e9s fueron judicializados por la Fiscal\u00eda"},"content":{"rendered":"<p>Por petici\u00f3n de un fiscal de la Unidad de Vida de la Seccional San Andr\u00e9s, un juez de control de garant\u00edas profiri\u00f3 medida de aseguramiento en establecimiento carcelario contra dos hombres presuntamente involucrados en un atentado ocurrido el 23 de octubre de 2025 en San Andr\u00e9s.<\/p>\n<p>Se trata de Juan David Cabarcas P\u00e9rez, de 36 a\u00f1os; y N\u00e9stor Daniel Torres Flores, de 24. Los dos fueron imputados con delitos de tentativa de homicidio, fabricaci\u00f3n, tr\u00e1fico y porte de armas, municiones de uso restringido, de uso privativo de las Fuerzas Armadas o explosivos agravado y fabricaci\u00f3n, tr\u00e1fico, porte o tenencia de armas de fuego, accesorios, partes o municiones.<\/p>\n<p>Pruebas en poder de la Fiscal\u00eda evidenciaron que los ahora procesados habr\u00edan disparado contra un grupo de personas que depart\u00eda en el barrio Morrislanding. Por el ataque resultaron heridas una mujer de 62 a\u00f1os, otra de 40 y un joven de 25.<\/p>\n<p>Seg\u00fan la investigaci\u00f3n, en el atentado fueron utilizados fusiles de largo alcance, de uso restringido o privativo de las Fuerzas Militares, y una pistola. El crimen, se cree, obedeci\u00f3 a rencillas entre familias, que datan del 2018.<\/p>\n<p>Los investigados fueron capturados el pasado 23 de febrero en el barrio Morrislanding por la Polic\u00eda Nacional.<\/p>\n","protected":false},"excerpt":{"rendered":"<p>Por petici\u00f3n de un fiscal de la Unidad de Vida de la Seccional San Andr\u00e9s, un juez de control de garant\u00edas profiri\u00f3 medida de aseguramiento en establecimiento carcelario contra dos hombres presuntamente involucrados en un atentado ocurrido el 23 de octubre de 2025 en San Andr\u00e9s. Se trata de Juan<span class=\"more-link\"><a href=\"https:\/\/ciudadyregion.com.co\/index.php\/dos-hombres-que-habrian-atentado-contra-una-familia-en-la-isla-de-san-andres-fueron-judicializados-por-la-fiscalia\/judicial\/\">Continuar Leyendo<\/a><\/span><\/p>\n","protected":false},"author":2,"featured_media":57128,"comment_status":"open","ping_status":"open","sticky":false,"template":"","format":"standard","meta":{"_uf_show_specific_survey":0,"_uf_disable_surveys":false,"_jetpack_memberships_contains_paid_content":false,"footnotes":"","jetpack_publicize_message":"","jetpack_publicize_feature_enabled":true,"jetpack_social_post_already_shared":true,"jetpack_social_options":{"image_generator_settings":{"template":"highway","enabled":false},"version":2}},"categories":[18],"tags":[],"class_list":["entry","author-diegoaguirre","post-57127","post","type-post","status-publish","format-standard","has-post-thumbnail","category-judicial"],"jetpack_publicize_connections":[],"yoast_head":"<!-- This site is optimized with the Yoast SEO plugin v24.3 - https:\/\/yoast.com\/wordpress\/plugins\/seo\/ -->\n<title>Dos hombres que habr\u00edan atentado contra una familia en la isla de San Andr\u00e9s fueron judicializados por la Fiscal\u00eda - Ciudad y Region<\/title>\n<meta name=\"robots\" content=\"index, follow, max-snippet:-1, max-image-preview:large, max-video-preview:-1\" \/>\n<link rel=\"canonical\" href=\"https:\/\/ciudadyregion.com.co\/index.php\/dos-hombres-que-habrian-atentado-contra-una-familia-en-la-isla-de-san-andres-fueron-judicializados-por-la-fiscalia\/judicial\/\" \/>\n<meta property=\"og:locale\" content=\"es_ES\" \/>\n<meta property=\"og:type\" content=\"article\" \/>\n<meta property=\"og:title\" content=\"Dos hombres que habr\u00edan atentado contra una familia en la isla de San Andr\u00e9s fueron judicializados por la Fiscal\u00eda - Ciudad y Region\" \/>\n<meta property=\"og:description\" content=\"Por petici\u00f3n de un fiscal de la Unidad de Vida de la Seccional San Andr\u00e9s, un juez de control de garant\u00edas profiri\u00f3 medida de aseguramiento en establecimiento carcelario contra dos hombres presuntamente involucrados en un atentado ocurrido el 23 de octubre de 2025 en San Andr\u00e9s. Se trata de JuanContinuar Leyendo\" \/>\n<meta property=\"og:url\" content=\"https:\/\/ciudadyregion.com.co\/index.php\/dos-hombres-que-habrian-atentado-contra-una-familia-en-la-isla-de-san-andres-fueron-judicializados-por-la-fiscalia\/judicial\/\" \/>\n<meta property=\"og:site_name\" content=\"Ciudad y Region\" \/>\n<meta property=\"article:published_time\" content=\"2026-03-12T00:24:07+00:00\" \/>\n<meta property=\"og:image\" content=\"https:\/\/ciudadyregion.com.co\/wp-content\/uploads\/2026\/03\/a-32.jpg\" \/>\n\t<meta property=\"og:image:width\" content=\"800\" \/>\n\t<meta property=\"og:image:height\" content=\"445\" \/>\n\t<meta property=\"og:image:type\" content=\"image\/jpeg\" \/>\n<meta name=\"author\" content=\"David Andr\u00e9s Aguirre\" \/>\n<meta name=\"twitter:card\" content=\"summary_large_image\" \/>\n<meta name=\"twitter:label1\" content=\"Escrito por\" \/>\n\t<meta name=\"twitter:data1\" content=\"David Andr\u00e9s Aguirre\" \/>\n\t<meta name=\"twitter:label2\" content=\"Tiempo de lectura\" \/>\n\t<meta name=\"twitter:data2\" content=\"1 minuto\" \/>\n<script type=\"application\/ld+json\" class=\"yoast-schema-graph\">{\"@context\":\"https:\/\/schema.org\",\"@graph\":[{\"@type\":\"WebPage\",\"@id\":\"https:\/\/ciudadyregion.com.co\/index.php\/dos-hombres-que-habrian-atentado-contra-una-familia-en-la-isla-de-san-andres-fueron-judicializados-por-la-fiscalia\/judicial\/\",\"url\":\"https:\/\/ciudadyregion.com.co\/index.php\/dos-hombres-que-habrian-atentado-contra-una-familia-en-la-isla-de-san-andres-fueron-judicializados-por-la-fiscalia\/judicial\/\",\"name\":\"Dos hombres que habr\u00edan atentado contra una familia en la isla de San Andr\u00e9s fueron judicializados por la Fiscal\u00eda - Ciudad y Region\",\"isPartOf\":{\"@id\":\"https:\/\/ciudadyregion.com.co\/#website\"},\"primaryImageOfPage\":{\"@id\":\"https:\/\/ciudadyregion.com.co\/index.php\/dos-hombres-que-habrian-atentado-contra-una-familia-en-la-isla-de-san-andres-fueron-judicializados-por-la-fiscalia\/judicial\/#primaryimage\"},\"image\":{\"@id\":\"https:\/\/ciudadyregion.com.co\/index.php\/dos-hombres-que-habrian-atentado-contra-una-familia-en-la-isla-de-san-andres-fueron-judicializados-por-la-fiscalia\/judicial\/#primaryimage\"},\"thumbnailUrl\":\"https:\/\/i0.wp.com\/ciudadyregion.com.co\/wp-content\/uploads\/2026\/03\/a-32.jpg?fit=800%2C445&ssl=1\",\"datePublished\":\"2026-03-12T00:24:07+00:00\",\"dateModified\":\"2026-03-12T00:24:07+00:00\",\"author\":{\"@id\":\"https:\/\/ciudadyregion.com.co\/#\/schema\/person\/04a4954373ebc4051f46e8c65ff78622\"},\"breadcrumb\":{\"@id\":\"https:\/\/ciudadyregion.com.co\/index.php\/dos-hombres-que-habrian-atentado-contra-una-familia-en-la-isla-de-san-andres-fueron-judicializados-por-la-fiscalia\/judicial\/#breadcrumb\"},\"inLanguage\":\"es\",\"potentialAction\":[{\"@type\":\"ReadAction\",\"target\":[\"https:\/\/ciudadyregion.com.co\/index.php\/dos-hombres-que-habrian-atentado-contra-una-familia-en-la-isla-de-san-andres-fueron-judicializados-por-la-fiscalia\/judicial\/\"]}]},{\"@type\":\"ImageObject\",\"inLanguage\":\"es\",\"@id\":\"https:\/\/ciudadyregion.com.co\/index.php\/dos-hombres-que-habrian-atentado-contra-una-familia-en-la-isla-de-san-andres-fueron-judicializados-por-la-fiscalia\/judicial\/#primaryimage\",\"url\":\"https:\/\/i0.wp.com\/ciudadyregion.com.co\/wp-content\/uploads\/2026\/03\/a-32.jpg?fit=800%2C445&ssl=1\",\"contentUrl\":\"https:\/\/i0.wp.com\/ciudadyregion.com.co\/wp-content\/uploads\/2026\/03\/a-32.jpg?fit=800%2C445&ssl=1\",\"width\":800,\"height\":445},{\"@type\":\"BreadcrumbList\",\"@id\":\"https:\/\/ciudadyregion.com.co\/index.php\/dos-hombres-que-habrian-atentado-contra-una-familia-en-la-isla-de-san-andres-fueron-judicializados-por-la-fiscalia\/judicial\/#breadcrumb\",\"itemListElement\":[{\"@type\":\"ListItem\",\"position\":1,\"name\":\"Portada\",\"item\":\"https:\/\/ciudadyregion.com.co\/\"},{\"@type\":\"ListItem\",\"position\":2,\"name\":\"Dos hombres que habr\u00edan atentado contra una familia en la isla de San Andr\u00e9s fueron judicializados por la Fiscal\u00eda\"}]},{\"@type\":\"WebSite\",\"@id\":\"https:\/\/ciudadyregion.com.co\/#website\",\"url\":\"https:\/\/ciudadyregion.com.co\/\",\"name\":\"Ciudad y Region\",\"description\":\"\",\"potentialAction\":[{\"@type\":\"SearchAction\",\"target\":{\"@type\":\"EntryPoint\",\"urlTemplate\":\"https:\/\/ciudadyregion.com.co\/?s={search_term_string}\"},\"query-input\":{\"@type\":\"PropertyValueSpecification\",\"valueRequired\":true,\"valueName\":\"search_term_string\"}}],\"inLanguage\":\"es\"},{\"@type\":\"Person\",\"@id\":\"https:\/\/ciudadyregion.com.co\/#\/schema\/person\/04a4954373ebc4051f46e8c65ff78622\",\"name\":\"David Andr\u00e9s Aguirre\",\"image\":{\"@type\":\"ImageObject\",\"inLanguage\":\"es\",\"@id\":\"https:\/\/ciudadyregion.com.co\/#\/schema\/person\/image\/\",\"url\":\"https:\/\/secure.gravatar.com\/avatar\/bc3c655860202182ee6d1b5edd042dbe?s=96&d=mm&r=g\",\"contentUrl\":\"https:\/\/secure.gravatar.com\/avatar\/bc3c655860202182ee6d1b5edd042dbe?s=96&d=mm&r=g\",\"caption\":\"David Andr\u00e9s Aguirre\"},\"url\":\"https:\/\/ciudadyregion.com.co\/index.php\/author\/diegoaguirre\/\"}]}<\/script>\n<!-- \/ Yoast SEO plugin. -->","yoast_head_json":{"title":"Dos hombres que habr\u00edan atentado contra una familia en la isla de San Andr\u00e9s fueron judicializados por la Fiscal\u00eda - Ciudad y Region","robots":{"index":"index","follow":"follow","max-snippet":"max-snippet:-1","max-image-preview":"max-image-preview:large","max-video-preview":"max-video-preview:-1"},"canonical":"https:\/\/ciudadyregion.com.co\/index.php\/dos-hombres-que-habrian-atentado-contra-una-familia-en-la-isla-de-san-andres-fueron-judicializados-por-la-fiscalia\/judicial\/","og_locale":"es_ES","og_type":"article","og_title":"Dos hombres que habr\u00edan atentado contra una familia en la isla de San Andr\u00e9s fueron judicializados por la Fiscal\u00eda - Ciudad y Region","og_description":"Por petici\u00f3n de un fiscal de la Unidad de Vida de la Seccional San Andr\u00e9s, un juez de control de garant\u00edas profiri\u00f3 medida de aseguramiento en establecimiento carcelario contra dos hombres presuntamente involucrados en un atentado ocurrido el 23 de octubre de 2025 en San Andr\u00e9s. Se trata de JuanContinuar Leyendo","og_url":"https:\/\/ciudadyregion.com.co\/index.php\/dos-hombres-que-habrian-atentado-contra-una-familia-en-la-isla-de-san-andres-fueron-judicializados-por-la-fiscalia\/judicial\/","og_site_name":"Ciudad y Region","article_published_time":"2026-03-12T00:24:07+00:00","og_image":[{"width":800,"height":445,"url":"https:\/\/ciudadyregion.com.co\/wp-content\/uploads\/2026\/03\/a-32.jpg","type":"image\/jpeg"}],"author":"David Andr\u00e9s Aguirre","twitter_card":"summary_large_image","twitter_misc":{"Escrito por":"David Andr\u00e9s Aguirre","Tiempo de lectura":"1 minuto"},"schema":{"@context":"https:\/\/schema.org","@graph":[{"@type":"WebPage","@id":"https:\/\/ciudadyregion.com.co\/index.php\/dos-hombres-que-habrian-atentado-contra-una-familia-en-la-isla-de-san-andres-fueron-judicializados-por-la-fiscalia\/judicial\/","url":"https:\/\/ciudadyregion.com.co\/index.php\/dos-hombres-que-habrian-atentado-contra-una-familia-en-la-isla-de-san-andres-fueron-judicializados-por-la-fiscalia\/judicial\/","name":"Dos hombres que habr\u00edan atentado contra una familia en la isla de San Andr\u00e9s fueron judicializados por la Fiscal\u00eda - Ciudad y Region","isPartOf":{"@id":"https:\/\/ciudadyregion.com.co\/#website"},"primaryImageOfPage":{"@id":"https:\/\/ciudadyregion.com.co\/index.php\/dos-hombres-que-habrian-atentado-contra-una-familia-en-la-isla-de-san-andres-fueron-judicializados-por-la-fiscalia\/judicial\/#primaryimage"},"image":{"@id":"https:\/\/ciudadyregion.com.co\/index.php\/dos-hombres-que-habrian-atentado-contra-una-familia-en-la-isla-de-san-andres-fueron-judicializados-por-la-fiscalia\/judicial\/#primaryimage"},"thumbnailUrl":"https:\/\/i0.wp.com\/ciudadyregion.com.co\/wp-content\/uploads\/2026\/03\/a-32.jpg?fit=800%2C445&ssl=1","datePublished":"2026-03-12T00:24:07+00:00","dateModified":"2026-03-12T00:24:07+00:00","author":{"@id":"https:\/\/ciudadyregion.com.co\/#\/schema\/person\/04a4954373ebc4051f46e8c65ff78622"},"breadcrumb":{"@id":"https:\/\/ciudadyregion.com.co\/index.php\/dos-hombres-que-habrian-atentado-contra-una-familia-en-la-isla-de-san-andres-fueron-judicializados-por-la-fiscalia\/judicial\/#breadcrumb"},"inLanguage":"es","potentialAction":[{"@type":"ReadAction","target":["https:\/\/ciudadyregion.com.co\/index.php\/dos-hombres-que-habrian-atentado-contra-una-familia-en-la-isla-de-san-andres-fueron-judicializados-por-la-fiscalia\/judicial\/"]}]},{"@type":"ImageObject","inLanguage":"es","@id":"https:\/\/ciudadyregion.com.co\/index.php\/dos-hombres-que-habrian-atentado-contra-una-familia-en-la-isla-de-san-andres-fueron-judicializados-por-la-fiscalia\/judicial\/#primaryimage","url":"https:\/\/i0.wp.com\/ciudadyregion.com.co\/wp-content\/uploads\/2026\/03\/a-32.jpg?fit=800%2C445&ssl=1","contentUrl":"https:\/\/i0.wp.com\/ciudadyregion.com.co\/wp-content\/uploads\/2026\/03\/a-32.jpg?fit=800%2C445&ssl=1","width":800,"height":445},{"@type":"BreadcrumbList","@id":"https:\/\/ciudadyregion.com.co\/index.php\/dos-hombres-que-habrian-atentado-contra-una-familia-en-la-isla-de-san-andres-fueron-judicializados-por-la-fiscalia\/judicial\/#breadcrumb","itemListElement":[{"@type":"ListItem","position":1,"name":"Portada","item":"https:\/\/ciudadyregion.com.co\/"},{"@type":"ListItem","position":2,"name":"Dos hombres que habr\u00edan atentado contra una familia en la isla de San Andr\u00e9s fueron judicializados por la Fiscal\u00eda"}]},{"@type":"WebSite","@id":"https:\/\/ciudadyregion.com.co\/#website","url":"https:\/\/ciudadyregion.com.co\/","name":"Ciudad y Region","description":"","potentialAction":[{"@type":"SearchAction","target":{"@type":"EntryPoint","urlTemplate":"https:\/\/ciudadyregion.com.co\/?s={search_term_string}"},"query-input":{"@type":"PropertyValueSpecification","valueRequired":true,"valueName":"search_term_string"}}],"inLanguage":"es"},{"@type":"Person","@id":"https:\/\/ciudadyregion.com.co\/#\/schema\/person\/04a4954373ebc4051f46e8c65ff78622","name":"David Andr\u00e9s Aguirre","image":{"@type":"ImageObject","inLanguage":"es","@id":"https:\/\/ciudadyregion.com.co\/#\/schema\/person\/image\/","url":"https:\/\/secure.gravatar.com\/avatar\/bc3c655860202182ee6d1b5edd042dbe?s=96&d=mm&r=g","contentUrl":"https:\/\/secure.gravatar.com\/avatar\/bc3c655860202182ee6d1b5edd042dbe?s=96&d=mm&r=g","caption":"David Andr\u00e9s Aguirre"},"url":"https:\/\/ciudadyregion.com.co\/index.php\/author\/diegoaguirre\/"}]}},"jetpack_featured_media_url":"https:\/\/i0.wp.com\/ciudadyregion.com.co\/wp-content\/uploads\/2026\/03\/a-32.jpg?fit=800%2C445&ssl=1","jetpack_sharing_enabled":true,"jetpack_shortlink":"https:\/\/wp.me\/pbS7hh-eRp","jetpack-related-posts":[],"_links":{"self":[{"href":"https:\/\/ciudadyregion.com.co\/index.php\/wp-json\/wp\/v2\/posts\/57127"}],"collection":[{"href":"https:\/\/ciudadyregion.com.co\/index.php\/wp-json\/wp\/v2\/posts"}],"about":[{"href":"https:\/\/ciudadyregion.com.co\/index.php\/wp-json\/wp\/v2\/types\/post"}],"author":[{"embeddable":true,"href":"https:\/\/ciudadyregion.com.co\/index.php\/wp-json\/wp\/v2\/users\/2"}],"replies":[{"embeddable":true,"href":"https:\/\/ciudadyregion.com.co\/index.php\/wp-json\/wp\/v2\/comments?post=57127"}],"version-history":[{"count":1,"href":"https:\/\/ciudadyregion.com.co\/index.php\/wp-json\/wp\/v2\/posts\/57127\/revisions"}],"predecessor-version":[{"id":57129,"href":"https:\/\/ciudadyregion.com.co\/index.php\/wp-json\/wp\/v2\/posts\/57127\/revisions\/57129"}],"wp:featuredmedia":[{"embeddable":true,"href":"https:\/\/ciudadyregion.com.co\/index.php\/wp-json\/wp\/v2\/media\/57128"}],"wp:attachment":[{"href":"https:\/\/ciudadyregion.com.co\/index.php\/wp-json\/wp\/v2\/media?parent=57127"}],"wp:term":[{"taxonomy":"category","embeddable":true,"href":"https:\/\/ciudadyregion.com.co\/index.php\/wp-json\/wp\/v2\/categories?post=57127"},{"taxonomy":"post_tag","embeddable":true,"href":"https:\/\/ciudadyregion.com.co\/index.php\/wp-json\/wp\/v2\/tags?post=57127"}],"curies":[{"name":"wp","href":"https:\/\/api.w.org\/{rel}","templated":true}]}}