{"id":57118,"date":"2026-03-11T19:01:35","date_gmt":"2026-03-12T00:01:35","guid":{"rendered":"https:\/\/ciudadyregion.com.co\/?p=57118"},"modified":"2026-03-11T19:01:35","modified_gmt":"2026-03-12T00:01:35","slug":"tres-hombres-presuntamente-implicados-en-maltratos-contra-sus-companeras-sentimentales-fueron-judicializados-en-cartagena","status":"publish","type":"post","link":"https:\/\/ciudadyregion.com.co\/index.php\/tres-hombres-presuntamente-implicados-en-maltratos-contra-sus-companeras-sentimentales-fueron-judicializados-en-cartagena\/judicial\/","title":{"rendered":"Tres hombres presuntamente implicados en maltratos contra sus compa\u00f1eras sentimentales fueron judicializados en Cartagena"},"content":{"rendered":"<p>Fiscales del Centro de Atenci\u00f3n e Investigaci\u00f3n Integral contra la\u00a0Violencia Intrafamiliar\u00a0(Cavif) de la Seccional Bol\u00edvar, entregaron elementos materiales probatorios que permitieron a jueces de control de garant\u00edas imponer medidas de aseguramiento en centros carcelarios a tres hombres, se\u00f1alados de agredir a sus parejas.<\/p>\n<p>El primer hecho se registr\u00f3 en el barrio Buenos Aires donde un hombre de 26 a\u00f1os habr\u00eda golpeado en reiteradas ocasiones a su pareja, de 23 a\u00f1os.\u00a0Estas agresiones se registraron durante los 6 meses en que las dos personas convivieron.\u00a0El procesado es se\u00f1alado de incurrir en actos como afectar la ropa de la mujer por negarse a continuar la relaci\u00f3n. El investigado fue capturado el pasado 16 de febrero.<\/p>\n<p>Por otro caso, la Fiscal\u00eda judicializ\u00f3 a un hombre quien, se cree, agredi\u00f3 f\u00edsicamente a su esposa, de 35 a\u00f1os. Los hechos ocurrieron en el barrio Puerta de Hierro de la capital bolivarense. Se presume que los maltratos eran permanentes y se habr\u00edan realizado en presencia de sus hijos, menores de edad. El m\u00e1s reciente episodio de violencia sucedi\u00f3 el pasado 13 de enero cuando\u00a0el procesado habr\u00eda golpeado a la v\u00edctima dentro de un taxi\u00a0en el que ella se movilizaba. La Polic\u00eda Nacional realiz\u00f3 la captura el 3 de febrero anterior.<\/p>\n<p>Finalmente, un hombre de 29 a\u00f1os fue privado de la libertad por las\u00a0agresiones de las que habr\u00eda sido v\u00edctima su mujer,\u00a0al menos, desde 2024. Los hechos investigados ocurrieron en el barrio San Jos\u00e9 de los Campanos. El ahora procesado fue capturado en cumplimiento de una orden judicial el pasado 21 de febrero en Medell\u00edn (Antioquia).<\/p>\n<p>En las audiencias preliminares, ninguno acept\u00f3 los cargos por el delito de violencia intrafamiliar agravada que les imput\u00f3 la Fiscal\u00eda General de la Naci\u00f3n.<\/p>\n","protected":false},"excerpt":{"rendered":"<p>Fiscales del Centro de Atenci\u00f3n e Investigaci\u00f3n Integral contra la\u00a0Violencia Intrafamiliar\u00a0(Cavif) de la Seccional Bol\u00edvar, entregaron elementos materiales probatorios que permitieron a jueces de control de garant\u00edas imponer medidas de aseguramiento en centros carcelarios a tres hombres, se\u00f1alados de agredir a sus parejas. El primer hecho se registr\u00f3 en el<span class=\"more-link\"><a href=\"https:\/\/ciudadyregion.com.co\/index.php\/tres-hombres-presuntamente-implicados-en-maltratos-contra-sus-companeras-sentimentales-fueron-judicializados-en-cartagena\/judicial\/\">Continuar Leyendo<\/a><\/span><\/p>\n","protected":false},"author":2,"featured_media":57119,"comment_status":"open","ping_status":"open","sticky":false,"template":"","format":"standard","meta":{"_uf_show_specific_survey":0,"_uf_disable_surveys":false,"_jetpack_memberships_contains_paid_content":false,"footnotes":"","jetpack_publicize_message":"","jetpack_publicize_feature_enabled":true,"jetpack_social_post_already_shared":true,"jetpack_social_options":{"image_generator_settings":{"template":"highway","enabled":false},"version":2}},"categories":[18],"tags":[],"class_list":["entry","author-diegoaguirre","post-57118","post","type-post","status-publish","format-standard","has-post-thumbnail","category-judicial"],"jetpack_publicize_connections":[],"yoast_head":"<!-- This site is optimized with the Yoast SEO plugin v24.3 - https:\/\/yoast.com\/wordpress\/plugins\/seo\/ -->\n<title>Tres hombres presuntamente implicados en maltratos contra sus compa\u00f1eras sentimentales fueron judicializados en Cartagena - Ciudad y Region<\/title>\n<meta name=\"robots\" content=\"index, follow, max-snippet:-1, max-image-preview:large, max-video-preview:-1\" \/>\n<link rel=\"canonical\" href=\"https:\/\/ciudadyregion.com.co\/index.php\/tres-hombres-presuntamente-implicados-en-maltratos-contra-sus-companeras-sentimentales-fueron-judicializados-en-cartagena\/judicial\/\" \/>\n<meta property=\"og:locale\" content=\"es_ES\" \/>\n<meta property=\"og:type\" content=\"article\" \/>\n<meta property=\"og:title\" content=\"Tres hombres presuntamente implicados en maltratos contra sus compa\u00f1eras sentimentales fueron judicializados en Cartagena - Ciudad y Region\" \/>\n<meta property=\"og:description\" content=\"Fiscales del Centro de Atenci\u00f3n e Investigaci\u00f3n Integral contra la\u00a0Violencia Intrafamiliar\u00a0(Cavif) de la Seccional Bol\u00edvar, entregaron elementos materiales probatorios que permitieron a jueces de control de garant\u00edas imponer medidas de aseguramiento en centros carcelarios a tres hombres, se\u00f1alados de agredir a sus parejas. El primer hecho se registr\u00f3 en elContinuar Leyendo\" \/>\n<meta property=\"og:url\" content=\"https:\/\/ciudadyregion.com.co\/index.php\/tres-hombres-presuntamente-implicados-en-maltratos-contra-sus-companeras-sentimentales-fueron-judicializados-en-cartagena\/judicial\/\" \/>\n<meta property=\"og:site_name\" content=\"Ciudad y Region\" \/>\n<meta property=\"article:published_time\" content=\"2026-03-12T00:01:35+00:00\" \/>\n<meta property=\"og:image\" content=\"https:\/\/ciudadyregion.com.co\/wp-content\/uploads\/2026\/03\/a-29.jpg\" \/>\n\t<meta property=\"og:image:width\" content=\"800\" \/>\n\t<meta property=\"og:image:height\" content=\"445\" \/>\n\t<meta property=\"og:image:type\" content=\"image\/jpeg\" \/>\n<meta name=\"author\" content=\"David Andr\u00e9s Aguirre\" \/>\n<meta name=\"twitter:card\" content=\"summary_large_image\" \/>\n<meta name=\"twitter:label1\" content=\"Escrito por\" \/>\n\t<meta name=\"twitter:data1\" content=\"David Andr\u00e9s Aguirre\" \/>\n\t<meta name=\"twitter:label2\" content=\"Tiempo de lectura\" \/>\n\t<meta name=\"twitter:data2\" content=\"2 minutos\" \/>\n<script type=\"application\/ld+json\" class=\"yoast-schema-graph\">{\"@context\":\"https:\/\/schema.org\",\"@graph\":[{\"@type\":\"WebPage\",\"@id\":\"https:\/\/ciudadyregion.com.co\/index.php\/tres-hombres-presuntamente-implicados-en-maltratos-contra-sus-companeras-sentimentales-fueron-judicializados-en-cartagena\/judicial\/\",\"url\":\"https:\/\/ciudadyregion.com.co\/index.php\/tres-hombres-presuntamente-implicados-en-maltratos-contra-sus-companeras-sentimentales-fueron-judicializados-en-cartagena\/judicial\/\",\"name\":\"Tres hombres presuntamente implicados en maltratos contra sus compa\u00f1eras sentimentales fueron judicializados en Cartagena - Ciudad y Region\",\"isPartOf\":{\"@id\":\"https:\/\/ciudadyregion.com.co\/#website\"},\"primaryImageOfPage\":{\"@id\":\"https:\/\/ciudadyregion.com.co\/index.php\/tres-hombres-presuntamente-implicados-en-maltratos-contra-sus-companeras-sentimentales-fueron-judicializados-en-cartagena\/judicial\/#primaryimage\"},\"image\":{\"@id\":\"https:\/\/ciudadyregion.com.co\/index.php\/tres-hombres-presuntamente-implicados-en-maltratos-contra-sus-companeras-sentimentales-fueron-judicializados-en-cartagena\/judicial\/#primaryimage\"},\"thumbnailUrl\":\"https:\/\/i0.wp.com\/ciudadyregion.com.co\/wp-content\/uploads\/2026\/03\/a-29.jpg?fit=800%2C445&ssl=1\",\"datePublished\":\"2026-03-12T00:01:35+00:00\",\"dateModified\":\"2026-03-12T00:01:35+00:00\",\"author\":{\"@id\":\"https:\/\/ciudadyregion.com.co\/#\/schema\/person\/04a4954373ebc4051f46e8c65ff78622\"},\"breadcrumb\":{\"@id\":\"https:\/\/ciudadyregion.com.co\/index.php\/tres-hombres-presuntamente-implicados-en-maltratos-contra-sus-companeras-sentimentales-fueron-judicializados-en-cartagena\/judicial\/#breadcrumb\"},\"inLanguage\":\"es\",\"potentialAction\":[{\"@type\":\"ReadAction\",\"target\":[\"https:\/\/ciudadyregion.com.co\/index.php\/tres-hombres-presuntamente-implicados-en-maltratos-contra-sus-companeras-sentimentales-fueron-judicializados-en-cartagena\/judicial\/\"]}]},{\"@type\":\"ImageObject\",\"inLanguage\":\"es\",\"@id\":\"https:\/\/ciudadyregion.com.co\/index.php\/tres-hombres-presuntamente-implicados-en-maltratos-contra-sus-companeras-sentimentales-fueron-judicializados-en-cartagena\/judicial\/#primaryimage\",\"url\":\"https:\/\/i0.wp.com\/ciudadyregion.com.co\/wp-content\/uploads\/2026\/03\/a-29.jpg?fit=800%2C445&ssl=1\",\"contentUrl\":\"https:\/\/i0.wp.com\/ciudadyregion.com.co\/wp-content\/uploads\/2026\/03\/a-29.jpg?fit=800%2C445&ssl=1\",\"width\":800,\"height\":445},{\"@type\":\"BreadcrumbList\",\"@id\":\"https:\/\/ciudadyregion.com.co\/index.php\/tres-hombres-presuntamente-implicados-en-maltratos-contra-sus-companeras-sentimentales-fueron-judicializados-en-cartagena\/judicial\/#breadcrumb\",\"itemListElement\":[{\"@type\":\"ListItem\",\"position\":1,\"name\":\"Portada\",\"item\":\"https:\/\/ciudadyregion.com.co\/\"},{\"@type\":\"ListItem\",\"position\":2,\"name\":\"Tres hombres presuntamente implicados en maltratos contra sus compa\u00f1eras sentimentales fueron judicializados en Cartagena\"}]},{\"@type\":\"WebSite\",\"@id\":\"https:\/\/ciudadyregion.com.co\/#website\",\"url\":\"https:\/\/ciudadyregion.com.co\/\",\"name\":\"Ciudad y Region\",\"description\":\"\",\"potentialAction\":[{\"@type\":\"SearchAction\",\"target\":{\"@type\":\"EntryPoint\",\"urlTemplate\":\"https:\/\/ciudadyregion.com.co\/?s={search_term_string}\"},\"query-input\":{\"@type\":\"PropertyValueSpecification\",\"valueRequired\":true,\"valueName\":\"search_term_string\"}}],\"inLanguage\":\"es\"},{\"@type\":\"Person\",\"@id\":\"https:\/\/ciudadyregion.com.co\/#\/schema\/person\/04a4954373ebc4051f46e8c65ff78622\",\"name\":\"David Andr\u00e9s Aguirre\",\"image\":{\"@type\":\"ImageObject\",\"inLanguage\":\"es\",\"@id\":\"https:\/\/ciudadyregion.com.co\/#\/schema\/person\/image\/\",\"url\":\"https:\/\/secure.gravatar.com\/avatar\/bc3c655860202182ee6d1b5edd042dbe?s=96&d=mm&r=g\",\"contentUrl\":\"https:\/\/secure.gravatar.com\/avatar\/bc3c655860202182ee6d1b5edd042dbe?s=96&d=mm&r=g\",\"caption\":\"David Andr\u00e9s Aguirre\"},\"url\":\"https:\/\/ciudadyregion.com.co\/index.php\/author\/diegoaguirre\/\"}]}<\/script>\n<!-- \/ Yoast SEO plugin. -->","yoast_head_json":{"title":"Tres hombres presuntamente implicados en maltratos contra sus compa\u00f1eras sentimentales fueron judicializados en Cartagena - Ciudad y Region","robots":{"index":"index","follow":"follow","max-snippet":"max-snippet:-1","max-image-preview":"max-image-preview:large","max-video-preview":"max-video-preview:-1"},"canonical":"https:\/\/ciudadyregion.com.co\/index.php\/tres-hombres-presuntamente-implicados-en-maltratos-contra-sus-companeras-sentimentales-fueron-judicializados-en-cartagena\/judicial\/","og_locale":"es_ES","og_type":"article","og_title":"Tres hombres presuntamente implicados en maltratos contra sus compa\u00f1eras sentimentales fueron judicializados en Cartagena - Ciudad y Region","og_description":"Fiscales del Centro de Atenci\u00f3n e Investigaci\u00f3n Integral contra la\u00a0Violencia Intrafamiliar\u00a0(Cavif) de la Seccional Bol\u00edvar, entregaron elementos materiales probatorios que permitieron a jueces de control de garant\u00edas imponer medidas de aseguramiento en centros carcelarios a tres hombres, se\u00f1alados de agredir a sus parejas. El primer hecho se registr\u00f3 en elContinuar Leyendo","og_url":"https:\/\/ciudadyregion.com.co\/index.php\/tres-hombres-presuntamente-implicados-en-maltratos-contra-sus-companeras-sentimentales-fueron-judicializados-en-cartagena\/judicial\/","og_site_name":"Ciudad y Region","article_published_time":"2026-03-12T00:01:35+00:00","og_image":[{"width":800,"height":445,"url":"https:\/\/ciudadyregion.com.co\/wp-content\/uploads\/2026\/03\/a-29.jpg","type":"image\/jpeg"}],"author":"David Andr\u00e9s Aguirre","twitter_card":"summary_large_image","twitter_misc":{"Escrito por":"David Andr\u00e9s Aguirre","Tiempo de lectura":"2 minutos"},"schema":{"@context":"https:\/\/schema.org","@graph":[{"@type":"WebPage","@id":"https:\/\/ciudadyregion.com.co\/index.php\/tres-hombres-presuntamente-implicados-en-maltratos-contra-sus-companeras-sentimentales-fueron-judicializados-en-cartagena\/judicial\/","url":"https:\/\/ciudadyregion.com.co\/index.php\/tres-hombres-presuntamente-implicados-en-maltratos-contra-sus-companeras-sentimentales-fueron-judicializados-en-cartagena\/judicial\/","name":"Tres hombres presuntamente implicados en maltratos contra sus compa\u00f1eras sentimentales fueron judicializados en Cartagena - Ciudad y Region","isPartOf":{"@id":"https:\/\/ciudadyregion.com.co\/#website"},"primaryImageOfPage":{"@id":"https:\/\/ciudadyregion.com.co\/index.php\/tres-hombres-presuntamente-implicados-en-maltratos-contra-sus-companeras-sentimentales-fueron-judicializados-en-cartagena\/judicial\/#primaryimage"},"image":{"@id":"https:\/\/ciudadyregion.com.co\/index.php\/tres-hombres-presuntamente-implicados-en-maltratos-contra-sus-companeras-sentimentales-fueron-judicializados-en-cartagena\/judicial\/#primaryimage"},"thumbnailUrl":"https:\/\/i0.wp.com\/ciudadyregion.com.co\/wp-content\/uploads\/2026\/03\/a-29.jpg?fit=800%2C445&ssl=1","datePublished":"2026-03-12T00:01:35+00:00","dateModified":"2026-03-12T00:01:35+00:00","author":{"@id":"https:\/\/ciudadyregion.com.co\/#\/schema\/person\/04a4954373ebc4051f46e8c65ff78622"},"breadcrumb":{"@id":"https:\/\/ciudadyregion.com.co\/index.php\/tres-hombres-presuntamente-implicados-en-maltratos-contra-sus-companeras-sentimentales-fueron-judicializados-en-cartagena\/judicial\/#breadcrumb"},"inLanguage":"es","potentialAction":[{"@type":"ReadAction","target":["https:\/\/ciudadyregion.com.co\/index.php\/tres-hombres-presuntamente-implicados-en-maltratos-contra-sus-companeras-sentimentales-fueron-judicializados-en-cartagena\/judicial\/"]}]},{"@type":"ImageObject","inLanguage":"es","@id":"https:\/\/ciudadyregion.com.co\/index.php\/tres-hombres-presuntamente-implicados-en-maltratos-contra-sus-companeras-sentimentales-fueron-judicializados-en-cartagena\/judicial\/#primaryimage","url":"https:\/\/i0.wp.com\/ciudadyregion.com.co\/wp-content\/uploads\/2026\/03\/a-29.jpg?fit=800%2C445&ssl=1","contentUrl":"https:\/\/i0.wp.com\/ciudadyregion.com.co\/wp-content\/uploads\/2026\/03\/a-29.jpg?fit=800%2C445&ssl=1","width":800,"height":445},{"@type":"BreadcrumbList","@id":"https:\/\/ciudadyregion.com.co\/index.php\/tres-hombres-presuntamente-implicados-en-maltratos-contra-sus-companeras-sentimentales-fueron-judicializados-en-cartagena\/judicial\/#breadcrumb","itemListElement":[{"@type":"ListItem","position":1,"name":"Portada","item":"https:\/\/ciudadyregion.com.co\/"},{"@type":"ListItem","position":2,"name":"Tres hombres presuntamente implicados en maltratos contra sus compa\u00f1eras sentimentales fueron judicializados en Cartagena"}]},{"@type":"WebSite","@id":"https:\/\/ciudadyregion.com.co\/#website","url":"https:\/\/ciudadyregion.com.co\/","name":"Ciudad y Region","description":"","potentialAction":[{"@type":"SearchAction","target":{"@type":"EntryPoint","urlTemplate":"https:\/\/ciudadyregion.com.co\/?s={search_term_string}"},"query-input":{"@type":"PropertyValueSpecification","valueRequired":true,"valueName":"search_term_string"}}],"inLanguage":"es"},{"@type":"Person","@id":"https:\/\/ciudadyregion.com.co\/#\/schema\/person\/04a4954373ebc4051f46e8c65ff78622","name":"David Andr\u00e9s Aguirre","image":{"@type":"ImageObject","inLanguage":"es","@id":"https:\/\/ciudadyregion.com.co\/#\/schema\/person\/image\/","url":"https:\/\/secure.gravatar.com\/avatar\/bc3c655860202182ee6d1b5edd042dbe?s=96&d=mm&r=g","contentUrl":"https:\/\/secure.gravatar.com\/avatar\/bc3c655860202182ee6d1b5edd042dbe?s=96&d=mm&r=g","caption":"David Andr\u00e9s Aguirre"},"url":"https:\/\/ciudadyregion.com.co\/index.php\/author\/diegoaguirre\/"}]}},"jetpack_featured_media_url":"https:\/\/i0.wp.com\/ciudadyregion.com.co\/wp-content\/uploads\/2026\/03\/a-29.jpg?fit=800%2C445&ssl=1","jetpack_sharing_enabled":true,"jetpack_shortlink":"https:\/\/wp.me\/pbS7hh-eRg","jetpack-related-posts":[],"_links":{"self":[{"href":"https:\/\/ciudadyregion.com.co\/index.php\/wp-json\/wp\/v2\/posts\/57118"}],"collection":[{"href":"https:\/\/ciudadyregion.com.co\/index.php\/wp-json\/wp\/v2\/posts"}],"about":[{"href":"https:\/\/ciudadyregion.com.co\/index.php\/wp-json\/wp\/v2\/types\/post"}],"author":[{"embeddable":true,"href":"https:\/\/ciudadyregion.com.co\/index.php\/wp-json\/wp\/v2\/users\/2"}],"replies":[{"embeddable":true,"href":"https:\/\/ciudadyregion.com.co\/index.php\/wp-json\/wp\/v2\/comments?post=57118"}],"version-history":[{"count":1,"href":"https:\/\/ciudadyregion.com.co\/index.php\/wp-json\/wp\/v2\/posts\/57118\/revisions"}],"predecessor-version":[{"id":57120,"href":"https:\/\/ciudadyregion.com.co\/index.php\/wp-json\/wp\/v2\/posts\/57118\/revisions\/57120"}],"wp:featuredmedia":[{"embeddable":true,"href":"https:\/\/ciudadyregion.com.co\/index.php\/wp-json\/wp\/v2\/media\/57119"}],"wp:attachment":[{"href":"https:\/\/ciudadyregion.com.co\/index.php\/wp-json\/wp\/v2\/media?parent=57118"}],"wp:term":[{"taxonomy":"category","embeddable":true,"href":"https:\/\/ciudadyregion.com.co\/index.php\/wp-json\/wp\/v2\/categories?post=57118"},{"taxonomy":"post_tag","embeddable":true,"href":"https:\/\/ciudadyregion.com.co\/index.php\/wp-json\/wp\/v2\/tags?post=57118"}],"curies":[{"name":"wp","href":"https:\/\/api.w.org\/{rel}","templated":true}]}}