{"id":57112,"date":"2026-03-11T18:49:22","date_gmt":"2026-03-11T23:49:22","guid":{"rendered":"https:\/\/ciudadyregion.com.co\/?p=57112"},"modified":"2026-03-11T18:49:22","modified_gmt":"2026-03-11T23:49:22","slug":"degenerado-un-adulto-mayor-senalado-de-abusar-sexualmente-de-la-hija-de-su-expareja-sentimental-es-judicializado-en-san-andres","status":"publish","type":"post","link":"https:\/\/ciudadyregion.com.co\/index.php\/degenerado-un-adulto-mayor-senalado-de-abusar-sexualmente-de-la-hija-de-su-expareja-sentimental-es-judicializado-en-san-andres\/judicial\/","title":{"rendered":"Degenerado: Un adulto mayor, se\u00f1alado de abusar sexualmente de la hija de su expareja sentimental, es judicializado en San Andr\u00e9s"},"content":{"rendered":"<p>Los elementos materiales probatorios aportados por la Fiscal\u00eda General de la Naci\u00f3n, permitieron que un juez de control de garant\u00edas impusiera medida de aseguramiento en la c\u00e1rcel Nueva Esperanza de la isla de San Andr\u00e9s, a un hombre de 62 a\u00f1os se\u00f1alado de abusar sexualmente de la hija de su excompa\u00f1era sentimental.<\/p>\n<p>La decisi\u00f3n judicial se relaciona con hechos ocurridos el 7 de mayo de 2022 en una zona enmontada del sector La Curva de la Virgencita. All\u00ed, el procesado habr\u00eda agredido a la menor de 5 a\u00f1os, luego de que le diera un paseo en su motocicleta.<\/p>\n<p>Familiares de la menor quienes se percataron del abuso, denunciaron el hecho ante la Fiscal\u00eda. En cumplimiento de una orden judicial la Polic\u00eda Nacional captur\u00f3 al procesado el pasado 9 de marzo, en el barrio Loma Barack del archipi\u00e9lago.<\/p>\n<p>En el desarrollo de las audiencias preliminares un fiscal de la Seccional San Andr\u00e9s Isla imput\u00f3 al hombre el delito de acceso carnal abusivo con menor de 14 a\u00f1os, cargo que no fue aceptado.<\/p>\n<p>&nbsp;<\/p>\n","protected":false},"excerpt":{"rendered":"<p>Los elementos materiales probatorios aportados por la Fiscal\u00eda General de la Naci\u00f3n, permitieron que un juez de control de garant\u00edas impusiera medida de aseguramiento en la c\u00e1rcel Nueva Esperanza de la isla de San Andr\u00e9s, a un hombre de 62 a\u00f1os se\u00f1alado de abusar sexualmente de la hija de su<span class=\"more-link\"><a href=\"https:\/\/ciudadyregion.com.co\/index.php\/degenerado-un-adulto-mayor-senalado-de-abusar-sexualmente-de-la-hija-de-su-expareja-sentimental-es-judicializado-en-san-andres\/judicial\/\">Continuar Leyendo<\/a><\/span><\/p>\n","protected":false},"author":2,"featured_media":57113,"comment_status":"open","ping_status":"open","sticky":false,"template":"","format":"standard","meta":{"_uf_show_specific_survey":0,"_uf_disable_surveys":false,"_jetpack_memberships_contains_paid_content":false,"footnotes":"","jetpack_publicize_message":"","jetpack_publicize_feature_enabled":true,"jetpack_social_post_already_shared":true,"jetpack_social_options":{"image_generator_settings":{"template":"highway","enabled":false},"version":2}},"categories":[18],"tags":[],"class_list":["entry","author-diegoaguirre","post-57112","post","type-post","status-publish","format-standard","has-post-thumbnail","category-judicial"],"jetpack_publicize_connections":[],"yoast_head":"<!-- This site is optimized with the Yoast SEO plugin v24.3 - https:\/\/yoast.com\/wordpress\/plugins\/seo\/ -->\n<title>Degenerado: Un adulto mayor, se\u00f1alado de abusar sexualmente de la hija de su expareja sentimental, es judicializado en San Andr\u00e9s - Ciudad y Region<\/title>\n<meta name=\"robots\" content=\"index, follow, max-snippet:-1, max-image-preview:large, max-video-preview:-1\" \/>\n<link rel=\"canonical\" href=\"https:\/\/ciudadyregion.com.co\/index.php\/degenerado-un-adulto-mayor-senalado-de-abusar-sexualmente-de-la-hija-de-su-expareja-sentimental-es-judicializado-en-san-andres\/judicial\/\" \/>\n<meta property=\"og:locale\" content=\"es_ES\" \/>\n<meta property=\"og:type\" content=\"article\" \/>\n<meta property=\"og:title\" content=\"Degenerado: Un adulto mayor, se\u00f1alado de abusar sexualmente de la hija de su expareja sentimental, es judicializado en San Andr\u00e9s - Ciudad y Region\" \/>\n<meta property=\"og:description\" content=\"Los elementos materiales probatorios aportados por la Fiscal\u00eda General de la Naci\u00f3n, permitieron que un juez de control de garant\u00edas impusiera medida de aseguramiento en la c\u00e1rcel Nueva Esperanza de la isla de San Andr\u00e9s, a un hombre de 62 a\u00f1os se\u00f1alado de abusar sexualmente de la hija de suContinuar Leyendo\" \/>\n<meta property=\"og:url\" content=\"https:\/\/ciudadyregion.com.co\/index.php\/degenerado-un-adulto-mayor-senalado-de-abusar-sexualmente-de-la-hija-de-su-expareja-sentimental-es-judicializado-en-san-andres\/judicial\/\" \/>\n<meta property=\"og:site_name\" content=\"Ciudad y Region\" \/>\n<meta property=\"article:published_time\" content=\"2026-03-11T23:49:22+00:00\" \/>\n<meta property=\"og:image\" content=\"https:\/\/ciudadyregion.com.co\/wp-content\/uploads\/2026\/03\/a-27.jpg\" \/>\n\t<meta property=\"og:image:width\" content=\"800\" \/>\n\t<meta property=\"og:image:height\" content=\"445\" \/>\n\t<meta property=\"og:image:type\" content=\"image\/jpeg\" \/>\n<meta name=\"author\" content=\"David Andr\u00e9s Aguirre\" \/>\n<meta name=\"twitter:card\" content=\"summary_large_image\" \/>\n<meta name=\"twitter:label1\" content=\"Escrito por\" \/>\n\t<meta name=\"twitter:data1\" content=\"David Andr\u00e9s Aguirre\" \/>\n\t<meta name=\"twitter:label2\" content=\"Tiempo de lectura\" \/>\n\t<meta name=\"twitter:data2\" content=\"1 minuto\" \/>\n<script type=\"application\/ld+json\" class=\"yoast-schema-graph\">{\"@context\":\"https:\/\/schema.org\",\"@graph\":[{\"@type\":\"WebPage\",\"@id\":\"https:\/\/ciudadyregion.com.co\/index.php\/degenerado-un-adulto-mayor-senalado-de-abusar-sexualmente-de-la-hija-de-su-expareja-sentimental-es-judicializado-en-san-andres\/judicial\/\",\"url\":\"https:\/\/ciudadyregion.com.co\/index.php\/degenerado-un-adulto-mayor-senalado-de-abusar-sexualmente-de-la-hija-de-su-expareja-sentimental-es-judicializado-en-san-andres\/judicial\/\",\"name\":\"Degenerado: Un adulto mayor, se\u00f1alado de abusar sexualmente de la hija de su expareja sentimental, es judicializado en San Andr\u00e9s - Ciudad y Region\",\"isPartOf\":{\"@id\":\"https:\/\/ciudadyregion.com.co\/#website\"},\"primaryImageOfPage\":{\"@id\":\"https:\/\/ciudadyregion.com.co\/index.php\/degenerado-un-adulto-mayor-senalado-de-abusar-sexualmente-de-la-hija-de-su-expareja-sentimental-es-judicializado-en-san-andres\/judicial\/#primaryimage\"},\"image\":{\"@id\":\"https:\/\/ciudadyregion.com.co\/index.php\/degenerado-un-adulto-mayor-senalado-de-abusar-sexualmente-de-la-hija-de-su-expareja-sentimental-es-judicializado-en-san-andres\/judicial\/#primaryimage\"},\"thumbnailUrl\":\"https:\/\/i0.wp.com\/ciudadyregion.com.co\/wp-content\/uploads\/2026\/03\/a-27.jpg?fit=800%2C445&ssl=1\",\"datePublished\":\"2026-03-11T23:49:22+00:00\",\"dateModified\":\"2026-03-11T23:49:22+00:00\",\"author\":{\"@id\":\"https:\/\/ciudadyregion.com.co\/#\/schema\/person\/04a4954373ebc4051f46e8c65ff78622\"},\"breadcrumb\":{\"@id\":\"https:\/\/ciudadyregion.com.co\/index.php\/degenerado-un-adulto-mayor-senalado-de-abusar-sexualmente-de-la-hija-de-su-expareja-sentimental-es-judicializado-en-san-andres\/judicial\/#breadcrumb\"},\"inLanguage\":\"es\",\"potentialAction\":[{\"@type\":\"ReadAction\",\"target\":[\"https:\/\/ciudadyregion.com.co\/index.php\/degenerado-un-adulto-mayor-senalado-de-abusar-sexualmente-de-la-hija-de-su-expareja-sentimental-es-judicializado-en-san-andres\/judicial\/\"]}]},{\"@type\":\"ImageObject\",\"inLanguage\":\"es\",\"@id\":\"https:\/\/ciudadyregion.com.co\/index.php\/degenerado-un-adulto-mayor-senalado-de-abusar-sexualmente-de-la-hija-de-su-expareja-sentimental-es-judicializado-en-san-andres\/judicial\/#primaryimage\",\"url\":\"https:\/\/i0.wp.com\/ciudadyregion.com.co\/wp-content\/uploads\/2026\/03\/a-27.jpg?fit=800%2C445&ssl=1\",\"contentUrl\":\"https:\/\/i0.wp.com\/ciudadyregion.com.co\/wp-content\/uploads\/2026\/03\/a-27.jpg?fit=800%2C445&ssl=1\",\"width\":800,\"height\":445},{\"@type\":\"BreadcrumbList\",\"@id\":\"https:\/\/ciudadyregion.com.co\/index.php\/degenerado-un-adulto-mayor-senalado-de-abusar-sexualmente-de-la-hija-de-su-expareja-sentimental-es-judicializado-en-san-andres\/judicial\/#breadcrumb\",\"itemListElement\":[{\"@type\":\"ListItem\",\"position\":1,\"name\":\"Portada\",\"item\":\"https:\/\/ciudadyregion.com.co\/\"},{\"@type\":\"ListItem\",\"position\":2,\"name\":\"Degenerado: Un adulto mayor, se\u00f1alado de abusar sexualmente de la hija de su expareja sentimental, es judicializado en San Andr\u00e9s\"}]},{\"@type\":\"WebSite\",\"@id\":\"https:\/\/ciudadyregion.com.co\/#website\",\"url\":\"https:\/\/ciudadyregion.com.co\/\",\"name\":\"Ciudad y Region\",\"description\":\"\",\"potentialAction\":[{\"@type\":\"SearchAction\",\"target\":{\"@type\":\"EntryPoint\",\"urlTemplate\":\"https:\/\/ciudadyregion.com.co\/?s={search_term_string}\"},\"query-input\":{\"@type\":\"PropertyValueSpecification\",\"valueRequired\":true,\"valueName\":\"search_term_string\"}}],\"inLanguage\":\"es\"},{\"@type\":\"Person\",\"@id\":\"https:\/\/ciudadyregion.com.co\/#\/schema\/person\/04a4954373ebc4051f46e8c65ff78622\",\"name\":\"David Andr\u00e9s Aguirre\",\"image\":{\"@type\":\"ImageObject\",\"inLanguage\":\"es\",\"@id\":\"https:\/\/ciudadyregion.com.co\/#\/schema\/person\/image\/\",\"url\":\"https:\/\/secure.gravatar.com\/avatar\/bc3c655860202182ee6d1b5edd042dbe?s=96&d=mm&r=g\",\"contentUrl\":\"https:\/\/secure.gravatar.com\/avatar\/bc3c655860202182ee6d1b5edd042dbe?s=96&d=mm&r=g\",\"caption\":\"David Andr\u00e9s Aguirre\"},\"url\":\"https:\/\/ciudadyregion.com.co\/index.php\/author\/diegoaguirre\/\"}]}<\/script>\n<!-- \/ Yoast SEO plugin. -->","yoast_head_json":{"title":"Degenerado: Un adulto mayor, se\u00f1alado de abusar sexualmente de la hija de su expareja sentimental, es judicializado en San Andr\u00e9s - Ciudad y Region","robots":{"index":"index","follow":"follow","max-snippet":"max-snippet:-1","max-image-preview":"max-image-preview:large","max-video-preview":"max-video-preview:-1"},"canonical":"https:\/\/ciudadyregion.com.co\/index.php\/degenerado-un-adulto-mayor-senalado-de-abusar-sexualmente-de-la-hija-de-su-expareja-sentimental-es-judicializado-en-san-andres\/judicial\/","og_locale":"es_ES","og_type":"article","og_title":"Degenerado: Un adulto mayor, se\u00f1alado de abusar sexualmente de la hija de su expareja sentimental, es judicializado en San Andr\u00e9s - Ciudad y Region","og_description":"Los elementos materiales probatorios aportados por la Fiscal\u00eda General de la Naci\u00f3n, permitieron que un juez de control de garant\u00edas impusiera medida de aseguramiento en la c\u00e1rcel Nueva Esperanza de la isla de San Andr\u00e9s, a un hombre de 62 a\u00f1os se\u00f1alado de abusar sexualmente de la hija de suContinuar Leyendo","og_url":"https:\/\/ciudadyregion.com.co\/index.php\/degenerado-un-adulto-mayor-senalado-de-abusar-sexualmente-de-la-hija-de-su-expareja-sentimental-es-judicializado-en-san-andres\/judicial\/","og_site_name":"Ciudad y Region","article_published_time":"2026-03-11T23:49:22+00:00","og_image":[{"width":800,"height":445,"url":"https:\/\/ciudadyregion.com.co\/wp-content\/uploads\/2026\/03\/a-27.jpg","type":"image\/jpeg"}],"author":"David Andr\u00e9s Aguirre","twitter_card":"summary_large_image","twitter_misc":{"Escrito por":"David Andr\u00e9s Aguirre","Tiempo de lectura":"1 minuto"},"schema":{"@context":"https:\/\/schema.org","@graph":[{"@type":"WebPage","@id":"https:\/\/ciudadyregion.com.co\/index.php\/degenerado-un-adulto-mayor-senalado-de-abusar-sexualmente-de-la-hija-de-su-expareja-sentimental-es-judicializado-en-san-andres\/judicial\/","url":"https:\/\/ciudadyregion.com.co\/index.php\/degenerado-un-adulto-mayor-senalado-de-abusar-sexualmente-de-la-hija-de-su-expareja-sentimental-es-judicializado-en-san-andres\/judicial\/","name":"Degenerado: Un adulto mayor, se\u00f1alado de abusar sexualmente de la hija de su expareja sentimental, es judicializado en San Andr\u00e9s - Ciudad y Region","isPartOf":{"@id":"https:\/\/ciudadyregion.com.co\/#website"},"primaryImageOfPage":{"@id":"https:\/\/ciudadyregion.com.co\/index.php\/degenerado-un-adulto-mayor-senalado-de-abusar-sexualmente-de-la-hija-de-su-expareja-sentimental-es-judicializado-en-san-andres\/judicial\/#primaryimage"},"image":{"@id":"https:\/\/ciudadyregion.com.co\/index.php\/degenerado-un-adulto-mayor-senalado-de-abusar-sexualmente-de-la-hija-de-su-expareja-sentimental-es-judicializado-en-san-andres\/judicial\/#primaryimage"},"thumbnailUrl":"https:\/\/i0.wp.com\/ciudadyregion.com.co\/wp-content\/uploads\/2026\/03\/a-27.jpg?fit=800%2C445&ssl=1","datePublished":"2026-03-11T23:49:22+00:00","dateModified":"2026-03-11T23:49:22+00:00","author":{"@id":"https:\/\/ciudadyregion.com.co\/#\/schema\/person\/04a4954373ebc4051f46e8c65ff78622"},"breadcrumb":{"@id":"https:\/\/ciudadyregion.com.co\/index.php\/degenerado-un-adulto-mayor-senalado-de-abusar-sexualmente-de-la-hija-de-su-expareja-sentimental-es-judicializado-en-san-andres\/judicial\/#breadcrumb"},"inLanguage":"es","potentialAction":[{"@type":"ReadAction","target":["https:\/\/ciudadyregion.com.co\/index.php\/degenerado-un-adulto-mayor-senalado-de-abusar-sexualmente-de-la-hija-de-su-expareja-sentimental-es-judicializado-en-san-andres\/judicial\/"]}]},{"@type":"ImageObject","inLanguage":"es","@id":"https:\/\/ciudadyregion.com.co\/index.php\/degenerado-un-adulto-mayor-senalado-de-abusar-sexualmente-de-la-hija-de-su-expareja-sentimental-es-judicializado-en-san-andres\/judicial\/#primaryimage","url":"https:\/\/i0.wp.com\/ciudadyregion.com.co\/wp-content\/uploads\/2026\/03\/a-27.jpg?fit=800%2C445&ssl=1","contentUrl":"https:\/\/i0.wp.com\/ciudadyregion.com.co\/wp-content\/uploads\/2026\/03\/a-27.jpg?fit=800%2C445&ssl=1","width":800,"height":445},{"@type":"BreadcrumbList","@id":"https:\/\/ciudadyregion.com.co\/index.php\/degenerado-un-adulto-mayor-senalado-de-abusar-sexualmente-de-la-hija-de-su-expareja-sentimental-es-judicializado-en-san-andres\/judicial\/#breadcrumb","itemListElement":[{"@type":"ListItem","position":1,"name":"Portada","item":"https:\/\/ciudadyregion.com.co\/"},{"@type":"ListItem","position":2,"name":"Degenerado: Un adulto mayor, se\u00f1alado de abusar sexualmente de la hija de su expareja sentimental, es judicializado en San Andr\u00e9s"}]},{"@type":"WebSite","@id":"https:\/\/ciudadyregion.com.co\/#website","url":"https:\/\/ciudadyregion.com.co\/","name":"Ciudad y Region","description":"","potentialAction":[{"@type":"SearchAction","target":{"@type":"EntryPoint","urlTemplate":"https:\/\/ciudadyregion.com.co\/?s={search_term_string}"},"query-input":{"@type":"PropertyValueSpecification","valueRequired":true,"valueName":"search_term_string"}}],"inLanguage":"es"},{"@type":"Person","@id":"https:\/\/ciudadyregion.com.co\/#\/schema\/person\/04a4954373ebc4051f46e8c65ff78622","name":"David Andr\u00e9s Aguirre","image":{"@type":"ImageObject","inLanguage":"es","@id":"https:\/\/ciudadyregion.com.co\/#\/schema\/person\/image\/","url":"https:\/\/secure.gravatar.com\/avatar\/bc3c655860202182ee6d1b5edd042dbe?s=96&d=mm&r=g","contentUrl":"https:\/\/secure.gravatar.com\/avatar\/bc3c655860202182ee6d1b5edd042dbe?s=96&d=mm&r=g","caption":"David Andr\u00e9s Aguirre"},"url":"https:\/\/ciudadyregion.com.co\/index.php\/author\/diegoaguirre\/"}]}},"jetpack_featured_media_url":"https:\/\/i0.wp.com\/ciudadyregion.com.co\/wp-content\/uploads\/2026\/03\/a-27.jpg?fit=800%2C445&ssl=1","jetpack_sharing_enabled":true,"jetpack_shortlink":"https:\/\/wp.me\/pbS7hh-eRa","jetpack-related-posts":[],"_links":{"self":[{"href":"https:\/\/ciudadyregion.com.co\/index.php\/wp-json\/wp\/v2\/posts\/57112"}],"collection":[{"href":"https:\/\/ciudadyregion.com.co\/index.php\/wp-json\/wp\/v2\/posts"}],"about":[{"href":"https:\/\/ciudadyregion.com.co\/index.php\/wp-json\/wp\/v2\/types\/post"}],"author":[{"embeddable":true,"href":"https:\/\/ciudadyregion.com.co\/index.php\/wp-json\/wp\/v2\/users\/2"}],"replies":[{"embeddable":true,"href":"https:\/\/ciudadyregion.com.co\/index.php\/wp-json\/wp\/v2\/comments?post=57112"}],"version-history":[{"count":1,"href":"https:\/\/ciudadyregion.com.co\/index.php\/wp-json\/wp\/v2\/posts\/57112\/revisions"}],"predecessor-version":[{"id":57114,"href":"https:\/\/ciudadyregion.com.co\/index.php\/wp-json\/wp\/v2\/posts\/57112\/revisions\/57114"}],"wp:featuredmedia":[{"embeddable":true,"href":"https:\/\/ciudadyregion.com.co\/index.php\/wp-json\/wp\/v2\/media\/57113"}],"wp:attachment":[{"href":"https:\/\/ciudadyregion.com.co\/index.php\/wp-json\/wp\/v2\/media?parent=57112"}],"wp:term":[{"taxonomy":"category","embeddable":true,"href":"https:\/\/ciudadyregion.com.co\/index.php\/wp-json\/wp\/v2\/categories?post=57112"},{"taxonomy":"post_tag","embeddable":true,"href":"https:\/\/ciudadyregion.com.co\/index.php\/wp-json\/wp\/v2\/tags?post=57112"}],"curies":[{"name":"wp","href":"https:\/\/api.w.org\/{rel}","templated":true}]}}