{"id":57103,"date":"2026-03-11T18:38:57","date_gmt":"2026-03-11T23:38:57","guid":{"rendered":"https:\/\/ciudadyregion.com.co\/?p=57103"},"modified":"2026-03-11T18:38:57","modified_gmt":"2026-03-11T23:38:57","slug":"presuntos-responsables-de-un-homicidio-en-el-barrio-torices-de-cartagena-bolivar-fueron-privados-de-la-libertad","status":"publish","type":"post","link":"https:\/\/ciudadyregion.com.co\/index.php\/presuntos-responsables-de-un-homicidio-en-el-barrio-torices-de-cartagena-bolivar-fueron-privados-de-la-libertad\/judicial\/","title":{"rendered":"Presuntos responsables de un homicidio en el barrio Torices de Cartagena (Bol\u00edvar) fueron privados de la libertad"},"content":{"rendered":"<p>Por petici\u00f3n de una fiscal de la Unidad de Vida de la Seccional Bol\u00edvar, un juez con funciones de control de garant\u00edas impuso medida de aseguramiento en establecimiento carcelario a dos hombres que estar\u00edan involucrados en un asesinato ocurrido en Cartagena.<\/p>\n<p>Se trata de Jos\u00e9 David Bru Diazgranados, de 23 a\u00f1os; y Juan Camilo Pino Maza, alias Camilito, de 25. Los dos fueron imputados con delitos de homicidio y fabricaci\u00f3n, tr\u00e1fico, porte o tenencia de armas de fuego, accesorios, partes o municiones. Ambas conductas agravadas. Ninguno acept\u00f3 los cargos.<\/p>\n<p>Los hechos que motivaron el proceso judicial ocurrieron el pasado 4 de marzo en v\u00eda p\u00fablica del barrio Torices. Al parecer, Bru Diazgranados le dispar\u00f3 a un hombre, durante una discusi\u00f3n por un dinero que le adeudaba a Pino Maza. El herido, de 29 a\u00f1os, fue trasladado a un centro asistencial donde falleci\u00f3 debido a la gravedad de las lesiones.<\/p>\n<p>La captura de los procesados estuvo a cargo de la Polic\u00eda Nacional cuando hu\u00edan por una trocha del mismo barrio. En su poder ten\u00edan el rev\u00f3lver con el que supuestamente cometieron el homicidio y cinco cartuchos. El arma no contaba con los permisos de porte.<\/p>\n<p>&nbsp;<\/p>\n","protected":false},"excerpt":{"rendered":"<p>Por petici\u00f3n de una fiscal de la Unidad de Vida de la Seccional Bol\u00edvar, un juez con funciones de control de garant\u00edas impuso medida de aseguramiento en establecimiento carcelario a dos hombres que estar\u00edan involucrados en un asesinato ocurrido en Cartagena. Se trata de Jos\u00e9 David Bru Diazgranados, de 23<span class=\"more-link\"><a href=\"https:\/\/ciudadyregion.com.co\/index.php\/presuntos-responsables-de-un-homicidio-en-el-barrio-torices-de-cartagena-bolivar-fueron-privados-de-la-libertad\/judicial\/\">Continuar Leyendo<\/a><\/span><\/p>\n","protected":false},"author":2,"featured_media":57104,"comment_status":"open","ping_status":"open","sticky":false,"template":"","format":"standard","meta":{"_uf_show_specific_survey":0,"_uf_disable_surveys":false,"_jetpack_memberships_contains_paid_content":false,"footnotes":"","jetpack_publicize_message":"","jetpack_publicize_feature_enabled":true,"jetpack_social_post_already_shared":true,"jetpack_social_options":{"image_generator_settings":{"template":"highway","enabled":false},"version":2}},"categories":[18],"tags":[],"class_list":["entry","author-diegoaguirre","post-57103","post","type-post","status-publish","format-standard","has-post-thumbnail","category-judicial"],"jetpack_publicize_connections":[],"yoast_head":"<!-- This site is optimized with the Yoast SEO plugin v24.3 - https:\/\/yoast.com\/wordpress\/plugins\/seo\/ -->\n<title>Presuntos responsables de un homicidio en el barrio Torices de Cartagena (Bol\u00edvar) fueron privados de la libertad - Ciudad y Region<\/title>\n<meta name=\"robots\" content=\"index, follow, max-snippet:-1, max-image-preview:large, max-video-preview:-1\" \/>\n<link rel=\"canonical\" href=\"https:\/\/ciudadyregion.com.co\/index.php\/presuntos-responsables-de-un-homicidio-en-el-barrio-torices-de-cartagena-bolivar-fueron-privados-de-la-libertad\/judicial\/\" \/>\n<meta property=\"og:locale\" content=\"es_ES\" \/>\n<meta property=\"og:type\" content=\"article\" \/>\n<meta property=\"og:title\" content=\"Presuntos responsables de un homicidio en el barrio Torices de Cartagena (Bol\u00edvar) fueron privados de la libertad - Ciudad y Region\" \/>\n<meta property=\"og:description\" content=\"Por petici\u00f3n de una fiscal de la Unidad de Vida de la Seccional Bol\u00edvar, un juez con funciones de control de garant\u00edas impuso medida de aseguramiento en establecimiento carcelario a dos hombres que estar\u00edan involucrados en un asesinato ocurrido en Cartagena. Se trata de Jos\u00e9 David Bru Diazgranados, de 23Continuar Leyendo\" \/>\n<meta property=\"og:url\" content=\"https:\/\/ciudadyregion.com.co\/index.php\/presuntos-responsables-de-un-homicidio-en-el-barrio-torices-de-cartagena-bolivar-fueron-privados-de-la-libertad\/judicial\/\" \/>\n<meta property=\"og:site_name\" content=\"Ciudad y Region\" \/>\n<meta property=\"article:published_time\" content=\"2026-03-11T23:38:57+00:00\" \/>\n<meta property=\"og:image\" content=\"https:\/\/ciudadyregion.com.co\/wp-content\/uploads\/2026\/03\/a-24.jpg\" \/>\n\t<meta property=\"og:image:width\" content=\"800\" \/>\n\t<meta property=\"og:image:height\" content=\"445\" \/>\n\t<meta property=\"og:image:type\" content=\"image\/jpeg\" \/>\n<meta name=\"author\" content=\"David Andr\u00e9s Aguirre\" \/>\n<meta name=\"twitter:card\" content=\"summary_large_image\" \/>\n<meta name=\"twitter:label1\" content=\"Escrito por\" \/>\n\t<meta name=\"twitter:data1\" content=\"David Andr\u00e9s Aguirre\" \/>\n\t<meta name=\"twitter:label2\" content=\"Tiempo de lectura\" \/>\n\t<meta name=\"twitter:data2\" content=\"1 minuto\" \/>\n<script type=\"application\/ld+json\" class=\"yoast-schema-graph\">{\"@context\":\"https:\/\/schema.org\",\"@graph\":[{\"@type\":\"WebPage\",\"@id\":\"https:\/\/ciudadyregion.com.co\/index.php\/presuntos-responsables-de-un-homicidio-en-el-barrio-torices-de-cartagena-bolivar-fueron-privados-de-la-libertad\/judicial\/\",\"url\":\"https:\/\/ciudadyregion.com.co\/index.php\/presuntos-responsables-de-un-homicidio-en-el-barrio-torices-de-cartagena-bolivar-fueron-privados-de-la-libertad\/judicial\/\",\"name\":\"Presuntos responsables de un homicidio en el barrio Torices de Cartagena (Bol\u00edvar) fueron privados de la libertad - Ciudad y Region\",\"isPartOf\":{\"@id\":\"https:\/\/ciudadyregion.com.co\/#website\"},\"primaryImageOfPage\":{\"@id\":\"https:\/\/ciudadyregion.com.co\/index.php\/presuntos-responsables-de-un-homicidio-en-el-barrio-torices-de-cartagena-bolivar-fueron-privados-de-la-libertad\/judicial\/#primaryimage\"},\"image\":{\"@id\":\"https:\/\/ciudadyregion.com.co\/index.php\/presuntos-responsables-de-un-homicidio-en-el-barrio-torices-de-cartagena-bolivar-fueron-privados-de-la-libertad\/judicial\/#primaryimage\"},\"thumbnailUrl\":\"https:\/\/i0.wp.com\/ciudadyregion.com.co\/wp-content\/uploads\/2026\/03\/a-24.jpg?fit=800%2C445&ssl=1\",\"datePublished\":\"2026-03-11T23:38:57+00:00\",\"dateModified\":\"2026-03-11T23:38:57+00:00\",\"author\":{\"@id\":\"https:\/\/ciudadyregion.com.co\/#\/schema\/person\/04a4954373ebc4051f46e8c65ff78622\"},\"breadcrumb\":{\"@id\":\"https:\/\/ciudadyregion.com.co\/index.php\/presuntos-responsables-de-un-homicidio-en-el-barrio-torices-de-cartagena-bolivar-fueron-privados-de-la-libertad\/judicial\/#breadcrumb\"},\"inLanguage\":\"es\",\"potentialAction\":[{\"@type\":\"ReadAction\",\"target\":[\"https:\/\/ciudadyregion.com.co\/index.php\/presuntos-responsables-de-un-homicidio-en-el-barrio-torices-de-cartagena-bolivar-fueron-privados-de-la-libertad\/judicial\/\"]}]},{\"@type\":\"ImageObject\",\"inLanguage\":\"es\",\"@id\":\"https:\/\/ciudadyregion.com.co\/index.php\/presuntos-responsables-de-un-homicidio-en-el-barrio-torices-de-cartagena-bolivar-fueron-privados-de-la-libertad\/judicial\/#primaryimage\",\"url\":\"https:\/\/i0.wp.com\/ciudadyregion.com.co\/wp-content\/uploads\/2026\/03\/a-24.jpg?fit=800%2C445&ssl=1\",\"contentUrl\":\"https:\/\/i0.wp.com\/ciudadyregion.com.co\/wp-content\/uploads\/2026\/03\/a-24.jpg?fit=800%2C445&ssl=1\",\"width\":800,\"height\":445},{\"@type\":\"BreadcrumbList\",\"@id\":\"https:\/\/ciudadyregion.com.co\/index.php\/presuntos-responsables-de-un-homicidio-en-el-barrio-torices-de-cartagena-bolivar-fueron-privados-de-la-libertad\/judicial\/#breadcrumb\",\"itemListElement\":[{\"@type\":\"ListItem\",\"position\":1,\"name\":\"Portada\",\"item\":\"https:\/\/ciudadyregion.com.co\/\"},{\"@type\":\"ListItem\",\"position\":2,\"name\":\"Presuntos responsables de un homicidio en el barrio Torices de Cartagena (Bol\u00edvar) fueron privados de la libertad\"}]},{\"@type\":\"WebSite\",\"@id\":\"https:\/\/ciudadyregion.com.co\/#website\",\"url\":\"https:\/\/ciudadyregion.com.co\/\",\"name\":\"Ciudad y Region\",\"description\":\"\",\"potentialAction\":[{\"@type\":\"SearchAction\",\"target\":{\"@type\":\"EntryPoint\",\"urlTemplate\":\"https:\/\/ciudadyregion.com.co\/?s={search_term_string}\"},\"query-input\":{\"@type\":\"PropertyValueSpecification\",\"valueRequired\":true,\"valueName\":\"search_term_string\"}}],\"inLanguage\":\"es\"},{\"@type\":\"Person\",\"@id\":\"https:\/\/ciudadyregion.com.co\/#\/schema\/person\/04a4954373ebc4051f46e8c65ff78622\",\"name\":\"David Andr\u00e9s Aguirre\",\"image\":{\"@type\":\"ImageObject\",\"inLanguage\":\"es\",\"@id\":\"https:\/\/ciudadyregion.com.co\/#\/schema\/person\/image\/\",\"url\":\"https:\/\/secure.gravatar.com\/avatar\/bc3c655860202182ee6d1b5edd042dbe?s=96&d=mm&r=g\",\"contentUrl\":\"https:\/\/secure.gravatar.com\/avatar\/bc3c655860202182ee6d1b5edd042dbe?s=96&d=mm&r=g\",\"caption\":\"David Andr\u00e9s Aguirre\"},\"url\":\"https:\/\/ciudadyregion.com.co\/index.php\/author\/diegoaguirre\/\"}]}<\/script>\n<!-- \/ Yoast SEO plugin. -->","yoast_head_json":{"title":"Presuntos responsables de un homicidio en el barrio Torices de Cartagena (Bol\u00edvar) fueron privados de la libertad - Ciudad y Region","robots":{"index":"index","follow":"follow","max-snippet":"max-snippet:-1","max-image-preview":"max-image-preview:large","max-video-preview":"max-video-preview:-1"},"canonical":"https:\/\/ciudadyregion.com.co\/index.php\/presuntos-responsables-de-un-homicidio-en-el-barrio-torices-de-cartagena-bolivar-fueron-privados-de-la-libertad\/judicial\/","og_locale":"es_ES","og_type":"article","og_title":"Presuntos responsables de un homicidio en el barrio Torices de Cartagena (Bol\u00edvar) fueron privados de la libertad - Ciudad y Region","og_description":"Por petici\u00f3n de una fiscal de la Unidad de Vida de la Seccional Bol\u00edvar, un juez con funciones de control de garant\u00edas impuso medida de aseguramiento en establecimiento carcelario a dos hombres que estar\u00edan involucrados en un asesinato ocurrido en Cartagena. Se trata de Jos\u00e9 David Bru Diazgranados, de 23Continuar Leyendo","og_url":"https:\/\/ciudadyregion.com.co\/index.php\/presuntos-responsables-de-un-homicidio-en-el-barrio-torices-de-cartagena-bolivar-fueron-privados-de-la-libertad\/judicial\/","og_site_name":"Ciudad y Region","article_published_time":"2026-03-11T23:38:57+00:00","og_image":[{"width":800,"height":445,"url":"https:\/\/ciudadyregion.com.co\/wp-content\/uploads\/2026\/03\/a-24.jpg","type":"image\/jpeg"}],"author":"David Andr\u00e9s Aguirre","twitter_card":"summary_large_image","twitter_misc":{"Escrito por":"David Andr\u00e9s Aguirre","Tiempo de lectura":"1 minuto"},"schema":{"@context":"https:\/\/schema.org","@graph":[{"@type":"WebPage","@id":"https:\/\/ciudadyregion.com.co\/index.php\/presuntos-responsables-de-un-homicidio-en-el-barrio-torices-de-cartagena-bolivar-fueron-privados-de-la-libertad\/judicial\/","url":"https:\/\/ciudadyregion.com.co\/index.php\/presuntos-responsables-de-un-homicidio-en-el-barrio-torices-de-cartagena-bolivar-fueron-privados-de-la-libertad\/judicial\/","name":"Presuntos responsables de un homicidio en el barrio Torices de Cartagena (Bol\u00edvar) fueron privados de la libertad - Ciudad y Region","isPartOf":{"@id":"https:\/\/ciudadyregion.com.co\/#website"},"primaryImageOfPage":{"@id":"https:\/\/ciudadyregion.com.co\/index.php\/presuntos-responsables-de-un-homicidio-en-el-barrio-torices-de-cartagena-bolivar-fueron-privados-de-la-libertad\/judicial\/#primaryimage"},"image":{"@id":"https:\/\/ciudadyregion.com.co\/index.php\/presuntos-responsables-de-un-homicidio-en-el-barrio-torices-de-cartagena-bolivar-fueron-privados-de-la-libertad\/judicial\/#primaryimage"},"thumbnailUrl":"https:\/\/i0.wp.com\/ciudadyregion.com.co\/wp-content\/uploads\/2026\/03\/a-24.jpg?fit=800%2C445&ssl=1","datePublished":"2026-03-11T23:38:57+00:00","dateModified":"2026-03-11T23:38:57+00:00","author":{"@id":"https:\/\/ciudadyregion.com.co\/#\/schema\/person\/04a4954373ebc4051f46e8c65ff78622"},"breadcrumb":{"@id":"https:\/\/ciudadyregion.com.co\/index.php\/presuntos-responsables-de-un-homicidio-en-el-barrio-torices-de-cartagena-bolivar-fueron-privados-de-la-libertad\/judicial\/#breadcrumb"},"inLanguage":"es","potentialAction":[{"@type":"ReadAction","target":["https:\/\/ciudadyregion.com.co\/index.php\/presuntos-responsables-de-un-homicidio-en-el-barrio-torices-de-cartagena-bolivar-fueron-privados-de-la-libertad\/judicial\/"]}]},{"@type":"ImageObject","inLanguage":"es","@id":"https:\/\/ciudadyregion.com.co\/index.php\/presuntos-responsables-de-un-homicidio-en-el-barrio-torices-de-cartagena-bolivar-fueron-privados-de-la-libertad\/judicial\/#primaryimage","url":"https:\/\/i0.wp.com\/ciudadyregion.com.co\/wp-content\/uploads\/2026\/03\/a-24.jpg?fit=800%2C445&ssl=1","contentUrl":"https:\/\/i0.wp.com\/ciudadyregion.com.co\/wp-content\/uploads\/2026\/03\/a-24.jpg?fit=800%2C445&ssl=1","width":800,"height":445},{"@type":"BreadcrumbList","@id":"https:\/\/ciudadyregion.com.co\/index.php\/presuntos-responsables-de-un-homicidio-en-el-barrio-torices-de-cartagena-bolivar-fueron-privados-de-la-libertad\/judicial\/#breadcrumb","itemListElement":[{"@type":"ListItem","position":1,"name":"Portada","item":"https:\/\/ciudadyregion.com.co\/"},{"@type":"ListItem","position":2,"name":"Presuntos responsables de un homicidio en el barrio Torices de Cartagena (Bol\u00edvar) fueron privados de la libertad"}]},{"@type":"WebSite","@id":"https:\/\/ciudadyregion.com.co\/#website","url":"https:\/\/ciudadyregion.com.co\/","name":"Ciudad y Region","description":"","potentialAction":[{"@type":"SearchAction","target":{"@type":"EntryPoint","urlTemplate":"https:\/\/ciudadyregion.com.co\/?s={search_term_string}"},"query-input":{"@type":"PropertyValueSpecification","valueRequired":true,"valueName":"search_term_string"}}],"inLanguage":"es"},{"@type":"Person","@id":"https:\/\/ciudadyregion.com.co\/#\/schema\/person\/04a4954373ebc4051f46e8c65ff78622","name":"David Andr\u00e9s Aguirre","image":{"@type":"ImageObject","inLanguage":"es","@id":"https:\/\/ciudadyregion.com.co\/#\/schema\/person\/image\/","url":"https:\/\/secure.gravatar.com\/avatar\/bc3c655860202182ee6d1b5edd042dbe?s=96&d=mm&r=g","contentUrl":"https:\/\/secure.gravatar.com\/avatar\/bc3c655860202182ee6d1b5edd042dbe?s=96&d=mm&r=g","caption":"David Andr\u00e9s Aguirre"},"url":"https:\/\/ciudadyregion.com.co\/index.php\/author\/diegoaguirre\/"}]}},"jetpack_featured_media_url":"https:\/\/i0.wp.com\/ciudadyregion.com.co\/wp-content\/uploads\/2026\/03\/a-24.jpg?fit=800%2C445&ssl=1","jetpack_sharing_enabled":true,"jetpack_shortlink":"https:\/\/wp.me\/pbS7hh-eR1","jetpack-related-posts":[],"_links":{"self":[{"href":"https:\/\/ciudadyregion.com.co\/index.php\/wp-json\/wp\/v2\/posts\/57103"}],"collection":[{"href":"https:\/\/ciudadyregion.com.co\/index.php\/wp-json\/wp\/v2\/posts"}],"about":[{"href":"https:\/\/ciudadyregion.com.co\/index.php\/wp-json\/wp\/v2\/types\/post"}],"author":[{"embeddable":true,"href":"https:\/\/ciudadyregion.com.co\/index.php\/wp-json\/wp\/v2\/users\/2"}],"replies":[{"embeddable":true,"href":"https:\/\/ciudadyregion.com.co\/index.php\/wp-json\/wp\/v2\/comments?post=57103"}],"version-history":[{"count":1,"href":"https:\/\/ciudadyregion.com.co\/index.php\/wp-json\/wp\/v2\/posts\/57103\/revisions"}],"predecessor-version":[{"id":57105,"href":"https:\/\/ciudadyregion.com.co\/index.php\/wp-json\/wp\/v2\/posts\/57103\/revisions\/57105"}],"wp:featuredmedia":[{"embeddable":true,"href":"https:\/\/ciudadyregion.com.co\/index.php\/wp-json\/wp\/v2\/media\/57104"}],"wp:attachment":[{"href":"https:\/\/ciudadyregion.com.co\/index.php\/wp-json\/wp\/v2\/media?parent=57103"}],"wp:term":[{"taxonomy":"category","embeddable":true,"href":"https:\/\/ciudadyregion.com.co\/index.php\/wp-json\/wp\/v2\/categories?post=57103"},{"taxonomy":"post_tag","embeddable":true,"href":"https:\/\/ciudadyregion.com.co\/index.php\/wp-json\/wp\/v2\/tags?post=57103"}],"curies":[{"name":"wp","href":"https:\/\/api.w.org\/{rel}","templated":true}]}}