{"id":57097,"date":"2026-03-11T18:06:40","date_gmt":"2026-03-11T23:06:40","guid":{"rendered":"https:\/\/ciudadyregion.com.co\/?p=57097"},"modified":"2026-03-11T18:06:40","modified_gmt":"2026-03-11T23:06:40","slug":"autoridades-de-transito-atendieron-siniestro-vial-con-victima-fatal-en-la-avenida-pedro-tafur","status":"publish","type":"post","link":"https:\/\/ciudadyregion.com.co\/index.php\/autoridades-de-transito-atendieron-siniestro-vial-con-victima-fatal-en-la-avenida-pedro-tafur\/ibague\/","title":{"rendered":"Autoridades de tr\u00e1nsito atendieron siniestro vial con v\u00edctima fatal en la avenida Pedro Tafur"},"content":{"rendered":"<p>Una mujer de 26 a\u00f1os perdi\u00f3 la vida en el lugar de los hechos.<\/p>\n<p>La autoridad de tr\u00e1nsito de la ciudad atendi\u00f3 un siniestro vial registrado en la avenida Pedro Tafur, que dej\u00f3 como saldo una mujer fallecida en el lugar.<\/p>\n<p>De acuerdo con la informaci\u00f3n preliminar, el hecho involucr\u00f3 una motocicleta de placas NNW12E, en la que se movilizaban dos personas, y un veh\u00edculo tipo cami\u00f3n de servicio p\u00fablico de placas TNF637, conducido por un hombre de 41 a\u00f1os.<\/p>\n<p>La motocicleta habr\u00eda impactado contra el veh\u00edculo de carga y como consecuencia, una mujer que se movilizaba como acompa\u00f1ante perdi\u00f3 la vida en el sitio.<\/p>\n<p>El conductor de la motocicleta, un hombre de 26 a\u00f1os, result\u00f3 herido y fue trasladado a un centro asistencial para recibir atenci\u00f3n m\u00e9dica. Al momento de la atenci\u00f3n del caso, las personas que se movilizaban en la motocicleta no portaban documentaci\u00f3n para su identificaci\u00f3n.<\/p>\n<p>Desde la Administraci\u00f3n Municipal se envi\u00f3 un mensaje de condolencia a los familiares de la v\u00edctima.<\/p>\n<p>\u201cExpresamos nuestras condolencias a la familia de esta mujer fallecida y reiteramos el llamado a todos los actores viales a conducir con prudencia y respetar las normas de tr\u00e1nsito, con el fin de evitar este tipo de hechos lamentables\u201d, indic\u00f3 Ricardo Rodr\u00edguez, secretario de Movilidad.<\/p>\n","protected":false},"excerpt":{"rendered":"<p>Una mujer de 26 a\u00f1os perdi\u00f3 la vida en el lugar de los hechos. La autoridad de tr\u00e1nsito de la ciudad atendi\u00f3 un siniestro vial registrado en la avenida Pedro Tafur, que dej\u00f3 como saldo una mujer fallecida en el lugar. De acuerdo con la informaci\u00f3n preliminar, el hecho involucr\u00f3<span class=\"more-link\"><a href=\"https:\/\/ciudadyregion.com.co\/index.php\/autoridades-de-transito-atendieron-siniestro-vial-con-victima-fatal-en-la-avenida-pedro-tafur\/ibague\/\">Continuar Leyendo<\/a><\/span><\/p>\n","protected":false},"author":2,"featured_media":57098,"comment_status":"open","ping_status":"open","sticky":false,"template":"","format":"standard","meta":{"_uf_show_specific_survey":0,"_uf_disable_surveys":false,"_jetpack_memberships_contains_paid_content":false,"footnotes":"","jetpack_publicize_message":"","jetpack_publicize_feature_enabled":true,"jetpack_social_post_already_shared":true,"jetpack_social_options":{"image_generator_settings":{"template":"highway","enabled":false},"version":2}},"categories":[14],"tags":[],"class_list":["entry","author-diegoaguirre","post-57097","post","type-post","status-publish","format-standard","has-post-thumbnail","category-ibague"],"jetpack_publicize_connections":[],"yoast_head":"<!-- This site is optimized with the Yoast SEO plugin v24.3 - https:\/\/yoast.com\/wordpress\/plugins\/seo\/ -->\n<title>Autoridades de tr\u00e1nsito atendieron siniestro vial con v\u00edctima fatal en la avenida Pedro Tafur - Ciudad y Region<\/title>\n<meta name=\"robots\" content=\"index, follow, max-snippet:-1, max-image-preview:large, max-video-preview:-1\" \/>\n<link rel=\"canonical\" href=\"https:\/\/ciudadyregion.com.co\/index.php\/autoridades-de-transito-atendieron-siniestro-vial-con-victima-fatal-en-la-avenida-pedro-tafur\/ibague\/\" \/>\n<meta property=\"og:locale\" content=\"es_ES\" \/>\n<meta property=\"og:type\" content=\"article\" \/>\n<meta property=\"og:title\" content=\"Autoridades de tr\u00e1nsito atendieron siniestro vial con v\u00edctima fatal en la avenida Pedro Tafur - Ciudad y Region\" \/>\n<meta property=\"og:description\" content=\"Una mujer de 26 a\u00f1os perdi\u00f3 la vida en el lugar de los hechos. La autoridad de tr\u00e1nsito de la ciudad atendi\u00f3 un siniestro vial registrado en la avenida Pedro Tafur, que dej\u00f3 como saldo una mujer fallecida en el lugar. De acuerdo con la informaci\u00f3n preliminar, el hecho involucr\u00f3Continuar Leyendo\" \/>\n<meta property=\"og:url\" content=\"https:\/\/ciudadyregion.com.co\/index.php\/autoridades-de-transito-atendieron-siniestro-vial-con-victima-fatal-en-la-avenida-pedro-tafur\/ibague\/\" \/>\n<meta property=\"og:site_name\" content=\"Ciudad y Region\" \/>\n<meta property=\"article:published_time\" content=\"2026-03-11T23:06:40+00:00\" \/>\n<meta property=\"og:image\" content=\"https:\/\/ciudadyregion.com.co\/wp-content\/uploads\/2026\/03\/a-22.jpg\" \/>\n\t<meta property=\"og:image:width\" content=\"800\" \/>\n\t<meta property=\"og:image:height\" content=\"445\" \/>\n\t<meta property=\"og:image:type\" content=\"image\/jpeg\" \/>\n<meta name=\"author\" content=\"David Andr\u00e9s Aguirre\" \/>\n<meta name=\"twitter:card\" content=\"summary_large_image\" \/>\n<meta name=\"twitter:label1\" content=\"Escrito por\" \/>\n\t<meta name=\"twitter:data1\" content=\"David Andr\u00e9s Aguirre\" \/>\n\t<meta name=\"twitter:label2\" content=\"Tiempo de lectura\" \/>\n\t<meta name=\"twitter:data2\" content=\"1 minuto\" \/>\n<script type=\"application\/ld+json\" class=\"yoast-schema-graph\">{\"@context\":\"https:\/\/schema.org\",\"@graph\":[{\"@type\":\"WebPage\",\"@id\":\"https:\/\/ciudadyregion.com.co\/index.php\/autoridades-de-transito-atendieron-siniestro-vial-con-victima-fatal-en-la-avenida-pedro-tafur\/ibague\/\",\"url\":\"https:\/\/ciudadyregion.com.co\/index.php\/autoridades-de-transito-atendieron-siniestro-vial-con-victima-fatal-en-la-avenida-pedro-tafur\/ibague\/\",\"name\":\"Autoridades de tr\u00e1nsito atendieron siniestro vial con v\u00edctima fatal en la avenida Pedro Tafur - Ciudad y Region\",\"isPartOf\":{\"@id\":\"https:\/\/ciudadyregion.com.co\/#website\"},\"primaryImageOfPage\":{\"@id\":\"https:\/\/ciudadyregion.com.co\/index.php\/autoridades-de-transito-atendieron-siniestro-vial-con-victima-fatal-en-la-avenida-pedro-tafur\/ibague\/#primaryimage\"},\"image\":{\"@id\":\"https:\/\/ciudadyregion.com.co\/index.php\/autoridades-de-transito-atendieron-siniestro-vial-con-victima-fatal-en-la-avenida-pedro-tafur\/ibague\/#primaryimage\"},\"thumbnailUrl\":\"https:\/\/i0.wp.com\/ciudadyregion.com.co\/wp-content\/uploads\/2026\/03\/a-22.jpg?fit=800%2C445&ssl=1\",\"datePublished\":\"2026-03-11T23:06:40+00:00\",\"dateModified\":\"2026-03-11T23:06:40+00:00\",\"author\":{\"@id\":\"https:\/\/ciudadyregion.com.co\/#\/schema\/person\/04a4954373ebc4051f46e8c65ff78622\"},\"breadcrumb\":{\"@id\":\"https:\/\/ciudadyregion.com.co\/index.php\/autoridades-de-transito-atendieron-siniestro-vial-con-victima-fatal-en-la-avenida-pedro-tafur\/ibague\/#breadcrumb\"},\"inLanguage\":\"es\",\"potentialAction\":[{\"@type\":\"ReadAction\",\"target\":[\"https:\/\/ciudadyregion.com.co\/index.php\/autoridades-de-transito-atendieron-siniestro-vial-con-victima-fatal-en-la-avenida-pedro-tafur\/ibague\/\"]}]},{\"@type\":\"ImageObject\",\"inLanguage\":\"es\",\"@id\":\"https:\/\/ciudadyregion.com.co\/index.php\/autoridades-de-transito-atendieron-siniestro-vial-con-victima-fatal-en-la-avenida-pedro-tafur\/ibague\/#primaryimage\",\"url\":\"https:\/\/i0.wp.com\/ciudadyregion.com.co\/wp-content\/uploads\/2026\/03\/a-22.jpg?fit=800%2C445&ssl=1\",\"contentUrl\":\"https:\/\/i0.wp.com\/ciudadyregion.com.co\/wp-content\/uploads\/2026\/03\/a-22.jpg?fit=800%2C445&ssl=1\",\"width\":800,\"height\":445},{\"@type\":\"BreadcrumbList\",\"@id\":\"https:\/\/ciudadyregion.com.co\/index.php\/autoridades-de-transito-atendieron-siniestro-vial-con-victima-fatal-en-la-avenida-pedro-tafur\/ibague\/#breadcrumb\",\"itemListElement\":[{\"@type\":\"ListItem\",\"position\":1,\"name\":\"Portada\",\"item\":\"https:\/\/ciudadyregion.com.co\/\"},{\"@type\":\"ListItem\",\"position\":2,\"name\":\"Autoridades de tr\u00e1nsito atendieron siniestro vial con v\u00edctima fatal en la avenida Pedro Tafur\"}]},{\"@type\":\"WebSite\",\"@id\":\"https:\/\/ciudadyregion.com.co\/#website\",\"url\":\"https:\/\/ciudadyregion.com.co\/\",\"name\":\"Ciudad y Region\",\"description\":\"\",\"potentialAction\":[{\"@type\":\"SearchAction\",\"target\":{\"@type\":\"EntryPoint\",\"urlTemplate\":\"https:\/\/ciudadyregion.com.co\/?s={search_term_string}\"},\"query-input\":{\"@type\":\"PropertyValueSpecification\",\"valueRequired\":true,\"valueName\":\"search_term_string\"}}],\"inLanguage\":\"es\"},{\"@type\":\"Person\",\"@id\":\"https:\/\/ciudadyregion.com.co\/#\/schema\/person\/04a4954373ebc4051f46e8c65ff78622\",\"name\":\"David Andr\u00e9s Aguirre\",\"image\":{\"@type\":\"ImageObject\",\"inLanguage\":\"es\",\"@id\":\"https:\/\/ciudadyregion.com.co\/#\/schema\/person\/image\/\",\"url\":\"https:\/\/secure.gravatar.com\/avatar\/bc3c655860202182ee6d1b5edd042dbe?s=96&d=mm&r=g\",\"contentUrl\":\"https:\/\/secure.gravatar.com\/avatar\/bc3c655860202182ee6d1b5edd042dbe?s=96&d=mm&r=g\",\"caption\":\"David Andr\u00e9s Aguirre\"},\"url\":\"https:\/\/ciudadyregion.com.co\/index.php\/author\/diegoaguirre\/\"}]}<\/script>\n<!-- \/ Yoast SEO plugin. -->","yoast_head_json":{"title":"Autoridades de tr\u00e1nsito atendieron siniestro vial con v\u00edctima fatal en la avenida Pedro Tafur - Ciudad y Region","robots":{"index":"index","follow":"follow","max-snippet":"max-snippet:-1","max-image-preview":"max-image-preview:large","max-video-preview":"max-video-preview:-1"},"canonical":"https:\/\/ciudadyregion.com.co\/index.php\/autoridades-de-transito-atendieron-siniestro-vial-con-victima-fatal-en-la-avenida-pedro-tafur\/ibague\/","og_locale":"es_ES","og_type":"article","og_title":"Autoridades de tr\u00e1nsito atendieron siniestro vial con v\u00edctima fatal en la avenida Pedro Tafur - Ciudad y Region","og_description":"Una mujer de 26 a\u00f1os perdi\u00f3 la vida en el lugar de los hechos. La autoridad de tr\u00e1nsito de la ciudad atendi\u00f3 un siniestro vial registrado en la avenida Pedro Tafur, que dej\u00f3 como saldo una mujer fallecida en el lugar. De acuerdo con la informaci\u00f3n preliminar, el hecho involucr\u00f3Continuar Leyendo","og_url":"https:\/\/ciudadyregion.com.co\/index.php\/autoridades-de-transito-atendieron-siniestro-vial-con-victima-fatal-en-la-avenida-pedro-tafur\/ibague\/","og_site_name":"Ciudad y Region","article_published_time":"2026-03-11T23:06:40+00:00","og_image":[{"width":800,"height":445,"url":"https:\/\/ciudadyregion.com.co\/wp-content\/uploads\/2026\/03\/a-22.jpg","type":"image\/jpeg"}],"author":"David Andr\u00e9s Aguirre","twitter_card":"summary_large_image","twitter_misc":{"Escrito por":"David Andr\u00e9s Aguirre","Tiempo de lectura":"1 minuto"},"schema":{"@context":"https:\/\/schema.org","@graph":[{"@type":"WebPage","@id":"https:\/\/ciudadyregion.com.co\/index.php\/autoridades-de-transito-atendieron-siniestro-vial-con-victima-fatal-en-la-avenida-pedro-tafur\/ibague\/","url":"https:\/\/ciudadyregion.com.co\/index.php\/autoridades-de-transito-atendieron-siniestro-vial-con-victima-fatal-en-la-avenida-pedro-tafur\/ibague\/","name":"Autoridades de tr\u00e1nsito atendieron siniestro vial con v\u00edctima fatal en la avenida Pedro Tafur - Ciudad y Region","isPartOf":{"@id":"https:\/\/ciudadyregion.com.co\/#website"},"primaryImageOfPage":{"@id":"https:\/\/ciudadyregion.com.co\/index.php\/autoridades-de-transito-atendieron-siniestro-vial-con-victima-fatal-en-la-avenida-pedro-tafur\/ibague\/#primaryimage"},"image":{"@id":"https:\/\/ciudadyregion.com.co\/index.php\/autoridades-de-transito-atendieron-siniestro-vial-con-victima-fatal-en-la-avenida-pedro-tafur\/ibague\/#primaryimage"},"thumbnailUrl":"https:\/\/i0.wp.com\/ciudadyregion.com.co\/wp-content\/uploads\/2026\/03\/a-22.jpg?fit=800%2C445&ssl=1","datePublished":"2026-03-11T23:06:40+00:00","dateModified":"2026-03-11T23:06:40+00:00","author":{"@id":"https:\/\/ciudadyregion.com.co\/#\/schema\/person\/04a4954373ebc4051f46e8c65ff78622"},"breadcrumb":{"@id":"https:\/\/ciudadyregion.com.co\/index.php\/autoridades-de-transito-atendieron-siniestro-vial-con-victima-fatal-en-la-avenida-pedro-tafur\/ibague\/#breadcrumb"},"inLanguage":"es","potentialAction":[{"@type":"ReadAction","target":["https:\/\/ciudadyregion.com.co\/index.php\/autoridades-de-transito-atendieron-siniestro-vial-con-victima-fatal-en-la-avenida-pedro-tafur\/ibague\/"]}]},{"@type":"ImageObject","inLanguage":"es","@id":"https:\/\/ciudadyregion.com.co\/index.php\/autoridades-de-transito-atendieron-siniestro-vial-con-victima-fatal-en-la-avenida-pedro-tafur\/ibague\/#primaryimage","url":"https:\/\/i0.wp.com\/ciudadyregion.com.co\/wp-content\/uploads\/2026\/03\/a-22.jpg?fit=800%2C445&ssl=1","contentUrl":"https:\/\/i0.wp.com\/ciudadyregion.com.co\/wp-content\/uploads\/2026\/03\/a-22.jpg?fit=800%2C445&ssl=1","width":800,"height":445},{"@type":"BreadcrumbList","@id":"https:\/\/ciudadyregion.com.co\/index.php\/autoridades-de-transito-atendieron-siniestro-vial-con-victima-fatal-en-la-avenida-pedro-tafur\/ibague\/#breadcrumb","itemListElement":[{"@type":"ListItem","position":1,"name":"Portada","item":"https:\/\/ciudadyregion.com.co\/"},{"@type":"ListItem","position":2,"name":"Autoridades de tr\u00e1nsito atendieron siniestro vial con v\u00edctima fatal en la avenida Pedro Tafur"}]},{"@type":"WebSite","@id":"https:\/\/ciudadyregion.com.co\/#website","url":"https:\/\/ciudadyregion.com.co\/","name":"Ciudad y Region","description":"","potentialAction":[{"@type":"SearchAction","target":{"@type":"EntryPoint","urlTemplate":"https:\/\/ciudadyregion.com.co\/?s={search_term_string}"},"query-input":{"@type":"PropertyValueSpecification","valueRequired":true,"valueName":"search_term_string"}}],"inLanguage":"es"},{"@type":"Person","@id":"https:\/\/ciudadyregion.com.co\/#\/schema\/person\/04a4954373ebc4051f46e8c65ff78622","name":"David Andr\u00e9s Aguirre","image":{"@type":"ImageObject","inLanguage":"es","@id":"https:\/\/ciudadyregion.com.co\/#\/schema\/person\/image\/","url":"https:\/\/secure.gravatar.com\/avatar\/bc3c655860202182ee6d1b5edd042dbe?s=96&d=mm&r=g","contentUrl":"https:\/\/secure.gravatar.com\/avatar\/bc3c655860202182ee6d1b5edd042dbe?s=96&d=mm&r=g","caption":"David Andr\u00e9s Aguirre"},"url":"https:\/\/ciudadyregion.com.co\/index.php\/author\/diegoaguirre\/"}]}},"jetpack_featured_media_url":"https:\/\/i0.wp.com\/ciudadyregion.com.co\/wp-content\/uploads\/2026\/03\/a-22.jpg?fit=800%2C445&ssl=1","jetpack_sharing_enabled":true,"jetpack_shortlink":"https:\/\/wp.me\/pbS7hh-eQV","jetpack-related-posts":[],"_links":{"self":[{"href":"https:\/\/ciudadyregion.com.co\/index.php\/wp-json\/wp\/v2\/posts\/57097"}],"collection":[{"href":"https:\/\/ciudadyregion.com.co\/index.php\/wp-json\/wp\/v2\/posts"}],"about":[{"href":"https:\/\/ciudadyregion.com.co\/index.php\/wp-json\/wp\/v2\/types\/post"}],"author":[{"embeddable":true,"href":"https:\/\/ciudadyregion.com.co\/index.php\/wp-json\/wp\/v2\/users\/2"}],"replies":[{"embeddable":true,"href":"https:\/\/ciudadyregion.com.co\/index.php\/wp-json\/wp\/v2\/comments?post=57097"}],"version-history":[{"count":1,"href":"https:\/\/ciudadyregion.com.co\/index.php\/wp-json\/wp\/v2\/posts\/57097\/revisions"}],"predecessor-version":[{"id":57099,"href":"https:\/\/ciudadyregion.com.co\/index.php\/wp-json\/wp\/v2\/posts\/57097\/revisions\/57099"}],"wp:featuredmedia":[{"embeddable":true,"href":"https:\/\/ciudadyregion.com.co\/index.php\/wp-json\/wp\/v2\/media\/57098"}],"wp:attachment":[{"href":"https:\/\/ciudadyregion.com.co\/index.php\/wp-json\/wp\/v2\/media?parent=57097"}],"wp:term":[{"taxonomy":"category","embeddable":true,"href":"https:\/\/ciudadyregion.com.co\/index.php\/wp-json\/wp\/v2\/categories?post=57097"},{"taxonomy":"post_tag","embeddable":true,"href":"https:\/\/ciudadyregion.com.co\/index.php\/wp-json\/wp\/v2\/tags?post=57097"}],"curies":[{"name":"wp","href":"https:\/\/api.w.org\/{rel}","templated":true}]}}