{"id":57086,"date":"2026-03-11T17:55:49","date_gmt":"2026-03-11T22:55:49","guid":{"rendered":"https:\/\/ciudadyregion.com.co\/?p=57086"},"modified":"2026-03-11T17:55:49","modified_gmt":"2026-03-11T22:55:49","slug":"el-buque-hospital-benkos-bioho-zarpa-hacia-el-pacifico-y-marca-un-hito-en-la-garantia-del-derecho-a-la-salud-en-colombia","status":"publish","type":"post","link":"https:\/\/ciudadyregion.com.co\/index.php\/el-buque-hospital-benkos-bioho-zarpa-hacia-el-pacifico-y-marca-un-hito-en-la-garantia-del-derecho-a-la-salud-en-colombia\/salud\/","title":{"rendered":"El Buque Hospital Benkos Bioh\u00f3 zarpa hacia el Pac\u00edfico y marca un hito en la garant\u00eda del derecho a la salud en Colombia"},"content":{"rendered":"<p>Desde Cartagena, el ministro de Salud, Guillermo Alfonso Jaramillo, lider\u00f3 el zarpe del Buque Hospital Benkos Bioh\u00f3 hacia el Pac\u00edfico colombiano, una infraestructura sin precedentes que llevar\u00e1 servicios integrales de salud a comunidades costeras y fluviales con dif\u00edcil acceso. El proyecto, parte de la estrategia \u201cBuques para la Vida\u201d, incluye una inversi\u00f3n superior a 87 mil millones de pesos y se complementa con la entrega de 17 ambulancias para fortalecer el transporte asistencial en municipios de Bol\u00edvar.<\/p>\n<p>Cartagena, Bol\u00edvar, 11 de marzo de 2026. En un hecho hist\u00f3rico para la salud p\u00fablica del pa\u00eds, el ministro de Salud y Protecci\u00f3n Social, Guillermo Alfonso Jaramillo, lider\u00f3 en Cartagena el zarpe del Buque Hospital Benkos Bioh\u00f3, en el marco de la estrategia \u201cBuques para la Vida\u201d, una iniciativa del Gobierno de la vida orientada a cerrar brechas territoriales y garantizar el acceso a servicios de salud en comunidades costeras y fluviales con dificultades hist\u00f3ricas de conectividad.<br \/>\nLa iniciativa hace parte del modelo de atenci\u00f3n extramural y territorial, que busca llevar los servicios de salud directamente a las poblaciones ubicadas en zonas donde el transporte mar\u00edtimo y fluvial es el principal medio de acceso.<\/p>\n<p>M\u00e1s informaci\u00f3n en \u2b07\ufe0f<\/p>\n<p>&nbsp;<\/p>\n<a href=\"https:\/\/ciudadyregion.com.co\/wp-content\/uploads\/2026\/03\/COMUNICADO-BENKOS-BIOHO1.pdf\" class=\"pdfemb-viewer\" style=\"\" data-width=\"max\" data-height=\"max\" data-toolbar=\"bottom\" data-toolbar-fixed=\"off\">COMUNICADO BENKOS BIOHO\u0301(1)<\/a>\n","protected":false},"excerpt":{"rendered":"<p>Desde Cartagena, el ministro de Salud, Guillermo Alfonso Jaramillo, lider\u00f3 el zarpe del Buque Hospital Benkos Bioh\u00f3 hacia el Pac\u00edfico colombiano, una infraestructura sin precedentes que llevar\u00e1 servicios integrales de salud a comunidades costeras y fluviales con dif\u00edcil acceso. El proyecto, parte de la estrategia \u201cBuques para la Vida\u201d, incluye<span class=\"more-link\"><a href=\"https:\/\/ciudadyregion.com.co\/index.php\/el-buque-hospital-benkos-bioho-zarpa-hacia-el-pacifico-y-marca-un-hito-en-la-garantia-del-derecho-a-la-salud-en-colombia\/salud\/\">Continuar Leyendo<\/a><\/span><\/p>\n","protected":false},"author":2,"featured_media":57088,"comment_status":"open","ping_status":"open","sticky":false,"template":"","format":"standard","meta":{"_uf_show_specific_survey":0,"_uf_disable_surveys":false,"_jetpack_memberships_contains_paid_content":false,"footnotes":"","jetpack_publicize_message":"","jetpack_publicize_feature_enabled":true,"jetpack_social_post_already_shared":true,"jetpack_social_options":{"image_generator_settings":{"template":"highway","enabled":false},"version":2}},"categories":[29],"tags":[],"class_list":["entry","author-diegoaguirre","post-57086","post","type-post","status-publish","format-standard","has-post-thumbnail","category-salud"],"jetpack_publicize_connections":[],"yoast_head":"<!-- This site is optimized with the Yoast SEO plugin v24.3 - https:\/\/yoast.com\/wordpress\/plugins\/seo\/ -->\n<title>El Buque Hospital Benkos Bioh\u00f3 zarpa hacia el Pac\u00edfico y marca un hito en la garant\u00eda del derecho a la salud en Colombia - Ciudad y Region<\/title>\n<meta name=\"robots\" content=\"index, follow, max-snippet:-1, max-image-preview:large, max-video-preview:-1\" \/>\n<link rel=\"canonical\" href=\"https:\/\/ciudadyregion.com.co\/index.php\/el-buque-hospital-benkos-bioho-zarpa-hacia-el-pacifico-y-marca-un-hito-en-la-garantia-del-derecho-a-la-salud-en-colombia\/salud\/\" \/>\n<meta property=\"og:locale\" content=\"es_ES\" \/>\n<meta property=\"og:type\" content=\"article\" \/>\n<meta property=\"og:title\" content=\"El Buque Hospital Benkos Bioh\u00f3 zarpa hacia el Pac\u00edfico y marca un hito en la garant\u00eda del derecho a la salud en Colombia - Ciudad y Region\" \/>\n<meta property=\"og:description\" content=\"Desde Cartagena, el ministro de Salud, Guillermo Alfonso Jaramillo, lider\u00f3 el zarpe del Buque Hospital Benkos Bioh\u00f3 hacia el Pac\u00edfico colombiano, una infraestructura sin precedentes que llevar\u00e1 servicios integrales de salud a comunidades costeras y fluviales con dif\u00edcil acceso. El proyecto, parte de la estrategia \u201cBuques para la Vida\u201d, incluyeContinuar Leyendo\" \/>\n<meta property=\"og:url\" content=\"https:\/\/ciudadyregion.com.co\/index.php\/el-buque-hospital-benkos-bioho-zarpa-hacia-el-pacifico-y-marca-un-hito-en-la-garantia-del-derecho-a-la-salud-en-colombia\/salud\/\" \/>\n<meta property=\"og:site_name\" content=\"Ciudad y Region\" \/>\n<meta property=\"article:published_time\" content=\"2026-03-11T22:55:49+00:00\" \/>\n<meta property=\"og:image\" content=\"https:\/\/ciudadyregion.com.co\/wp-content\/uploads\/2026\/03\/a-19.jpg\" \/>\n\t<meta property=\"og:image:width\" content=\"800\" \/>\n\t<meta property=\"og:image:height\" content=\"445\" \/>\n\t<meta property=\"og:image:type\" content=\"image\/jpeg\" \/>\n<meta name=\"author\" content=\"David Andr\u00e9s Aguirre\" \/>\n<meta name=\"twitter:card\" content=\"summary_large_image\" \/>\n<meta name=\"twitter:label1\" content=\"Escrito por\" \/>\n\t<meta name=\"twitter:data1\" content=\"David Andr\u00e9s Aguirre\" \/>\n\t<meta name=\"twitter:label2\" content=\"Tiempo de lectura\" \/>\n\t<meta name=\"twitter:data2\" content=\"2 minutos\" \/>\n<script type=\"application\/ld+json\" class=\"yoast-schema-graph\">{\"@context\":\"https:\/\/schema.org\",\"@graph\":[{\"@type\":\"WebPage\",\"@id\":\"https:\/\/ciudadyregion.com.co\/index.php\/el-buque-hospital-benkos-bioho-zarpa-hacia-el-pacifico-y-marca-un-hito-en-la-garantia-del-derecho-a-la-salud-en-colombia\/salud\/\",\"url\":\"https:\/\/ciudadyregion.com.co\/index.php\/el-buque-hospital-benkos-bioho-zarpa-hacia-el-pacifico-y-marca-un-hito-en-la-garantia-del-derecho-a-la-salud-en-colombia\/salud\/\",\"name\":\"El Buque Hospital Benkos Bioh\u00f3 zarpa hacia el Pac\u00edfico y marca un hito en la garant\u00eda del derecho a la salud en Colombia - Ciudad y Region\",\"isPartOf\":{\"@id\":\"https:\/\/ciudadyregion.com.co\/#website\"},\"primaryImageOfPage\":{\"@id\":\"https:\/\/ciudadyregion.com.co\/index.php\/el-buque-hospital-benkos-bioho-zarpa-hacia-el-pacifico-y-marca-un-hito-en-la-garantia-del-derecho-a-la-salud-en-colombia\/salud\/#primaryimage\"},\"image\":{\"@id\":\"https:\/\/ciudadyregion.com.co\/index.php\/el-buque-hospital-benkos-bioho-zarpa-hacia-el-pacifico-y-marca-un-hito-en-la-garantia-del-derecho-a-la-salud-en-colombia\/salud\/#primaryimage\"},\"thumbnailUrl\":\"https:\/\/i0.wp.com\/ciudadyregion.com.co\/wp-content\/uploads\/2026\/03\/a-19.jpg?fit=800%2C445&ssl=1\",\"datePublished\":\"2026-03-11T22:55:49+00:00\",\"dateModified\":\"2026-03-11T22:55:49+00:00\",\"author\":{\"@id\":\"https:\/\/ciudadyregion.com.co\/#\/schema\/person\/04a4954373ebc4051f46e8c65ff78622\"},\"breadcrumb\":{\"@id\":\"https:\/\/ciudadyregion.com.co\/index.php\/el-buque-hospital-benkos-bioho-zarpa-hacia-el-pacifico-y-marca-un-hito-en-la-garantia-del-derecho-a-la-salud-en-colombia\/salud\/#breadcrumb\"},\"inLanguage\":\"es\",\"potentialAction\":[{\"@type\":\"ReadAction\",\"target\":[\"https:\/\/ciudadyregion.com.co\/index.php\/el-buque-hospital-benkos-bioho-zarpa-hacia-el-pacifico-y-marca-un-hito-en-la-garantia-del-derecho-a-la-salud-en-colombia\/salud\/\"]}]},{\"@type\":\"ImageObject\",\"inLanguage\":\"es\",\"@id\":\"https:\/\/ciudadyregion.com.co\/index.php\/el-buque-hospital-benkos-bioho-zarpa-hacia-el-pacifico-y-marca-un-hito-en-la-garantia-del-derecho-a-la-salud-en-colombia\/salud\/#primaryimage\",\"url\":\"https:\/\/i0.wp.com\/ciudadyregion.com.co\/wp-content\/uploads\/2026\/03\/a-19.jpg?fit=800%2C445&ssl=1\",\"contentUrl\":\"https:\/\/i0.wp.com\/ciudadyregion.com.co\/wp-content\/uploads\/2026\/03\/a-19.jpg?fit=800%2C445&ssl=1\",\"width\":800,\"height\":445},{\"@type\":\"BreadcrumbList\",\"@id\":\"https:\/\/ciudadyregion.com.co\/index.php\/el-buque-hospital-benkos-bioho-zarpa-hacia-el-pacifico-y-marca-un-hito-en-la-garantia-del-derecho-a-la-salud-en-colombia\/salud\/#breadcrumb\",\"itemListElement\":[{\"@type\":\"ListItem\",\"position\":1,\"name\":\"Portada\",\"item\":\"https:\/\/ciudadyregion.com.co\/\"},{\"@type\":\"ListItem\",\"position\":2,\"name\":\"El Buque Hospital Benkos Bioh\u00f3 zarpa hacia el Pac\u00edfico y marca un hito en la garant\u00eda del derecho a la salud en Colombia\"}]},{\"@type\":\"WebSite\",\"@id\":\"https:\/\/ciudadyregion.com.co\/#website\",\"url\":\"https:\/\/ciudadyregion.com.co\/\",\"name\":\"Ciudad y Region\",\"description\":\"\",\"potentialAction\":[{\"@type\":\"SearchAction\",\"target\":{\"@type\":\"EntryPoint\",\"urlTemplate\":\"https:\/\/ciudadyregion.com.co\/?s={search_term_string}\"},\"query-input\":{\"@type\":\"PropertyValueSpecification\",\"valueRequired\":true,\"valueName\":\"search_term_string\"}}],\"inLanguage\":\"es\"},{\"@type\":\"Person\",\"@id\":\"https:\/\/ciudadyregion.com.co\/#\/schema\/person\/04a4954373ebc4051f46e8c65ff78622\",\"name\":\"David Andr\u00e9s Aguirre\",\"image\":{\"@type\":\"ImageObject\",\"inLanguage\":\"es\",\"@id\":\"https:\/\/ciudadyregion.com.co\/#\/schema\/person\/image\/\",\"url\":\"https:\/\/secure.gravatar.com\/avatar\/bc3c655860202182ee6d1b5edd042dbe?s=96&d=mm&r=g\",\"contentUrl\":\"https:\/\/secure.gravatar.com\/avatar\/bc3c655860202182ee6d1b5edd042dbe?s=96&d=mm&r=g\",\"caption\":\"David Andr\u00e9s Aguirre\"},\"url\":\"https:\/\/ciudadyregion.com.co\/index.php\/author\/diegoaguirre\/\"}]}<\/script>\n<!-- \/ Yoast SEO plugin. -->","yoast_head_json":{"title":"El Buque Hospital Benkos Bioh\u00f3 zarpa hacia el Pac\u00edfico y marca un hito en la garant\u00eda del derecho a la salud en Colombia - Ciudad y Region","robots":{"index":"index","follow":"follow","max-snippet":"max-snippet:-1","max-image-preview":"max-image-preview:large","max-video-preview":"max-video-preview:-1"},"canonical":"https:\/\/ciudadyregion.com.co\/index.php\/el-buque-hospital-benkos-bioho-zarpa-hacia-el-pacifico-y-marca-un-hito-en-la-garantia-del-derecho-a-la-salud-en-colombia\/salud\/","og_locale":"es_ES","og_type":"article","og_title":"El Buque Hospital Benkos Bioh\u00f3 zarpa hacia el Pac\u00edfico y marca un hito en la garant\u00eda del derecho a la salud en Colombia - Ciudad y Region","og_description":"Desde Cartagena, el ministro de Salud, Guillermo Alfonso Jaramillo, lider\u00f3 el zarpe del Buque Hospital Benkos Bioh\u00f3 hacia el Pac\u00edfico colombiano, una infraestructura sin precedentes que llevar\u00e1 servicios integrales de salud a comunidades costeras y fluviales con dif\u00edcil acceso. El proyecto, parte de la estrategia \u201cBuques para la Vida\u201d, incluyeContinuar Leyendo","og_url":"https:\/\/ciudadyregion.com.co\/index.php\/el-buque-hospital-benkos-bioho-zarpa-hacia-el-pacifico-y-marca-un-hito-en-la-garantia-del-derecho-a-la-salud-en-colombia\/salud\/","og_site_name":"Ciudad y Region","article_published_time":"2026-03-11T22:55:49+00:00","og_image":[{"width":800,"height":445,"url":"https:\/\/ciudadyregion.com.co\/wp-content\/uploads\/2026\/03\/a-19.jpg","type":"image\/jpeg"}],"author":"David Andr\u00e9s Aguirre","twitter_card":"summary_large_image","twitter_misc":{"Escrito por":"David Andr\u00e9s Aguirre","Tiempo de lectura":"2 minutos"},"schema":{"@context":"https:\/\/schema.org","@graph":[{"@type":"WebPage","@id":"https:\/\/ciudadyregion.com.co\/index.php\/el-buque-hospital-benkos-bioho-zarpa-hacia-el-pacifico-y-marca-un-hito-en-la-garantia-del-derecho-a-la-salud-en-colombia\/salud\/","url":"https:\/\/ciudadyregion.com.co\/index.php\/el-buque-hospital-benkos-bioho-zarpa-hacia-el-pacifico-y-marca-un-hito-en-la-garantia-del-derecho-a-la-salud-en-colombia\/salud\/","name":"El Buque Hospital Benkos Bioh\u00f3 zarpa hacia el Pac\u00edfico y marca un hito en la garant\u00eda del derecho a la salud en Colombia - Ciudad y Region","isPartOf":{"@id":"https:\/\/ciudadyregion.com.co\/#website"},"primaryImageOfPage":{"@id":"https:\/\/ciudadyregion.com.co\/index.php\/el-buque-hospital-benkos-bioho-zarpa-hacia-el-pacifico-y-marca-un-hito-en-la-garantia-del-derecho-a-la-salud-en-colombia\/salud\/#primaryimage"},"image":{"@id":"https:\/\/ciudadyregion.com.co\/index.php\/el-buque-hospital-benkos-bioho-zarpa-hacia-el-pacifico-y-marca-un-hito-en-la-garantia-del-derecho-a-la-salud-en-colombia\/salud\/#primaryimage"},"thumbnailUrl":"https:\/\/i0.wp.com\/ciudadyregion.com.co\/wp-content\/uploads\/2026\/03\/a-19.jpg?fit=800%2C445&ssl=1","datePublished":"2026-03-11T22:55:49+00:00","dateModified":"2026-03-11T22:55:49+00:00","author":{"@id":"https:\/\/ciudadyregion.com.co\/#\/schema\/person\/04a4954373ebc4051f46e8c65ff78622"},"breadcrumb":{"@id":"https:\/\/ciudadyregion.com.co\/index.php\/el-buque-hospital-benkos-bioho-zarpa-hacia-el-pacifico-y-marca-un-hito-en-la-garantia-del-derecho-a-la-salud-en-colombia\/salud\/#breadcrumb"},"inLanguage":"es","potentialAction":[{"@type":"ReadAction","target":["https:\/\/ciudadyregion.com.co\/index.php\/el-buque-hospital-benkos-bioho-zarpa-hacia-el-pacifico-y-marca-un-hito-en-la-garantia-del-derecho-a-la-salud-en-colombia\/salud\/"]}]},{"@type":"ImageObject","inLanguage":"es","@id":"https:\/\/ciudadyregion.com.co\/index.php\/el-buque-hospital-benkos-bioho-zarpa-hacia-el-pacifico-y-marca-un-hito-en-la-garantia-del-derecho-a-la-salud-en-colombia\/salud\/#primaryimage","url":"https:\/\/i0.wp.com\/ciudadyregion.com.co\/wp-content\/uploads\/2026\/03\/a-19.jpg?fit=800%2C445&ssl=1","contentUrl":"https:\/\/i0.wp.com\/ciudadyregion.com.co\/wp-content\/uploads\/2026\/03\/a-19.jpg?fit=800%2C445&ssl=1","width":800,"height":445},{"@type":"BreadcrumbList","@id":"https:\/\/ciudadyregion.com.co\/index.php\/el-buque-hospital-benkos-bioho-zarpa-hacia-el-pacifico-y-marca-un-hito-en-la-garantia-del-derecho-a-la-salud-en-colombia\/salud\/#breadcrumb","itemListElement":[{"@type":"ListItem","position":1,"name":"Portada","item":"https:\/\/ciudadyregion.com.co\/"},{"@type":"ListItem","position":2,"name":"El Buque Hospital Benkos Bioh\u00f3 zarpa hacia el Pac\u00edfico y marca un hito en la garant\u00eda del derecho a la salud en Colombia"}]},{"@type":"WebSite","@id":"https:\/\/ciudadyregion.com.co\/#website","url":"https:\/\/ciudadyregion.com.co\/","name":"Ciudad y Region","description":"","potentialAction":[{"@type":"SearchAction","target":{"@type":"EntryPoint","urlTemplate":"https:\/\/ciudadyregion.com.co\/?s={search_term_string}"},"query-input":{"@type":"PropertyValueSpecification","valueRequired":true,"valueName":"search_term_string"}}],"inLanguage":"es"},{"@type":"Person","@id":"https:\/\/ciudadyregion.com.co\/#\/schema\/person\/04a4954373ebc4051f46e8c65ff78622","name":"David Andr\u00e9s Aguirre","image":{"@type":"ImageObject","inLanguage":"es","@id":"https:\/\/ciudadyregion.com.co\/#\/schema\/person\/image\/","url":"https:\/\/secure.gravatar.com\/avatar\/bc3c655860202182ee6d1b5edd042dbe?s=96&d=mm&r=g","contentUrl":"https:\/\/secure.gravatar.com\/avatar\/bc3c655860202182ee6d1b5edd042dbe?s=96&d=mm&r=g","caption":"David Andr\u00e9s Aguirre"},"url":"https:\/\/ciudadyregion.com.co\/index.php\/author\/diegoaguirre\/"}]}},"jetpack_featured_media_url":"https:\/\/i0.wp.com\/ciudadyregion.com.co\/wp-content\/uploads\/2026\/03\/a-19.jpg?fit=800%2C445&ssl=1","jetpack_sharing_enabled":true,"jetpack_shortlink":"https:\/\/wp.me\/pbS7hh-eQK","jetpack-related-posts":[],"_links":{"self":[{"href":"https:\/\/ciudadyregion.com.co\/index.php\/wp-json\/wp\/v2\/posts\/57086"}],"collection":[{"href":"https:\/\/ciudadyregion.com.co\/index.php\/wp-json\/wp\/v2\/posts"}],"about":[{"href":"https:\/\/ciudadyregion.com.co\/index.php\/wp-json\/wp\/v2\/types\/post"}],"author":[{"embeddable":true,"href":"https:\/\/ciudadyregion.com.co\/index.php\/wp-json\/wp\/v2\/users\/2"}],"replies":[{"embeddable":true,"href":"https:\/\/ciudadyregion.com.co\/index.php\/wp-json\/wp\/v2\/comments?post=57086"}],"version-history":[{"count":1,"href":"https:\/\/ciudadyregion.com.co\/index.php\/wp-json\/wp\/v2\/posts\/57086\/revisions"}],"predecessor-version":[{"id":57089,"href":"https:\/\/ciudadyregion.com.co\/index.php\/wp-json\/wp\/v2\/posts\/57086\/revisions\/57089"}],"wp:featuredmedia":[{"embeddable":true,"href":"https:\/\/ciudadyregion.com.co\/index.php\/wp-json\/wp\/v2\/media\/57088"}],"wp:attachment":[{"href":"https:\/\/ciudadyregion.com.co\/index.php\/wp-json\/wp\/v2\/media?parent=57086"}],"wp:term":[{"taxonomy":"category","embeddable":true,"href":"https:\/\/ciudadyregion.com.co\/index.php\/wp-json\/wp\/v2\/categories?post=57086"},{"taxonomy":"post_tag","embeddable":true,"href":"https:\/\/ciudadyregion.com.co\/index.php\/wp-json\/wp\/v2\/tags?post=57086"}],"curies":[{"name":"wp","href":"https:\/\/api.w.org\/{rel}","templated":true}]}}