{"id":57071,"date":"2026-03-11T17:32:10","date_gmt":"2026-03-11T22:32:10","guid":{"rendered":"https:\/\/ciudadyregion.com.co\/?p=57071"},"modified":"2026-03-11T17:32:10","modified_gmt":"2026-03-11T22:32:10","slug":"avanzamos-hacia-un-pais-mas-saludable-ministerio-de-salud-y-proteccion-social","status":"publish","type":"post","link":"https:\/\/ciudadyregion.com.co\/index.php\/avanzamos-hacia-un-pais-mas-saludable-ministerio-de-salud-y-proteccion-social\/salud\/","title":{"rendered":"\u00ab\u00a1Avanzamos hacia un pa\u00eds m\u00e1s saludable!\u00bb: Ministerio de Salud y Protecci\u00f3n Social"},"content":{"rendered":"<div class=\"xdj266r x14z9mp xat24cr x1lziwak x1vvkbs x126k92a\">\n<div dir=\"auto\"><\/div>\n<div dir=\"auto\">El Ministerio de Salud y Protecci\u00f3n Social invita a las entidades territoriales de la Regi\u00f3n Andina al Ciclo de Socializaci\u00f3n del PNEET y la Resoluci\u00f3n 0119 de 2026, un espacio para fortalecer las herramientas t\u00e9cnicas y normativas en los territos para garantizar la implementaci\u00f3n efectiva del Plan a nivel nacional.<\/div>\n<div dir=\"auto\"><\/div>\n<\/div>\n<div class=\"x14z9mp xat24cr x1lziwak x1vvkbs xtlvy1s x126k92a\">\n<div dir=\"auto\">Con\u00e9ctate en el siguiente link: <span class=\"html-span xdj266r x14z9mp xat24cr x1lziwak xexx8yu xyri2b x18d9i69 x1c1uobl x1hl2dhg x16tdsg8 x1vvkbs\"><a class=\"x1i10hfl xjbqb8w x1ejq31n x18oe1m7 x1sy0etr xstzfhl x972fbf x10w94by x1qhh985 x14e42zd x9f619 x1ypdohk xt0psk2 x3ct3a4 xdj266r x14z9mp xat24cr x1lziwak xexx8yu xyri2b x18d9i69 x1c1uobl x16tdsg8 x1hl2dhg xggy1nq x1a2a7pz xkrqix3 x1sur9pj x1fey0fg x1s688f\" tabindex=\"0\" role=\"link\" href=\"https:\/\/bit.ly\/40qxqg0?fbclid=IwZXh0bgNhZW0CMTAAYnJpZBExNFNodTNna3FVc2JZemtDN3NydGMGYXBwX2lkEDIyMjAzOTE3ODgyMDA4OTIAAR71WxfTftFrkZZN6L0H6Sz30v3ljHjqUTWNGhAhzR-37nd0KnVbpbPERyLHiA_aem_3NNQXl2iqjlJ-BTBwQMheQ\" target=\"_blank\" rel=\"nofollow noopener noreferrer\">https:\/\/bit.ly\/40qxqg0<\/a><\/span><\/div>\n<\/div>\n<div class=\"x14z9mp xat24cr x1lziwak x1vvkbs xtlvy1s x126k92a\">\n<div dir=\"auto\"><span class=\"html-span xdj266r x14z9mp xat24cr x1lziwak xexx8yu xyri2b x18d9i69 x1c1uobl x1hl2dhg x16tdsg8 x1vvkbs\"><a class=\"x1i10hfl xjbqb8w x1ejq31n x18oe1m7 x1sy0etr xstzfhl x972fbf x10w94by x1qhh985 x14e42zd x9f619 x1ypdohk xt0psk2 x3ct3a4 xdj266r x14z9mp xat24cr x1lziwak xexx8yu xyri2b x18d9i69 x1c1uobl x16tdsg8 x1hl2dhg xggy1nq x1a2a7pz xkrqix3 x1sur9pj x1fey0fg x1s688f\" tabindex=\"0\" role=\"link\" href=\"https:\/\/www.facebook.com\/hashtag\/colombiatienequienlacuide?__eep__=6&amp;__cft__[0]=AZb-otzFsmjGgCXJ16s7rGCSqZnPdjzj0TWhqFCDHTdEhjocMlqmVjKyZ6Hb07V7BQXgx_5hRrdwFJJ9tfQSpviQ4Vg4T_x7l1WXi3mc7Gutge8qER8ihzRSR7fIPq0kw_QKibIyaLIEl-tfM-jsMU1gB5GG4imbuoxHf7esVIDP0BwuFoeAgKhlIqegxDOjSWc&amp;__tn__=*NK-R\">#ColombiaTieneQuienLaCuide<\/a><\/span> <span class=\"html-span xdj266r x14z9mp xat24cr x1lziwak xexx8yu xyri2b x18d9i69 x1c1uobl x1hl2dhg x16tdsg8 x1vvkbs\"><a class=\"x1i10hfl xjbqb8w x1ejq31n x18oe1m7 x1sy0etr xstzfhl x972fbf x10w94by x1qhh985 x14e42zd x9f619 x1ypdohk xt0psk2 x3ct3a4 xdj266r x14z9mp xat24cr x1lziwak xexx8yu xyri2b x18d9i69 x1c1uobl x16tdsg8 x1hl2dhg xggy1nq x1a2a7pz xkrqix3 x1sur9pj x1fey0fg x1s688f\" tabindex=\"0\" role=\"link\" href=\"https:\/\/www.facebook.com\/hashtag\/colombiasintransmisibles?__eep__=6&amp;__cft__[0]=AZb-otzFsmjGgCXJ16s7rGCSqZnPdjzj0TWhqFCDHTdEhjocMlqmVjKyZ6Hb07V7BQXgx_5hRrdwFJJ9tfQSpviQ4Vg4T_x7l1WXi3mc7Gutge8qER8ihzRSR7fIPq0kw_QKibIyaLIEl-tfM-jsMU1gB5GG4imbuoxHf7esVIDP0BwuFoeAgKhlIqegxDOjSWc&amp;__tn__=*NK-R\">#ColombiaSinTransmisibles<\/a><\/span> \u00a1Avanzamos hacia un pa\u00eds m\u00e1s saludable!<\/div>\n<\/div>\n<div dir=\"auto\"><\/div>\n<div dir=\"auto\"><\/div>\n<div dir=\"auto\"><img decoding=\"async\" src=\"https:\/\/scontent-bog2-2.xx.fbcdn.net\/v\/t39.30808-6\/649486181_1237982195129678_7228011448567876408_n.jpg?_nc_cat=111&amp;ccb=1-7&amp;_nc_sid=7b2446&amp;_nc_eui2=AeFmcHo-Ia7git0OSaNtVK1ACxWR7JSDpAQLFZHslIOkBG3BQ7DfMjS24Uc_ZxXxtIKqauvjWLufrd__JvhZSP-b&amp;_nc_ohc=qTHSgB7S_-sQ7kNvwEoEtet&amp;_nc_oc=AdnUmlyaYjfufgx-qt51omntWmi93RYDDIBJkndm_3014SQCyv6YOMzP2oq9Jf7s3HWQpKaf5iT6BM53mWBoWGqs&amp;_nc_zt=23&amp;_nc_ht=scontent-bog2-2.xx&amp;_nc_gid=JraIY4liTnR_FOd5nM7SEQ&amp;_nc_ss=8&amp;oh=00_AfxTHsf0D_qdbQKvctPJ7wvcLZbcwCuWX8NASNSZXmE9BQ&amp;oe=69B7B413\" alt=\"Puede ser una imagen de opuntia y texto que dice &quot;Salud Plan Nacional de Eliminaci\u00f3n de Enfennedades Tranemisibles PNEET Participa en el ciclo de Socializaci\u00f3n Regi\u00f3n Andina \u51fa\u672c Jueves, 12 de marzo 9:00 a.m.a a 11:00 a.m. \u65f6 Con\u00e9ctate v\u00edaTeams v\u00eda Teams Colombia TT SinTransmisibles&quot;\" \/><\/div>\n","protected":false},"excerpt":{"rendered":"<p>El Ministerio de Salud y Protecci\u00f3n Social invita a las entidades territoriales de la Regi\u00f3n Andina al Ciclo de Socializaci\u00f3n del PNEET y la Resoluci\u00f3n 0119 de 2026, un espacio para fortalecer las herramientas t\u00e9cnicas y normativas en los territos para garantizar la implementaci\u00f3n efectiva del Plan a nivel nacional.<span class=\"more-link\"><a href=\"https:\/\/ciudadyregion.com.co\/index.php\/avanzamos-hacia-un-pais-mas-saludable-ministerio-de-salud-y-proteccion-social\/salud\/\">Continuar Leyendo<\/a><\/span><\/p>\n","protected":false},"author":2,"featured_media":51154,"comment_status":"open","ping_status":"open","sticky":false,"template":"","format":"standard","meta":{"_uf_show_specific_survey":0,"_uf_disable_surveys":false,"_jetpack_memberships_contains_paid_content":false,"footnotes":"","jetpack_publicize_message":"","jetpack_publicize_feature_enabled":true,"jetpack_social_post_already_shared":true,"jetpack_social_options":{"image_generator_settings":{"template":"highway","enabled":false},"version":2}},"categories":[29],"tags":[],"class_list":["entry","author-diegoaguirre","post-57071","post","type-post","status-publish","format-standard","has-post-thumbnail","category-salud"],"jetpack_publicize_connections":[],"yoast_head":"<!-- This site is optimized with the Yoast SEO plugin v24.3 - https:\/\/yoast.com\/wordpress\/plugins\/seo\/ -->\n<title>&quot;\u00a1Avanzamos hacia un pa\u00eds m\u00e1s saludable!&quot;: Ministerio de Salud y Protecci\u00f3n Social - Ciudad y Region<\/title>\n<meta name=\"robots\" content=\"index, follow, max-snippet:-1, max-image-preview:large, max-video-preview:-1\" \/>\n<link rel=\"canonical\" href=\"https:\/\/ciudadyregion.com.co\/index.php\/avanzamos-hacia-un-pais-mas-saludable-ministerio-de-salud-y-proteccion-social\/salud\/\" \/>\n<meta property=\"og:locale\" content=\"es_ES\" \/>\n<meta property=\"og:type\" content=\"article\" \/>\n<meta property=\"og:title\" content=\"&quot;\u00a1Avanzamos hacia un pa\u00eds m\u00e1s saludable!&quot;: Ministerio de Salud y Protecci\u00f3n Social - Ciudad y Region\" \/>\n<meta property=\"og:description\" content=\"El Ministerio de Salud y Protecci\u00f3n Social invita a las entidades territoriales de la Regi\u00f3n Andina al Ciclo de Socializaci\u00f3n del PNEET y la Resoluci\u00f3n 0119 de 2026, un espacio para fortalecer las herramientas t\u00e9cnicas y normativas en los territos para garantizar la implementaci\u00f3n efectiva del Plan a nivel nacional.Continuar Leyendo\" \/>\n<meta property=\"og:url\" content=\"https:\/\/ciudadyregion.com.co\/index.php\/avanzamos-hacia-un-pais-mas-saludable-ministerio-de-salud-y-proteccion-social\/salud\/\" \/>\n<meta property=\"og:site_name\" content=\"Ciudad y Region\" \/>\n<meta property=\"article:published_time\" content=\"2026-03-11T22:32:10+00:00\" \/>\n<meta property=\"og:image\" content=\"https:\/\/ciudadyregion.com.co\/wp-content\/uploads\/2025\/12\/minsalud-1.jpg\" \/>\n\t<meta property=\"og:image:width\" content=\"800\" \/>\n\t<meta property=\"og:image:height\" content=\"445\" \/>\n\t<meta property=\"og:image:type\" content=\"image\/jpeg\" \/>\n<meta name=\"author\" content=\"David Andr\u00e9s Aguirre\" \/>\n<meta name=\"twitter:card\" content=\"summary_large_image\" \/>\n<meta name=\"twitter:label1\" content=\"Escrito por\" \/>\n\t<meta name=\"twitter:data1\" content=\"David Andr\u00e9s Aguirre\" \/>\n\t<meta name=\"twitter:label2\" content=\"Tiempo de lectura\" \/>\n\t<meta name=\"twitter:data2\" content=\"1 minuto\" \/>\n<script type=\"application\/ld+json\" class=\"yoast-schema-graph\">{\"@context\":\"https:\/\/schema.org\",\"@graph\":[{\"@type\":\"WebPage\",\"@id\":\"https:\/\/ciudadyregion.com.co\/index.php\/avanzamos-hacia-un-pais-mas-saludable-ministerio-de-salud-y-proteccion-social\/salud\/\",\"url\":\"https:\/\/ciudadyregion.com.co\/index.php\/avanzamos-hacia-un-pais-mas-saludable-ministerio-de-salud-y-proteccion-social\/salud\/\",\"name\":\"\\\"\u00a1Avanzamos hacia un pa\u00eds m\u00e1s saludable!\\\": Ministerio de Salud y Protecci\u00f3n Social - Ciudad y Region\",\"isPartOf\":{\"@id\":\"https:\/\/ciudadyregion.com.co\/#website\"},\"primaryImageOfPage\":{\"@id\":\"https:\/\/ciudadyregion.com.co\/index.php\/avanzamos-hacia-un-pais-mas-saludable-ministerio-de-salud-y-proteccion-social\/salud\/#primaryimage\"},\"image\":{\"@id\":\"https:\/\/ciudadyregion.com.co\/index.php\/avanzamos-hacia-un-pais-mas-saludable-ministerio-de-salud-y-proteccion-social\/salud\/#primaryimage\"},\"thumbnailUrl\":\"https:\/\/i0.wp.com\/ciudadyregion.com.co\/wp-content\/uploads\/2025\/12\/minsalud-1.jpg?fit=800%2C445&ssl=1\",\"datePublished\":\"2026-03-11T22:32:10+00:00\",\"dateModified\":\"2026-03-11T22:32:10+00:00\",\"author\":{\"@id\":\"https:\/\/ciudadyregion.com.co\/#\/schema\/person\/04a4954373ebc4051f46e8c65ff78622\"},\"breadcrumb\":{\"@id\":\"https:\/\/ciudadyregion.com.co\/index.php\/avanzamos-hacia-un-pais-mas-saludable-ministerio-de-salud-y-proteccion-social\/salud\/#breadcrumb\"},\"inLanguage\":\"es\",\"potentialAction\":[{\"@type\":\"ReadAction\",\"target\":[\"https:\/\/ciudadyregion.com.co\/index.php\/avanzamos-hacia-un-pais-mas-saludable-ministerio-de-salud-y-proteccion-social\/salud\/\"]}]},{\"@type\":\"ImageObject\",\"inLanguage\":\"es\",\"@id\":\"https:\/\/ciudadyregion.com.co\/index.php\/avanzamos-hacia-un-pais-mas-saludable-ministerio-de-salud-y-proteccion-social\/salud\/#primaryimage\",\"url\":\"https:\/\/i0.wp.com\/ciudadyregion.com.co\/wp-content\/uploads\/2025\/12\/minsalud-1.jpg?fit=800%2C445&ssl=1\",\"contentUrl\":\"https:\/\/i0.wp.com\/ciudadyregion.com.co\/wp-content\/uploads\/2025\/12\/minsalud-1.jpg?fit=800%2C445&ssl=1\",\"width\":800,\"height\":445},{\"@type\":\"BreadcrumbList\",\"@id\":\"https:\/\/ciudadyregion.com.co\/index.php\/avanzamos-hacia-un-pais-mas-saludable-ministerio-de-salud-y-proteccion-social\/salud\/#breadcrumb\",\"itemListElement\":[{\"@type\":\"ListItem\",\"position\":1,\"name\":\"Portada\",\"item\":\"https:\/\/ciudadyregion.com.co\/\"},{\"@type\":\"ListItem\",\"position\":2,\"name\":\"\u00ab\u00a1Avanzamos hacia un pa\u00eds m\u00e1s saludable!\u00bb: Ministerio de Salud y Protecci\u00f3n Social\"}]},{\"@type\":\"WebSite\",\"@id\":\"https:\/\/ciudadyregion.com.co\/#website\",\"url\":\"https:\/\/ciudadyregion.com.co\/\",\"name\":\"Ciudad y Region\",\"description\":\"\",\"potentialAction\":[{\"@type\":\"SearchAction\",\"target\":{\"@type\":\"EntryPoint\",\"urlTemplate\":\"https:\/\/ciudadyregion.com.co\/?s={search_term_string}\"},\"query-input\":{\"@type\":\"PropertyValueSpecification\",\"valueRequired\":true,\"valueName\":\"search_term_string\"}}],\"inLanguage\":\"es\"},{\"@type\":\"Person\",\"@id\":\"https:\/\/ciudadyregion.com.co\/#\/schema\/person\/04a4954373ebc4051f46e8c65ff78622\",\"name\":\"David Andr\u00e9s Aguirre\",\"image\":{\"@type\":\"ImageObject\",\"inLanguage\":\"es\",\"@id\":\"https:\/\/ciudadyregion.com.co\/#\/schema\/person\/image\/\",\"url\":\"https:\/\/secure.gravatar.com\/avatar\/bc3c655860202182ee6d1b5edd042dbe?s=96&d=mm&r=g\",\"contentUrl\":\"https:\/\/secure.gravatar.com\/avatar\/bc3c655860202182ee6d1b5edd042dbe?s=96&d=mm&r=g\",\"caption\":\"David Andr\u00e9s Aguirre\"},\"url\":\"https:\/\/ciudadyregion.com.co\/index.php\/author\/diegoaguirre\/\"}]}<\/script>\n<!-- \/ Yoast SEO plugin. -->","yoast_head_json":{"title":"\"\u00a1Avanzamos hacia un pa\u00eds m\u00e1s saludable!\": Ministerio de Salud y Protecci\u00f3n Social - Ciudad y Region","robots":{"index":"index","follow":"follow","max-snippet":"max-snippet:-1","max-image-preview":"max-image-preview:large","max-video-preview":"max-video-preview:-1"},"canonical":"https:\/\/ciudadyregion.com.co\/index.php\/avanzamos-hacia-un-pais-mas-saludable-ministerio-de-salud-y-proteccion-social\/salud\/","og_locale":"es_ES","og_type":"article","og_title":"\"\u00a1Avanzamos hacia un pa\u00eds m\u00e1s saludable!\": Ministerio de Salud y Protecci\u00f3n Social - Ciudad y Region","og_description":"El Ministerio de Salud y Protecci\u00f3n Social invita a las entidades territoriales de la Regi\u00f3n Andina al Ciclo de Socializaci\u00f3n del PNEET y la Resoluci\u00f3n 0119 de 2026, un espacio para fortalecer las herramientas t\u00e9cnicas y normativas en los territos para garantizar la implementaci\u00f3n efectiva del Plan a nivel nacional.Continuar Leyendo","og_url":"https:\/\/ciudadyregion.com.co\/index.php\/avanzamos-hacia-un-pais-mas-saludable-ministerio-de-salud-y-proteccion-social\/salud\/","og_site_name":"Ciudad y Region","article_published_time":"2026-03-11T22:32:10+00:00","og_image":[{"width":800,"height":445,"url":"https:\/\/ciudadyregion.com.co\/wp-content\/uploads\/2025\/12\/minsalud-1.jpg","type":"image\/jpeg"}],"author":"David Andr\u00e9s Aguirre","twitter_card":"summary_large_image","twitter_misc":{"Escrito por":"David Andr\u00e9s Aguirre","Tiempo de lectura":"1 minuto"},"schema":{"@context":"https:\/\/schema.org","@graph":[{"@type":"WebPage","@id":"https:\/\/ciudadyregion.com.co\/index.php\/avanzamos-hacia-un-pais-mas-saludable-ministerio-de-salud-y-proteccion-social\/salud\/","url":"https:\/\/ciudadyregion.com.co\/index.php\/avanzamos-hacia-un-pais-mas-saludable-ministerio-de-salud-y-proteccion-social\/salud\/","name":"\"\u00a1Avanzamos hacia un pa\u00eds m\u00e1s saludable!\": Ministerio de Salud y Protecci\u00f3n Social - Ciudad y Region","isPartOf":{"@id":"https:\/\/ciudadyregion.com.co\/#website"},"primaryImageOfPage":{"@id":"https:\/\/ciudadyregion.com.co\/index.php\/avanzamos-hacia-un-pais-mas-saludable-ministerio-de-salud-y-proteccion-social\/salud\/#primaryimage"},"image":{"@id":"https:\/\/ciudadyregion.com.co\/index.php\/avanzamos-hacia-un-pais-mas-saludable-ministerio-de-salud-y-proteccion-social\/salud\/#primaryimage"},"thumbnailUrl":"https:\/\/i0.wp.com\/ciudadyregion.com.co\/wp-content\/uploads\/2025\/12\/minsalud-1.jpg?fit=800%2C445&ssl=1","datePublished":"2026-03-11T22:32:10+00:00","dateModified":"2026-03-11T22:32:10+00:00","author":{"@id":"https:\/\/ciudadyregion.com.co\/#\/schema\/person\/04a4954373ebc4051f46e8c65ff78622"},"breadcrumb":{"@id":"https:\/\/ciudadyregion.com.co\/index.php\/avanzamos-hacia-un-pais-mas-saludable-ministerio-de-salud-y-proteccion-social\/salud\/#breadcrumb"},"inLanguage":"es","potentialAction":[{"@type":"ReadAction","target":["https:\/\/ciudadyregion.com.co\/index.php\/avanzamos-hacia-un-pais-mas-saludable-ministerio-de-salud-y-proteccion-social\/salud\/"]}]},{"@type":"ImageObject","inLanguage":"es","@id":"https:\/\/ciudadyregion.com.co\/index.php\/avanzamos-hacia-un-pais-mas-saludable-ministerio-de-salud-y-proteccion-social\/salud\/#primaryimage","url":"https:\/\/i0.wp.com\/ciudadyregion.com.co\/wp-content\/uploads\/2025\/12\/minsalud-1.jpg?fit=800%2C445&ssl=1","contentUrl":"https:\/\/i0.wp.com\/ciudadyregion.com.co\/wp-content\/uploads\/2025\/12\/minsalud-1.jpg?fit=800%2C445&ssl=1","width":800,"height":445},{"@type":"BreadcrumbList","@id":"https:\/\/ciudadyregion.com.co\/index.php\/avanzamos-hacia-un-pais-mas-saludable-ministerio-de-salud-y-proteccion-social\/salud\/#breadcrumb","itemListElement":[{"@type":"ListItem","position":1,"name":"Portada","item":"https:\/\/ciudadyregion.com.co\/"},{"@type":"ListItem","position":2,"name":"\u00ab\u00a1Avanzamos hacia un pa\u00eds m\u00e1s saludable!\u00bb: Ministerio de Salud y Protecci\u00f3n Social"}]},{"@type":"WebSite","@id":"https:\/\/ciudadyregion.com.co\/#website","url":"https:\/\/ciudadyregion.com.co\/","name":"Ciudad y Region","description":"","potentialAction":[{"@type":"SearchAction","target":{"@type":"EntryPoint","urlTemplate":"https:\/\/ciudadyregion.com.co\/?s={search_term_string}"},"query-input":{"@type":"PropertyValueSpecification","valueRequired":true,"valueName":"search_term_string"}}],"inLanguage":"es"},{"@type":"Person","@id":"https:\/\/ciudadyregion.com.co\/#\/schema\/person\/04a4954373ebc4051f46e8c65ff78622","name":"David Andr\u00e9s Aguirre","image":{"@type":"ImageObject","inLanguage":"es","@id":"https:\/\/ciudadyregion.com.co\/#\/schema\/person\/image\/","url":"https:\/\/secure.gravatar.com\/avatar\/bc3c655860202182ee6d1b5edd042dbe?s=96&d=mm&r=g","contentUrl":"https:\/\/secure.gravatar.com\/avatar\/bc3c655860202182ee6d1b5edd042dbe?s=96&d=mm&r=g","caption":"David Andr\u00e9s Aguirre"},"url":"https:\/\/ciudadyregion.com.co\/index.php\/author\/diegoaguirre\/"}]}},"jetpack_featured_media_url":"https:\/\/i0.wp.com\/ciudadyregion.com.co\/wp-content\/uploads\/2025\/12\/minsalud-1.jpg?fit=800%2C445&ssl=1","jetpack_sharing_enabled":true,"jetpack_shortlink":"https:\/\/wp.me\/pbS7hh-eQv","jetpack-related-posts":[],"_links":{"self":[{"href":"https:\/\/ciudadyregion.com.co\/index.php\/wp-json\/wp\/v2\/posts\/57071"}],"collection":[{"href":"https:\/\/ciudadyregion.com.co\/index.php\/wp-json\/wp\/v2\/posts"}],"about":[{"href":"https:\/\/ciudadyregion.com.co\/index.php\/wp-json\/wp\/v2\/types\/post"}],"author":[{"embeddable":true,"href":"https:\/\/ciudadyregion.com.co\/index.php\/wp-json\/wp\/v2\/users\/2"}],"replies":[{"embeddable":true,"href":"https:\/\/ciudadyregion.com.co\/index.php\/wp-json\/wp\/v2\/comments?post=57071"}],"version-history":[{"count":1,"href":"https:\/\/ciudadyregion.com.co\/index.php\/wp-json\/wp\/v2\/posts\/57071\/revisions"}],"predecessor-version":[{"id":57073,"href":"https:\/\/ciudadyregion.com.co\/index.php\/wp-json\/wp\/v2\/posts\/57071\/revisions\/57073"}],"wp:featuredmedia":[{"embeddable":true,"href":"https:\/\/ciudadyregion.com.co\/index.php\/wp-json\/wp\/v2\/media\/51154"}],"wp:attachment":[{"href":"https:\/\/ciudadyregion.com.co\/index.php\/wp-json\/wp\/v2\/media?parent=57071"}],"wp:term":[{"taxonomy":"category","embeddable":true,"href":"https:\/\/ciudadyregion.com.co\/index.php\/wp-json\/wp\/v2\/categories?post=57071"},{"taxonomy":"post_tag","embeddable":true,"href":"https:\/\/ciudadyregion.com.co\/index.php\/wp-json\/wp\/v2\/tags?post=57071"}],"curies":[{"name":"wp","href":"https:\/\/api.w.org\/{rel}","templated":true}]}}