{"id":57050,"date":"2026-03-11T14:32:12","date_gmt":"2026-03-11T19:32:12","guid":{"rendered":"https:\/\/ciudadyregion.com.co\/?p=57050"},"modified":"2026-03-11T14:32:12","modified_gmt":"2026-03-11T19:32:12","slug":"alcaldia-de-el-espinal-realizara-una-importante-microjornada-de-empleo-hoy-jueves-12-de-marzo","status":"publish","type":"post","link":"https:\/\/ciudadyregion.com.co\/index.php\/alcaldia-de-el-espinal-realizara-una-importante-microjornada-de-empleo-hoy-jueves-12-de-marzo\/regional\/","title":{"rendered":"Alcald\u00eda de El Espinal realizar\u00e1 una importante Microjornada de empleo hoy jueves 12 de marzo"},"content":{"rendered":"<div class=\"xdj266r x14z9mp xat24cr x1lziwak x1vvkbs x126k92a\">\n<div dir=\"auto\">Este jueves 12 de marzo se realizar\u00e1 una microjornada de empleo para personas con experiencia en labores del campo.<\/div>\n<\/div>\n<div class=\"x14z9mp xat24cr x1lziwak x1vvkbs xtlvy1s x126k92a\">\n<div dir=\"auto\">Se buscan perfiles con destreza en siembra, fertilizaci\u00f3n, riego, corte de cultivo, desmalece y fumigaci\u00f3n, especialmente en actividades relacionadas con cultivo de albahaca.<\/div>\n<\/div>\n<div class=\"x14z9mp xat24cr x1lziwak x1vvkbs xtlvy1s x126k92a\">\n<div dir=\"auto\"><span class=\"html-span xexx8yu xyri2b x18d9i69 x1c1uobl x1hl2dhg x16tdsg8 x1vvkbs x3nfvp2 x1j61x8r x1fcty0u xdj266r xat24cr xm2jcoa x1mpyi22 xxymvpz xlup9mm x1kky2od\"><img loading=\"lazy\" decoding=\"async\" class=\"xz74otr x15mokao x1ga7v0g x16uus16 xbiv7yw\" src=\"https:\/\/static.xx.fbcdn.net\/images\/emoji.php\/v9\/t2d\/1\/16\/1f4cd.png\" alt=\"\ud83d\udccd\" width=\"16\" height=\"16\" \/><\/span> CAFASUR \u2013 Calle 10 #3-88<\/div>\n<div dir=\"auto\"><span class=\"html-span xexx8yu xyri2b x18d9i69 x1c1uobl x1hl2dhg x16tdsg8 x1vvkbs x3nfvp2 x1j61x8r x1fcty0u xdj266r xat24cr xm2jcoa x1mpyi22 xxymvpz xlup9mm x1kky2od\"><img loading=\"lazy\" decoding=\"async\" class=\"xz74otr x15mokao x1ga7v0g x16uus16 xbiv7yw\" src=\"https:\/\/static.xx.fbcdn.net\/images\/emoji.php\/v9\/t7e\/1\/16\/1f4c5.png\" alt=\"\ud83d\udcc5\" width=\"16\" height=\"16\" \/><\/span> Jueves 12 de marzo 2026<\/div>\n<div dir=\"auto\"><span class=\"html-span xexx8yu xyri2b x18d9i69 x1c1uobl x1hl2dhg x16tdsg8 x1vvkbs x3nfvp2 x1j61x8r x1fcty0u xdj266r xat24cr xm2jcoa x1mpyi22 xxymvpz xlup9mm x1kky2od\"><img loading=\"lazy\" decoding=\"async\" class=\"xz74otr x15mokao x1ga7v0g x16uus16 xbiv7yw\" src=\"https:\/\/static.xx.fbcdn.net\/images\/emoji.php\/v9\/t2f\/1\/16\/1f557.png\" alt=\"\ud83d\udd57\" width=\"16\" height=\"16\" \/><\/span> 8:00 a.m. \u2013 12:00 m.<\/div>\n<\/div>\n<div class=\"x14z9mp xat24cr x1lziwak x1vvkbs xtlvy1s x126k92a\">\n<div dir=\"auto\"><span class=\"html-span xexx8yu xyri2b x18d9i69 x1c1uobl x1hl2dhg x16tdsg8 x1vvkbs x3nfvp2 x1j61x8r x1fcty0u xdj266r xat24cr xm2jcoa x1mpyi22 xxymvpz xlup9mm x1kky2od\"><img loading=\"lazy\" decoding=\"async\" class=\"xz74otr x15mokao x1ga7v0g x16uus16 xbiv7yw\" src=\"https:\/\/static.xx.fbcdn.net\/images\/emoji.php\/v9\/t51\/1\/16\/1f449.png\" alt=\"\ud83d\udc49\" width=\"16\" height=\"16\" \/><\/span> Si est\u00e1s buscando trabajo o conoces a alguien que tenga experiencia en labores agr\u00edcolas, ac\u00e9rcate con tu hoja de vida.<\/div>\n<\/div>\n<div dir=\"auto\"><\/div>\n<div dir=\"auto\"><img decoding=\"async\" src=\"https:\/\/scontent.fbog14-1.fna.fbcdn.net\/v\/t39.30808-6\/650022948_1509824884047816_5365440643955851445_n.jpg?_nc_cat=103&amp;ccb=1-7&amp;_nc_sid=13d280&amp;_nc_eui2=AeGX3SFxfezm2nvnpkE5MAy8dmjDgoOcAbl2aMOCg5wBufYajZHdFhdcWTerozw5m7uRCoMTb2qGC7qF-wYTxh2I&amp;_nc_ohc=tDg0Zd3OteMQ7kNvwHL1lEj&amp;_nc_oc=AdlwgQgHG2Llgr5rwyStTEKFGAKD0Mp7_HlYFm7kAOsexgs73q9UnQDWXWvP0wB6k0k&amp;_nc_zt=23&amp;_nc_ht=scontent.fbog14-1.fna&amp;_nc_gid=C7rpnTmTl5BlU_33vWBUVw&amp;_nc_ss=8&amp;oh=00_AfzZbUvqPfkHbqVr0PLDQrly5NRwXRZebDhyVZNz3kyG7Q&amp;oe=69B7A7E0\" alt=\"Puede ser una imagen de \u200etexto que dice &quot;\u200eMicro Jornada de Empleo Si est\u00e1s buscando trabajo o conoces \u03b1 alguien que quiera una oportunidad laboral, esta informaci\u00f3n es para ti. VACANTE DISPONIBLE: OPERARIO(A) AGRICOLA Destreza en: siembra, fertilizaci\u00f3n, riego, corte de cultivo, desmalece y fumigaci\u00f3n. \u00a1Lleva tu hoja de vida! CAFASUR calle 10 #3-88 Jueves 12 de marzo 8:00 a.m 12:00 p.m \u05d1\u05e9\u05d5\u05e9\u05e8 L LESPINAL Espinal CRECE Secretaria de Desarrollo Econ\u00f3mico CAFASUR Servicio P\u00fablico de 6e de Empleo\u200e&quot;\u200e\" \/><\/div>\n","protected":false},"excerpt":{"rendered":"<p>Este jueves 12 de marzo se realizar\u00e1 una microjornada de empleo para personas con experiencia en labores del campo. Se buscan perfiles con destreza en siembra, fertilizaci\u00f3n, riego, corte de cultivo, desmalece y fumigaci\u00f3n, especialmente en actividades relacionadas con cultivo de albahaca. CAFASUR \u2013 Calle 10 #3-88 Jueves 12 de<span class=\"more-link\"><a href=\"https:\/\/ciudadyregion.com.co\/index.php\/alcaldia-de-el-espinal-realizara-una-importante-microjornada-de-empleo-hoy-jueves-12-de-marzo\/regional\/\">Continuar Leyendo<\/a><\/span><\/p>\n","protected":false},"author":2,"featured_media":57051,"comment_status":"open","ping_status":"open","sticky":false,"template":"","format":"standard","meta":{"_uf_show_specific_survey":0,"_uf_disable_surveys":false,"_jetpack_memberships_contains_paid_content":false,"footnotes":"","jetpack_publicize_message":"","jetpack_publicize_feature_enabled":true,"jetpack_social_post_already_shared":true,"jetpack_social_options":{"image_generator_settings":{"template":"highway","enabled":false},"version":2}},"categories":[13],"tags":[],"class_list":["entry","author-diegoaguirre","post-57050","post","type-post","status-publish","format-standard","has-post-thumbnail","category-regional"],"jetpack_publicize_connections":[],"yoast_head":"<!-- This site is optimized with the Yoast SEO plugin v24.3 - https:\/\/yoast.com\/wordpress\/plugins\/seo\/ -->\n<title>Alcald\u00eda de El Espinal realizar\u00e1 una importante Microjornada de empleo hoy jueves 12 de marzo - Ciudad y Region<\/title>\n<meta name=\"robots\" content=\"index, follow, max-snippet:-1, max-image-preview:large, max-video-preview:-1\" \/>\n<link rel=\"canonical\" href=\"https:\/\/ciudadyregion.com.co\/index.php\/alcaldia-de-el-espinal-realizara-una-importante-microjornada-de-empleo-hoy-jueves-12-de-marzo\/regional\/\" \/>\n<meta property=\"og:locale\" content=\"es_ES\" \/>\n<meta property=\"og:type\" content=\"article\" \/>\n<meta property=\"og:title\" content=\"Alcald\u00eda de El Espinal realizar\u00e1 una importante Microjornada de empleo hoy jueves 12 de marzo - Ciudad y Region\" \/>\n<meta property=\"og:description\" content=\"Este jueves 12 de marzo se realizar\u00e1 una microjornada de empleo para personas con experiencia en labores del campo. Se buscan perfiles con destreza en siembra, fertilizaci\u00f3n, riego, corte de cultivo, desmalece y fumigaci\u00f3n, especialmente en actividades relacionadas con cultivo de albahaca. CAFASUR \u2013 Calle 10 #3-88 Jueves 12 deContinuar Leyendo\" \/>\n<meta property=\"og:url\" content=\"https:\/\/ciudadyregion.com.co\/index.php\/alcaldia-de-el-espinal-realizara-una-importante-microjornada-de-empleo-hoy-jueves-12-de-marzo\/regional\/\" \/>\n<meta property=\"og:site_name\" content=\"Ciudad y Region\" \/>\n<meta property=\"article:published_time\" content=\"2026-03-11T19:32:12+00:00\" \/>\n<meta property=\"og:image\" content=\"https:\/\/ciudadyregion.com.co\/wp-content\/uploads\/2026\/03\/a-14-1.jpg\" \/>\n\t<meta property=\"og:image:width\" content=\"800\" \/>\n\t<meta property=\"og:image:height\" content=\"445\" \/>\n\t<meta property=\"og:image:type\" content=\"image\/jpeg\" \/>\n<meta name=\"author\" content=\"David Andr\u00e9s Aguirre\" \/>\n<meta name=\"twitter:card\" content=\"summary_large_image\" \/>\n<meta name=\"twitter:label1\" content=\"Escrito por\" \/>\n\t<meta name=\"twitter:data1\" content=\"David Andr\u00e9s Aguirre\" \/>\n\t<meta name=\"twitter:label2\" content=\"Tiempo de lectura\" \/>\n\t<meta name=\"twitter:data2\" content=\"2 minutos\" \/>\n<script type=\"application\/ld+json\" class=\"yoast-schema-graph\">{\"@context\":\"https:\/\/schema.org\",\"@graph\":[{\"@type\":\"WebPage\",\"@id\":\"https:\/\/ciudadyregion.com.co\/index.php\/alcaldia-de-el-espinal-realizara-una-importante-microjornada-de-empleo-hoy-jueves-12-de-marzo\/regional\/\",\"url\":\"https:\/\/ciudadyregion.com.co\/index.php\/alcaldia-de-el-espinal-realizara-una-importante-microjornada-de-empleo-hoy-jueves-12-de-marzo\/regional\/\",\"name\":\"Alcald\u00eda de El Espinal realizar\u00e1 una importante Microjornada de empleo hoy jueves 12 de marzo - Ciudad y Region\",\"isPartOf\":{\"@id\":\"https:\/\/ciudadyregion.com.co\/#website\"},\"primaryImageOfPage\":{\"@id\":\"https:\/\/ciudadyregion.com.co\/index.php\/alcaldia-de-el-espinal-realizara-una-importante-microjornada-de-empleo-hoy-jueves-12-de-marzo\/regional\/#primaryimage\"},\"image\":{\"@id\":\"https:\/\/ciudadyregion.com.co\/index.php\/alcaldia-de-el-espinal-realizara-una-importante-microjornada-de-empleo-hoy-jueves-12-de-marzo\/regional\/#primaryimage\"},\"thumbnailUrl\":\"https:\/\/i0.wp.com\/ciudadyregion.com.co\/wp-content\/uploads\/2026\/03\/a-14-1.jpg?fit=800%2C445&ssl=1\",\"datePublished\":\"2026-03-11T19:32:12+00:00\",\"dateModified\":\"2026-03-11T19:32:12+00:00\",\"author\":{\"@id\":\"https:\/\/ciudadyregion.com.co\/#\/schema\/person\/04a4954373ebc4051f46e8c65ff78622\"},\"breadcrumb\":{\"@id\":\"https:\/\/ciudadyregion.com.co\/index.php\/alcaldia-de-el-espinal-realizara-una-importante-microjornada-de-empleo-hoy-jueves-12-de-marzo\/regional\/#breadcrumb\"},\"inLanguage\":\"es\",\"potentialAction\":[{\"@type\":\"ReadAction\",\"target\":[\"https:\/\/ciudadyregion.com.co\/index.php\/alcaldia-de-el-espinal-realizara-una-importante-microjornada-de-empleo-hoy-jueves-12-de-marzo\/regional\/\"]}]},{\"@type\":\"ImageObject\",\"inLanguage\":\"es\",\"@id\":\"https:\/\/ciudadyregion.com.co\/index.php\/alcaldia-de-el-espinal-realizara-una-importante-microjornada-de-empleo-hoy-jueves-12-de-marzo\/regional\/#primaryimage\",\"url\":\"https:\/\/i0.wp.com\/ciudadyregion.com.co\/wp-content\/uploads\/2026\/03\/a-14-1.jpg?fit=800%2C445&ssl=1\",\"contentUrl\":\"https:\/\/i0.wp.com\/ciudadyregion.com.co\/wp-content\/uploads\/2026\/03\/a-14-1.jpg?fit=800%2C445&ssl=1\",\"width\":800,\"height\":445},{\"@type\":\"BreadcrumbList\",\"@id\":\"https:\/\/ciudadyregion.com.co\/index.php\/alcaldia-de-el-espinal-realizara-una-importante-microjornada-de-empleo-hoy-jueves-12-de-marzo\/regional\/#breadcrumb\",\"itemListElement\":[{\"@type\":\"ListItem\",\"position\":1,\"name\":\"Portada\",\"item\":\"https:\/\/ciudadyregion.com.co\/\"},{\"@type\":\"ListItem\",\"position\":2,\"name\":\"Alcald\u00eda de El Espinal realizar\u00e1 una importante Microjornada de empleo hoy jueves 12 de marzo\"}]},{\"@type\":\"WebSite\",\"@id\":\"https:\/\/ciudadyregion.com.co\/#website\",\"url\":\"https:\/\/ciudadyregion.com.co\/\",\"name\":\"Ciudad y Region\",\"description\":\"\",\"potentialAction\":[{\"@type\":\"SearchAction\",\"target\":{\"@type\":\"EntryPoint\",\"urlTemplate\":\"https:\/\/ciudadyregion.com.co\/?s={search_term_string}\"},\"query-input\":{\"@type\":\"PropertyValueSpecification\",\"valueRequired\":true,\"valueName\":\"search_term_string\"}}],\"inLanguage\":\"es\"},{\"@type\":\"Person\",\"@id\":\"https:\/\/ciudadyregion.com.co\/#\/schema\/person\/04a4954373ebc4051f46e8c65ff78622\",\"name\":\"David Andr\u00e9s Aguirre\",\"image\":{\"@type\":\"ImageObject\",\"inLanguage\":\"es\",\"@id\":\"https:\/\/ciudadyregion.com.co\/#\/schema\/person\/image\/\",\"url\":\"https:\/\/secure.gravatar.com\/avatar\/bc3c655860202182ee6d1b5edd042dbe?s=96&d=mm&r=g\",\"contentUrl\":\"https:\/\/secure.gravatar.com\/avatar\/bc3c655860202182ee6d1b5edd042dbe?s=96&d=mm&r=g\",\"caption\":\"David Andr\u00e9s Aguirre\"},\"url\":\"https:\/\/ciudadyregion.com.co\/index.php\/author\/diegoaguirre\/\"}]}<\/script>\n<!-- \/ Yoast SEO plugin. -->","yoast_head_json":{"title":"Alcald\u00eda de El Espinal realizar\u00e1 una importante Microjornada de empleo hoy jueves 12 de marzo - Ciudad y Region","robots":{"index":"index","follow":"follow","max-snippet":"max-snippet:-1","max-image-preview":"max-image-preview:large","max-video-preview":"max-video-preview:-1"},"canonical":"https:\/\/ciudadyregion.com.co\/index.php\/alcaldia-de-el-espinal-realizara-una-importante-microjornada-de-empleo-hoy-jueves-12-de-marzo\/regional\/","og_locale":"es_ES","og_type":"article","og_title":"Alcald\u00eda de El Espinal realizar\u00e1 una importante Microjornada de empleo hoy jueves 12 de marzo - Ciudad y Region","og_description":"Este jueves 12 de marzo se realizar\u00e1 una microjornada de empleo para personas con experiencia en labores del campo. Se buscan perfiles con destreza en siembra, fertilizaci\u00f3n, riego, corte de cultivo, desmalece y fumigaci\u00f3n, especialmente en actividades relacionadas con cultivo de albahaca. CAFASUR \u2013 Calle 10 #3-88 Jueves 12 deContinuar Leyendo","og_url":"https:\/\/ciudadyregion.com.co\/index.php\/alcaldia-de-el-espinal-realizara-una-importante-microjornada-de-empleo-hoy-jueves-12-de-marzo\/regional\/","og_site_name":"Ciudad y Region","article_published_time":"2026-03-11T19:32:12+00:00","og_image":[{"width":800,"height":445,"url":"https:\/\/ciudadyregion.com.co\/wp-content\/uploads\/2026\/03\/a-14-1.jpg","type":"image\/jpeg"}],"author":"David Andr\u00e9s Aguirre","twitter_card":"summary_large_image","twitter_misc":{"Escrito por":"David Andr\u00e9s Aguirre","Tiempo de lectura":"2 minutos"},"schema":{"@context":"https:\/\/schema.org","@graph":[{"@type":"WebPage","@id":"https:\/\/ciudadyregion.com.co\/index.php\/alcaldia-de-el-espinal-realizara-una-importante-microjornada-de-empleo-hoy-jueves-12-de-marzo\/regional\/","url":"https:\/\/ciudadyregion.com.co\/index.php\/alcaldia-de-el-espinal-realizara-una-importante-microjornada-de-empleo-hoy-jueves-12-de-marzo\/regional\/","name":"Alcald\u00eda de El Espinal realizar\u00e1 una importante Microjornada de empleo hoy jueves 12 de marzo - Ciudad y Region","isPartOf":{"@id":"https:\/\/ciudadyregion.com.co\/#website"},"primaryImageOfPage":{"@id":"https:\/\/ciudadyregion.com.co\/index.php\/alcaldia-de-el-espinal-realizara-una-importante-microjornada-de-empleo-hoy-jueves-12-de-marzo\/regional\/#primaryimage"},"image":{"@id":"https:\/\/ciudadyregion.com.co\/index.php\/alcaldia-de-el-espinal-realizara-una-importante-microjornada-de-empleo-hoy-jueves-12-de-marzo\/regional\/#primaryimage"},"thumbnailUrl":"https:\/\/i0.wp.com\/ciudadyregion.com.co\/wp-content\/uploads\/2026\/03\/a-14-1.jpg?fit=800%2C445&ssl=1","datePublished":"2026-03-11T19:32:12+00:00","dateModified":"2026-03-11T19:32:12+00:00","author":{"@id":"https:\/\/ciudadyregion.com.co\/#\/schema\/person\/04a4954373ebc4051f46e8c65ff78622"},"breadcrumb":{"@id":"https:\/\/ciudadyregion.com.co\/index.php\/alcaldia-de-el-espinal-realizara-una-importante-microjornada-de-empleo-hoy-jueves-12-de-marzo\/regional\/#breadcrumb"},"inLanguage":"es","potentialAction":[{"@type":"ReadAction","target":["https:\/\/ciudadyregion.com.co\/index.php\/alcaldia-de-el-espinal-realizara-una-importante-microjornada-de-empleo-hoy-jueves-12-de-marzo\/regional\/"]}]},{"@type":"ImageObject","inLanguage":"es","@id":"https:\/\/ciudadyregion.com.co\/index.php\/alcaldia-de-el-espinal-realizara-una-importante-microjornada-de-empleo-hoy-jueves-12-de-marzo\/regional\/#primaryimage","url":"https:\/\/i0.wp.com\/ciudadyregion.com.co\/wp-content\/uploads\/2026\/03\/a-14-1.jpg?fit=800%2C445&ssl=1","contentUrl":"https:\/\/i0.wp.com\/ciudadyregion.com.co\/wp-content\/uploads\/2026\/03\/a-14-1.jpg?fit=800%2C445&ssl=1","width":800,"height":445},{"@type":"BreadcrumbList","@id":"https:\/\/ciudadyregion.com.co\/index.php\/alcaldia-de-el-espinal-realizara-una-importante-microjornada-de-empleo-hoy-jueves-12-de-marzo\/regional\/#breadcrumb","itemListElement":[{"@type":"ListItem","position":1,"name":"Portada","item":"https:\/\/ciudadyregion.com.co\/"},{"@type":"ListItem","position":2,"name":"Alcald\u00eda de El Espinal realizar\u00e1 una importante Microjornada de empleo hoy jueves 12 de marzo"}]},{"@type":"WebSite","@id":"https:\/\/ciudadyregion.com.co\/#website","url":"https:\/\/ciudadyregion.com.co\/","name":"Ciudad y Region","description":"","potentialAction":[{"@type":"SearchAction","target":{"@type":"EntryPoint","urlTemplate":"https:\/\/ciudadyregion.com.co\/?s={search_term_string}"},"query-input":{"@type":"PropertyValueSpecification","valueRequired":true,"valueName":"search_term_string"}}],"inLanguage":"es"},{"@type":"Person","@id":"https:\/\/ciudadyregion.com.co\/#\/schema\/person\/04a4954373ebc4051f46e8c65ff78622","name":"David Andr\u00e9s Aguirre","image":{"@type":"ImageObject","inLanguage":"es","@id":"https:\/\/ciudadyregion.com.co\/#\/schema\/person\/image\/","url":"https:\/\/secure.gravatar.com\/avatar\/bc3c655860202182ee6d1b5edd042dbe?s=96&d=mm&r=g","contentUrl":"https:\/\/secure.gravatar.com\/avatar\/bc3c655860202182ee6d1b5edd042dbe?s=96&d=mm&r=g","caption":"David Andr\u00e9s Aguirre"},"url":"https:\/\/ciudadyregion.com.co\/index.php\/author\/diegoaguirre\/"}]}},"jetpack_featured_media_url":"https:\/\/i0.wp.com\/ciudadyregion.com.co\/wp-content\/uploads\/2026\/03\/a-14-1.jpg?fit=800%2C445&ssl=1","jetpack_sharing_enabled":true,"jetpack_shortlink":"https:\/\/wp.me\/pbS7hh-eQa","jetpack-related-posts":[],"_links":{"self":[{"href":"https:\/\/ciudadyregion.com.co\/index.php\/wp-json\/wp\/v2\/posts\/57050"}],"collection":[{"href":"https:\/\/ciudadyregion.com.co\/index.php\/wp-json\/wp\/v2\/posts"}],"about":[{"href":"https:\/\/ciudadyregion.com.co\/index.php\/wp-json\/wp\/v2\/types\/post"}],"author":[{"embeddable":true,"href":"https:\/\/ciudadyregion.com.co\/index.php\/wp-json\/wp\/v2\/users\/2"}],"replies":[{"embeddable":true,"href":"https:\/\/ciudadyregion.com.co\/index.php\/wp-json\/wp\/v2\/comments?post=57050"}],"version-history":[{"count":1,"href":"https:\/\/ciudadyregion.com.co\/index.php\/wp-json\/wp\/v2\/posts\/57050\/revisions"}],"predecessor-version":[{"id":57052,"href":"https:\/\/ciudadyregion.com.co\/index.php\/wp-json\/wp\/v2\/posts\/57050\/revisions\/57052"}],"wp:featuredmedia":[{"embeddable":true,"href":"https:\/\/ciudadyregion.com.co\/index.php\/wp-json\/wp\/v2\/media\/57051"}],"wp:attachment":[{"href":"https:\/\/ciudadyregion.com.co\/index.php\/wp-json\/wp\/v2\/media?parent=57050"}],"wp:term":[{"taxonomy":"category","embeddable":true,"href":"https:\/\/ciudadyregion.com.co\/index.php\/wp-json\/wp\/v2\/categories?post=57050"},{"taxonomy":"post_tag","embeddable":true,"href":"https:\/\/ciudadyregion.com.co\/index.php\/wp-json\/wp\/v2\/tags?post=57050"}],"curies":[{"name":"wp","href":"https:\/\/api.w.org\/{rel}","templated":true}]}}